{"id":28234,"date":"2026-03-12T08:44:54","date_gmt":"2026-03-12T08:44:54","guid":{"rendered":"https:\/\/grupefebe.com\/reforma-oficines-estiu\/"},"modified":"2026-03-12T09:13:02","modified_gmt":"2026-03-12T09:13:02","slug":"renovacao-escritorios-verao","status":"publish","type":"post","link":"https:\/\/www.grupefebe.com\/pt-pt\/renovacao-escritorios-verao\/","title":{"rendered":"Porque \u00e9 que o ver\u00e3o \u00e9 a melhor altura para renovar um escrit\u00f3rio"},"content":{"rendered":"<p data-start=\"909\" data-end=\"1084\">Muitas empresas esperam at\u00e9 setembro para propor melhorias no escrit\u00f3rio. Mas a realidade \u00e9 que <strong data-start=\"1005\" data-end=\"1083\">a melhor altura para planear uma <a href=\"https:\/\/grupefebe.com\/pt-pt\/remodelacao-de-escritorios\/\">renova\u00e7\u00e3o de escrit\u00f3rio<\/a> \u00e9 antes do ver\u00e3o<\/strong>.<\/p>\n<p data-start=\"1086\" data-end=\"1325\">Os meses de ver\u00e3o oferecem uma oportunidade perfeita para transformar espa\u00e7os com menor impacto no dia a dia da empresa. Ao mesmo tempo, permitem-lhe come\u00e7ar o novo ano de trabalho com um escrit\u00f3rio preparado para novas formas de trabalhar.<\/p>\n<p data-start=\"1327\" data-end=\"1563\">Hoje, a <strong data-start=\"1336\" data-end=\"1368\">renova\u00e7\u00e3o dos escrit\u00f3rios no ver\u00e3o<\/strong> n\u00e3o \u00e9 apenas uma quest\u00e3o t\u00e9cnica. \u00c9 tamb\u00e9m uma oportunidade para adaptar o espa\u00e7o a novas din\u00e2micas: trabalho h\u00edbrido, colabora\u00e7\u00e3o entre equipas e experi\u00eancias que tornam atrativo o regresso ao escrit\u00f3rio.<\/p>\n<h2 data-section-id=\"1pc1jaj\" data-start=\"1565\" data-end=\"1626\">Porque planear uma renova\u00e7\u00e3o de escrit\u00f3rio antes do ver\u00e3o?<\/h2>\n<p data-start=\"1628\" data-end=\"1761\">Cada vez mais organiza\u00e7\u00f5es decidem aproveitar este per\u00edodo para fazer melhorias nas suas instala\u00e7\u00f5es. As raz\u00f5es s\u00e3o claras.<\/p>\n<h3 data-section-id=\"1azfwle\" data-start=\"1763\" data-end=\"1797\">Menor atividade nos escrit\u00f3rios<\/h3>\n<p data-start=\"1798\" data-end=\"1992\">Durante o ver\u00e3o, muitas empresas reduzem o trabalho presencial ou o volume de atividade. Isto facilita a realiza\u00e7\u00e3o de uma <strong data-start=\"1908\" data-end=\"1940\">renova\u00e7\u00e3o de escrit\u00f3rio no ver\u00e3o<\/strong> sem afetar o funcionamento habitual do equipamento.<\/p>\n<h3 data-section-id=\"xt1eis\" data-start=\"1994\" data-end=\"2027\">Trabalhos mais r\u00e1pidos e eficientes<\/h3>\n<p data-start=\"2028\" data-end=\"2213\">Com menos pessoas a trabalhar no espa\u00e7o, \u00e9 poss\u00edvel intervir em \u00e1reas-chave com maior agilidade. Isto permite otimizar prazos e coordenar melhor os diferentes profissionais envolvidos.<\/p>\n<h3 data-section-id=\"kwbmra\" data-start=\"2215\" data-end=\"2254\">Escrit\u00f3rios prontos para setembro<\/h3>\n<p data-start=\"2255\" data-end=\"2396\">Planear a renova\u00e7\u00e3o antes do ver\u00e3o permite-lhe iniciar o novo curso com espa\u00e7os renovados adaptados \u00e0s necessidades atuais da organiza\u00e7\u00e3o.<\/p>\n<p data-start=\"2255\" data-end=\"2396\"><img loading=\"lazy\" decoding=\"async\" class=\"alignnone size-large wp-image-27900\" src=\"https:\/\/grupefebe.com\/custom\/uploads\/2025\/11\/FARMAQUATRIUM2-1024x768.png\" alt=\"Sal\u00e3o de Assembleia do Farmacotrium\" width=\"1024\" height=\"768\" srcset=\"https:\/\/www.grupefebe.com\/custom\/uploads\/2025\/11\/FARMAQUATRIUM2-1024x768.png 1024w, https:\/\/www.grupefebe.com\/custom\/uploads\/2025\/11\/FARMAQUATRIUM2-300x225.png 300w, https:\/\/www.grupefebe.com\/custom\/uploads\/2025\/11\/FARMAQUATRIUM2-768x576.png 768w, https:\/\/www.grupefebe.com\/custom\/uploads\/2025\/11\/FARMAQUATRIUM2-1536x1152.png 1536w, https:\/\/www.grupefebe.com\/custom\/uploads\/2025\/11\/FARMAQUATRIUM2-2048x1536.png 2048w\" sizes=\"auto, (max-width: 1024px) 100vw, 1024px\" \/><\/p>\n<p data-start=\"2255\" data-end=\"2396\"><a href=\"https:\/\/grupefebe.com\/pt-pt\/projects\/novos-escritorios-do-farmaquatrium-um-projeto-de-renovacao-com-identidade-e-charme\/\">Novos escrit\u00f3rios do Farmaquatrium renovados por Efeb\u00e9<\/a><\/p>\n<h2 data-section-id=\"1nf3xo8\" data-start=\"2403\" data-end=\"2457\">Os novos escrit\u00f3rios: espa\u00e7os que trazem talento de volta<\/h2>\n<p data-start=\"2459\" data-end=\"2624\">As empresas j\u00e1 n\u00e3o renovam escrit\u00f3rios apenas para renovar mobili\u00e1rio ou melhorar instala\u00e7\u00f5es. Agora o objetivo \u00e9 <strong data-start=\"2573\" data-end=\"2623\">criar espa\u00e7os que acrescentem valor real \u00e0s equipas<\/strong>.<\/p>\n<p data-start=\"2626\" data-end=\"2757\">Em muitos <strong data-start=\"2648\" data-end=\"2680\">projetos de renova\u00e7\u00e3o de escrit\u00f3rios no ver\u00e3o<\/strong> , surgem tr\u00eas tipos de espa\u00e7os que est\u00e3o a transformar a forma como trabalhamos.<\/p>\n<h3 data-section-id=\"1cu1umv\" data-start=\"2759\" data-end=\"2783\">Espa\u00e7os de co-cria\u00e7\u00e3o<\/h3>\n<p data-start=\"2784\" data-end=\"2974\">As salas de reuni\u00f5es tradicionais est\u00e3o a evoluir para espa\u00e7os mais flex\u00edveis. As \u00e1reas de co-cria\u00e7\u00e3o permitem-lhe trabalhar em ideias, realizar workshops ou promover projetos entre diferentes equipas.<\/p>\n<p data-start=\"2976\" data-end=\"3095\">Este tipo de espa\u00e7o incentiva a participa\u00e7\u00e3o, a criatividade e a resolu\u00e7\u00e3o colaborativa de problemas.<\/p>\n<h3 data-section-id=\"1e0d6oz\" data-start=\"3097\" data-end=\"3126\">\u00c1reas de lazer e desconex\u00e3o<\/h3>\n<p data-start=\"3127\" data-end=\"3322\">Cada vez mais empresas est\u00e3o a incorporar espa\u00e7os informais dentro do escrit\u00f3rio. \u00c1reas de caf\u00e9, espa\u00e7os sociais ou \u00e1reas de descanso ajudam a criar um ambiente mais agrad\u00e1vel e a incentivar as rela\u00e7\u00f5es entre equipas.<\/p>\n<p data-start=\"3324\" data-end=\"3416\">Estas \u00e1reas t\u00eam um impacto direto no bem-estar e na experi\u00eancia dos trabalhadores.<\/p>\n<h3 data-section-id=\"67tjey\" data-start=\"3418\" data-end=\"3455\">Salas de treino e eventos<\/h3>\n<p data-start=\"3456\" data-end=\"3610\">Muitas organiza\u00e7\u00f5es aproveitam <strong data-start=\"3491\" data-end=\"3523\">a renova\u00e7\u00e3o dos escrit\u00f3rios no ver\u00e3o<\/strong> para adaptar espa\u00e7os que permitam forma\u00e7\u00e3o, apresenta\u00e7\u00f5es ou eventos internos.<\/p>\n<p data-start=\"3612\" data-end=\"3720\">Estes espa\u00e7os ajudam a promover a cultura da empresa e facilitam a partilha de conhecimento dentro da organiza\u00e7\u00e3o.<\/p>\n<p data-start=\"3612\" data-end=\"3720\"><img loading=\"lazy\" decoding=\"async\" class=\"alignnone size-large wp-image-28126\" src=\"https:\/\/grupefebe.com\/custom\/uploads\/2026\/02\/terrasses-wamos-air-1024x726.png\" alt=\"Terra\u00e7os A\u00e9reos de Wamos\" width=\"1024\" height=\"726\" srcset=\"https:\/\/www.grupefebe.com\/custom\/uploads\/2026\/02\/terrasses-wamos-air-1024x726.png 1024w, https:\/\/www.grupefebe.com\/custom\/uploads\/2026\/02\/terrasses-wamos-air-300x213.png 300w, https:\/\/www.grupefebe.com\/custom\/uploads\/2026\/02\/terrasses-wamos-air-768x545.png 768w, https:\/\/www.grupefebe.com\/custom\/uploads\/2026\/02\/terrasses-wamos-air-1536x1090.png 1536w, https:\/\/www.grupefebe.com\/custom\/uploads\/2026\/02\/terrasses-wamos-air.png 1748w\" sizes=\"auto, (max-width: 1024px) 100vw, 1024px\" \/><\/p>\n<p data-start=\"3612\" data-end=\"3720\"><a href=\"https:\/\/grupefebe.com\/pt-pt\/projects\/terracos-corporativos-wamos-air\/\">Bancadas corporativas da Wamos Air adaptadas por Efeb\u00e9<\/a><\/p>\n<h2 data-section-id=\"1l8rnx\" data-start=\"3727\" data-end=\"3796\">5 melhorias que muitas empresas fazem nos escrit\u00f3rios antes do ver\u00e3o<\/h2>\n<p data-start=\"3798\" data-end=\"3927\">Se est\u00e1 a considerar uma renova\u00e7\u00e3o do escrit\u00f3rio, estas s\u00e3o algumas das melhorias mais comuns planeadas antes do ver\u00e3o.<\/p>\n<ol>\n<li data-start=\"3929\" data-end=\"4085\"><strong data-start=\"3929\" data-end=\"3990\">Criar zonas de cocria\u00e7\u00e3o para trabalho colaborativo<\/strong><br data-start=\"3990\" data-end=\"3993\" \/>Espa\u00e7os concebidos para gerar ideias, realizar reuni\u00f5es din\u00e2micas e promover projetos entre equipas.<\/li>\n<li data-start=\"4087\" data-end=\"4217\"><strong data-start=\"4087\" data-end=\"4133\">Incluir \u00e1reas de lazer ou espa\u00e7os sociais<\/strong><br data-start=\"4133\" data-end=\"4136\" \/>\u00c1reas informais que melhoram o bem-estar e promovem rela\u00e7\u00f5es entre as pessoas.<\/li>\n<li data-start=\"4219\" data-end=\"4381\"><strong data-start=\"4219\" data-end=\"4280\">Adaptar salas para forma\u00e7\u00e3o ou eventos internos<\/strong><br data-start=\"4280\" data-end=\"4283\" \/>Espa\u00e7os polivalentes que podem ser usados para sess\u00f5es internas, apresenta\u00e7\u00f5es ou reuni\u00f5es de equipa.<\/li>\n<li data-start=\"4383\" data-end=\"4530\"><strong data-start=\"4383\" data-end=\"4439\">Melhorar a ilumina\u00e7\u00e3o, ac\u00fastica ou conforto<\/strong><br data-start=\"4439\" data-end=\"4442\" \/>Pequenas interven\u00e7\u00f5es t\u00e9cnicas podem transformar completamente a experi\u00eancia profissional.<\/li>\n<li data-start=\"4532\" data-end=\"4685\"><strong data-start=\"4532\" data-end=\"4580\">Atualizar a disposi\u00e7\u00e3o e o mobili\u00e1rio<\/strong><br data-start=\"4580\" data-end=\"4583\" \/>Uma nova configura\u00e7\u00e3o de espa\u00e7o pode melhorar a colabora\u00e7\u00e3o e otimizar a utiliza\u00e7\u00e3o dos metros quadrados.<\/li>\n<\/ol>\n<h2 data-section-id=\"113qsk6\" data-start=\"4692\" data-end=\"4755\">Lista de verifica\u00e7\u00e3o: O seu escrit\u00f3rio est\u00e1 pronto para setembro?<\/h2>\n<p data-start=\"4757\" data-end=\"4861\">Antes de planear uma <strong data-start=\"4781\" data-end=\"4813\">renova\u00e7\u00e3o de escrit\u00f3rio no ver\u00e3o<\/strong>, muitas empresas colocam-se algumas perguntas-chave:<\/p>\n<ul data-start=\"4863\" data-end=\"5165\">\n<li data-section-id=\"1kwiknz\" data-start=\"4863\" data-end=\"4916\">\n<p data-start=\"4865\" data-end=\"4916\">O escrit\u00f3rio tem espa\u00e7os desenhados para colabora\u00e7\u00e3o?<\/p>\n<\/li>\n<li data-section-id=\"xgr8u7\" data-start=\"4917\" data-end=\"4978\">\n<p data-start=\"4919\" data-end=\"4978\">Existem \u00e1reas informais para fomentar rela\u00e7\u00f5es entre equipas?<\/p>\n<\/li>\n<li data-section-id=\"1elt0yy\" data-start=\"4979\" data-end=\"5049\">\n<p data-start=\"4981\" data-end=\"5049\">T\u00eam espa\u00e7os adequados para forma\u00e7\u00e3o interna ou eventos?<\/p>\n<\/li>\n<li data-section-id=\"yk256i\" data-start=\"5050\" data-end=\"5106\">\n<p data-start=\"5052\" data-end=\"5106\">As salas de reuni\u00f5es funcionam bem em ambientes h\u00edbridos?<\/p>\n<\/li>\n<li data-section-id=\"uzji5\" data-start=\"5107\" data-end=\"5165\">\n<p data-start=\"5109\" data-end=\"5165\">O espa\u00e7o reflete a cultura e os valores da empresa?<\/p>\n<\/li>\n<\/ul>\n<p data-start=\"5167\" data-end=\"5267\">Se a resposta a v\u00e1rias destas perguntas for n\u00e3o, pode ser um bom momento para repensar a \u00e1rea.<\/p>\n<p data-start=\"5167\" data-end=\"5267\"><img loading=\"lazy\" decoding=\"async\" class=\"alignnone size-large wp-image-25496\" src=\"https:\/\/grupefebe.com\/custom\/uploads\/2024\/08\/DSCF2209-1024x683.jpeg\" alt=\"Sala de Reuni\u00f5es do Escrit\u00f3rio\" width=\"1024\" height=\"683\" srcset=\"https:\/\/www.grupefebe.com\/custom\/uploads\/2024\/08\/DSCF2209-1024x683.jpeg 1024w, https:\/\/www.grupefebe.com\/custom\/uploads\/2024\/08\/DSCF2209-300x200.jpeg 300w, https:\/\/www.grupefebe.com\/custom\/uploads\/2024\/08\/DSCF2209-768x512.jpeg 768w, https:\/\/www.grupefebe.com\/custom\/uploads\/2024\/08\/DSCF2209-1536x1024.jpeg 1536w, https:\/\/www.grupefebe.com\/custom\/uploads\/2024\/08\/DSCF2209-2048x1365.jpeg 2048w\" sizes=\"auto, (max-width: 1024px) 100vw, 1024px\" \/><\/p>\n<p data-start=\"5167\" data-end=\"5267\"><a href=\"https:\/\/grupefebe.com\/pt-pt\/projects\/reducao-de-espaco-de-escritorio-aumento-do-bem-estar-o-caso-de-sucesso-da-convatec\/\">Sala de reuni\u00f5es da Convatec<\/a><\/p>\n<h2 data-section-id=\"8j4272\" data-start=\"5274\" data-end=\"5334\">Planeie a renova\u00e7\u00e3o do seu escrit\u00f3rio antes do ver\u00e3o<\/h2>\n<p data-start=\"5336\" data-end=\"5569\">As empresas que planeiam a <strong data-start=\"5379\" data-end=\"5411\">renova\u00e7\u00e3o do escrit\u00f3rio no ver\u00e3o<\/strong> com anteced\u00eancia podem realizar melhorias com menor impacto na atividade e iniciar o novo ano letivo com espa\u00e7os mais eficientes e atrativos, adaptados a novas formas de trabalho.<\/p>\n<p data-start=\"5571\" data-end=\"5700\">Na Efeb\u00e9 ajudamos organiza\u00e7\u00f5es a transformar os seus espa\u00e7os de trabalho para que respondam \u00e0s necessidades reais das suas equipas.<\/p>\n<p data-start=\"5702\" data-end=\"5850\">Se estiver a considerar melhorias no seu escrit\u00f3rio antes do ver\u00e3o, <strong data-start=\"5767\" data-end=\"5850\"><a href=\"https:\/\/grupefebe.com\/pt-pt\/contato\/\">podemos ajud\u00e1-lo<\/a> a analisar o espa\u00e7o e a definir as interven\u00e7\u00f5es mais adequadas.<\/strong><\/p>\n","protected":false},"excerpt":{"rendered":"<p>Muitas empresas esperam at\u00e9 setembro para propor melhorias no escrit\u00f3rio. Mas a realidade \u00e9 que a melhor altura para planear [&hellip;]<\/p>\n","protected":false},"author":2,"featured_media":26929,"comment_status":"closed","ping_status":"closed","sticky":false,"template":"","format":"standard","meta":{"_acf_changed":false,"footnotes":"","_links_to":"","_links_to_target":""},"categories":[310],"class_list":["post-28234","post","type-post","status-publish","format-standard","has-post-thumbnail","hentry","category-escritorios"],"acf":[],"yoast_head":"<!-- This site is optimized with the Yoast SEO plugin v25.9 - https:\/\/yoast.com\/wordpress\/plugins\/seo\/ -->\n<title>Porque \u00e9 que o ver\u00e3o \u00e9 a melhor altura para renovar um escrit\u00f3rio<\/title>\n<meta name=\"description\" content=\"Descubra porque \u00e9 que o ver\u00e3o \u00e9 a melhor altura para renovar um escrit\u00f3rio e como us\u00e1-lo para criar espa\u00e7os que atraiam talento.\" \/>\n<meta name=\"robots\" content=\"index, follow, max-snippet:-1, max-image-preview:large, max-video-preview:-1\" \/>\n<link rel=\"canonical\" href=\"https:\/\/www.grupefebe.com\/pt-pt\/renovacao-escritorios-verao\/\" \/>\n<meta property=\"og:locale\" content=\"pt_PT\" \/>\n<meta property=\"og:type\" content=\"article\" \/>\n<meta property=\"og:title\" content=\"Porque \u00e9 que o ver\u00e3o \u00e9 a melhor altura para renovar um escrit\u00f3rio\" \/>\n<meta property=\"og:description\" content=\"Descubra porque \u00e9 que o ver\u00e3o \u00e9 a melhor altura para renovar um escrit\u00f3rio e como us\u00e1-lo para criar espa\u00e7os que atraiam talento.\" \/>\n<meta property=\"og:url\" content=\"https:\/\/www.grupefebe.com\/pt-pt\/renovacao-escritorios-verao\/\" \/>\n<meta property=\"og:site_name\" content=\"Grupo Efeb\u00e9\" \/>\n<meta property=\"article:publisher\" content=\"https:\/\/www.facebook.com\/grup.efebe\" \/>\n<meta property=\"article:published_time\" content=\"2026-03-12T08:44:54+00:00\" \/>\n<meta property=\"article:modified_time\" content=\"2026-03-12T09:13:02+00:00\" \/>\n<meta property=\"og:image\" content=\"https:\/\/www.grupefebe.com\/custom\/uploads\/2025\/04\/EFEBE-OFIS-WAMOS-AIR-11-scaled.jpg\" \/>\n\t<meta property=\"og:image:width\" content=\"2560\" \/>\n\t<meta property=\"og:image:height\" content=\"1703\" \/>\n\t<meta property=\"og:image:type\" content=\"image\/jpeg\" \/>\n<meta name=\"author\" content=\"Grup Efeb\u00e9\" \/>\n<meta name=\"twitter:card\" content=\"summary_large_image\" \/>\n<meta name=\"twitter:creator\" content=\"@grup_efebe\" \/>\n<meta name=\"twitter:site\" content=\"@grup_efebe\" \/>\n<meta name=\"twitter:label1\" content=\"Escrito por\" \/>\n\t<meta name=\"twitter:data1\" content=\"Grup Efeb\u00e9\" \/>\n\t<meta name=\"twitter:label2\" content=\"Tempo estimado de leitura\" \/>\n\t<meta name=\"twitter:data2\" content=\"5 minutos\" \/>\n<script type=\"application\/ld+json\" class=\"yoast-schema-graph\">{\"@context\":\"https:\/\/schema.org\",\"@graph\":[{\"@type\":\"Article\",\"@id\":\"https:\/\/www.grupefebe.com\/pt-pt\/renovacao-escritorios-verao\/#article\",\"isPartOf\":{\"@id\":\"https:\/\/www.grupefebe.com\/pt-pt\/renovacao-escritorios-verao\/\"},\"author\":{\"name\":\"Grup Efeb\u00e9\",\"@id\":\"https:\/\/www.grupefebe.com\/pt-pt\/#\/schema\/person\/76402b3180eef131413100afc3282997\"},\"headline\":\"Porque \u00e9 que o ver\u00e3o \u00e9 a melhor altura para renovar um escrit\u00f3rio\",\"datePublished\":\"2026-03-12T08:44:54+00:00\",\"dateModified\":\"2026-03-12T09:13:02+00:00\",\"mainEntityOfPage\":{\"@id\":\"https:\/\/www.grupefebe.com\/pt-pt\/renovacao-escritorios-verao\/\"},\"wordCount\":894,\"publisher\":{\"@id\":\"https:\/\/www.grupefebe.com\/pt-pt\/#organization\"},\"image\":{\"@id\":\"https:\/\/www.grupefebe.com\/pt-pt\/renovacao-escritorios-verao\/#primaryimage\"},\"thumbnailUrl\":\"https:\/\/www.grupefebe.com\/custom\/uploads\/2025\/04\/EFEBE-OFIS-WAMOS-AIR-11-scaled.jpg\",\"articleSection\":[\"Escrit\u00f3rios\"],\"inLanguage\":\"pt-PT\"},{\"@type\":\"WebPage\",\"@id\":\"https:\/\/www.grupefebe.com\/pt-pt\/renovacao-escritorios-verao\/\",\"url\":\"https:\/\/www.grupefebe.com\/pt-pt\/renovacao-escritorios-verao\/\",\"name\":\"Porque \u00e9 que o ver\u00e3o \u00e9 a melhor altura para renovar um escrit\u00f3rio\",\"isPartOf\":{\"@id\":\"https:\/\/www.grupefebe.com\/pt-pt\/#website\"},\"primaryImageOfPage\":{\"@id\":\"https:\/\/www.grupefebe.com\/pt-pt\/renovacao-escritorios-verao\/#primaryimage\"},\"image\":{\"@id\":\"https:\/\/www.grupefebe.com\/pt-pt\/renovacao-escritorios-verao\/#primaryimage\"},\"thumbnailUrl\":\"https:\/\/www.grupefebe.com\/custom\/uploads\/2025\/04\/EFEBE-OFIS-WAMOS-AIR-11-scaled.jpg\",\"datePublished\":\"2026-03-12T08:44:54+00:00\",\"dateModified\":\"2026-03-12T09:13:02+00:00\",\"description\":\"Descubra porque \u00e9 que o ver\u00e3o \u00e9 a melhor altura para renovar um escrit\u00f3rio e como us\u00e1-lo para criar espa\u00e7os que atraiam talento.\",\"breadcrumb\":{\"@id\":\"https:\/\/www.grupefebe.com\/pt-pt\/renovacao-escritorios-verao\/#breadcrumb\"},\"inLanguage\":\"pt-PT\",\"potentialAction\":[{\"@type\":\"ReadAction\",\"target\":[\"https:\/\/www.grupefebe.com\/pt-pt\/renovacao-escritorios-verao\/\"]}]},{\"@type\":\"ImageObject\",\"inLanguage\":\"pt-PT\",\"@id\":\"https:\/\/www.grupefebe.com\/pt-pt\/renovacao-escritorios-verao\/#primaryimage\",\"url\":\"https:\/\/www.grupefebe.com\/custom\/uploads\/2025\/04\/EFEBE-OFIS-WAMOS-AIR-11-scaled.jpg\",\"contentUrl\":\"https:\/\/www.grupefebe.com\/custom\/uploads\/2025\/04\/EFEBE-OFIS-WAMOS-AIR-11-scaled.jpg\",\"width\":2560,\"height\":1703,\"caption\":\"\u00c1rea de Trabalho A\u00e9rea de Wamos\"},{\"@type\":\"BreadcrumbList\",\"@id\":\"https:\/\/www.grupefebe.com\/pt-pt\/renovacao-escritorios-verao\/#breadcrumb\",\"itemListElement\":[{\"@type\":\"ListItem\",\"position\":1,\"name\":\"Inici\",\"item\":\"https:\/\/mail.grupefebe.com\/pt-pt\/\"},{\"@type\":\"ListItem\",\"position\":2,\"name\":\"Porque \u00e9 que o ver\u00e3o \u00e9 a melhor altura para renovar um escrit\u00f3rio\"}]},{\"@type\":\"WebSite\",\"@id\":\"https:\/\/www.grupefebe.com\/pt-pt\/#website\",\"url\":\"https:\/\/www.grupefebe.com\/pt-pt\/\",\"name\":\"Grup Efeb\u00e9\",\"description\":\"Otro sitio realizado con WordPress\",\"publisher\":{\"@id\":\"https:\/\/www.grupefebe.com\/pt-pt\/#organization\"},\"potentialAction\":[{\"@type\":\"SearchAction\",\"target\":{\"@type\":\"EntryPoint\",\"urlTemplate\":\"https:\/\/www.grupefebe.com\/pt-pt\/?s={search_term_string}\"},\"query-input\":{\"@type\":\"PropertyValueSpecification\",\"valueRequired\":true,\"valueName\":\"search_term_string\"}}],\"inLanguage\":\"pt-PT\"},{\"@type\":\"Organization\",\"@id\":\"https:\/\/www.grupefebe.com\/pt-pt\/#organization\",\"name\":\"Grup Efeb\u00e9\",\"url\":\"https:\/\/www.grupefebe.com\/pt-pt\/\",\"logo\":{\"@type\":\"ImageObject\",\"inLanguage\":\"pt-PT\",\"@id\":\"https:\/\/www.grupefebe.com\/pt-pt\/#\/schema\/logo\/image\/\",\"url\":\"https:\/\/grupefebe.com\/custom\/uploads\/2021\/01\/logo-efebe.png\",\"contentUrl\":\"https:\/\/grupefebe.com\/custom\/uploads\/2021\/01\/logo-efebe.png\",\"width\":524,\"height\":135,\"caption\":\"Grup Efeb\u00e9\"},\"image\":{\"@id\":\"https:\/\/www.grupefebe.com\/pt-pt\/#\/schema\/logo\/image\/\"},\"sameAs\":[\"https:\/\/www.facebook.com\/grup.efebe\",\"https:\/\/x.com\/grup_efebe\",\"https:\/\/www.instagram.com\/grup_efebe\/\",\"https:\/\/www.linkedin.com\/company\/grupefebe\",\"https:\/\/www.youtube.com\/channel\/UCj11-LAuLhPfqrL2649Xzrw\"]},{\"@type\":\"Person\",\"@id\":\"https:\/\/www.grupefebe.com\/pt-pt\/#\/schema\/person\/76402b3180eef131413100afc3282997\",\"name\":\"Grup Efeb\u00e9\",\"image\":{\"@type\":\"ImageObject\",\"inLanguage\":\"pt-PT\",\"@id\":\"https:\/\/www.grupefebe.com\/pt-pt\/#\/schema\/person\/image\/\",\"url\":\"https:\/\/secure.gravatar.com\/avatar\/913bc6aa90480101061296ab9cad4bd4ccfb82c623a8820f3fd577558c1651be?s=96&d=mm&r=g\",\"contentUrl\":\"https:\/\/secure.gravatar.com\/avatar\/913bc6aa90480101061296ab9cad4bd4ccfb82c623a8820f3fd577558c1651be?s=96&d=mm&r=g\",\"caption\":\"Grup Efeb\u00e9\"},\"url\":\"https:\/\/www.grupefebe.com\/pt-pt\/author\/julia\/\"}]}<\/script>\n<!-- \/ Yoast SEO plugin. -->","yoast_head_json":{"title":"Porque \u00e9 que o ver\u00e3o \u00e9 a melhor altura para renovar um escrit\u00f3rio","description":"Descubra porque \u00e9 que o ver\u00e3o \u00e9 a melhor altura para renovar um escrit\u00f3rio e como us\u00e1-lo para criar espa\u00e7os que atraiam talento.","robots":{"index":"index","follow":"follow","max-snippet":"max-snippet:-1","max-image-preview":"max-image-preview:large","max-video-preview":"max-video-preview:-1"},"canonical":"https:\/\/www.grupefebe.com\/pt-pt\/renovacao-escritorios-verao\/","og_locale":"pt_PT","og_type":"article","og_title":"Porque \u00e9 que o ver\u00e3o \u00e9 a melhor altura para renovar um escrit\u00f3rio","og_description":"Descubra porque \u00e9 que o ver\u00e3o \u00e9 a melhor altura para renovar um escrit\u00f3rio e como us\u00e1-lo para criar espa\u00e7os que atraiam talento.","og_url":"https:\/\/www.grupefebe.com\/pt-pt\/renovacao-escritorios-verao\/","og_site_name":"Grupo Efeb\u00e9","article_publisher":"https:\/\/www.facebook.com\/grup.efebe","article_published_time":"2026-03-12T08:44:54+00:00","article_modified_time":"2026-03-12T09:13:02+00:00","og_image":[{"width":2560,"height":1703,"url":"https:\/\/www.grupefebe.com\/custom\/uploads\/2025\/04\/EFEBE-OFIS-WAMOS-AIR-11-scaled.jpg","type":"image\/jpeg"}],"author":"Grup Efeb\u00e9","twitter_card":"summary_large_image","twitter_creator":"@grup_efebe","twitter_site":"@grup_efebe","twitter_misc":{"Escrito por":"Grup Efeb\u00e9","Tempo estimado de leitura":"5 minutos"},"schema":{"@context":"https:\/\/schema.org","@graph":[{"@type":"Article","@id":"https:\/\/www.grupefebe.com\/pt-pt\/renovacao-escritorios-verao\/#article","isPartOf":{"@id":"https:\/\/www.grupefebe.com\/pt-pt\/renovacao-escritorios-verao\/"},"author":{"name":"Grup Efeb\u00e9","@id":"https:\/\/www.grupefebe.com\/pt-pt\/#\/schema\/person\/76402b3180eef131413100afc3282997"},"headline":"Porque \u00e9 que o ver\u00e3o \u00e9 a melhor altura para renovar um escrit\u00f3rio","datePublished":"2026-03-12T08:44:54+00:00","dateModified":"2026-03-12T09:13:02+00:00","mainEntityOfPage":{"@id":"https:\/\/www.grupefebe.com\/pt-pt\/renovacao-escritorios-verao\/"},"wordCount":894,"publisher":{"@id":"https:\/\/www.grupefebe.com\/pt-pt\/#organization"},"image":{"@id":"https:\/\/www.grupefebe.com\/pt-pt\/renovacao-escritorios-verao\/#primaryimage"},"thumbnailUrl":"https:\/\/www.grupefebe.com\/custom\/uploads\/2025\/04\/EFEBE-OFIS-WAMOS-AIR-11-scaled.jpg","articleSection":["Escrit\u00f3rios"],"inLanguage":"pt-PT"},{"@type":"WebPage","@id":"https:\/\/www.grupefebe.com\/pt-pt\/renovacao-escritorios-verao\/","url":"https:\/\/www.grupefebe.com\/pt-pt\/renovacao-escritorios-verao\/","name":"Porque \u00e9 que o ver\u00e3o \u00e9 a melhor altura para renovar um escrit\u00f3rio","isPartOf":{"@id":"https:\/\/www.grupefebe.com\/pt-pt\/#website"},"primaryImageOfPage":{"@id":"https:\/\/www.grupefebe.com\/pt-pt\/renovacao-escritorios-verao\/#primaryimage"},"image":{"@id":"https:\/\/www.grupefebe.com\/pt-pt\/renovacao-escritorios-verao\/#primaryimage"},"thumbnailUrl":"https:\/\/www.grupefebe.com\/custom\/uploads\/2025\/04\/EFEBE-OFIS-WAMOS-AIR-11-scaled.jpg","datePublished":"2026-03-12T08:44:54+00:00","dateModified":"2026-03-12T09:13:02+00:00","description":"Descubra porque \u00e9 que o ver\u00e3o \u00e9 a melhor altura para renovar um escrit\u00f3rio e como us\u00e1-lo para criar espa\u00e7os que atraiam talento.","breadcrumb":{"@id":"https:\/\/www.grupefebe.com\/pt-pt\/renovacao-escritorios-verao\/#breadcrumb"},"inLanguage":"pt-PT","potentialAction":[{"@type":"ReadAction","target":["https:\/\/www.grupefebe.com\/pt-pt\/renovacao-escritorios-verao\/"]}]},{"@type":"ImageObject","inLanguage":"pt-PT","@id":"https:\/\/www.grupefebe.com\/pt-pt\/renovacao-escritorios-verao\/#primaryimage","url":"https:\/\/www.grupefebe.com\/custom\/uploads\/2025\/04\/EFEBE-OFIS-WAMOS-AIR-11-scaled.jpg","contentUrl":"https:\/\/www.grupefebe.com\/custom\/uploads\/2025\/04\/EFEBE-OFIS-WAMOS-AIR-11-scaled.jpg","width":2560,"height":1703,"caption":"\u00c1rea de Trabalho A\u00e9rea de Wamos"},{"@type":"BreadcrumbList","@id":"https:\/\/www.grupefebe.com\/pt-pt\/renovacao-escritorios-verao\/#breadcrumb","itemListElement":[{"@type":"ListItem","position":1,"name":"Inici","item":"https:\/\/mail.grupefebe.com\/pt-pt\/"},{"@type":"ListItem","position":2,"name":"Porque \u00e9 que o ver\u00e3o \u00e9 a melhor altura para renovar um escrit\u00f3rio"}]},{"@type":"WebSite","@id":"https:\/\/www.grupefebe.com\/pt-pt\/#website","url":"https:\/\/www.grupefebe.com\/pt-pt\/","name":"Grup Efeb\u00e9","description":"Otro sitio realizado con WordPress","publisher":{"@id":"https:\/\/www.grupefebe.com\/pt-pt\/#organization"},"potentialAction":[{"@type":"SearchAction","target":{"@type":"EntryPoint","urlTemplate":"https:\/\/www.grupefebe.com\/pt-pt\/?s={search_term_string}"},"query-input":{"@type":"PropertyValueSpecification","valueRequired":true,"valueName":"search_term_string"}}],"inLanguage":"pt-PT"},{"@type":"Organization","@id":"https:\/\/www.grupefebe.com\/pt-pt\/#organization","name":"Grup Efeb\u00e9","url":"https:\/\/www.grupefebe.com\/pt-pt\/","logo":{"@type":"ImageObject","inLanguage":"pt-PT","@id":"https:\/\/www.grupefebe.com\/pt-pt\/#\/schema\/logo\/image\/","url":"https:\/\/grupefebe.com\/custom\/uploads\/2021\/01\/logo-efebe.png","contentUrl":"https:\/\/grupefebe.com\/custom\/uploads\/2021\/01\/logo-efebe.png","width":524,"height":135,"caption":"Grup Efeb\u00e9"},"image":{"@id":"https:\/\/www.grupefebe.com\/pt-pt\/#\/schema\/logo\/image\/"},"sameAs":["https:\/\/www.facebook.com\/grup.efebe","https:\/\/x.com\/grup_efebe","https:\/\/www.instagram.com\/grup_efebe\/","https:\/\/www.linkedin.com\/company\/grupefebe","https:\/\/www.youtube.com\/channel\/UCj11-LAuLhPfqrL2649Xzrw"]},{"@type":"Person","@id":"https:\/\/www.grupefebe.com\/pt-pt\/#\/schema\/person\/76402b3180eef131413100afc3282997","name":"Grup Efeb\u00e9","image":{"@type":"ImageObject","inLanguage":"pt-PT","@id":"https:\/\/www.grupefebe.com\/pt-pt\/#\/schema\/person\/image\/","url":"https:\/\/secure.gravatar.com\/avatar\/913bc6aa90480101061296ab9cad4bd4ccfb82c623a8820f3fd577558c1651be?s=96&d=mm&r=g","contentUrl":"https:\/\/secure.gravatar.com\/avatar\/913bc6aa90480101061296ab9cad4bd4ccfb82c623a8820f3fd577558c1651be?s=96&d=mm&r=g","caption":"Grup Efeb\u00e9"},"url":"https:\/\/www.grupefebe.com\/pt-pt\/author\/julia\/"}]}},"_links":{"self":[{"href":"https:\/\/www.grupefebe.com\/pt-pt\/wp-json\/wp\/v2\/posts\/28234","targetHints":{"allow":["GET"]}}],"collection":[{"href":"https:\/\/www.grupefebe.com\/pt-pt\/wp-json\/wp\/v2\/posts"}],"about":[{"href":"https:\/\/www.grupefebe.com\/pt-pt\/wp-json\/wp\/v2\/types\/post"}],"author":[{"embeddable":true,"href":"https:\/\/www.grupefebe.com\/pt-pt\/wp-json\/wp\/v2\/users\/2"}],"replies":[{"embeddable":true,"href":"https:\/\/www.grupefebe.com\/pt-pt\/wp-json\/wp\/v2\/comments?post=28234"}],"version-history":[{"count":2,"href":"https:\/\/www.grupefebe.com\/pt-pt\/wp-json\/wp\/v2\/posts\/28234\/revisions"}],"predecessor-version":[{"id":28239,"href":"https:\/\/www.grupefebe.com\/pt-pt\/wp-json\/wp\/v2\/posts\/28234\/revisions\/28239"}],"wp:featuredmedia":[{"embeddable":true,"href":"https:\/\/www.grupefebe.com\/pt-pt\/wp-json\/wp\/v2\/media\/26929"}],"wp:attachment":[{"href":"https:\/\/www.grupefebe.com\/pt-pt\/wp-json\/wp\/v2\/media?parent=28234"}],"wp:term":[{"taxonomy":"category","embeddable":true,"href":"https:\/\/www.grupefebe.com\/pt-pt\/wp-json\/wp\/v2\/categories?post=28234"}],"curies":[{"name":"wp","href":"https:\/\/api.w.org\/{rel}","templated":true}]}}