{"id":28213,"date":"2026-03-05T12:32:39","date_gmt":"2026-03-05T12:32:39","guid":{"rendered":"https:\/\/grupefebe.com\/dones-arquitectes-edificis-famosos\/"},"modified":"2026-03-09T08:31:03","modified_gmt":"2026-03-09T08:31:03","slug":"arquitetas-mulheres","status":"publish","type":"post","link":"https:\/\/www.grupefebe.com\/pt-pt\/arquitetas-mulheres\/","title":{"rendered":"7 edif\u00edcios e designs ic\u00f3nicos criados por arquitetas mulheres que talvez n\u00e3o conhecesses"},"content":{"rendered":"<p data-start=\"1300\" data-end=\"1525\">Quando pensamos em grandes refer\u00eancias na arquitetura, muitos nomes masculinos v\u00eam \u00e0 mente. Mas a realidade \u00e9 que muitas <strong data-start=\"1421\" data-end=\"1524\">arquitetas mulheres e designers criaram alguns dos espa\u00e7os mais inovadores e inspiradores do mundo<\/strong>.<\/p>\n<p data-start=\"1527\" data-end=\"1688\">Durante d\u00e9cadas, muitos destes profissionais trabalharam em projetos que hoje s\u00e3o refer\u00eancias na arquitetura contempor\u00e2nea, planeamento urbano ou design de interiores.<\/p>\n<p data-start=\"1690\" data-end=\"1934\">Neste <strong data-start=\"1697\" data-end=\"1729\">Dia Internacional da Mulher<\/strong>, da Efeb\u00e9 queremos focar-nos em algumas destas figuras. Arquitetos que deixaram a sua marca com <strong data-start=\"1835\" data-end=\"1933\">edif\u00edcios emblem\u00e1ticos, espa\u00e7os culturais ou projetos que dialogam com a paisagem e a sociedade<\/strong>.<\/p>\n<p data-start=\"1936\" data-end=\"2022\">Talvez conhe\u00e7as estes edif\u00edcios. O que talvez n\u00e3o saibas \u00e9 <strong data-start=\"1997\" data-end=\"2021\">quem os desenhou<\/strong>.<\/p>\n<h2 data-start=\"1604\" data-end=\"1637\">1. Castelo Hearst \u2013 Julia Morgan<\/h2>\n<div id=\"attachment_28204\" style=\"width: 1034px\" class=\"wp-caption aligncenter\"><img loading=\"lazy\" decoding=\"async\" aria-describedby=\"caption-attachment-28204\" class=\"wp-image-28153 size-large\" src=\"https:\/\/grupefebe.com\/custom\/uploads\/2026\/03\/Hearst_Castle-1024x682.jpg\" alt=\"Arquitectura do Castelo de Hearst, Calif\u00f3rnia, Julia Morgan\" width=\"1024\" height=\"682\" srcset=\"https:\/\/www.grupefebe.com\/custom\/uploads\/2026\/03\/Hearst_Castle-1024x682.jpg 1024w, https:\/\/www.grupefebe.com\/custom\/uploads\/2026\/03\/Hearst_Castle-300x200.jpg 300w, https:\/\/www.grupefebe.com\/custom\/uploads\/2026\/03\/Hearst_Castle-768x512.jpg 768w, https:\/\/www.grupefebe.com\/custom\/uploads\/2026\/03\/Hearst_Castle.jpg 1280w\" sizes=\"auto, (max-width: 1024px) 100vw, 1024px\" \/><p id=\"caption-attachment-28204\" class=\"wp-caption-text\">Por Proimos &#8211; Trabalho pr\u00f3prio, CC BY-SA 3.0, https:\/\/commons.wikimedia.org\/w\/index.php?curid=21649507<\/p><\/div>\n<div id=\"attachment_28205\" style=\"width: 200px\" class=\"wp-caption alignleft\"><img loading=\"lazy\" decoding=\"async\" aria-describedby=\"caption-attachment-28205\" class=\"wp-image-28154 size-full\" src=\"https:\/\/grupefebe.com\/custom\/uploads\/2026\/03\/Julia_Morgan.jpg\" alt=\"Retrato da arquiteta Julia Morgan\" width=\"190\" height=\"240\" \/><p id=\"caption-attachment-28205\" class=\"wp-caption-text\">Por Boy\u00e9 Studio, S\u00e3o Francisco &#8211; https:\/\/digital.lib.calpoly.edu\/rekl-2071, Dom\u00ednio P\u00fablico, https:\/\/commons.wikimedia.org\/w\/index.php?curid=85460141<\/p><\/div>\n<p data-start=\"2061\" data-end=\"2330\">O <strong data-start=\"2064\" data-end=\"2081\">Castelo Hearst<\/strong>, localizado em San Simeon (Calif\u00f3rnia), \u00e9 um dos complexos residenciais mais espetaculares dos Estados Unidos. Por detr\u00e1s deste projeto monumental est\u00e1 <a href=\"https:\/\/www.britannica.com\/biography\/Julia-Morgan\"><strong data-start=\"2230\" data-end=\"2246\">Julia Morgan<\/strong><\/a>, uma arquiteta pioneira que marcou a hist\u00f3ria da arquitetura americana.<\/p>\n<p data-start=\"2332\" data-end=\"2538\">O complexo, encomendado pelo magnata William Randolph Hearst, foi desenvolvido ao longo de v\u00e1rias d\u00e9cadas e inclui pal\u00e1cios, jardins, piscinas monumentais e edif\u00edcios inspirados na arquitetura mediterr\u00e2nica.<\/p>\n<p data-start=\"2540\" data-end=\"2757\">O que torna este projeto particularmente fascinante \u00e9 a <strong data-start=\"2600\" data-end=\"2635\">sua escala e riqueza arquitet\u00f3nica<\/strong>, mas tamb\u00e9m o facto de ter sido liderado por uma mulher numa altura em que a arquitetura era praticamente um setor masculino.<\/p>\n<p data-start=\"2759\" data-end=\"2931\">Julia Morgan viria a projetar <strong data-start=\"2795\" data-end=\"2846\">mais de 800 edif\u00edcios ao longo da sua carreira<\/strong>, tornando-se uma das figuras mais prol\u00edficas da arquitetura do s\u00e9culo XX.<\/p>\n<h2 data-start=\"2527\" data-end=\"2557\">2. Casa E-1027 \u2013 Eileen Gray<\/h2>\n<div id=\"attachment_28206\" style=\"width: 1010px\" class=\"wp-caption aligncenter\"><img loading=\"lazy\" decoding=\"async\" aria-describedby=\"caption-attachment-28206\" class=\"size-full wp-image-28165\" src=\"https:\/\/grupefebe.com\/custom\/uploads\/2026\/03\/villa-e-1027-cap-moderne-g280716-mb.jpg\" alt=\"Casa E-1027 Arquitetura Modernista Eileen Gray\" width=\"1000\" height=\"654\" srcset=\"https:\/\/www.grupefebe.com\/custom\/uploads\/2026\/03\/villa-e-1027-cap-moderne-g280716-mb.jpg 1000w, https:\/\/www.grupefebe.com\/custom\/uploads\/2026\/03\/villa-e-1027-cap-moderne-g280716-mb-300x196.jpg 300w, https:\/\/www.grupefebe.com\/custom\/uploads\/2026\/03\/villa-e-1027-cap-moderne-g280716-mb-768x502.jpg 768w\" sizes=\"auto, (max-width: 1000px) 100vw, 1000px\" \/><p id=\"caption-attachment-28206\" class=\"wp-caption-text\">fotografia Manuel Bougot www.manuelbougot.com. 2016<\/p><\/div>\n<div id=\"attachment_28207\" style=\"width: 247px\" class=\"wp-caption alignleft\"><img loading=\"lazy\" decoding=\"async\" aria-describedby=\"caption-attachment-28207\" class=\" wp-image-28166\" src=\"https:\/\/grupefebe.com\/custom\/uploads\/2026\/03\/eileen-gray-1996a6.jpg\" alt=\"Eileen Gray, arquiteta e designer\" width=\"237\" height=\"168\" srcset=\"https:\/\/www.grupefebe.com\/custom\/uploads\/2026\/03\/eileen-gray-1996a6.jpg 625w, https:\/\/www.grupefebe.com\/custom\/uploads\/2026\/03\/eileen-gray-1996a6-300x212.jpg 300w\" sizes=\"auto, (max-width: 237px) 100vw, 237px\" \/><p id=\"caption-attachment-28207\" class=\"wp-caption-text\">Retrato da designer e arquiteta Eileen Gray (c. 1926). Foto: Wikimedia Commons (dom\u00ednio p\u00fablico)<\/p><\/div>\n<p data-start=\"3166\" data-end=\"3280\">Na C\u00f4te d&#8217;Azur francesa encontramos uma casa que revolucionou a forma como entendemos a habita\u00e7\u00e3o moderna: <strong data-start=\"3269\" data-end=\"3279\">a E-1027<\/strong>.<\/p>\n<p data-start=\"3282\" data-end=\"3505\">Este projeto, desenhado pela arquiteta e designer irlandesa <strong data-start=\"3351\" data-end=\"3366\">Eileen Gray<\/strong>, \u00e9 muito mais do que uma casa. \u00c9 uma explora\u00e7\u00e3o de como a arquitetura, o mobili\u00e1rio e a vida quotidiana podem funcionar como um \u00fanico sistema.<\/p>\n<p data-start=\"3507\" data-end=\"3733\">A casa foi concebida pensando <strong data-start=\"3541\" data-end=\"3630\">na flexibilidade dos espa\u00e7os, na luz natural e na rela\u00e7\u00e3o com a paisagem mediterr\u00e2nica<\/strong>. Muitos dos m\u00f3veis tamb\u00e9m foram desenhados pela pr\u00f3pria Gray, refor\u00e7ando a ideia de um design total.<\/p>\n<p data-start=\"3735\" data-end=\"3887\">Hoje \u00e9 considerada uma <strong data-start=\"3757\" data-end=\"3802\">obra-chave do movimento modernista europeu<\/strong>, embora durante muitos anos o seu valor n\u00e3o tenha recebido o reconhecimento que merecia.<\/p>\n<h2 data-start=\"3308\" data-end=\"3337\">3. Torre Aqua \u2013 Jeanne Gang<\/h2>\n<div id=\"attachment_28208\" style=\"width: 384px\" class=\"wp-caption aligncenter\"><img loading=\"lazy\" decoding=\"async\" aria-describedby=\"caption-attachment-28208\" class=\" wp-image-28159\" src=\"https:\/\/grupefebe.com\/custom\/uploads\/2026\/03\/739-gp-0425-aqua-image-001-596x795-1.jpg\" alt=\"Aqua Tower Chicago Arquitetura Jeanne Gang\" width=\"374\" height=\"499\" srcset=\"https:\/\/www.grupefebe.com\/custom\/uploads\/2026\/03\/739-gp-0425-aqua-image-001-596x795-1.jpg 596w, https:\/\/www.grupefebe.com\/custom\/uploads\/2026\/03\/739-gp-0425-aqua-image-001-596x795-1-225x300.jpg 225w\" sizes=\"auto, (max-width: 374px) 100vw, 374px\" \/><p id=\"caption-attachment-28208\" class=\"wp-caption-text\">Foto: Steve Hall \u00a9 Hedrich Blessing<\/p><\/div>\n<div id=\"attachment_28209\" style=\"width: 331px\" class=\"wp-caption alignleft\"><img loading=\"lazy\" decoding=\"async\" aria-describedby=\"caption-attachment-28209\" class=\"wp-image-28157\" src=\"https:\/\/grupefebe.com\/custom\/uploads\/2026\/03\/Jeanne_Gang-1024x768.jpg\" alt=\"Retrato da arquiteta Jeanne Gang\" width=\"321\" height=\"241\" srcset=\"https:\/\/www.grupefebe.com\/custom\/uploads\/2026\/03\/Jeanne_Gang-1024x768.jpg 1024w, https:\/\/www.grupefebe.com\/custom\/uploads\/2026\/03\/Jeanne_Gang-300x225.jpg 300w, https:\/\/www.grupefebe.com\/custom\/uploads\/2026\/03\/Jeanne_Gang-768x576.jpg 768w, https:\/\/www.grupefebe.com\/custom\/uploads\/2026\/03\/Jeanne_Gang.jpg 1517w\" sizes=\"auto, (max-width: 321px) 100vw, 321px\" \/><p id=\"caption-attachment-28209\" class=\"wp-caption-text\">Por Kramesarah &#8211; Trabalho pr\u00f3prio, CC BY-SA 4.0, https:\/\/commons.wikimedia.org\/w\/index.php?curid=59234493<\/p><\/div>\n<p data-start=\"4098\" data-end=\"4282\">A <a href=\"https:\/\/studiogang.com\/projects\/aqua-tower\/\"><strong data-start=\"4100\" data-end=\"4114\">Aqua Tower<\/strong><\/a> de Chicago \u00e9 um arranha-c\u00e9us que dificilmente passa despercebido. A sua fachada ondulada cria um perfil org\u00e2nico que lembra as formas da paisagem erodida pela \u00e1gua.<\/p>\n<p data-start=\"4284\" data-end=\"4431\">A autora do projeto \u00e9 <strong data-start=\"4309\" data-end=\"4324\">Jeanne Gang<\/strong>, fundadora do est\u00fadio Studio Gang e uma das arquitetas mais influentes da arquitetura contempor\u00e2nea.<\/p>\n<p data-start=\"4433\" data-end=\"4606\">O design n\u00e3o responde apenas a uma quest\u00e3o est\u00e9tica. Terra\u00e7os irregulares contribuem para <strong data-start=\"4525\" data-end=\"4605\">melhorar a sombra, o conforto clim\u00e1tico e a rela\u00e7\u00e3o entre interior e exterior<\/strong>.<\/p>\n<p data-start=\"4608\" data-end=\"4733\">Quando abriu em 2010, o edif\u00edcio <strong data-start=\"4667\" data-end=\"4732\">tornou-se o arranha-c\u00e9us mais alto do mundo, desenhado por uma arquiteta.<\/strong><\/p>\n<h2 data-start=\"3960\" data-end=\"3999\">4. Museu Louvre-Lens \u2013 Kazuyo Sejima<\/h2>\n<div id=\"attachment_28169\" style=\"width: 1034px\" class=\"wp-caption aligncenter\"><img loading=\"lazy\" decoding=\"async\" aria-describedby=\"caption-attachment-28169\" class=\"size-large wp-image-28169\" src=\"https:\/\/grupefebe.com\/custom\/uploads\/2026\/03\/11646634894_c0889780c0_o-1024x768.jpg\" alt=\"Arquitetura do Museu da Lente do Louvre SANAA\" width=\"1024\" height=\"768\" srcset=\"https:\/\/www.grupefebe.com\/custom\/uploads\/2026\/03\/11646634894_c0889780c0_o-1024x768.jpg 1024w, https:\/\/www.grupefebe.com\/custom\/uploads\/2026\/03\/11646634894_c0889780c0_o-300x225.jpg 300w, https:\/\/www.grupefebe.com\/custom\/uploads\/2026\/03\/11646634894_c0889780c0_o-768x576.jpg 768w, https:\/\/www.grupefebe.com\/custom\/uploads\/2026\/03\/11646634894_c0889780c0_o-1536x1152.jpg 1536w, https:\/\/www.grupefebe.com\/custom\/uploads\/2026\/03\/11646634894_c0889780c0_o-2048x1536.jpg 2048w\" sizes=\"auto, (max-width: 1024px) 100vw, 1024px\" \/><p id=\"caption-attachment-28169\" class=\"wp-caption-text\">Foto de https:\/\/www.flickr.com\/people\/harry_nl\/<\/p><\/div>\n<div id=\"attachment_28170\" style=\"width: 192px\" class=\"wp-caption alignleft\"><img loading=\"lazy\" decoding=\"async\" aria-describedby=\"caption-attachment-28170\" class=\" wp-image-28170\" src=\"https:\/\/grupefebe.com\/custom\/uploads\/2026\/03\/Canopy_Gathering_Space_Kazuyo_Sejima_15137242547_cropped-851x1024.jpg\" alt=\"Kazuyo Sejima, arquiteto japon\u00eas\" width=\"182\" height=\"219\" srcset=\"https:\/\/www.grupefebe.com\/custom\/uploads\/2026\/03\/Canopy_Gathering_Space_Kazuyo_Sejima_15137242547_cropped-851x1024.jpg 851w, https:\/\/www.grupefebe.com\/custom\/uploads\/2026\/03\/Canopy_Gathering_Space_Kazuyo_Sejima_15137242547_cropped-249x300.jpg 249w, https:\/\/www.grupefebe.com\/custom\/uploads\/2026\/03\/Canopy_Gathering_Space_Kazuyo_Sejima_15137242547_cropped-768x925.jpg 768w, https:\/\/www.grupefebe.com\/custom\/uploads\/2026\/03\/Canopy_Gathering_Space_Kazuyo_Sejima_15137242547_cropped-1276x1536.jpg 1276w, https:\/\/www.grupefebe.com\/custom\/uploads\/2026\/03\/Canopy_Gathering_Space_Kazuyo_Sejima_15137242547_cropped-1701x2048.jpg 1701w\" sizes=\"auto, (max-width: 182px) 100vw, 182px\" \/><p id=\"caption-attachment-28170\" class=\"wp-caption-text\">Por Columbia GSAPP &#8211; https:\/\/www.flickr.com\/photos\/gsapponline\/15137242547\/, CC BY 2.0, https:\/\/commons.wikimedia.org\/w\/index.php?curid=87552014<\/p><\/div>\n<p data-start=\"5874\" data-end=\"5972\">O <strong data-start=\"5877\" data-end=\"5892\">Louvre-Lens<\/strong>, no norte de Fran\u00e7a, \u00e9 uma reinterpreta\u00e7\u00e3o contempor\u00e2nea do conceito de museu.<\/p>\n<p data-start=\"5974\" data-end=\"6112\">O projeto foi desenhado por <strong data-start=\"6007\" data-end=\"6024\">Kazuyo Sejima<\/strong>, arquiteto japon\u00eas e cofundador do est\u00fadio SANAA, vencedor do Pr\u00e9mio Pritzker.<\/p>\n<p data-start=\"6114\" data-end=\"6269\">A arquitetura do museu est\u00e1 comprometida com uma <strong data-start=\"6154\" data-end=\"6204\">transpar\u00eancia radical e uma escala horizontal<\/strong>, com pavilh\u00f5es de alum\u00ednio e vidro que se integram com a paisagem.<\/p>\n<p data-start=\"6271\" data-end=\"6441\">O resultado \u00e9 um museu que procura eliminar barreiras entre <strong data-start=\"6329\" data-end=\"6359\">arte, arquitetura e ambiente<\/strong>, oferecendo uma experi\u00eancia muito diferente da monumentalidade dos museus cl\u00e1ssicos.<\/p>\n<h2 data-start=\"4001\" data-end=\"4174\">5. Mesquita \u015eakirin \u2014 Zeynep Fad\u0131ll\u0131o\u011flu<\/h2>\n<div id=\"attachment_28171\" style=\"width: 1034px\" class=\"wp-caption aligncenter\"><img loading=\"lazy\" decoding=\"async\" aria-describedby=\"caption-attachment-28171\" class=\"size-large wp-image-28171\" src=\"https:\/\/grupefebe.com\/custom\/uploads\/2026\/03\/Sakirin_Mosque_7487711428-1024x683.jpg\" alt=\"Arquitetura interior da Mesquita Sakirin em Istambul\" width=\"1024\" height=\"683\" srcset=\"https:\/\/www.grupefebe.com\/custom\/uploads\/2026\/03\/Sakirin_Mosque_7487711428-1024x683.jpg 1024w, https:\/\/www.grupefebe.com\/custom\/uploads\/2026\/03\/Sakirin_Mosque_7487711428-300x200.jpg 300w, https:\/\/www.grupefebe.com\/custom\/uploads\/2026\/03\/Sakirin_Mosque_7487711428-768x512.jpg 768w, https:\/\/www.grupefebe.com\/custom\/uploads\/2026\/03\/Sakirin_Mosque_7487711428-1536x1024.jpg 1536w, https:\/\/www.grupefebe.com\/custom\/uploads\/2026\/03\/Sakirin_Mosque_7487711428-2048x1365.jpg 2048w\" sizes=\"auto, (max-width: 1024px) 100vw, 1024px\" \/><p id=\"caption-attachment-28171\" class=\"wp-caption-text\">Por William Neuheisel de DC, EUA &#8211; Mesquita \u015eakirin, CC BY 2.0, https:\/\/commons.wikimedia.org\/w\/index.php?curid=40530880<\/p><\/div>\n<p data-start=\"6678\" data-end=\"6782\">A <strong data-start=\"6681\" data-end=\"6701\">Mesquita \u015eakirin<\/strong>, em Istambul, \u00e9 um exemplo \u00fanico na arquitetura religiosa contempor\u00e2nea.<\/p>\n<p data-start=\"6784\" data-end=\"6969\">O seu interior foi desenhado por <strong data-start=\"6821\" data-end=\"6843\">Zeynep Fad\u0131ll\u0131o\u011flu<\/strong>, uma designer turca que reinterpretou elementos tradicionais da arquitetura isl\u00e2mica com linguagem contempor\u00e2nea.<\/p>\n<p data-start=\"6971\" data-end=\"7131\">O resultado \u00e9 um espa\u00e7o espiritual muito luminoso, com um grande lustre central inspirado em <strong data-start=\"7062\" data-end=\"7079\">gotas de \u00e1gua<\/strong>, formas org\u00e2nicas e uma paleta de cores delicada.<\/p>\n<p data-start=\"7133\" data-end=\"7281\">O projeto foi especialmente relevante porque <strong data-start=\"7182\" data-end=\"7280\">poucas mulheres tinham participado at\u00e9 ent\u00e3o no desenho de espa\u00e7os religiosos deste tipo<\/strong>.<\/p>\n<h2 data-start=\"582\" data-end=\"617\">6. Centro Heydar Aliyev \u2014 Zaha Hadid<\/h2>\n<div id=\"attachment_28172\" style=\"width: 1034px\" class=\"wp-caption aligncenter\"><img loading=\"lazy\" decoding=\"async\" aria-describedby=\"caption-attachment-28172\" class=\"size-large wp-image-28172\" src=\"https:\/\/grupefebe.com\/custom\/uploads\/2026\/03\/Heydar_Aliyev_Center_1.3-1024x768.jpg\" alt=\"Arquitetura do Centro Heydar Aliyev Zaha Hadid\" width=\"1024\" height=\"768\" srcset=\"https:\/\/www.grupefebe.com\/custom\/uploads\/2026\/03\/Heydar_Aliyev_Center_1.3-1024x768.jpg 1024w, https:\/\/www.grupefebe.com\/custom\/uploads\/2026\/03\/Heydar_Aliyev_Center_1.3-300x225.jpg 300w, https:\/\/www.grupefebe.com\/custom\/uploads\/2026\/03\/Heydar_Aliyev_Center_1.3-768x576.jpg 768w, https:\/\/www.grupefebe.com\/custom\/uploads\/2026\/03\/Heydar_Aliyev_Center_1.3-1536x1152.jpg 1536w, https:\/\/www.grupefebe.com\/custom\/uploads\/2026\/03\/Heydar_Aliyev_Center_1.3-2048x1536.jpg 2048w\" sizes=\"auto, (max-width: 1024px) 100vw, 1024px\" \/><p id=\"caption-attachment-28172\" class=\"wp-caption-text\">Por Emin Allahverdi &#8211; Trabalho pr\u00f3prio, CC BY-SA 4.0, https:\/\/commons.wikimedia.org\/w\/index.php?curid=70029130<\/p><\/div>\n<p data-start=\"619\" data-end=\"857\">Poucos edif\u00edcios contempor\u00e2neos s\u00e3o t\u00e3o reconhec\u00edveis como o <strong data-start=\"677\" data-end=\"718\"><span class=\"hover:entity-accent entity-underline inline cursor-pointer align-baseline\"><span class=\"whitespace-normal\">Centro Heydar Aliyev<\/span><\/span><\/strong>, em Baku, Azerbaij\u00e3o. A autora \u00e9 <strong data-start=\"754\" data-end=\"795\"><span class=\"hover:entity-accent entity-underline inline cursor-pointer align-baseline\"><span class=\"whitespace-normal\">Zaha Hadid<\/span><\/span><\/strong>, uma das arquitetas mais influentes das \u00faltimas d\u00e9cadas.<\/p>\n<p data-start=\"859\" data-end=\"1145\">O edif\u00edcio \u00e9 famoso pelas <strong data-start=\"892\" data-end=\"922\">suas formas fluidas e cont\u00ednuas<\/strong>, que parecem emergir do ch\u00e3o sem \u00e2ngulos ou linhas retas. Esta geometria org\u00e2nica rompe com a rigidez da arquitetura institucional tradicional e cria um espa\u00e7o que convida a explor\u00e1-lo como se fosse uma paisagem.<\/p>\n<p data-start=\"1147\" data-end=\"1276\">O centro cultural acolhe exposi\u00e7\u00f5es, audit\u00f3rios e espa\u00e7os p\u00fablicos, tornando-se <strong data-start=\"1233\" data-end=\"1275\">um dos s\u00edmbolos arquitet\u00f3nicos de Baku<\/strong>.<\/p>\n<p data-start=\"1278\" data-end=\"1451\">Com projetos como este, Zaha Hadid demonstrou que a arquitetura pode ser <strong data-start=\"1355\" data-end=\"1402\">escult\u00f3rica, experimental e, ao mesmo tempo, funcional<\/strong>, redefinindo os limites do design contempor\u00e2neo.<\/p>\n<h2 data-start=\"4934\" data-end=\"4979\">7. Mercado de Santa Caterina \u2014 Benedetta Tagliabue<\/h2>\n<div id=\"attachment_28211\" style=\"width: 1034px\" class=\"wp-caption aligncenter\"><img loading=\"lazy\" decoding=\"async\" aria-describedby=\"caption-attachment-28211\" class=\"size-large wp-image-28173\" src=\"https:\/\/grupefebe.com\/custom\/uploads\/2026\/03\/Barcelona_Spain_8271776325-1024x683.jpg\" alt=\"Mercado Santa Caterina, telhado cer\u00e2mico de Barcelona\" width=\"1024\" height=\"683\" srcset=\"https:\/\/www.grupefebe.com\/custom\/uploads\/2026\/03\/Barcelona_Spain_8271776325-1024x683.jpg 1024w, https:\/\/www.grupefebe.com\/custom\/uploads\/2026\/03\/Barcelona_Spain_8271776325-300x200.jpg 300w, https:\/\/www.grupefebe.com\/custom\/uploads\/2026\/03\/Barcelona_Spain_8271776325-768x512.jpg 768w, https:\/\/www.grupefebe.com\/custom\/uploads\/2026\/03\/Barcelona_Spain_8271776325-1536x1024.jpg 1536w, https:\/\/www.grupefebe.com\/custom\/uploads\/2026\/03\/Barcelona_Spain_8271776325-2048x1365.jpg 2048w\" sizes=\"auto, (max-width: 1024px) 100vw, 1024px\" \/><p id=\"caption-attachment-28211\" class=\"wp-caption-text\">Por Rick Ligthelm de Roterd\u00e3o, Pa\u00edses Baixos &#8211; Barcelona, Espanha, CC BY 2.0, https:\/\/commons.wikimedia.org\/w\/index.php?curid=63558227<\/p><\/div>\n<div id=\"attachment_28210\" style=\"width: 1034px\" class=\"wp-caption alignnone\"><img loading=\"lazy\" decoding=\"async\" aria-describedby=\"caption-attachment-28210\" class=\"size-large wp-image-28158\" src=\"https:\/\/grupefebe.com\/custom\/uploads\/2026\/03\/Benedetta_Tagliabue-1024x591.jpg\" alt=\"arquiteta Benedetta Tagliabue\" width=\"1024\" height=\"591\" srcset=\"https:\/\/www.grupefebe.com\/custom\/uploads\/2026\/03\/Benedetta_Tagliabue-1024x591.jpg 1024w, https:\/\/www.grupefebe.com\/custom\/uploads\/2026\/03\/Benedetta_Tagliabue-300x173.jpg 300w, https:\/\/www.grupefebe.com\/custom\/uploads\/2026\/03\/Benedetta_Tagliabue-768x443.jpg 768w, https:\/\/www.grupefebe.com\/custom\/uploads\/2026\/03\/Benedetta_Tagliabue-1536x887.jpg 1536w, https:\/\/www.grupefebe.com\/custom\/uploads\/2026\/03\/Benedetta_Tagliabue.jpg 1682w\" sizes=\"auto, (max-width: 1024px) 100vw, 1024px\" \/><p id=\"caption-attachment-28210\" class=\"wp-caption-text\">Por Cristiano Cani &#8211; https:\/\/www.flickr.com\/photos\/cristianocani\/2537430982\/, CC BY 2.0, https:\/\/commons.wikimedia.org\/w\/index.php?curid=113420990<\/p><\/div>\n<p data-start=\"4981\" data-end=\"5108\">Em Barcelona temos um exemplo extraordin\u00e1rio de arquitetura contempor\u00e2nea liderado por uma mulher: <strong data-start=\"5076\" data-end=\"5107\">o Mercado de Santa Catarina<\/strong>.<\/p>\n<p data-start=\"5110\" data-end=\"5260\">A renova\u00e7\u00e3o do mercado foi dirigida pela arquiteta <strong data-start=\"5167\" data-end=\"5190\">Benedetta Tagliabue<\/strong>, do est\u00fadio EMBAT, dando continuidade ao projeto iniciado com Enric Miralles.<\/p>\n<p data-start=\"5262\" data-end=\"5424\">O elemento mais reconhec\u00edvel \u00e9 o <strong data-start=\"5300\" data-end=\"5338\">seu telhado ondulante e colorido<\/strong>, composto por milhares de pe\u00e7as cer\u00e2micas que evocam produtos frescos do mercado.<\/p>\n<p data-start=\"5426\" data-end=\"5610\">Este projeto n\u00e3o s\u00f3 transformou o edif\u00edcio, mas tamb\u00e9m <strong data-start=\"5488\" data-end=\"5545\">a rela\u00e7\u00e3o entre o mercado, o bairro e o espa\u00e7o p\u00fablico<\/strong>, tornando-o um referente para a regenera\u00e7\u00e3o urbana em Barcelona.<\/p>\n<h2 data-start=\"7529\" data-end=\"7564\">Olhando para o futuro da arquitetura<\/h2>\n<p data-start=\"7566\" data-end=\"7673\">A hist\u00f3ria da arquitetura est\u00e1 repleta de <strong data-start=\"7610\" data-end=\"7672\">talentos femininos que h\u00e1 muito estiveram em segundo plano<\/strong>.<\/p>\n<p data-start=\"7675\" data-end=\"7859\">Recuperar estes n\u00fameros n\u00e3o \u00e9 apenas um exerc\u00edcio de mem\u00f3ria. \u00c9 tamb\u00e9m uma forma de <strong data-start=\"7761\" data-end=\"7858\">reconhecer a diversidade de perspetivas que constroem os espa\u00e7os onde vivemos, trabalhamos e aprendemos<\/strong>.<\/p>\n<p data-start=\"7861\" data-end=\"8081\">Na Efeb\u00e9 acreditamos que o design dos espa\u00e7os desempenha um papel fundamental na forma como vivemos juntos. E isto envolve <strong data-start=\"7977\" data-end=\"8080\">tamb\u00e9m dar visibilidade aos profissionais que contribu\u00edram para a transforma\u00e7\u00e3o da arquitetura contempor\u00e2nea<\/strong>.<\/p>\n","protected":false},"excerpt":{"rendered":"<p>Quando pensamos em grandes refer\u00eancias na arquitetura, muitos nomes masculinos v\u00eam \u00e0 mente. Mas a realidade \u00e9 que muitas arquitetas [&hellip;]<\/p>\n","protected":false},"author":2,"featured_media":28211,"comment_status":"closed","ping_status":"closed","sticky":false,"template":"","format":"standard","meta":{"_acf_changed":false,"footnotes":"","_links_to":"","_links_to_target":""},"categories":[311],"class_list":["post-28213","post","type-post","status-publish","format-standard","has-post-thumbnail","hentry","category-outros"],"acf":[],"yoast_head":"<!-- This site is optimized with the Yoast SEO plugin v25.9 - https:\/\/yoast.com\/wordpress\/plugins\/seo\/ -->\n<title>7 edif\u00edcios e designs criados por arquitetas mulheres | Efeb\u00e9<\/title>\n<meta name=\"description\" content=\"Descubra 7 edif\u00edcios e designs ic\u00f3nicos criados por arquitetas mulheres e designers que fizeram hist\u00f3ria.\" \/>\n<meta name=\"robots\" content=\"index, follow, max-snippet:-1, max-image-preview:large, max-video-preview:-1\" \/>\n<link rel=\"canonical\" href=\"https:\/\/www.grupefebe.com\/pt-pt\/arquitetas-mulheres\/\" \/>\n<meta property=\"og:locale\" content=\"pt_PT\" \/>\n<meta property=\"og:type\" content=\"article\" \/>\n<meta property=\"og:title\" content=\"7 edif\u00edcios e designs criados por arquitetas mulheres | Efeb\u00e9\" \/>\n<meta property=\"og:description\" content=\"Descubra 7 edif\u00edcios e designs ic\u00f3nicos criados por arquitetas mulheres e designers que fizeram hist\u00f3ria.\" \/>\n<meta property=\"og:url\" content=\"https:\/\/www.grupefebe.com\/pt-pt\/arquitetas-mulheres\/\" \/>\n<meta property=\"og:site_name\" content=\"Grupo Efeb\u00e9\" \/>\n<meta property=\"article:publisher\" content=\"https:\/\/www.facebook.com\/grup.efebe\" \/>\n<meta property=\"article:published_time\" content=\"2026-03-05T12:32:39+00:00\" \/>\n<meta property=\"article:modified_time\" content=\"2026-03-09T08:31:03+00:00\" \/>\n<meta property=\"og:image\" content=\"https:\/\/www.grupefebe.com\/custom\/uploads\/2026\/03\/Barcelona_Spain_8271776325-scaled.jpg\" \/>\n\t<meta property=\"og:image:width\" content=\"2560\" \/>\n\t<meta property=\"og:image:height\" content=\"1707\" \/>\n\t<meta property=\"og:image:type\" content=\"image\/jpeg\" \/>\n<meta name=\"author\" content=\"Grup Efeb\u00e9\" \/>\n<meta name=\"twitter:card\" content=\"summary_large_image\" \/>\n<meta name=\"twitter:creator\" content=\"@grup_efebe\" \/>\n<meta name=\"twitter:site\" content=\"@grup_efebe\" \/>\n<meta name=\"twitter:label1\" content=\"Escrito por\" \/>\n\t<meta name=\"twitter:data1\" content=\"Grup Efeb\u00e9\" \/>\n\t<meta name=\"twitter:label2\" content=\"Tempo estimado de leitura\" \/>\n\t<meta name=\"twitter:data2\" content=\"9 minutos\" \/>\n<script type=\"application\/ld+json\" class=\"yoast-schema-graph\">{\"@context\":\"https:\/\/schema.org\",\"@graph\":[{\"@type\":\"Article\",\"@id\":\"https:\/\/www.grupefebe.com\/pt-pt\/arquitetas-mulheres\/#article\",\"isPartOf\":{\"@id\":\"https:\/\/www.grupefebe.com\/pt-pt\/arquitetas-mulheres\/\"},\"author\":{\"name\":\"Grup Efeb\u00e9\",\"@id\":\"https:\/\/www.grupefebe.com\/pt-pt\/#\/schema\/person\/76402b3180eef131413100afc3282997\"},\"headline\":\"7 edif\u00edcios e designs ic\u00f3nicos criados por arquitetas mulheres que talvez n\u00e3o conhecesses\",\"datePublished\":\"2026-03-05T12:32:39+00:00\",\"dateModified\":\"2026-03-09T08:31:03+00:00\",\"mainEntityOfPage\":{\"@id\":\"https:\/\/www.grupefebe.com\/pt-pt\/arquitetas-mulheres\/\"},\"wordCount\":1298,\"publisher\":{\"@id\":\"https:\/\/www.grupefebe.com\/pt-pt\/#organization\"},\"image\":{\"@id\":\"https:\/\/www.grupefebe.com\/pt-pt\/arquitetas-mulheres\/#primaryimage\"},\"thumbnailUrl\":\"https:\/\/www.grupefebe.com\/custom\/uploads\/2026\/03\/Barcelona_Spain_8271776325-scaled.jpg\",\"articleSection\":[\"Outros\"],\"inLanguage\":\"pt-PT\"},{\"@type\":\"WebPage\",\"@id\":\"https:\/\/www.grupefebe.com\/pt-pt\/arquitetas-mulheres\/\",\"url\":\"https:\/\/www.grupefebe.com\/pt-pt\/arquitetas-mulheres\/\",\"name\":\"7 edif\u00edcios e designs criados por arquitetas mulheres | Efeb\u00e9\",\"isPartOf\":{\"@id\":\"https:\/\/www.grupefebe.com\/pt-pt\/#website\"},\"primaryImageOfPage\":{\"@id\":\"https:\/\/www.grupefebe.com\/pt-pt\/arquitetas-mulheres\/#primaryimage\"},\"image\":{\"@id\":\"https:\/\/www.grupefebe.com\/pt-pt\/arquitetas-mulheres\/#primaryimage\"},\"thumbnailUrl\":\"https:\/\/www.grupefebe.com\/custom\/uploads\/2026\/03\/Barcelona_Spain_8271776325-scaled.jpg\",\"datePublished\":\"2026-03-05T12:32:39+00:00\",\"dateModified\":\"2026-03-09T08:31:03+00:00\",\"description\":\"Descubra 7 edif\u00edcios e designs ic\u00f3nicos criados por arquitetas mulheres e designers que fizeram hist\u00f3ria.\",\"breadcrumb\":{\"@id\":\"https:\/\/www.grupefebe.com\/pt-pt\/arquitetas-mulheres\/#breadcrumb\"},\"inLanguage\":\"pt-PT\",\"potentialAction\":[{\"@type\":\"ReadAction\",\"target\":[\"https:\/\/www.grupefebe.com\/pt-pt\/arquitetas-mulheres\/\"]}]},{\"@type\":\"ImageObject\",\"inLanguage\":\"pt-PT\",\"@id\":\"https:\/\/www.grupefebe.com\/pt-pt\/arquitetas-mulheres\/#primaryimage\",\"url\":\"https:\/\/www.grupefebe.com\/custom\/uploads\/2026\/03\/Barcelona_Spain_8271776325-scaled.jpg\",\"contentUrl\":\"https:\/\/www.grupefebe.com\/custom\/uploads\/2026\/03\/Barcelona_Spain_8271776325-scaled.jpg\",\"width\":2560,\"height\":1707,\"caption\":\"Por Rick Ligthelm de Roterd\u00e3o, Pa\u00edses Baixos - Barcelona, Espanha, CC BY 2.0, https:\/\/commons.wikimedia.org\/w\/index.php?curid=63558227\"},{\"@type\":\"BreadcrumbList\",\"@id\":\"https:\/\/www.grupefebe.com\/pt-pt\/arquitetas-mulheres\/#breadcrumb\",\"itemListElement\":[{\"@type\":\"ListItem\",\"position\":1,\"name\":\"Inici\",\"item\":\"https:\/\/www.grupefebe.com\/pt-pt\/\"},{\"@type\":\"ListItem\",\"position\":2,\"name\":\"7 edif\u00edcios e designs ic\u00f3nicos criados por arquitetas mulheres que talvez n\u00e3o conhecesses\"}]},{\"@type\":\"WebSite\",\"@id\":\"https:\/\/www.grupefebe.com\/pt-pt\/#website\",\"url\":\"https:\/\/www.grupefebe.com\/pt-pt\/\",\"name\":\"Grup Efeb\u00e9\",\"description\":\"Otro sitio realizado con WordPress\",\"publisher\":{\"@id\":\"https:\/\/www.grupefebe.com\/pt-pt\/#organization\"},\"potentialAction\":[{\"@type\":\"SearchAction\",\"target\":{\"@type\":\"EntryPoint\",\"urlTemplate\":\"https:\/\/www.grupefebe.com\/pt-pt\/?s={search_term_string}\"},\"query-input\":{\"@type\":\"PropertyValueSpecification\",\"valueRequired\":true,\"valueName\":\"search_term_string\"}}],\"inLanguage\":\"pt-PT\"},{\"@type\":\"Organization\",\"@id\":\"https:\/\/www.grupefebe.com\/pt-pt\/#organization\",\"name\":\"Grup Efeb\u00e9\",\"url\":\"https:\/\/www.grupefebe.com\/pt-pt\/\",\"logo\":{\"@type\":\"ImageObject\",\"inLanguage\":\"pt-PT\",\"@id\":\"https:\/\/www.grupefebe.com\/pt-pt\/#\/schema\/logo\/image\/\",\"url\":\"https:\/\/grupefebe.com\/custom\/uploads\/2021\/01\/logo-efebe.png\",\"contentUrl\":\"https:\/\/grupefebe.com\/custom\/uploads\/2021\/01\/logo-efebe.png\",\"width\":524,\"height\":135,\"caption\":\"Grup Efeb\u00e9\"},\"image\":{\"@id\":\"https:\/\/www.grupefebe.com\/pt-pt\/#\/schema\/logo\/image\/\"},\"sameAs\":[\"https:\/\/www.facebook.com\/grup.efebe\",\"https:\/\/x.com\/grup_efebe\",\"https:\/\/www.instagram.com\/grup_efebe\/\",\"https:\/\/www.linkedin.com\/company\/grupefebe\",\"https:\/\/www.youtube.com\/channel\/UCj11-LAuLhPfqrL2649Xzrw\"]},{\"@type\":\"Person\",\"@id\":\"https:\/\/www.grupefebe.com\/pt-pt\/#\/schema\/person\/76402b3180eef131413100afc3282997\",\"name\":\"Grup Efeb\u00e9\",\"image\":{\"@type\":\"ImageObject\",\"inLanguage\":\"pt-PT\",\"@id\":\"https:\/\/www.grupefebe.com\/pt-pt\/#\/schema\/person\/image\/\",\"url\":\"https:\/\/secure.gravatar.com\/avatar\/913bc6aa90480101061296ab9cad4bd4ccfb82c623a8820f3fd577558c1651be?s=96&d=mm&r=g\",\"contentUrl\":\"https:\/\/secure.gravatar.com\/avatar\/913bc6aa90480101061296ab9cad4bd4ccfb82c623a8820f3fd577558c1651be?s=96&d=mm&r=g\",\"caption\":\"Grup Efeb\u00e9\"},\"url\":\"https:\/\/www.grupefebe.com\/pt-pt\/author\/julia\/\"}]}<\/script>\n<!-- \/ Yoast SEO plugin. -->","yoast_head_json":{"title":"7 edif\u00edcios e designs criados por arquitetas mulheres | Efeb\u00e9","description":"Descubra 7 edif\u00edcios e designs ic\u00f3nicos criados por arquitetas mulheres e designers que fizeram hist\u00f3ria.","robots":{"index":"index","follow":"follow","max-snippet":"max-snippet:-1","max-image-preview":"max-image-preview:large","max-video-preview":"max-video-preview:-1"},"canonical":"https:\/\/www.grupefebe.com\/pt-pt\/arquitetas-mulheres\/","og_locale":"pt_PT","og_type":"article","og_title":"7 edif\u00edcios e designs criados por arquitetas mulheres | Efeb\u00e9","og_description":"Descubra 7 edif\u00edcios e designs ic\u00f3nicos criados por arquitetas mulheres e designers que fizeram hist\u00f3ria.","og_url":"https:\/\/www.grupefebe.com\/pt-pt\/arquitetas-mulheres\/","og_site_name":"Grupo Efeb\u00e9","article_publisher":"https:\/\/www.facebook.com\/grup.efebe","article_published_time":"2026-03-05T12:32:39+00:00","article_modified_time":"2026-03-09T08:31:03+00:00","og_image":[{"width":2560,"height":1707,"url":"https:\/\/www.grupefebe.com\/custom\/uploads\/2026\/03\/Barcelona_Spain_8271776325-scaled.jpg","type":"image\/jpeg"}],"author":"Grup Efeb\u00e9","twitter_card":"summary_large_image","twitter_creator":"@grup_efebe","twitter_site":"@grup_efebe","twitter_misc":{"Escrito por":"Grup Efeb\u00e9","Tempo estimado de leitura":"9 minutos"},"schema":{"@context":"https:\/\/schema.org","@graph":[{"@type":"Article","@id":"https:\/\/www.grupefebe.com\/pt-pt\/arquitetas-mulheres\/#article","isPartOf":{"@id":"https:\/\/www.grupefebe.com\/pt-pt\/arquitetas-mulheres\/"},"author":{"name":"Grup Efeb\u00e9","@id":"https:\/\/www.grupefebe.com\/pt-pt\/#\/schema\/person\/76402b3180eef131413100afc3282997"},"headline":"7 edif\u00edcios e designs ic\u00f3nicos criados por arquitetas mulheres que talvez n\u00e3o conhecesses","datePublished":"2026-03-05T12:32:39+00:00","dateModified":"2026-03-09T08:31:03+00:00","mainEntityOfPage":{"@id":"https:\/\/www.grupefebe.com\/pt-pt\/arquitetas-mulheres\/"},"wordCount":1298,"publisher":{"@id":"https:\/\/www.grupefebe.com\/pt-pt\/#organization"},"image":{"@id":"https:\/\/www.grupefebe.com\/pt-pt\/arquitetas-mulheres\/#primaryimage"},"thumbnailUrl":"https:\/\/www.grupefebe.com\/custom\/uploads\/2026\/03\/Barcelona_Spain_8271776325-scaled.jpg","articleSection":["Outros"],"inLanguage":"pt-PT"},{"@type":"WebPage","@id":"https:\/\/www.grupefebe.com\/pt-pt\/arquitetas-mulheres\/","url":"https:\/\/www.grupefebe.com\/pt-pt\/arquitetas-mulheres\/","name":"7 edif\u00edcios e designs criados por arquitetas mulheres | Efeb\u00e9","isPartOf":{"@id":"https:\/\/www.grupefebe.com\/pt-pt\/#website"},"primaryImageOfPage":{"@id":"https:\/\/www.grupefebe.com\/pt-pt\/arquitetas-mulheres\/#primaryimage"},"image":{"@id":"https:\/\/www.grupefebe.com\/pt-pt\/arquitetas-mulheres\/#primaryimage"},"thumbnailUrl":"https:\/\/www.grupefebe.com\/custom\/uploads\/2026\/03\/Barcelona_Spain_8271776325-scaled.jpg","datePublished":"2026-03-05T12:32:39+00:00","dateModified":"2026-03-09T08:31:03+00:00","description":"Descubra 7 edif\u00edcios e designs ic\u00f3nicos criados por arquitetas mulheres e designers que fizeram hist\u00f3ria.","breadcrumb":{"@id":"https:\/\/www.grupefebe.com\/pt-pt\/arquitetas-mulheres\/#breadcrumb"},"inLanguage":"pt-PT","potentialAction":[{"@type":"ReadAction","target":["https:\/\/www.grupefebe.com\/pt-pt\/arquitetas-mulheres\/"]}]},{"@type":"ImageObject","inLanguage":"pt-PT","@id":"https:\/\/www.grupefebe.com\/pt-pt\/arquitetas-mulheres\/#primaryimage","url":"https:\/\/www.grupefebe.com\/custom\/uploads\/2026\/03\/Barcelona_Spain_8271776325-scaled.jpg","contentUrl":"https:\/\/www.grupefebe.com\/custom\/uploads\/2026\/03\/Barcelona_Spain_8271776325-scaled.jpg","width":2560,"height":1707,"caption":"Por Rick Ligthelm de Roterd\u00e3o, Pa\u00edses Baixos - Barcelona, Espanha, CC BY 2.0, https:\/\/commons.wikimedia.org\/w\/index.php?curid=63558227"},{"@type":"BreadcrumbList","@id":"https:\/\/www.grupefebe.com\/pt-pt\/arquitetas-mulheres\/#breadcrumb","itemListElement":[{"@type":"ListItem","position":1,"name":"Inici","item":"https:\/\/www.grupefebe.com\/pt-pt\/"},{"@type":"ListItem","position":2,"name":"7 edif\u00edcios e designs ic\u00f3nicos criados por arquitetas mulheres que talvez n\u00e3o conhecesses"}]},{"@type":"WebSite","@id":"https:\/\/www.grupefebe.com\/pt-pt\/#website","url":"https:\/\/www.grupefebe.com\/pt-pt\/","name":"Grup Efeb\u00e9","description":"Otro sitio realizado con WordPress","publisher":{"@id":"https:\/\/www.grupefebe.com\/pt-pt\/#organization"},"potentialAction":[{"@type":"SearchAction","target":{"@type":"EntryPoint","urlTemplate":"https:\/\/www.grupefebe.com\/pt-pt\/?s={search_term_string}"},"query-input":{"@type":"PropertyValueSpecification","valueRequired":true,"valueName":"search_term_string"}}],"inLanguage":"pt-PT"},{"@type":"Organization","@id":"https:\/\/www.grupefebe.com\/pt-pt\/#organization","name":"Grup Efeb\u00e9","url":"https:\/\/www.grupefebe.com\/pt-pt\/","logo":{"@type":"ImageObject","inLanguage":"pt-PT","@id":"https:\/\/www.grupefebe.com\/pt-pt\/#\/schema\/logo\/image\/","url":"https:\/\/grupefebe.com\/custom\/uploads\/2021\/01\/logo-efebe.png","contentUrl":"https:\/\/grupefebe.com\/custom\/uploads\/2021\/01\/logo-efebe.png","width":524,"height":135,"caption":"Grup Efeb\u00e9"},"image":{"@id":"https:\/\/www.grupefebe.com\/pt-pt\/#\/schema\/logo\/image\/"},"sameAs":["https:\/\/www.facebook.com\/grup.efebe","https:\/\/x.com\/grup_efebe","https:\/\/www.instagram.com\/grup_efebe\/","https:\/\/www.linkedin.com\/company\/grupefebe","https:\/\/www.youtube.com\/channel\/UCj11-LAuLhPfqrL2649Xzrw"]},{"@type":"Person","@id":"https:\/\/www.grupefebe.com\/pt-pt\/#\/schema\/person\/76402b3180eef131413100afc3282997","name":"Grup Efeb\u00e9","image":{"@type":"ImageObject","inLanguage":"pt-PT","@id":"https:\/\/www.grupefebe.com\/pt-pt\/#\/schema\/person\/image\/","url":"https:\/\/secure.gravatar.com\/avatar\/913bc6aa90480101061296ab9cad4bd4ccfb82c623a8820f3fd577558c1651be?s=96&d=mm&r=g","contentUrl":"https:\/\/secure.gravatar.com\/avatar\/913bc6aa90480101061296ab9cad4bd4ccfb82c623a8820f3fd577558c1651be?s=96&d=mm&r=g","caption":"Grup Efeb\u00e9"},"url":"https:\/\/www.grupefebe.com\/pt-pt\/author\/julia\/"}]}},"_links":{"self":[{"href":"https:\/\/www.grupefebe.com\/pt-pt\/wp-json\/wp\/v2\/posts\/28213","targetHints":{"allow":["GET"]}}],"collection":[{"href":"https:\/\/www.grupefebe.com\/pt-pt\/wp-json\/wp\/v2\/posts"}],"about":[{"href":"https:\/\/www.grupefebe.com\/pt-pt\/wp-json\/wp\/v2\/types\/post"}],"author":[{"embeddable":true,"href":"https:\/\/www.grupefebe.com\/pt-pt\/wp-json\/wp\/v2\/users\/2"}],"replies":[{"embeddable":true,"href":"https:\/\/www.grupefebe.com\/pt-pt\/wp-json\/wp\/v2\/comments?post=28213"}],"version-history":[{"count":3,"href":"https:\/\/www.grupefebe.com\/pt-pt\/wp-json\/wp\/v2\/posts\/28213\/revisions"}],"predecessor-version":[{"id":28224,"href":"https:\/\/www.grupefebe.com\/pt-pt\/wp-json\/wp\/v2\/posts\/28213\/revisions\/28224"}],"wp:featuredmedia":[{"embeddable":true,"href":"https:\/\/www.grupefebe.com\/pt-pt\/wp-json\/wp\/v2\/media\/28211"}],"wp:attachment":[{"href":"https:\/\/www.grupefebe.com\/pt-pt\/wp-json\/wp\/v2\/media?parent=28213"}],"wp:term":[{"taxonomy":"category","embeddable":true,"href":"https:\/\/www.grupefebe.com\/pt-pt\/wp-json\/wp\/v2\/categories?post=28213"}],"curies":[{"name":"wp","href":"https:\/\/api.w.org\/{rel}","templated":true}]}}