{"id":28099,"date":"2026-01-27T08:50:34","date_gmt":"2026-01-27T08:50:34","guid":{"rendered":"https:\/\/grupefebe.com\/prepara-les-teves-terrasses-consells-per-a-les-compres-de-mobiliari-de-terrasses-a-residencies\/"},"modified":"2026-01-27T09:27:23","modified_gmt":"2026-01-27T09:27:23","slug":"prepara-as-tuasesplanadas-dicas-para-as-compras-de-mobiliario-de-terracos-em-residencias","status":"publish","type":"post","link":"https:\/\/www.grupefebe.com\/pt-pt\/prepara-as-tuasesplanadas-dicas-para-as-compras-de-mobiliario-de-terracos-em-residencias\/","title":{"rendered":"Prepare os seus terra\u00e7os: dicas para comprar mobili\u00e1rio em lares de idosos"},"content":{"rendered":"<p data-start=\"874\" data-end=\"1200\">O ver\u00e3o aproxima-se e os terra\u00e7os das resid\u00eancias tornam-se o local onde os residentes desfrutam do ar livre e das atividades sociais. Por isso, planear as <strong data-start=\"1062\" data-end=\"1099\">suas compras de mobili\u00e1rio em terra\u00e7o<\/strong> com anteced\u00eancia \u00e9 essencial: assim garantir\u00e1 que os espa\u00e7os s\u00e3o confort\u00e1veis, seguros e adaptados a cada necessidade.<\/p>\n<p data-start=\"874\" data-end=\"1200\"><img loading=\"lazy\" decoding=\"async\" class=\"alignnone size-large wp-image-28088\" src=\"https:\/\/grupefebe.com\/custom\/uploads\/2026\/01\/terrasses-residencies-1024x576.jpg\" alt=\"Compras de ver\u00e3o\" width=\"1024\" height=\"576\" srcset=\"https:\/\/www.grupefebe.com\/custom\/uploads\/2026\/01\/terrasses-residencies-1024x576.jpg 1024w, https:\/\/www.grupefebe.com\/custom\/uploads\/2026\/01\/terrasses-residencies-300x169.jpg 300w, https:\/\/www.grupefebe.com\/custom\/uploads\/2026\/01\/terrasses-residencies-768x432.jpg 768w, https:\/\/www.grupefebe.com\/custom\/uploads\/2026\/01\/terrasses-residencies-1536x864.jpg 1536w, https:\/\/www.grupefebe.com\/custom\/uploads\/2026\/01\/terrasses-residencies.jpg 1920w\" sizes=\"auto, (max-width: 1024px) 100vw, 1024px\" \/><\/p>\n<h2 data-start=\"1202\" data-end=\"1251\">1. Como come\u00e7ar: Planeie antes de comprar<\/h2>\n<p data-start=\"1252\" data-end=\"1323\">Antes de fazer qualquer compra, reserve alguns minutos para analisar o espa\u00e7o:<\/p>\n<ul data-start=\"1324\" data-end=\"1598\">\n<li data-start=\"1324\" data-end=\"1370\">\n<p data-start=\"1326\" data-end=\"1370\">Quantos residentes ir\u00e3o usar o terra\u00e7o?<\/p>\n<\/li>\n<li data-start=\"1371\" data-end=\"1456\">\n<p data-start=\"1373\" data-end=\"1456\">Que atividades ser\u00e3o realizadas (pequenos-almo\u00e7os, workshops, leitura, exerc\u00edcio leve)?<\/p>\n<\/li>\n<li data-start=\"1457\" data-end=\"1509\">\n<p data-start=\"1459\" data-end=\"1509\">Quais \u00e1reas precisam de sombra ou prote\u00e7\u00e3o solar?<\/p>\n<\/li>\n<li data-start=\"1510\" data-end=\"1598\">\n<p data-start=\"1512\" data-end=\"1598\">Que seguran\u00e7a precisa de ser garantida (mobilidade reduzida, idosos com mais fragilidade)?<\/p>\n<\/li>\n<\/ul>\n<p data-start=\"1600\" data-end=\"1750\">Um bom planeamento tornar\u00e1 a <strong data-start=\"1635\" data-end=\"1672\">compra de mobili\u00e1rio em terra\u00e7o<\/strong> mais bem-sucedida e adaptada \u00e0s necessidades reais da resid\u00eancia.<\/p>\n<h2 data-start=\"1757\" data-end=\"1808\">2. Tipo de mobili\u00e1rio recomendado para terra\u00e7os<\/h2>\n<h3 data-start=\"1810\" data-end=\"2023\"><strong data-start=\"1810\" data-end=\"1854\">Mesas e cadeiras resistentes ao exterior<\/strong><\/h3>\n<p data-start=\"1810\" data-end=\"2023\">Escolha materiais dur\u00e1veis como alum\u00ednio, madeira tratada ou resina. Cadeiras com bra\u00e7os e assentos confort\u00e1veis melhoram o conforto dos residentes e facilitam a movimenta\u00e7\u00e3o.<\/p>\n<p data-start=\"1810\" data-end=\"2023\"><img loading=\"lazy\" decoding=\"async\" class=\"alignnone size-full wp-image-13820\" src=\"https:\/\/grupefebe.com\/custom\/uploads\/2023\/03\/mobles114-tube-square-dinning-tables-eugeni-quitllet-sil-tif-n002.jpg\" alt=\"Mesa de tubos exterior\" width=\"442\" height=\"442\" srcset=\"https:\/\/www.grupefebe.com\/custom\/uploads\/2023\/03\/mobles114-tube-square-dinning-tables-eugeni-quitllet-sil-tif-n002.jpg 442w, https:\/\/www.grupefebe.com\/custom\/uploads\/2023\/03\/mobles114-tube-square-dinning-tables-eugeni-quitllet-sil-tif-n002-300x300.jpg 300w, https:\/\/www.grupefebe.com\/custom\/uploads\/2023\/03\/mobles114-tube-square-dinning-tables-eugeni-quitllet-sil-tif-n002-150x150.jpg 150w\" sizes=\"auto, (max-width: 442px) 100vw, 442px\" \/><\/p>\n<p data-start=\"1810\" data-end=\"2023\"><a href=\"https:\/\/grupefebe.com\/products\/taula-exterior-tube\/\">Mesa de Tubos Exterior<\/a><\/p>\n<h3 data-start=\"2025\" data-end=\"2222\"><strong data-start=\"2025\" data-end=\"2053\">Sof\u00e1s e cadeiras para relaxamento<\/strong><\/h3>\n<p data-start=\"2025\" data-end=\"2222\">Criar cantos de descanso \u00e9 essencial. Sof\u00e1s e poltronas com almofadas resistentes \u00e0 \u00e1gua permitem aos residentes desfrutar do terra\u00e7o a qualquer momento.<\/p>\n<p data-start=\"1810\" data-end=\"2023\"><img loading=\"lazy\" decoding=\"async\" class=\"alignnone wp-image-13869\" src=\"https:\/\/grupefebe.com\/custom\/uploads\/2023\/03\/Silla-Babila-Twist_3-1024x703.jpg\" alt=\"Cadeira Babila Twist\" width=\"630\" height=\"432\" srcset=\"https:\/\/www.grupefebe.com\/custom\/uploads\/2023\/03\/Silla-Babila-Twist_3-1024x703.jpg 1024w, https:\/\/www.grupefebe.com\/custom\/uploads\/2023\/03\/Silla-Babila-Twist_3-300x206.jpg 300w, https:\/\/www.grupefebe.com\/custom\/uploads\/2023\/03\/Silla-Babila-Twist_3-768x527.jpg 768w, https:\/\/www.grupefebe.com\/custom\/uploads\/2023\/03\/Silla-Babila-Twist_3-1536x1054.jpg 1536w, https:\/\/www.grupefebe.com\/custom\/uploads\/2023\/03\/Silla-Babila-Twist_3.jpg 1600w\" sizes=\"auto, (max-width: 630px) 100vw, 630px\" \/><\/p>\n<p data-start=\"1810\" data-end=\"2023\"><a href=\"https:\/\/grupefebe.com\/products\/cadira-babila-twist\/\">Mesa Torcida Babila<\/a><\/p>\n<h3 data-start=\"2224\" data-end=\"2427\"><strong data-start=\"2224\" data-end=\"2259\">Guarda-chuvas, guarda-chuvas e toldos<\/strong><\/h3>\n<p data-start=\"2224\" data-end=\"2427\">A prote\u00e7\u00e3o solar \u00e9 fundamental. Com guarda-sols ou toldos m\u00f3veis, os residentes podem desfrutar do terra\u00e7o sem riscos para o sol e mantendo uma temperatura agrad\u00e1vel.<\/p>\n<p data-start=\"2224\" data-end=\"2427\"><img loading=\"lazy\" decoding=\"async\" class=\"alignnone wp-image-13736\" src=\"https:\/\/grupefebe.com\/custom\/uploads\/2023\/03\/spao10c2001821p-101o10-1024x947.jpg\" alt=\"\" width=\"619\" height=\"572\" srcset=\"https:\/\/www.grupefebe.com\/custom\/uploads\/2023\/03\/spao10c2001821p-101o10-1024x947.jpg 1024w, https:\/\/www.grupefebe.com\/custom\/uploads\/2023\/03\/spao10c2001821p-101o10-300x278.jpg 300w, https:\/\/www.grupefebe.com\/custom\/uploads\/2023\/03\/spao10c2001821p-101o10-768x710.jpg 768w, https:\/\/www.grupefebe.com\/custom\/uploads\/2023\/03\/spao10c2001821p-101o10-1536x1421.jpg 1536w, https:\/\/www.grupefebe.com\/custom\/uploads\/2023\/03\/spao10c2001821p-101o10-2048x1895.jpg 2048w\" sizes=\"auto, (max-width: 619px) 100vw, 619px\" \/><\/p>\n<p data-start=\"2224\" data-end=\"2427\"><a href=\"https:\/\/grupefebe.com\/products\/para-sol-eolo-pureti\/\">Eolo Pureti parasol<\/a><\/p>\n<h3 data-start=\"2429\" data-end=\"2644\"><strong data-start=\"2429\" data-end=\"2464\">Mobili\u00e1rio modular e vers\u00e1til<\/strong><\/h3>\n<p data-start=\"2429\" data-end=\"2644\">O mobili\u00e1rio modular adapta-se a diferentes atividades: oficinas, pequenos-almo\u00e7os ou momentos de relaxamento. Assim, o terra\u00e7o pode ser facilmente reorganizado de acordo com as necessidades di\u00e1rias.<\/p>\n<p data-start=\"2429\" data-end=\"2644\"><img loading=\"lazy\" decoding=\"async\" class=\"alignnone wp-image-13769\" src=\"https:\/\/grupefebe.com\/custom\/uploads\/2023\/03\/ypsilon-4790t-still-01-1024x703.jpg\" alt=\"Mesa exterior Ypsilon\" width=\"575\" height=\"395\" srcset=\"https:\/\/www.grupefebe.com\/custom\/uploads\/2023\/03\/ypsilon-4790t-still-01-1024x703.jpg 1024w, https:\/\/www.grupefebe.com\/custom\/uploads\/2023\/03\/ypsilon-4790t-still-01-300x206.jpg 300w, https:\/\/www.grupefebe.com\/custom\/uploads\/2023\/03\/ypsilon-4790t-still-01-768x527.jpg 768w, https:\/\/www.grupefebe.com\/custom\/uploads\/2023\/03\/ypsilon-4790t-still-01-1536x1054.jpg 1536w, https:\/\/www.grupefebe.com\/custom\/uploads\/2023\/03\/ypsilon-4790t-still-01.jpg 1600w\" sizes=\"auto, (max-width: 575px) 100vw, 575px\" \/><\/p>\n<p data-start=\"2429\" data-end=\"2644\"><a href=\"https:\/\/grupefebe.com\/products\/taula-exterior-ypsilon\/\">Mesa exterior Ypsilon<\/a><\/p>\n<h3 data-start=\"2429\" data-end=\"2644\"><strong data-start=\"2646\" data-end=\"2675\">Acess\u00f3rios complementares<\/strong><\/h3>\n<p data-start=\"2429\" data-end=\"2644\">Elementos como almofadas extra, vasos com plantas, pequenos varais ou fog\u00f5es exteriores podem fazer toda a diferen\u00e7a e tornar o espa\u00e7o mais acolhedor e completo.<\/p>\n<p data-start=\"2429\" data-end=\"2644\"><img loading=\"lazy\" decoding=\"async\" class=\"alignnone wp-image-13728\" src=\"https:\/\/grupefebe.com\/custom\/uploads\/2023\/03\/giravolta-1799-still-03-1024x703.jpg\" alt=\"Candeeiro sem fios Giravolta\" width=\"577\" height=\"396\" srcset=\"https:\/\/www.grupefebe.com\/custom\/uploads\/2023\/03\/giravolta-1799-still-03-1024x703.jpg 1024w, https:\/\/www.grupefebe.com\/custom\/uploads\/2023\/03\/giravolta-1799-still-03-300x206.jpg 300w, https:\/\/www.grupefebe.com\/custom\/uploads\/2023\/03\/giravolta-1799-still-03-768x527.jpg 768w, https:\/\/www.grupefebe.com\/custom\/uploads\/2023\/03\/giravolta-1799-still-03-1536x1054.jpg 1536w, https:\/\/www.grupefebe.com\/custom\/uploads\/2023\/03\/giravolta-1799-still-03.jpg 1600w\" sizes=\"auto, (max-width: 577px) 100vw, 577px\" \/><\/p>\n<p data-start=\"2429\" data-end=\"2644\"><a href=\"https:\/\/grupefebe.com\/products\/lampada-sense-cables-giravolta\/\">Candeeiro sem fios Giravolta<\/a><\/p>\n<h2 data-start=\"2842\" data-end=\"2893\">3. Seguran\u00e7a e acessibilidade: indispens\u00e1veis<\/h2>\n<p data-start=\"2894\" data-end=\"3104\">A seguran\u00e7a deve ser sempre a prioridade. Escolha mobili\u00e1rio est\u00e1vel, sem cantos afiados e f\u00e1cil de limpar. Tamb\u00e9m verifica se os materiais s\u00e3o antiderrapantes e se cumprem as regulamenta\u00e7\u00f5es vigentes.<\/p>\n<p data-start=\"3106\" data-end=\"3292\">Se o terra\u00e7o for concebido para pessoas com mobilidade reduzida, certifique-se de que h\u00e1 espa\u00e7o suficiente para mover cadeiras de rodas ou andarilhos e que o mobili\u00e1rio n\u00e3o dificulta a passagem.<\/p>\n<h2 data-start=\"3299\" data-end=\"3364\">4. Como otimizar <strong data-start=\"3325\" data-end=\"3362\">a compra de mobili\u00e1rio<\/strong> de jardim<\/h2>\n<p data-start=\"3365\" data-end=\"3395\">Planear com anteced\u00eancia permite:<\/p>\n<ul data-start=\"3396\" data-end=\"3537\">\n<li data-start=\"3396\" data-end=\"3439\">\n<p data-start=\"3398\" data-end=\"3439\">Compare pre\u00e7os e qualidade sem pressa.<\/p>\n<\/li>\n<li data-start=\"3440\" data-end=\"3489\">\n<p data-start=\"3442\" data-end=\"3489\">Escolha op\u00e7\u00f5es dur\u00e1veis e f\u00e1ceis de manter.<\/p>\n<\/li>\n<li data-start=\"3490\" data-end=\"3537\">\n<p data-start=\"3492\" data-end=\"3537\">Coordena a instala\u00e7\u00e3o antes do ver\u00e3o.<\/p>\n<\/li>\n<\/ul>\n<p data-start=\"3539\" data-end=\"3773\">Lembre-se de rever cat\u00e1logos de fabricantes especializados e pedir mobili\u00e1rio que combine seguran\u00e7a, durabilidade e conforto. Este tipo de planeamento \u00e9 fundamental para fazer bom uso do espa\u00e7o e fazer com que os residentes se sintam confort\u00e1veis.<\/p>\n<p data-start=\"3539\" data-end=\"3773\"><img loading=\"lazy\" decoding=\"async\" class=\"alignnone size-full wp-image-13760\" src=\"https:\/\/grupefebe.com\/custom\/uploads\/2023\/03\/Silla_dock_3.jpg\" alt=\"Cadeira de doca com apoios de bra\u00e7o empilh\u00e1veis\" width=\"696\" height=\"927\" srcset=\"https:\/\/www.grupefebe.com\/custom\/uploads\/2023\/03\/Silla_dock_3.jpg 696w, https:\/\/www.grupefebe.com\/custom\/uploads\/2023\/03\/Silla_dock_3-225x300.jpg 225w\" sizes=\"auto, (max-width: 696px) 100vw, 696px\" \/><\/p>\n<h2 data-start=\"3780\" data-end=\"3826\">5. Vantagens de um terra\u00e7o bem equipado<\/h2>\n<p data-start=\"3827\" data-end=\"3887\">Investir em mobili\u00e1rio de qualidade traz muitas vantagens:<\/p>\n<ul data-start=\"3888\" data-end=\"4145\">\n<li data-start=\"3888\" data-end=\"3970\">\n<p data-start=\"3890\" data-end=\"3970\"><strong data-start=\"3890\" data-end=\"3913\">Conforto e bem-estar:<\/strong> os residentes podem desfrutar de momentos ao ar livre.<\/p>\n<\/li>\n<li data-start=\"3971\" data-end=\"4049\">\n<p data-start=\"3973\" data-end=\"4049\"><strong data-start=\"3973\" data-end=\"3991\">Socializa\u00e7\u00e3o:<\/strong> facilita atividades de grupo e encontros entre residentes.<\/p>\n<\/li>\n<li data-start=\"4050\" data-end=\"4145\">\n<p data-start=\"4052\" data-end=\"4145\"><strong data-start=\"4052\" data-end=\"4081\">Est\u00e9tica e funcionalidade:<\/strong> espa\u00e7os atrativos e organizados enriquecem a experi\u00eancia di\u00e1ria.<\/p>\n<\/li>\n<\/ul>\n<p data-start=\"4147\" data-end=\"4318\">Al\u00e9m disso, com \u00e1reas adequadas e mobili\u00e1rio adaptado, o terra\u00e7o torna-se um espa\u00e7o seguro e flex\u00edvel, capaz de satisfazer diferentes atividades ao longo do ver\u00e3o.<\/p>\n<h2 data-start=\"4325\" data-end=\"4385\">Quer que o seu terra\u00e7o fique perfeito este ver\u00e3o?<\/h2>\n<p data-start=\"4386\" data-end=\"4720\">Na Efeb\u00e9 ajudamo-lo a preparar os espa\u00e7os exteriores da sua resid\u00eancia. Descubra o nosso<a href=\"https:\/\/grupefebe.com\/pt-pt\/mobiliario-sustentavel\/\"> <strong data-start=\"4472\" data-end=\"4515\">extenso cat\u00e1logo de mobili\u00e1rio em terra\u00e7o<\/strong><\/a> com solu\u00e7\u00f5es resistentes e confort\u00e1veis, adaptadas a cada tipo de resid\u00eancia. Podemos aconselh\u00e1-lo para que escolha as op\u00e7\u00f5es mais adequadas e que os espa\u00e7os exteriores sejam seguros, acolhedores e funcionais.<\/p>\n<p data-start=\"4722\" data-end=\"4852\">N\u00e3o espere at\u00e9 \u00e0 \u00faltima hora: prepare o terra\u00e7o com o Efeb\u00e9 e fa\u00e7a dele o espa\u00e7o favorito dos seus residentes este ver\u00e3o.<\/p>\n","protected":false},"excerpt":{"rendered":"<p>O ver\u00e3o aproxima-se e os terra\u00e7os das resid\u00eancias tornam-se o local onde os residentes desfrutam do ar livre e das [&hellip;]<\/p>\n","protected":false},"author":2,"featured_media":24521,"comment_status":"closed","ping_status":"closed","sticky":false,"template":"","format":"standard","meta":{"_acf_changed":false,"footnotes":"","_links_to":"","_links_to_target":""},"categories":[309],"class_list":["post-28099","post","type-post","status-publish","format-standard","has-post-thumbnail","hentry","category-lares-de-idosos"],"acf":[],"yoast_head":"<!-- This site is optimized with the Yoast SEO plugin v25.9 - https:\/\/yoast.com\/wordpress\/plugins\/seo\/ -->\n<title>Guia de compra de mobili\u00e1rio em terra\u00e7o | Grupo Efeb\u00e9<\/title>\n<meta name=\"description\" content=\"Planeie as suas compras de mobili\u00e1rio em terra\u00e7o para resid\u00eancias. Dicas para espa\u00e7os exteriores antes do ver\u00e3o.\" \/>\n<meta name=\"robots\" content=\"index, follow, max-snippet:-1, max-image-preview:large, max-video-preview:-1\" \/>\n<link rel=\"canonical\" href=\"https:\/\/www.grupefebe.com\/pt-pt\/prepara-as-tuasesplanadas-dicas-para-as-compras-de-mobiliario-de-terracos-em-residencias\/\" \/>\n<meta property=\"og:locale\" content=\"pt_PT\" \/>\n<meta property=\"og:type\" content=\"article\" \/>\n<meta property=\"og:title\" content=\"Guia de compra de mobili\u00e1rio em terra\u00e7o | Grupo Efeb\u00e9\" \/>\n<meta property=\"og:description\" content=\"Planeie as suas compras de mobili\u00e1rio em terra\u00e7o para resid\u00eancias. Dicas para espa\u00e7os exteriores antes do ver\u00e3o.\" \/>\n<meta property=\"og:url\" content=\"https:\/\/www.grupefebe.com\/pt-pt\/prepara-as-tuasesplanadas-dicas-para-as-compras-de-mobiliario-de-terracos-em-residencias\/\" \/>\n<meta property=\"og:site_name\" content=\"Grupo Efeb\u00e9\" \/>\n<meta property=\"article:publisher\" content=\"https:\/\/www.facebook.com\/grup.efebe\" \/>\n<meta property=\"article:published_time\" content=\"2026-01-27T08:50:34+00:00\" \/>\n<meta property=\"article:modified_time\" content=\"2026-01-27T09:27:23+00:00\" \/>\n<meta property=\"og:image\" content=\"https:\/\/www.grupefebe.com\/custom\/uploads\/2023\/05\/quatrofold-ezpeleta.jpg\" \/>\n\t<meta property=\"og:image:width\" content=\"952\" \/>\n\t<meta property=\"og:image:height\" content=\"635\" \/>\n\t<meta property=\"og:image:type\" content=\"image\/jpeg\" \/>\n<meta name=\"author\" content=\"Grup Efeb\u00e9\" \/>\n<meta name=\"twitter:card\" content=\"summary_large_image\" \/>\n<meta name=\"twitter:creator\" content=\"@grup_efebe\" \/>\n<meta name=\"twitter:site\" content=\"@grup_efebe\" \/>\n<meta name=\"twitter:label1\" content=\"Escrito por\" \/>\n\t<meta name=\"twitter:data1\" content=\"Grup Efeb\u00e9\" \/>\n\t<meta name=\"twitter:label2\" content=\"Tempo estimado de leitura\" \/>\n\t<meta name=\"twitter:data2\" content=\"5 minutos\" \/>\n<script type=\"application\/ld+json\" class=\"yoast-schema-graph\">{\"@context\":\"https:\/\/schema.org\",\"@graph\":[{\"@type\":\"Article\",\"@id\":\"https:\/\/www.grupefebe.com\/pt-pt\/prepara-as-tuasesplanadas-dicas-para-as-compras-de-mobiliario-de-terracos-em-residencias\/#article\",\"isPartOf\":{\"@id\":\"https:\/\/www.grupefebe.com\/pt-pt\/prepara-as-tuasesplanadas-dicas-para-as-compras-de-mobiliario-de-terracos-em-residencias\/\"},\"author\":{\"name\":\"Grup Efeb\u00e9\",\"@id\":\"https:\/\/www.grupefebe.com\/pt-pt\/#\/schema\/person\/76402b3180eef131413100afc3282997\"},\"headline\":\"Prepare os seus terra\u00e7os: dicas para comprar mobili\u00e1rio em lares de idosos\",\"datePublished\":\"2026-01-27T08:50:34+00:00\",\"dateModified\":\"2026-01-27T09:27:23+00:00\",\"mainEntityOfPage\":{\"@id\":\"https:\/\/www.grupefebe.com\/pt-pt\/prepara-as-tuasesplanadas-dicas-para-as-compras-de-mobiliario-de-terracos-em-residencias\/\"},\"wordCount\":685,\"publisher\":{\"@id\":\"https:\/\/www.grupefebe.com\/pt-pt\/#organization\"},\"image\":{\"@id\":\"https:\/\/www.grupefebe.com\/pt-pt\/prepara-as-tuasesplanadas-dicas-para-as-compras-de-mobiliario-de-terracos-em-residencias\/#primaryimage\"},\"thumbnailUrl\":\"https:\/\/www.grupefebe.com\/custom\/uploads\/2023\/05\/quatrofold-ezpeleta.jpg\",\"articleSection\":[\"Lares de Idosos\"],\"inLanguage\":\"pt-PT\"},{\"@type\":\"WebPage\",\"@id\":\"https:\/\/www.grupefebe.com\/pt-pt\/prepara-as-tuasesplanadas-dicas-para-as-compras-de-mobiliario-de-terracos-em-residencias\/\",\"url\":\"https:\/\/www.grupefebe.com\/pt-pt\/prepara-as-tuasesplanadas-dicas-para-as-compras-de-mobiliario-de-terracos-em-residencias\/\",\"name\":\"Guia de compra de mobili\u00e1rio em terra\u00e7o | Grupo Efeb\u00e9\",\"isPartOf\":{\"@id\":\"https:\/\/www.grupefebe.com\/pt-pt\/#website\"},\"primaryImageOfPage\":{\"@id\":\"https:\/\/www.grupefebe.com\/pt-pt\/prepara-as-tuasesplanadas-dicas-para-as-compras-de-mobiliario-de-terracos-em-residencias\/#primaryimage\"},\"image\":{\"@id\":\"https:\/\/www.grupefebe.com\/pt-pt\/prepara-as-tuasesplanadas-dicas-para-as-compras-de-mobiliario-de-terracos-em-residencias\/#primaryimage\"},\"thumbnailUrl\":\"https:\/\/www.grupefebe.com\/custom\/uploads\/2023\/05\/quatrofold-ezpeleta.jpg\",\"datePublished\":\"2026-01-27T08:50:34+00:00\",\"dateModified\":\"2026-01-27T09:27:23+00:00\",\"description\":\"Planeie as suas compras de mobili\u00e1rio em terra\u00e7o para resid\u00eancias. Dicas para espa\u00e7os exteriores antes do ver\u00e3o.\",\"breadcrumb\":{\"@id\":\"https:\/\/www.grupefebe.com\/pt-pt\/prepara-as-tuasesplanadas-dicas-para-as-compras-de-mobiliario-de-terracos-em-residencias\/#breadcrumb\"},\"inLanguage\":\"pt-PT\",\"potentialAction\":[{\"@type\":\"ReadAction\",\"target\":[\"https:\/\/www.grupefebe.com\/pt-pt\/prepara-as-tuasesplanadas-dicas-para-as-compras-de-mobiliario-de-terracos-em-residencias\/\"]}]},{\"@type\":\"ImageObject\",\"inLanguage\":\"pt-PT\",\"@id\":\"https:\/\/www.grupefebe.com\/pt-pt\/prepara-as-tuasesplanadas-dicas-para-as-compras-de-mobiliario-de-terracos-em-residencias\/#primaryimage\",\"url\":\"https:\/\/www.grupefebe.com\/custom\/uploads\/2023\/05\/quatrofold-ezpeleta.jpg\",\"contentUrl\":\"https:\/\/www.grupefebe.com\/custom\/uploads\/2023\/05\/quatrofold-ezpeleta.jpg\",\"width\":952,\"height\":635,\"caption\":\"Mesas exteriores - Mesa dobr\u00e1vel Quatro Fold\"},{\"@type\":\"BreadcrumbList\",\"@id\":\"https:\/\/www.grupefebe.com\/pt-pt\/prepara-as-tuasesplanadas-dicas-para-as-compras-de-mobiliario-de-terracos-em-residencias\/#breadcrumb\",\"itemListElement\":[{\"@type\":\"ListItem\",\"position\":1,\"name\":\"Inici\",\"item\":\"https:\/\/www.grupefebe.com\/pt-pt\/\"},{\"@type\":\"ListItem\",\"position\":2,\"name\":\"Prepare os seus terra\u00e7os: dicas para comprar mobili\u00e1rio em lares de idosos\"}]},{\"@type\":\"WebSite\",\"@id\":\"https:\/\/www.grupefebe.com\/pt-pt\/#website\",\"url\":\"https:\/\/www.grupefebe.com\/pt-pt\/\",\"name\":\"Grup Efeb\u00e9\",\"description\":\"Otro sitio realizado con WordPress\",\"publisher\":{\"@id\":\"https:\/\/www.grupefebe.com\/pt-pt\/#organization\"},\"potentialAction\":[{\"@type\":\"SearchAction\",\"target\":{\"@type\":\"EntryPoint\",\"urlTemplate\":\"https:\/\/www.grupefebe.com\/pt-pt\/?s={search_term_string}\"},\"query-input\":{\"@type\":\"PropertyValueSpecification\",\"valueRequired\":true,\"valueName\":\"search_term_string\"}}],\"inLanguage\":\"pt-PT\"},{\"@type\":\"Organization\",\"@id\":\"https:\/\/www.grupefebe.com\/pt-pt\/#organization\",\"name\":\"Grup Efeb\u00e9\",\"url\":\"https:\/\/www.grupefebe.com\/pt-pt\/\",\"logo\":{\"@type\":\"ImageObject\",\"inLanguage\":\"pt-PT\",\"@id\":\"https:\/\/www.grupefebe.com\/pt-pt\/#\/schema\/logo\/image\/\",\"url\":\"https:\/\/grupefebe.com\/custom\/uploads\/2021\/01\/logo-efebe.png\",\"contentUrl\":\"https:\/\/grupefebe.com\/custom\/uploads\/2021\/01\/logo-efebe.png\",\"width\":524,\"height\":135,\"caption\":\"Grup Efeb\u00e9\"},\"image\":{\"@id\":\"https:\/\/www.grupefebe.com\/pt-pt\/#\/schema\/logo\/image\/\"},\"sameAs\":[\"https:\/\/www.facebook.com\/grup.efebe\",\"https:\/\/x.com\/grup_efebe\",\"https:\/\/www.instagram.com\/grup_efebe\/\",\"https:\/\/www.linkedin.com\/company\/grupefebe\",\"https:\/\/www.youtube.com\/channel\/UCj11-LAuLhPfqrL2649Xzrw\"]},{\"@type\":\"Person\",\"@id\":\"https:\/\/www.grupefebe.com\/pt-pt\/#\/schema\/person\/76402b3180eef131413100afc3282997\",\"name\":\"Grup Efeb\u00e9\",\"image\":{\"@type\":\"ImageObject\",\"inLanguage\":\"pt-PT\",\"@id\":\"https:\/\/www.grupefebe.com\/pt-pt\/#\/schema\/person\/image\/\",\"url\":\"https:\/\/secure.gravatar.com\/avatar\/913bc6aa90480101061296ab9cad4bd4ccfb82c623a8820f3fd577558c1651be?s=96&d=mm&r=g\",\"contentUrl\":\"https:\/\/secure.gravatar.com\/avatar\/913bc6aa90480101061296ab9cad4bd4ccfb82c623a8820f3fd577558c1651be?s=96&d=mm&r=g\",\"caption\":\"Grup Efeb\u00e9\"},\"url\":\"https:\/\/www.grupefebe.com\/pt-pt\/author\/julia\/\"}]}<\/script>\n<!-- \/ Yoast SEO plugin. -->","yoast_head_json":{"title":"Guia de compra de mobili\u00e1rio em terra\u00e7o | Grupo Efeb\u00e9","description":"Planeie as suas compras de mobili\u00e1rio em terra\u00e7o para resid\u00eancias. Dicas para espa\u00e7os exteriores antes do ver\u00e3o.","robots":{"index":"index","follow":"follow","max-snippet":"max-snippet:-1","max-image-preview":"max-image-preview:large","max-video-preview":"max-video-preview:-1"},"canonical":"https:\/\/www.grupefebe.com\/pt-pt\/prepara-as-tuasesplanadas-dicas-para-as-compras-de-mobiliario-de-terracos-em-residencias\/","og_locale":"pt_PT","og_type":"article","og_title":"Guia de compra de mobili\u00e1rio em terra\u00e7o | Grupo Efeb\u00e9","og_description":"Planeie as suas compras de mobili\u00e1rio em terra\u00e7o para resid\u00eancias. Dicas para espa\u00e7os exteriores antes do ver\u00e3o.","og_url":"https:\/\/www.grupefebe.com\/pt-pt\/prepara-as-tuasesplanadas-dicas-para-as-compras-de-mobiliario-de-terracos-em-residencias\/","og_site_name":"Grupo Efeb\u00e9","article_publisher":"https:\/\/www.facebook.com\/grup.efebe","article_published_time":"2026-01-27T08:50:34+00:00","article_modified_time":"2026-01-27T09:27:23+00:00","og_image":[{"width":952,"height":635,"url":"https:\/\/www.grupefebe.com\/custom\/uploads\/2023\/05\/quatrofold-ezpeleta.jpg","type":"image\/jpeg"}],"author":"Grup Efeb\u00e9","twitter_card":"summary_large_image","twitter_creator":"@grup_efebe","twitter_site":"@grup_efebe","twitter_misc":{"Escrito por":"Grup Efeb\u00e9","Tempo estimado de leitura":"5 minutos"},"schema":{"@context":"https:\/\/schema.org","@graph":[{"@type":"Article","@id":"https:\/\/www.grupefebe.com\/pt-pt\/prepara-as-tuasesplanadas-dicas-para-as-compras-de-mobiliario-de-terracos-em-residencias\/#article","isPartOf":{"@id":"https:\/\/www.grupefebe.com\/pt-pt\/prepara-as-tuasesplanadas-dicas-para-as-compras-de-mobiliario-de-terracos-em-residencias\/"},"author":{"name":"Grup Efeb\u00e9","@id":"https:\/\/www.grupefebe.com\/pt-pt\/#\/schema\/person\/76402b3180eef131413100afc3282997"},"headline":"Prepare os seus terra\u00e7os: dicas para comprar mobili\u00e1rio em lares de idosos","datePublished":"2026-01-27T08:50:34+00:00","dateModified":"2026-01-27T09:27:23+00:00","mainEntityOfPage":{"@id":"https:\/\/www.grupefebe.com\/pt-pt\/prepara-as-tuasesplanadas-dicas-para-as-compras-de-mobiliario-de-terracos-em-residencias\/"},"wordCount":685,"publisher":{"@id":"https:\/\/www.grupefebe.com\/pt-pt\/#organization"},"image":{"@id":"https:\/\/www.grupefebe.com\/pt-pt\/prepara-as-tuasesplanadas-dicas-para-as-compras-de-mobiliario-de-terracos-em-residencias\/#primaryimage"},"thumbnailUrl":"https:\/\/www.grupefebe.com\/custom\/uploads\/2023\/05\/quatrofold-ezpeleta.jpg","articleSection":["Lares de Idosos"],"inLanguage":"pt-PT"},{"@type":"WebPage","@id":"https:\/\/www.grupefebe.com\/pt-pt\/prepara-as-tuasesplanadas-dicas-para-as-compras-de-mobiliario-de-terracos-em-residencias\/","url":"https:\/\/www.grupefebe.com\/pt-pt\/prepara-as-tuasesplanadas-dicas-para-as-compras-de-mobiliario-de-terracos-em-residencias\/","name":"Guia de compra de mobili\u00e1rio em terra\u00e7o | Grupo Efeb\u00e9","isPartOf":{"@id":"https:\/\/www.grupefebe.com\/pt-pt\/#website"},"primaryImageOfPage":{"@id":"https:\/\/www.grupefebe.com\/pt-pt\/prepara-as-tuasesplanadas-dicas-para-as-compras-de-mobiliario-de-terracos-em-residencias\/#primaryimage"},"image":{"@id":"https:\/\/www.grupefebe.com\/pt-pt\/prepara-as-tuasesplanadas-dicas-para-as-compras-de-mobiliario-de-terracos-em-residencias\/#primaryimage"},"thumbnailUrl":"https:\/\/www.grupefebe.com\/custom\/uploads\/2023\/05\/quatrofold-ezpeleta.jpg","datePublished":"2026-01-27T08:50:34+00:00","dateModified":"2026-01-27T09:27:23+00:00","description":"Planeie as suas compras de mobili\u00e1rio em terra\u00e7o para resid\u00eancias. Dicas para espa\u00e7os exteriores antes do ver\u00e3o.","breadcrumb":{"@id":"https:\/\/www.grupefebe.com\/pt-pt\/prepara-as-tuasesplanadas-dicas-para-as-compras-de-mobiliario-de-terracos-em-residencias\/#breadcrumb"},"inLanguage":"pt-PT","potentialAction":[{"@type":"ReadAction","target":["https:\/\/www.grupefebe.com\/pt-pt\/prepara-as-tuasesplanadas-dicas-para-as-compras-de-mobiliario-de-terracos-em-residencias\/"]}]},{"@type":"ImageObject","inLanguage":"pt-PT","@id":"https:\/\/www.grupefebe.com\/pt-pt\/prepara-as-tuasesplanadas-dicas-para-as-compras-de-mobiliario-de-terracos-em-residencias\/#primaryimage","url":"https:\/\/www.grupefebe.com\/custom\/uploads\/2023\/05\/quatrofold-ezpeleta.jpg","contentUrl":"https:\/\/www.grupefebe.com\/custom\/uploads\/2023\/05\/quatrofold-ezpeleta.jpg","width":952,"height":635,"caption":"Mesas exteriores - Mesa dobr\u00e1vel Quatro Fold"},{"@type":"BreadcrumbList","@id":"https:\/\/www.grupefebe.com\/pt-pt\/prepara-as-tuasesplanadas-dicas-para-as-compras-de-mobiliario-de-terracos-em-residencias\/#breadcrumb","itemListElement":[{"@type":"ListItem","position":1,"name":"Inici","item":"https:\/\/www.grupefebe.com\/pt-pt\/"},{"@type":"ListItem","position":2,"name":"Prepare os seus terra\u00e7os: dicas para comprar mobili\u00e1rio em lares de idosos"}]},{"@type":"WebSite","@id":"https:\/\/www.grupefebe.com\/pt-pt\/#website","url":"https:\/\/www.grupefebe.com\/pt-pt\/","name":"Grup Efeb\u00e9","description":"Otro sitio realizado con WordPress","publisher":{"@id":"https:\/\/www.grupefebe.com\/pt-pt\/#organization"},"potentialAction":[{"@type":"SearchAction","target":{"@type":"EntryPoint","urlTemplate":"https:\/\/www.grupefebe.com\/pt-pt\/?s={search_term_string}"},"query-input":{"@type":"PropertyValueSpecification","valueRequired":true,"valueName":"search_term_string"}}],"inLanguage":"pt-PT"},{"@type":"Organization","@id":"https:\/\/www.grupefebe.com\/pt-pt\/#organization","name":"Grup Efeb\u00e9","url":"https:\/\/www.grupefebe.com\/pt-pt\/","logo":{"@type":"ImageObject","inLanguage":"pt-PT","@id":"https:\/\/www.grupefebe.com\/pt-pt\/#\/schema\/logo\/image\/","url":"https:\/\/grupefebe.com\/custom\/uploads\/2021\/01\/logo-efebe.png","contentUrl":"https:\/\/grupefebe.com\/custom\/uploads\/2021\/01\/logo-efebe.png","width":524,"height":135,"caption":"Grup Efeb\u00e9"},"image":{"@id":"https:\/\/www.grupefebe.com\/pt-pt\/#\/schema\/logo\/image\/"},"sameAs":["https:\/\/www.facebook.com\/grup.efebe","https:\/\/x.com\/grup_efebe","https:\/\/www.instagram.com\/grup_efebe\/","https:\/\/www.linkedin.com\/company\/grupefebe","https:\/\/www.youtube.com\/channel\/UCj11-LAuLhPfqrL2649Xzrw"]},{"@type":"Person","@id":"https:\/\/www.grupefebe.com\/pt-pt\/#\/schema\/person\/76402b3180eef131413100afc3282997","name":"Grup Efeb\u00e9","image":{"@type":"ImageObject","inLanguage":"pt-PT","@id":"https:\/\/www.grupefebe.com\/pt-pt\/#\/schema\/person\/image\/","url":"https:\/\/secure.gravatar.com\/avatar\/913bc6aa90480101061296ab9cad4bd4ccfb82c623a8820f3fd577558c1651be?s=96&d=mm&r=g","contentUrl":"https:\/\/secure.gravatar.com\/avatar\/913bc6aa90480101061296ab9cad4bd4ccfb82c623a8820f3fd577558c1651be?s=96&d=mm&r=g","caption":"Grup Efeb\u00e9"},"url":"https:\/\/www.grupefebe.com\/pt-pt\/author\/julia\/"}]}},"_links":{"self":[{"href":"https:\/\/www.grupefebe.com\/pt-pt\/wp-json\/wp\/v2\/posts\/28099","targetHints":{"allow":["GET"]}}],"collection":[{"href":"https:\/\/www.grupefebe.com\/pt-pt\/wp-json\/wp\/v2\/posts"}],"about":[{"href":"https:\/\/www.grupefebe.com\/pt-pt\/wp-json\/wp\/v2\/types\/post"}],"author":[{"embeddable":true,"href":"https:\/\/www.grupefebe.com\/pt-pt\/wp-json\/wp\/v2\/users\/2"}],"replies":[{"embeddable":true,"href":"https:\/\/www.grupefebe.com\/pt-pt\/wp-json\/wp\/v2\/comments?post=28099"}],"version-history":[{"count":2,"href":"https:\/\/www.grupefebe.com\/pt-pt\/wp-json\/wp\/v2\/posts\/28099\/revisions"}],"predecessor-version":[{"id":28104,"href":"https:\/\/www.grupefebe.com\/pt-pt\/wp-json\/wp\/v2\/posts\/28099\/revisions\/28104"}],"wp:featuredmedia":[{"embeddable":true,"href":"https:\/\/www.grupefebe.com\/pt-pt\/wp-json\/wp\/v2\/media\/24521"}],"wp:attachment":[{"href":"https:\/\/www.grupefebe.com\/pt-pt\/wp-json\/wp\/v2\/media?parent=28099"}],"wp:term":[{"taxonomy":"category","embeddable":true,"href":"https:\/\/www.grupefebe.com\/pt-pt\/wp-json\/wp\/v2\/categories?post=28099"}],"curies":[{"name":"wp","href":"https:\/\/api.w.org\/{rel}","templated":true}]}}