{"id":27888,"date":"2025-10-20T11:32:09","date_gmt":"2025-10-20T11:32:09","guid":{"rendered":"https:\/\/grupefebe.com\/efebe-na-barcelona-design-week-2025-design-acustico-para-melhorar-o-bem-estar-nos-espacos\/"},"modified":"2025-10-20T11:32:09","modified_gmt":"2025-10-20T11:32:09","slug":"efebe-na-barcelona-design-week-2025-design-acustico-para-melhorar-o-bem-estar-nos-espacos","status":"publish","type":"post","link":"https:\/\/www.grupefebe.com\/pt-pt\/efebe-na-barcelona-design-week-2025-design-acustico-para-melhorar-o-bem-estar-nos-espacos\/","title":{"rendered":"Efeb\u00e9 na Barcelona Design Week 2025: design ac\u00fastico para melhorar o bem-estar nos espa\u00e7os"},"content":{"rendered":"<p data-start=\"660\" data-end=\"997\">No dia <strong data-start=\"663\" data-end=\"679\">16 de outubro<\/strong>, o <strong data-start=\"684\" data-end=\"704\">showroom da Efeb\u00e9<\/strong> recebeu uma atividade muito especial dentro da Barcelona <a href=\"https:\/\/barcelonadesignweek.com\/\"><strong data-start=\"752\" data-end=\"782\">Design Week 2025<\/strong><\/a>.<br data-start=\"783\" data-end=\"786\">A confer\u00eancia reuniu profissionais de design, arquitetura e facility management para refletir sobre o <strong data-start=\"899\" data-end=\"918\">design ac\u00fastico<\/strong> e o seu papel na cria\u00e7\u00e3o de espa\u00e7os saud\u00e1veis, funcionais e confort\u00e1veis.<\/p>\n<h2 data-start=\"999\" data-end=\"1048\">O ru\u00eddo, um desafio cada vez mais presente<\/h2>\n<p data-start=\"1050\" data-end=\"1375\">De <a href=\"https:\/\/www.who.int\/europe\/publications\/i\/item\/9789289053563\"><strong data-start=\"1059\" data-end=\"1095\">acordo com a Organiza\u00e7\u00e3o Mundial de Sa\u00fade, o<\/strong><\/a> ru\u00eddo \u00e9 um dos principais fatores ambientais que afetam a sa\u00fade.<br data-start=\"1168\" data-end=\"1171\">Pode gerar stress, fadiga mental e dificuldade de concentra\u00e7\u00e3o.<\/p>\n<p data-start=\"1377\" data-end=\"1650\">Por esta raz\u00e3o, o <strong data-start=\"1390\" data-end=\"1409\">design ac\u00fastico<\/strong> tornou-se uma ferramenta fundamental para melhorar o conforto e o bem-estar em escrit\u00f3rios, escolas e resid\u00eancias.<br data-start=\"1514\" data-end=\"1517\">Na Efeb\u00e9, trabalhamos h\u00e1 mais de 25 anos para criar <strong data-start=\"1568\" data-end=\"1589\">espa\u00e7os saud\u00e1veis<\/strong> que aliem <strong data-start=\"1603\" data-end=\"1647\">est\u00e9tica, sustentabilidade e funcionalidade<\/strong>.<\/p>\n<h3 data-start=\"1652\" data-end=\"1699\"><img loading=\"lazy\" decoding=\"async\" class=\" wp-image-27873 alignleft\" src=\"https:\/\/grupefebe.com\/custom\/uploads\/2025\/10\/acustica-768x1024.jpeg\" alt=\"Apresenta\u00e7\u00e3o do design\" width=\"458\" height=\"611\" srcset=\"https:\/\/www.grupefebe.com\/custom\/uploads\/2025\/10\/acustica-768x1024.jpeg 768w, https:\/\/www.grupefebe.com\/custom\/uploads\/2025\/10\/acustica-225x300.jpeg 225w, https:\/\/www.grupefebe.com\/custom\/uploads\/2025\/10\/acustica-1152x1536.jpeg 1152w, https:\/\/www.grupefebe.com\/custom\/uploads\/2025\/10\/acustica.jpeg 1536w\" sizes=\"auto, (max-width: 458px) 100vw, 458px\" \/>Tr\u00eas vozes para compreender o conforto ac\u00fastico<\/h3>\n<p data-start=\"1701\" data-end=\"1795\">Durante a sess\u00e3o, tr\u00eas profissionais da Efeb\u00e9 compartilharam conhecimentos e experi\u00eancias reais.<\/p>\n<ul data-start=\"1797\" data-end=\"2473\">\n<li data-start=\"1797\" data-end=\"1945\">\n<p data-start=\"1799\" data-end=\"1945\"><strong data-start=\"1799\" data-end=\"1813\">Aina Valls<\/strong>, diretora de marketing, apresentou a confer\u00eancia e destacou a import\u00e2ncia da ac\u00fastica no design integral dos espa\u00e7os.<\/p>\n<\/li>\n<li data-start=\"1946\" data-end=\"2270\">\n<p data-start=\"1948\" data-end=\"2270\"><strong data-start=\"1948\" data-end=\"1970\">Adriana Villaverde<\/strong>, arquiteta especializada em escolas, mostrou <strong data-start=\"2021\" data-end=\"2037\">casos<\/strong> de sucesso onde foram aplicadas solu\u00e7\u00f5es ac\u00fasticas para reduzir o ru\u00eddo e melhorar a concentra\u00e7\u00e3o. Falou, por exemplo, da <strong data-start=\"2154\" data-end=\"2193\">Aula FluAp em La Salle Santa Coloma<\/strong>, da <strong data-start=\"2199\" data-end=\"2235\">sala de jantar de Escol\u00e0pies Sant Mart\u00ed<\/strong> e da <strong data-start=\"2243\" data-end=\"2267\">Escola Pia em Sarri\u00e0<\/strong>. <\/p>\n<\/li>\n<li data-start=\"2271\" data-end=\"2473\">\n<p data-start=\"2273\" data-end=\"2473\"><strong data-start=\"2273\" data-end=\"2290\">Nat\u00e0lia G\u00f3mez<\/strong>, designer e especialista em equipamentos de escrit\u00f3rio, apresentou as \u00faltimas <strong data-start=\"2366\" data-end=\"2412\">tend\u00eancias ac\u00fasticas no setor laboral<\/strong>, como as <strong data-start=\"2422\" data-end=\"2455\">cabines ac\u00fasticas modulares<\/strong> da Mute Design.<\/p>\n<\/li>\n<\/ul>\n<p data-start=\"2475\" data-end=\"2659\">Estas solu\u00e7\u00f5es, inicialmente concebidas para escrit\u00f3rios, est\u00e3o a tornar-se cada vez mais \u00fateis noutras \u00e1reas, como <strong data-start=\"2587\" data-end=\"2612\">bibliotecas escolares<\/strong> ou <strong data-start=\"2619\" data-end=\"2656\">espa\u00e7os de concentra\u00e7\u00e3o partilhados<\/strong>.<\/p>\n<h2 data-start=\"2661\" data-end=\"2712\">Isolar, insonorizar e reduzir a reverbera\u00e7\u00e3o<\/h2>\n<p data-start=\"2714\" data-end=\"2877\"><strong data-start=\"2717\" data-end=\"2736\">O design ac\u00fastico<\/strong> n\u00e3o se limita a eliminar o ru\u00eddo.<br data-start=\"2775\" data-end=\"2778\">O objetivo \u00e9 <strong data-start=\"2792\" data-end=\"2831\">geri-lo de forma inteligente<\/strong> para melhorar a qualidade de som do espa\u00e7o.<\/p>\n<p data-start=\"2879\" data-end=\"3161\">Por esta raz\u00e3o, tr\u00eas conceitos b\u00e1sicos foram explicados durante a confer\u00eancia:<br data-start=\"2945\" data-end=\"2948\">\ud83d\udc49 <strong data-start=\"2951\" data-end=\"2961\">Isole,<\/strong> para evitar que o ru\u00eddo passe de um espa\u00e7o para outro.<br data-start=\"3016\" data-end=\"3019\">\ud83d\udc49 <strong data-start=\"3022\" data-end=\"3038\">Insonorizado<\/strong>, para controlar fontes de ru\u00eddo internas.<br data-start=\"3083\" data-end=\"3086\">\ud83d\udc49 <strong data-start=\"3089\" data-end=\"3115\">Reduza a reverbera\u00e7\u00e3o<\/strong>, para obter uma melhor clareza sonora.<\/p>\n<p data-start=\"3163\" data-end=\"3340\">Os participantes puderam ver e tocar <strong data-start=\"3202\" data-end=\"3241\">amostras reais de materiais ac\u00fasticos<\/strong>, como pain\u00e9is fono-absorventes, revestimentos t\u00eaxteis e estruturas de madeira com propriedades sonoras.<\/p>\n<h3 data-start=\"3342\" data-end=\"3388\">Escrit\u00f3rios, um motor de inova\u00e7\u00e3o ac\u00fastica<\/h3>\n<p data-start=\"3390\" data-end=\"3574\">Os <strong data-start=\"3394\" data-end=\"3406\">escrit\u00f3rios<\/strong> s\u00e3o atualmente um <strong data-start=\"3425\" data-end=\"3460\">laborat\u00f3rio de inova\u00e7\u00e3o ac\u00fastica<\/strong>.<br data-start=\"3461\" data-end=\"3464\">Este setor lidera tend\u00eancias que depois chegam a outras \u00e1reas, como a educa\u00e7\u00e3o ou os cuidados residenciais.<\/p>\n<p data-start=\"3576\" data-end=\"3833\">De facto, solu\u00e7\u00f5es como cabines ac\u00fasticas ou pain\u00e9is modulares est\u00e3o a adaptar-se rapidamente \u00e0s necessidades das escolas.<br data-start=\"3707\" data-end=\"3710\">Assim, espa\u00e7os como bibliotecas ou salas de aula polivalentes podem oferecer \u00e1reas de concentra\u00e7\u00e3o mais confort\u00e1veis e privadas.<\/p>\n<p data-start=\"3576\" data-end=\"3833\"><img loading=\"lazy\" decoding=\"async\" class=\"alignnone wp-image-27875\" src=\"https:\/\/grupefebe.com\/custom\/uploads\/2025\/10\/equip-efebe-bdw2025-768x1024.jpeg\" alt=\"Equipa de design em Barcelona\" width=\"395\" height=\"527\" srcset=\"https:\/\/www.grupefebe.com\/custom\/uploads\/2025\/10\/equip-efebe-bdw2025-768x1024.jpeg 768w, https:\/\/www.grupefebe.com\/custom\/uploads\/2025\/10\/equip-efebe-bdw2025-225x300.jpeg 225w, https:\/\/www.grupefebe.com\/custom\/uploads\/2025\/10\/equip-efebe-bdw2025-1152x1536.jpeg 1152w, https:\/\/www.grupefebe.com\/custom\/uploads\/2025\/10\/equip-efebe-bdw2025.jpeg 1536w\" sizes=\"auto, (max-width: 395px) 100vw, 395px\" \/>    <img loading=\"lazy\" decoding=\"async\" class=\"alignnone wp-image-27876\" src=\"https:\/\/grupefebe.com\/custom\/uploads\/2025\/10\/IMG_1491-768x1024.jpeg\" alt=\"Exposi\u00e7\u00e3o de materiais ac\u00fasticos\" width=\"394\" height=\"525\" srcset=\"https:\/\/www.grupefebe.com\/custom\/uploads\/2025\/10\/IMG_1491-768x1024.jpeg 768w, https:\/\/www.grupefebe.com\/custom\/uploads\/2025\/10\/IMG_1491-225x300.jpeg 225w, https:\/\/www.grupefebe.com\/custom\/uploads\/2025\/10\/IMG_1491-1152x1536.jpeg 1152w, https:\/\/www.grupefebe.com\/custom\/uploads\/2025\/10\/IMG_1491.jpeg 1536w\" sizes=\"auto, (max-width: 394px) 100vw, 394px\" \/><\/p>\n<h2 data-start=\"3835\" data-end=\"3879\">Mais um passo para espa\u00e7os mais saud\u00e1veis<\/h2>\n<p data-start=\"3881\" data-end=\"4231\">Em resumo, a participa\u00e7\u00e3o da Efeb\u00e9 na Barcelona <strong data-start=\"3920\" data-end=\"3950\">Design Week 2025<\/strong> mostrou que o <strong data-start=\"3971\" data-end=\"3990\">design<\/strong> ac\u00fastico \u00e9 essencial para melhorar a sa\u00fade e o bem-estar em qualquer ambiente.<br data-start=\"4059\" data-end=\"4062\">A ac\u00fastica j\u00e1 n\u00e3o \u00e9 apenas uma quest\u00e3o t\u00e9cnica: \u00e9 uma ferramenta de <strong data-start=\"4124\" data-end=\"4145\">design emocional<\/strong> que influencia diretamente na produtividade e qualidade de vida das pessoas.<\/p>\n<p data-start=\"4233\" data-end=\"4381\">Na Efeb\u00e9 continuaremos a trabalhar para criar <strong data-start=\"4274\" data-end=\"4321\">espa\u00e7os sustent\u00e1veis, funcionais e saud\u00e1veis<\/strong> que respondam \u00e0s necessidades do presente e do futuro.<\/p>\n<p data-start=\"4383\" data-end=\"4505\">\ud83d\udccd <em data-start=\"4386\" data-end=\"4503\">Saiba mais sobre os nossos projetos e solu\u00e7\u00f5es ac\u00fasticas em <a class=\"decorated-link\" href=\"https:\/\/www.grupefebe.com\" target=\"_new\" rel=\"noopener\" data-start=\"4455\" data-end=\"4501\">www.grupefebe.com<\/a><\/em><\/p>\n","protected":false},"excerpt":{"rendered":"<p>No dia 16 de outubro, o showroom da Efeb\u00e9 recebeu uma atividade muito especial dentro da Barcelona Design Week 2025.A [&hellip;]<\/p>\n","protected":false},"author":2,"featured_media":27887,"comment_status":"closed","ping_status":"closed","sticky":false,"template":"","format":"standard","meta":{"_acf_changed":false,"footnotes":"","_links_to":"","_links_to_target":""},"categories":[308],"class_list":["post-27888","post","type-post","status-publish","format-standard","has-post-thumbnail","hentry","category-escolas"],"acf":[],"yoast_head":"<!-- This site is optimized with the Yoast SEO plugin v25.9 - https:\/\/yoast.com\/wordpress\/plugins\/seo\/ -->\n<title>BDW 2025: design ac\u00fastico para melhorar o bem-estar em espa\u00e7os | Grupo Efeb\u00e9<\/title>\n<meta name=\"description\" content=\"A Efeb\u00e9 participa na Barcelona Design Week 2025 com uma confer\u00eancia dedicada ao design ac\u00fastico em escolas e escrit\u00f3rios.\" \/>\n<meta name=\"robots\" content=\"index, follow, max-snippet:-1, max-image-preview:large, max-video-preview:-1\" \/>\n<link rel=\"canonical\" href=\"https:\/\/www.grupefebe.com\/pt-pt\/efebe-na-barcelona-design-week-2025-design-acustico-para-melhorar-o-bem-estar-nos-espacos\/\" \/>\n<meta property=\"og:locale\" content=\"pt_PT\" \/>\n<meta property=\"og:type\" content=\"article\" \/>\n<meta property=\"og:title\" content=\"BDW 2025: design ac\u00fastico para melhorar o bem-estar em espa\u00e7os | Grupo Efeb\u00e9\" \/>\n<meta property=\"og:description\" content=\"A Efeb\u00e9 participa na Barcelona Design Week 2025 com uma confer\u00eancia dedicada ao design ac\u00fastico em escolas e escrit\u00f3rios.\" \/>\n<meta property=\"og:url\" content=\"https:\/\/www.grupefebe.com\/pt-pt\/efebe-na-barcelona-design-week-2025-design-acustico-para-melhorar-o-bem-estar-nos-espacos\/\" \/>\n<meta property=\"og:site_name\" content=\"Grupo Efeb\u00e9\" \/>\n<meta property=\"article:publisher\" content=\"https:\/\/www.facebook.com\/grup.efebe\" \/>\n<meta property=\"article:published_time\" content=\"2025-10-20T11:32:09+00:00\" \/>\n<meta property=\"og:image\" content=\"https:\/\/www.grupefebe.com\/custom\/uploads\/2025\/10\/disseny-acustic-barcelona-design-week-2025.jpeg\" \/>\n\t<meta property=\"og:image:width\" content=\"2048\" \/>\n\t<meta property=\"og:image:height\" content=\"1536\" \/>\n\t<meta property=\"og:image:type\" content=\"image\/jpeg\" \/>\n<meta name=\"author\" content=\"Grup Efeb\u00e9\" \/>\n<meta name=\"twitter:card\" content=\"summary_large_image\" \/>\n<meta name=\"twitter:creator\" content=\"@grup_efebe\" \/>\n<meta name=\"twitter:site\" content=\"@grup_efebe\" \/>\n<meta name=\"twitter:label1\" content=\"Escrito por\" \/>\n\t<meta name=\"twitter:data1\" content=\"Grup Efeb\u00e9\" \/>\n\t<meta name=\"twitter:label2\" content=\"Tempo estimado de leitura\" \/>\n\t<meta name=\"twitter:data2\" content=\"3 minutos\" \/>\n<script type=\"application\/ld+json\" class=\"yoast-schema-graph\">{\"@context\":\"https:\/\/schema.org\",\"@graph\":[{\"@type\":\"Article\",\"@id\":\"https:\/\/www.grupefebe.com\/pt-pt\/efebe-na-barcelona-design-week-2025-design-acustico-para-melhorar-o-bem-estar-nos-espacos\/#article\",\"isPartOf\":{\"@id\":\"https:\/\/www.grupefebe.com\/pt-pt\/efebe-na-barcelona-design-week-2025-design-acustico-para-melhorar-o-bem-estar-nos-espacos\/\"},\"author\":{\"name\":\"Grup Efeb\u00e9\",\"@id\":\"https:\/\/www.grupefebe.com\/pt-pt\/#\/schema\/person\/76402b3180eef131413100afc3282997\"},\"headline\":\"Efeb\u00e9 na Barcelona Design Week 2025: design ac\u00fastico para melhorar o bem-estar nos espa\u00e7os\",\"datePublished\":\"2025-10-20T11:32:09+00:00\",\"mainEntityOfPage\":{\"@id\":\"https:\/\/www.grupefebe.com\/pt-pt\/efebe-na-barcelona-design-week-2025-design-acustico-para-melhorar-o-bem-estar-nos-espacos\/\"},\"wordCount\":611,\"publisher\":{\"@id\":\"https:\/\/www.grupefebe.com\/pt-pt\/#organization\"},\"image\":{\"@id\":\"https:\/\/www.grupefebe.com\/pt-pt\/efebe-na-barcelona-design-week-2025-design-acustico-para-melhorar-o-bem-estar-nos-espacos\/#primaryimage\"},\"thumbnailUrl\":\"https:\/\/www.grupefebe.com\/custom\/uploads\/2025\/10\/disseny-acustic-barcelona-design-week-2025.jpeg\",\"articleSection\":[\"Escolas\"],\"inLanguage\":\"pt-PT\"},{\"@type\":\"WebPage\",\"@id\":\"https:\/\/www.grupefebe.com\/pt-pt\/efebe-na-barcelona-design-week-2025-design-acustico-para-melhorar-o-bem-estar-nos-espacos\/\",\"url\":\"https:\/\/www.grupefebe.com\/pt-pt\/efebe-na-barcelona-design-week-2025-design-acustico-para-melhorar-o-bem-estar-nos-espacos\/\",\"name\":\"BDW 2025: design ac\u00fastico para melhorar o bem-estar em espa\u00e7os | Grupo Efeb\u00e9\",\"isPartOf\":{\"@id\":\"https:\/\/www.grupefebe.com\/pt-pt\/#website\"},\"primaryImageOfPage\":{\"@id\":\"https:\/\/www.grupefebe.com\/pt-pt\/efebe-na-barcelona-design-week-2025-design-acustico-para-melhorar-o-bem-estar-nos-espacos\/#primaryimage\"},\"image\":{\"@id\":\"https:\/\/www.grupefebe.com\/pt-pt\/efebe-na-barcelona-design-week-2025-design-acustico-para-melhorar-o-bem-estar-nos-espacos\/#primaryimage\"},\"thumbnailUrl\":\"https:\/\/www.grupefebe.com\/custom\/uploads\/2025\/10\/disseny-acustic-barcelona-design-week-2025.jpeg\",\"datePublished\":\"2025-10-20T11:32:09+00:00\",\"description\":\"A Efeb\u00e9 participa na Barcelona Design Week 2025 com uma confer\u00eancia dedicada ao design ac\u00fastico em escolas e escrit\u00f3rios.\",\"breadcrumb\":{\"@id\":\"https:\/\/www.grupefebe.com\/pt-pt\/efebe-na-barcelona-design-week-2025-design-acustico-para-melhorar-o-bem-estar-nos-espacos\/#breadcrumb\"},\"inLanguage\":\"pt-PT\",\"potentialAction\":[{\"@type\":\"ReadAction\",\"target\":[\"https:\/\/www.grupefebe.com\/pt-pt\/efebe-na-barcelona-design-week-2025-design-acustico-para-melhorar-o-bem-estar-nos-espacos\/\"]}]},{\"@type\":\"ImageObject\",\"inLanguage\":\"pt-PT\",\"@id\":\"https:\/\/www.grupefebe.com\/pt-pt\/efebe-na-barcelona-design-week-2025-design-acustico-para-melhorar-o-bem-estar-nos-espacos\/#primaryimage\",\"url\":\"https:\/\/www.grupefebe.com\/custom\/uploads\/2025\/10\/disseny-acustic-barcelona-design-week-2025.jpeg\",\"contentUrl\":\"https:\/\/www.grupefebe.com\/custom\/uploads\/2025\/10\/disseny-acustic-barcelona-design-week-2025.jpeg\",\"width\":2048,\"height\":1536,\"caption\":\"Materiais para projeto ac\u00fastico\"},{\"@type\":\"BreadcrumbList\",\"@id\":\"https:\/\/www.grupefebe.com\/pt-pt\/efebe-na-barcelona-design-week-2025-design-acustico-para-melhorar-o-bem-estar-nos-espacos\/#breadcrumb\",\"itemListElement\":[{\"@type\":\"ListItem\",\"position\":1,\"name\":\"Inici\",\"item\":\"https:\/\/www.grupefebe.com\/pt-pt\/\"},{\"@type\":\"ListItem\",\"position\":2,\"name\":\"Efeb\u00e9 na Barcelona Design Week 2025: design ac\u00fastico para melhorar o bem-estar nos espa\u00e7os\"}]},{\"@type\":\"WebSite\",\"@id\":\"https:\/\/www.grupefebe.com\/pt-pt\/#website\",\"url\":\"https:\/\/www.grupefebe.com\/pt-pt\/\",\"name\":\"Grup Efeb\u00e9\",\"description\":\"Otro sitio realizado con WordPress\",\"publisher\":{\"@id\":\"https:\/\/www.grupefebe.com\/pt-pt\/#organization\"},\"potentialAction\":[{\"@type\":\"SearchAction\",\"target\":{\"@type\":\"EntryPoint\",\"urlTemplate\":\"https:\/\/www.grupefebe.com\/pt-pt\/?s={search_term_string}\"},\"query-input\":{\"@type\":\"PropertyValueSpecification\",\"valueRequired\":true,\"valueName\":\"search_term_string\"}}],\"inLanguage\":\"pt-PT\"},{\"@type\":\"Organization\",\"@id\":\"https:\/\/www.grupefebe.com\/pt-pt\/#organization\",\"name\":\"Grup Efeb\u00e9\",\"url\":\"https:\/\/www.grupefebe.com\/pt-pt\/\",\"logo\":{\"@type\":\"ImageObject\",\"inLanguage\":\"pt-PT\",\"@id\":\"https:\/\/www.grupefebe.com\/pt-pt\/#\/schema\/logo\/image\/\",\"url\":\"https:\/\/grupefebe.com\/custom\/uploads\/2021\/01\/logo-efebe.png\",\"contentUrl\":\"https:\/\/grupefebe.com\/custom\/uploads\/2021\/01\/logo-efebe.png\",\"width\":524,\"height\":135,\"caption\":\"Grup Efeb\u00e9\"},\"image\":{\"@id\":\"https:\/\/www.grupefebe.com\/pt-pt\/#\/schema\/logo\/image\/\"},\"sameAs\":[\"https:\/\/www.facebook.com\/grup.efebe\",\"https:\/\/x.com\/grup_efebe\",\"https:\/\/www.instagram.com\/grup_efebe\/\",\"https:\/\/www.linkedin.com\/company\/grupefebe\",\"https:\/\/www.youtube.com\/channel\/UCj11-LAuLhPfqrL2649Xzrw\"]},{\"@type\":\"Person\",\"@id\":\"https:\/\/www.grupefebe.com\/pt-pt\/#\/schema\/person\/76402b3180eef131413100afc3282997\",\"name\":\"Grup Efeb\u00e9\",\"image\":{\"@type\":\"ImageObject\",\"inLanguage\":\"pt-PT\",\"@id\":\"https:\/\/www.grupefebe.com\/pt-pt\/#\/schema\/person\/image\/\",\"url\":\"https:\/\/secure.gravatar.com\/avatar\/913bc6aa90480101061296ab9cad4bd4ccfb82c623a8820f3fd577558c1651be?s=96&d=mm&r=g\",\"contentUrl\":\"https:\/\/secure.gravatar.com\/avatar\/913bc6aa90480101061296ab9cad4bd4ccfb82c623a8820f3fd577558c1651be?s=96&d=mm&r=g\",\"caption\":\"Grup Efeb\u00e9\"},\"url\":\"https:\/\/www.grupefebe.com\/pt-pt\/author\/julia\/\"}]}<\/script>\n<!-- \/ Yoast SEO plugin. -->","yoast_head_json":{"title":"BDW 2025: design ac\u00fastico para melhorar o bem-estar em espa\u00e7os | Grupo Efeb\u00e9","description":"A Efeb\u00e9 participa na Barcelona Design Week 2025 com uma confer\u00eancia dedicada ao design ac\u00fastico em escolas e escrit\u00f3rios.","robots":{"index":"index","follow":"follow","max-snippet":"max-snippet:-1","max-image-preview":"max-image-preview:large","max-video-preview":"max-video-preview:-1"},"canonical":"https:\/\/www.grupefebe.com\/pt-pt\/efebe-na-barcelona-design-week-2025-design-acustico-para-melhorar-o-bem-estar-nos-espacos\/","og_locale":"pt_PT","og_type":"article","og_title":"BDW 2025: design ac\u00fastico para melhorar o bem-estar em espa\u00e7os | Grupo Efeb\u00e9","og_description":"A Efeb\u00e9 participa na Barcelona Design Week 2025 com uma confer\u00eancia dedicada ao design ac\u00fastico em escolas e escrit\u00f3rios.","og_url":"https:\/\/www.grupefebe.com\/pt-pt\/efebe-na-barcelona-design-week-2025-design-acustico-para-melhorar-o-bem-estar-nos-espacos\/","og_site_name":"Grupo Efeb\u00e9","article_publisher":"https:\/\/www.facebook.com\/grup.efebe","article_published_time":"2025-10-20T11:32:09+00:00","og_image":[{"width":2048,"height":1536,"url":"https:\/\/www.grupefebe.com\/custom\/uploads\/2025\/10\/disseny-acustic-barcelona-design-week-2025.jpeg","type":"image\/jpeg"}],"author":"Grup Efeb\u00e9","twitter_card":"summary_large_image","twitter_creator":"@grup_efebe","twitter_site":"@grup_efebe","twitter_misc":{"Escrito por":"Grup Efeb\u00e9","Tempo estimado de leitura":"3 minutos"},"schema":{"@context":"https:\/\/schema.org","@graph":[{"@type":"Article","@id":"https:\/\/www.grupefebe.com\/pt-pt\/efebe-na-barcelona-design-week-2025-design-acustico-para-melhorar-o-bem-estar-nos-espacos\/#article","isPartOf":{"@id":"https:\/\/www.grupefebe.com\/pt-pt\/efebe-na-barcelona-design-week-2025-design-acustico-para-melhorar-o-bem-estar-nos-espacos\/"},"author":{"name":"Grup Efeb\u00e9","@id":"https:\/\/www.grupefebe.com\/pt-pt\/#\/schema\/person\/76402b3180eef131413100afc3282997"},"headline":"Efeb\u00e9 na Barcelona Design Week 2025: design ac\u00fastico para melhorar o bem-estar nos espa\u00e7os","datePublished":"2025-10-20T11:32:09+00:00","mainEntityOfPage":{"@id":"https:\/\/www.grupefebe.com\/pt-pt\/efebe-na-barcelona-design-week-2025-design-acustico-para-melhorar-o-bem-estar-nos-espacos\/"},"wordCount":611,"publisher":{"@id":"https:\/\/www.grupefebe.com\/pt-pt\/#organization"},"image":{"@id":"https:\/\/www.grupefebe.com\/pt-pt\/efebe-na-barcelona-design-week-2025-design-acustico-para-melhorar-o-bem-estar-nos-espacos\/#primaryimage"},"thumbnailUrl":"https:\/\/www.grupefebe.com\/custom\/uploads\/2025\/10\/disseny-acustic-barcelona-design-week-2025.jpeg","articleSection":["Escolas"],"inLanguage":"pt-PT"},{"@type":"WebPage","@id":"https:\/\/www.grupefebe.com\/pt-pt\/efebe-na-barcelona-design-week-2025-design-acustico-para-melhorar-o-bem-estar-nos-espacos\/","url":"https:\/\/www.grupefebe.com\/pt-pt\/efebe-na-barcelona-design-week-2025-design-acustico-para-melhorar-o-bem-estar-nos-espacos\/","name":"BDW 2025: design ac\u00fastico para melhorar o bem-estar em espa\u00e7os | Grupo Efeb\u00e9","isPartOf":{"@id":"https:\/\/www.grupefebe.com\/pt-pt\/#website"},"primaryImageOfPage":{"@id":"https:\/\/www.grupefebe.com\/pt-pt\/efebe-na-barcelona-design-week-2025-design-acustico-para-melhorar-o-bem-estar-nos-espacos\/#primaryimage"},"image":{"@id":"https:\/\/www.grupefebe.com\/pt-pt\/efebe-na-barcelona-design-week-2025-design-acustico-para-melhorar-o-bem-estar-nos-espacos\/#primaryimage"},"thumbnailUrl":"https:\/\/www.grupefebe.com\/custom\/uploads\/2025\/10\/disseny-acustic-barcelona-design-week-2025.jpeg","datePublished":"2025-10-20T11:32:09+00:00","description":"A Efeb\u00e9 participa na Barcelona Design Week 2025 com uma confer\u00eancia dedicada ao design ac\u00fastico em escolas e escrit\u00f3rios.","breadcrumb":{"@id":"https:\/\/www.grupefebe.com\/pt-pt\/efebe-na-barcelona-design-week-2025-design-acustico-para-melhorar-o-bem-estar-nos-espacos\/#breadcrumb"},"inLanguage":"pt-PT","potentialAction":[{"@type":"ReadAction","target":["https:\/\/www.grupefebe.com\/pt-pt\/efebe-na-barcelona-design-week-2025-design-acustico-para-melhorar-o-bem-estar-nos-espacos\/"]}]},{"@type":"ImageObject","inLanguage":"pt-PT","@id":"https:\/\/www.grupefebe.com\/pt-pt\/efebe-na-barcelona-design-week-2025-design-acustico-para-melhorar-o-bem-estar-nos-espacos\/#primaryimage","url":"https:\/\/www.grupefebe.com\/custom\/uploads\/2025\/10\/disseny-acustic-barcelona-design-week-2025.jpeg","contentUrl":"https:\/\/www.grupefebe.com\/custom\/uploads\/2025\/10\/disseny-acustic-barcelona-design-week-2025.jpeg","width":2048,"height":1536,"caption":"Materiais para projeto ac\u00fastico"},{"@type":"BreadcrumbList","@id":"https:\/\/www.grupefebe.com\/pt-pt\/efebe-na-barcelona-design-week-2025-design-acustico-para-melhorar-o-bem-estar-nos-espacos\/#breadcrumb","itemListElement":[{"@type":"ListItem","position":1,"name":"Inici","item":"https:\/\/www.grupefebe.com\/pt-pt\/"},{"@type":"ListItem","position":2,"name":"Efeb\u00e9 na Barcelona Design Week 2025: design ac\u00fastico para melhorar o bem-estar nos espa\u00e7os"}]},{"@type":"WebSite","@id":"https:\/\/www.grupefebe.com\/pt-pt\/#website","url":"https:\/\/www.grupefebe.com\/pt-pt\/","name":"Grup Efeb\u00e9","description":"Otro sitio realizado con WordPress","publisher":{"@id":"https:\/\/www.grupefebe.com\/pt-pt\/#organization"},"potentialAction":[{"@type":"SearchAction","target":{"@type":"EntryPoint","urlTemplate":"https:\/\/www.grupefebe.com\/pt-pt\/?s={search_term_string}"},"query-input":{"@type":"PropertyValueSpecification","valueRequired":true,"valueName":"search_term_string"}}],"inLanguage":"pt-PT"},{"@type":"Organization","@id":"https:\/\/www.grupefebe.com\/pt-pt\/#organization","name":"Grup Efeb\u00e9","url":"https:\/\/www.grupefebe.com\/pt-pt\/","logo":{"@type":"ImageObject","inLanguage":"pt-PT","@id":"https:\/\/www.grupefebe.com\/pt-pt\/#\/schema\/logo\/image\/","url":"https:\/\/grupefebe.com\/custom\/uploads\/2021\/01\/logo-efebe.png","contentUrl":"https:\/\/grupefebe.com\/custom\/uploads\/2021\/01\/logo-efebe.png","width":524,"height":135,"caption":"Grup Efeb\u00e9"},"image":{"@id":"https:\/\/www.grupefebe.com\/pt-pt\/#\/schema\/logo\/image\/"},"sameAs":["https:\/\/www.facebook.com\/grup.efebe","https:\/\/x.com\/grup_efebe","https:\/\/www.instagram.com\/grup_efebe\/","https:\/\/www.linkedin.com\/company\/grupefebe","https:\/\/www.youtube.com\/channel\/UCj11-LAuLhPfqrL2649Xzrw"]},{"@type":"Person","@id":"https:\/\/www.grupefebe.com\/pt-pt\/#\/schema\/person\/76402b3180eef131413100afc3282997","name":"Grup Efeb\u00e9","image":{"@type":"ImageObject","inLanguage":"pt-PT","@id":"https:\/\/www.grupefebe.com\/pt-pt\/#\/schema\/person\/image\/","url":"https:\/\/secure.gravatar.com\/avatar\/913bc6aa90480101061296ab9cad4bd4ccfb82c623a8820f3fd577558c1651be?s=96&d=mm&r=g","contentUrl":"https:\/\/secure.gravatar.com\/avatar\/913bc6aa90480101061296ab9cad4bd4ccfb82c623a8820f3fd577558c1651be?s=96&d=mm&r=g","caption":"Grup Efeb\u00e9"},"url":"https:\/\/www.grupefebe.com\/pt-pt\/author\/julia\/"}]}},"_links":{"self":[{"href":"https:\/\/www.grupefebe.com\/pt-pt\/wp-json\/wp\/v2\/posts\/27888","targetHints":{"allow":["GET"]}}],"collection":[{"href":"https:\/\/www.grupefebe.com\/pt-pt\/wp-json\/wp\/v2\/posts"}],"about":[{"href":"https:\/\/www.grupefebe.com\/pt-pt\/wp-json\/wp\/v2\/types\/post"}],"author":[{"embeddable":true,"href":"https:\/\/www.grupefebe.com\/pt-pt\/wp-json\/wp\/v2\/users\/2"}],"replies":[{"embeddable":true,"href":"https:\/\/www.grupefebe.com\/pt-pt\/wp-json\/wp\/v2\/comments?post=27888"}],"version-history":[{"count":0,"href":"https:\/\/www.grupefebe.com\/pt-pt\/wp-json\/wp\/v2\/posts\/27888\/revisions"}],"wp:featuredmedia":[{"embeddable":true,"href":"https:\/\/www.grupefebe.com\/pt-pt\/wp-json\/wp\/v2\/media\/27887"}],"wp:attachment":[{"href":"https:\/\/www.grupefebe.com\/pt-pt\/wp-json\/wp\/v2\/media?parent=27888"}],"wp:term":[{"taxonomy":"category","embeddable":true,"href":"https:\/\/www.grupefebe.com\/pt-pt\/wp-json\/wp\/v2\/categories?post=27888"}],"curies":[{"name":"wp","href":"https:\/\/api.w.org\/{rel}","templated":true}]}}