{"id":25913,"date":"2024-08-14T13:21:04","date_gmt":"2024-08-14T13:21:04","guid":{"rendered":"https:\/\/www.grupefebe.com\/?p=25913"},"modified":"2025-01-03T17:14:14","modified_gmt":"2025-01-03T17:14:14","slug":"6-principios-de-sustentabilidade-no-design-de-interiores-corporativo","status":"publish","type":"post","link":"https:\/\/www.grupefebe.com\/pt-pt\/6-principios-de-sustentabilidade-no-design-de-interiores-corporativo\/","title":{"rendered":"Arquitetura sustent\u00e1vel: 6 princ\u00edpios de sustentabilidade no design de interiores corporativo"},"content":{"rendered":"<p>Um design sustent\u00e1vel de escrit\u00f3rio \u00e9 cada vez mais necess\u00e1rio para enfrentar os desafios ambientais, reduzir o consumo de energia e promover a sa\u00fade e o bem-estar de quem nele trabalha.<\/p>\n<p>As mudan\u00e7as clim\u00e1ticas e a degrada\u00e7\u00e3o ambiental s\u00e3o quest\u00f5es urgentes a n\u00edvel mundial. No Grup Efeb\u00e9, seguimos 6 princ\u00edpios em todos os <a href=\"https:\/\/www.grupefebe.com\/pt-pt\/projetos\/\">nossos projetos<\/a> para garantir e promover a sustentabilidade no design de interiores.<\/p>\n<h3>Isolamento t\u00e9rmico e ac\u00fastico<\/h3>\n<p>Quer acredite num modelo h\u00edbrido (combinando trabalho remoto e presencial) ou num regresso total ao escrit\u00f3rio, existe um consenso sobre a necessidade de design sustent\u00e1vel e saud\u00e1vel, que melhorem tanto o bem-estar dos trabalhadores como do ambiente.<\/p>\n<p>Para melhorar a efici\u00eancia energ\u00e9tica, \u00e9 fundamental dispor de um bom <strong>isolamento t\u00e9rmico<\/strong> para manter uma temperatura agrad\u00e1vel e consistente, independentemente das condi\u00e7\u00f5es externas. As nossas medidas sustent\u00e1veis para empresas, al\u00e9m de minimizar o consumo de energia, garantem que a energia utilizada seja gerada por sistemas de energias renov\u00e1veis, podendo levar a uma poupan\u00e7a significativa nos custos de aquecimento, refrigera\u00e7\u00e3o e condicionamento ac\u00fastico. Um ambiente interior mais confort\u00e1vel e tranquilo contribui para a redu\u00e7\u00e3o dos n\u00edveis de stress e pode ter um impacto positivo na sa\u00fade f\u00edsica e mental. Um isolamento t\u00e9rmico adequado tamb\u00e9m pode ajudar a prevenir a condensa\u00e7\u00e3o, a humidade e a forma\u00e7\u00e3o de bolor, que podem ser prejudiciais \u00e0 sa\u00fade.<\/p>\n<p>O <strong>isolamento ac\u00fastico<\/strong> ajuda a reduzir tanto o ru\u00eddo externo, como do tr\u00e2nsito e das obras, quanto o ru\u00eddo interno proveniente do pr\u00f3prio escrit\u00f3rio, garantindo um espa\u00e7o de trabalho tranquilo.<\/p>\n<h3>Materiais naturais e saud\u00e1veis<\/h3>\n<p>Os nossos projetos de arquitetura sustent\u00e1vel utilizam materiais que s\u00e3o adequados tanto para o nosso bem-estar, como para o meio ambiente. Algumas das op\u00e7\u00f5es que consideramos incluem:<\/p>\n<ul>\n<li><strong>Madeira<\/strong>: um material natural e acolhedor que cria um ambiente de escrit\u00f3rio confort\u00e1vel. Quando obtida de forma sustent\u00e1vel, prov\u00e9m de fontes renov\u00e1veis, contribuindo para um espa\u00e7o de escrit\u00f3rio sustent\u00e1vel.<\/li>\n<li><strong>Tintas ecol\u00f3gicas<\/strong>: trabalhamos com produtos ecol\u00f3gicos com baixo teor de COV. Estas tintas s\u00e3o feitas com ingredientes naturais e cont\u00eam menos produtos qu\u00edmicos nocivos, melhorando a qualidade do ar interior e reduzindo a exposi\u00e7\u00e3o a subst\u00e2ncias t\u00f3xicas. Por exemplo, utilizamos frequentemente tintas com propriedades fotocatal\u00edticas que ajudam a melhorar a qualidade do ar interior.<\/li>\n<li><strong>Tecidos naturais<\/strong>: materiais como o algod\u00e3o org\u00e2nico, o linho ou a seda utilizados em cortinas, estofos e roupa de cama podem ter benef\u00edcios para a sa\u00fade. Estes materiais s\u00e3o respir\u00e1veis, hipoalerg\u00e9nicos e isentos de produtos qu\u00edmicos nocivos, proporcionando uma sensa\u00e7\u00e3o agrad\u00e1vel ao toque, e contribuindo simultaneamente para um escrit\u00f3rio mais saud\u00e1vel e sustent\u00e1vel.<\/li>\n<\/ul>\n<h3>Maximizar a ilumina\u00e7\u00e3o natural<\/h3>\n<p class=\"_04xlpA direction-ltr align-justify para-style-body\">Um design de ilumina\u00e7\u00e3o eficiente deve maximizar a utiliza\u00e7\u00e3o de luz natural no espa\u00e7o. Apresentamos aqui algumas estrat\u00e9gias que utilizamos nos nossos projetos de arquitetura sustent\u00e1vel:<\/p>\n<ul>\n<li>Utilize a luz solar, pintando os tetos e paredes em cores claras.<\/li>\n<li>Utilize sistemas de regula\u00e7\u00e3o e controlo de intensidade luminosa com sensores.<\/li>\n<li>Incorpore a ilumina\u00e7\u00e3o LED ou fluorescente compacta, que consome menos 90% de energia do que as l\u00e2mpadas convencionais.<\/li>\n<li>Instale detetores de movimento para centralizar e automatizar o sistema de ilumina\u00e7\u00e3o.<\/li>\n<\/ul>\n<div id=\"attachment_13137\" style=\"width: 975px\" class=\"wp-caption aligncenter\"><img loading=\"lazy\" decoding=\"async\" aria-describedby=\"caption-attachment-13137\" class=\"wp-image-13137\" src=\"https:\/\/www.grupefebe.com\/custom\/uploads\/2023\/02\/DSC8518-copia-300x200.jpg\" alt=\"oficina sostenible\" width=\"965\" height=\"643\" srcset=\"https:\/\/www.grupefebe.com\/custom\/uploads\/2023\/02\/DSC8518-copia-300x200.jpg 300w, https:\/\/www.grupefebe.com\/custom\/uploads\/2023\/02\/DSC8518-copia-768x513.jpg 768w, https:\/\/www.grupefebe.com\/custom\/uploads\/2023\/02\/DSC8518-copia-1536x1025.jpg 1536w, https:\/\/www.grupefebe.com\/custom\/uploads\/2023\/02\/DSC8518-copia-2048x1367.jpg 2048w\" sizes=\"auto, (max-width: 965px) 100vw, 965px\" \/><p id=\"caption-attachment-13137\" class=\"wp-caption-text\">Ilumina\u00e7\u00e3o natural neste design sustent\u00e1vel em Lisboa. Projeto do Efeb\u00e9. Fotografia: <a href=\"https:\/\/www.whitemoments.es\/\">Toni Santiso<\/a>.<\/p><\/div>\n<h3>Naturaliza\u00e7\u00e3o de espa\u00e7os com design biof\u00edlico<\/h3>\n<p class=\"_04xlpA direction-ltr align-justify para-style-body\">Em todas as nossas medidas sustent\u00e1veis para empresas, o contacto direto entre os trabalhadores e a natureza \u00e9 um fator crucial.<\/p>\n<ul>\n<li><span class=\"WdYUQQ\"><a href=\"https:\/\/www.grupefebe.com\/pt-pt\/o-que-e-o-design-biofilico\/\"><strong>Design biof\u00edlico<\/strong><\/a>: centrado na melhoria do conforto e do bem-estar, bem como da qualidade do ar. Para o efeito, inclui a integra\u00e7\u00e3o de elementos naturais, tais como plantas, fontes de \u00e1gua e materiais naturais. <\/span><\/li>\n<li><span class=\"WdYUQQ\"><strong>Compromisso ambiental<\/strong>: incentiva a reciclagem, a reutiliza\u00e7\u00e3o e valoriza a biodiversidade. Implementamos programas de redu\u00e7\u00e3o de res\u00edduos e promovemos a utiliza\u00e7\u00e3o de produtos ecol\u00f3gicos. <\/span><\/li>\n<li><span class=\"WdYUQQ\"><strong>Jardim urbano<\/strong>: cria um novo ambiente social e interativo com os colegas. Ter um jardim urbano no espa\u00e7o de escrit\u00f3rio pode promover o trabalho em equipa e proporcionar uma \u00e1rea de descanso relaxante.<\/span><\/li>\n<\/ul>\n<h3>Sistema de ventila\u00e7\u00e3o mec\u00e2nica<\/h3>\n<p>Um projeto de arquitetura sustent\u00e1vel eficaz inclui um sistema de ventila\u00e7\u00e3o mec\u00e2nica que garante um fornecimento constante de ar fresco e filtrado. Isso mant\u00e9m o ambiente interior com ar limpo e isento de contaminantes. Tal sistema utiliza ventiladores e filtros para extrair o ar viciado do interior e fornecer ar exterior limpo e saud\u00e1vel. Os filtros de alta efici\u00eancia captam as part\u00edculas como p\u00f3, p\u00f3len, alerg\u00e9nios, micro-organismos e contaminantes qu\u00edmicos, impedindo a sua dispers\u00e3o no espa\u00e7o do escrit\u00f3rio. Manter uma qualidade do ar interior ideal promove a sa\u00fade e o bem-estar dos ocupantes, reduzindo o risco de problemas respirat\u00f3rios, alergias e outros efeitos adversos para a sa\u00fade relacionados com a m\u00e1 qualidade do ar. A manuten\u00e7\u00e3o regular deste sistema \u00e9 essencial para garantir o funcionamento adequado e a substitui\u00e7\u00e3o peri\u00f3dica dos filtros para manter a qualidade do ar interior em n\u00edveis ideais.<\/p>\n<h3>Conserva\u00e7\u00e3o de \u00e1gua na arquitetura sustent\u00e1vel<\/h3>\n<p>Apresentamos aqui algumas ideias a considerar em projetos de arquitetura sustent\u00e1vel para melhorar a poupan\u00e7a de \u00e1gua:<\/p>\n<ul>\n<li>Incorpore dispositivos de baixo fluxo em torneiras, chuveiros e sanitas, para reduzir o consumo de \u00e1gua sem comprometer a funcionalidade.<\/li>\n<li>Instale sistemas de recolha de \u00e1gua da chuva para captar e armazenar \u00e1gua da chuva.<\/li>\n<li>Utilize plantas aut\u00f3ctones ou adaptadas ao clima que requeiram menos \u00e1gua para se manterem saud\u00e1veis.<\/li>\n<li>Implemente sistemas de monitoriza\u00e7\u00e3o e gest\u00e3o de \u00e1gua, para ter um melhor controlo do consumo e detetar potenciais fugas ou problemas de efici\u00eancia.<\/li>\n<li>Aumente a consciencializa\u00e7\u00e3o sobre a import\u00e2ncia da utiliza\u00e7\u00e3o respons\u00e1vel da \u00e1gua entre os trabalhadores, os clientes e a comunidade em geral.<\/li>\n<\/ul>\n<p>Contacte-nos para discutir como tornar o seu escrit\u00f3rio mais sustent\u00e1vel. Os nossos especialistas em projetos de arquitetura sustent\u00e1vel ir\u00e3o acompanh\u00e1-lo desde a conce\u00e7\u00e3o at\u00e9 \u00e0 execu\u00e7\u00e3o, e mais al\u00e9m.<\/p>\n","protected":false},"excerpt":{"rendered":"<p>Um design sustent\u00e1vel de escrit\u00f3rio \u00e9 cada vez mais necess\u00e1rio para enfrentar os desafios ambientais, reduzir o consumo de energia [&hellip;]<\/p>\n","protected":false},"author":2,"featured_media":24524,"comment_status":"closed","ping_status":"closed","sticky":false,"template":"","format":"standard","meta":{"_acf_changed":false,"footnotes":"","_links_to":"","_links_to_target":""},"categories":[310],"class_list":["post-25913","post","type-post","status-publish","format-standard","has-post-thumbnail","hentry","category-escritorios"],"acf":[],"yoast_head":"<!-- This site is optimized with the Yoast SEO plugin v25.9 - https:\/\/yoast.com\/wordpress\/plugins\/seo\/ -->\n<title>6 Princ\u00edpios de Sustentabilidade Na Arquitetura | Grup Efeb\u00e9<\/title>\n<meta name=\"description\" content=\"Aprenda como tornar seu escrit\u00f3rio mais sustent\u00e1vel com nossos 6 princ\u00edpios de design sustent\u00e1vel. Aumente o bem-estar e a produtividade.\" \/>\n<meta name=\"robots\" content=\"index, follow, max-snippet:-1, max-image-preview:large, max-video-preview:-1\" \/>\n<link rel=\"canonical\" href=\"https:\/\/www.grupefebe.com\/pt-pt\/6-principios-de-sustentabilidade-no-design-de-interiores-corporativo\/\" \/>\n<meta property=\"og:locale\" content=\"pt_PT\" \/>\n<meta property=\"og:type\" content=\"article\" \/>\n<meta property=\"og:title\" content=\"6 Princ\u00edpios de Sustentabilidade Na Arquitetura | Grup Efeb\u00e9\" \/>\n<meta property=\"og:description\" content=\"Aprenda como tornar seu escrit\u00f3rio mais sustent\u00e1vel com nossos 6 princ\u00edpios de design sustent\u00e1vel. Aumente o bem-estar e a produtividade.\" \/>\n<meta property=\"og:url\" content=\"https:\/\/www.grupefebe.com\/pt-pt\/6-principios-de-sustentabilidade-no-design-de-interiores-corporativo\/\" \/>\n<meta property=\"og:site_name\" content=\"Grupo Efeb\u00e9\" \/>\n<meta property=\"article:publisher\" content=\"https:\/\/www.facebook.com\/grup.efebe\" \/>\n<meta property=\"article:published_time\" content=\"2024-08-14T13:21:04+00:00\" \/>\n<meta property=\"article:modified_time\" content=\"2025-01-03T17:14:14+00:00\" \/>\n<meta property=\"og:image\" content=\"https:\/\/www.grupefebe.com\/custom\/uploads\/2023\/05\/oficina-sostenible-1-scaled.jpg\" \/>\n\t<meta property=\"og:image:width\" content=\"2560\" \/>\n\t<meta property=\"og:image:height\" content=\"1703\" \/>\n\t<meta property=\"og:image:type\" content=\"image\/jpeg\" \/>\n<meta name=\"author\" content=\"Grup Efeb\u00e9\" \/>\n<meta name=\"twitter:card\" content=\"summary_large_image\" \/>\n<meta name=\"twitter:creator\" content=\"@grup_efebe\" \/>\n<meta name=\"twitter:site\" content=\"@grup_efebe\" \/>\n<meta name=\"twitter:label1\" content=\"Escrito por\" \/>\n\t<meta name=\"twitter:data1\" content=\"Grup Efeb\u00e9\" \/>\n\t<meta name=\"twitter:label2\" content=\"Tempo estimado de leitura\" \/>\n\t<meta name=\"twitter:data2\" content=\"6 minutos\" \/>\n<script type=\"application\/ld+json\" class=\"yoast-schema-graph\">{\"@context\":\"https:\/\/schema.org\",\"@graph\":[{\"@type\":\"Article\",\"@id\":\"https:\/\/www.grupefebe.com\/pt-pt\/6-principios-de-sustentabilidade-no-design-de-interiores-corporativo\/#article\",\"isPartOf\":{\"@id\":\"https:\/\/www.grupefebe.com\/pt-pt\/6-principios-de-sustentabilidade-no-design-de-interiores-corporativo\/\"},\"author\":{\"name\":\"Grup Efeb\u00e9\",\"@id\":\"https:\/\/www.grupefebe.com\/pt-pt\/#\/schema\/person\/76402b3180eef131413100afc3282997\"},\"headline\":\"Arquitetura sustent\u00e1vel: 6 princ\u00edpios de sustentabilidade no design de interiores corporativo\",\"datePublished\":\"2024-08-14T13:21:04+00:00\",\"dateModified\":\"2025-01-03T17:14:14+00:00\",\"mainEntityOfPage\":{\"@id\":\"https:\/\/www.grupefebe.com\/pt-pt\/6-principios-de-sustentabilidade-no-design-de-interiores-corporativo\/\"},\"wordCount\":1080,\"publisher\":{\"@id\":\"https:\/\/www.grupefebe.com\/pt-pt\/#organization\"},\"image\":{\"@id\":\"https:\/\/www.grupefebe.com\/pt-pt\/6-principios-de-sustentabilidade-no-design-de-interiores-corporativo\/#primaryimage\"},\"thumbnailUrl\":\"https:\/\/www.grupefebe.com\/custom\/uploads\/2023\/05\/oficina-sostenible-1-scaled.jpg\",\"articleSection\":[\"Escrit\u00f3rios\"],\"inLanguage\":\"pt-PT\"},{\"@type\":\"WebPage\",\"@id\":\"https:\/\/www.grupefebe.com\/pt-pt\/6-principios-de-sustentabilidade-no-design-de-interiores-corporativo\/\",\"url\":\"https:\/\/www.grupefebe.com\/pt-pt\/6-principios-de-sustentabilidade-no-design-de-interiores-corporativo\/\",\"name\":\"6 Princ\u00edpios de Sustentabilidade Na Arquitetura | Grup Efeb\u00e9\",\"isPartOf\":{\"@id\":\"https:\/\/www.grupefebe.com\/pt-pt\/#website\"},\"primaryImageOfPage\":{\"@id\":\"https:\/\/www.grupefebe.com\/pt-pt\/6-principios-de-sustentabilidade-no-design-de-interiores-corporativo\/#primaryimage\"},\"image\":{\"@id\":\"https:\/\/www.grupefebe.com\/pt-pt\/6-principios-de-sustentabilidade-no-design-de-interiores-corporativo\/#primaryimage\"},\"thumbnailUrl\":\"https:\/\/www.grupefebe.com\/custom\/uploads\/2023\/05\/oficina-sostenible-1-scaled.jpg\",\"datePublished\":\"2024-08-14T13:21:04+00:00\",\"dateModified\":\"2025-01-03T17:14:14+00:00\",\"description\":\"Aprenda como tornar seu escrit\u00f3rio mais sustent\u00e1vel com nossos 6 princ\u00edpios de design sustent\u00e1vel. Aumente o bem-estar e a produtividade.\",\"breadcrumb\":{\"@id\":\"https:\/\/www.grupefebe.com\/pt-pt\/6-principios-de-sustentabilidade-no-design-de-interiores-corporativo\/#breadcrumb\"},\"inLanguage\":\"pt-PT\",\"potentialAction\":[{\"@type\":\"ReadAction\",\"target\":[\"https:\/\/www.grupefebe.com\/pt-pt\/6-principios-de-sustentabilidade-no-design-de-interiores-corporativo\/\"]}]},{\"@type\":\"ImageObject\",\"inLanguage\":\"pt-PT\",\"@id\":\"https:\/\/www.grupefebe.com\/pt-pt\/6-principios-de-sustentabilidade-no-design-de-interiores-corporativo\/#primaryimage\",\"url\":\"https:\/\/www.grupefebe.com\/custom\/uploads\/2023\/05\/oficina-sostenible-1-scaled.jpg\",\"contentUrl\":\"https:\/\/www.grupefebe.com\/custom\/uploads\/2023\/05\/oficina-sostenible-1-scaled.jpg\",\"width\":2560,\"height\":1703},{\"@type\":\"BreadcrumbList\",\"@id\":\"https:\/\/www.grupefebe.com\/pt-pt\/6-principios-de-sustentabilidade-no-design-de-interiores-corporativo\/#breadcrumb\",\"itemListElement\":[{\"@type\":\"ListItem\",\"position\":1,\"name\":\"Inici\",\"item\":\"https:\/\/www.grupefebe.com\/pt-pt\/\"},{\"@type\":\"ListItem\",\"position\":2,\"name\":\"Arquitetura sustent\u00e1vel: 6 princ\u00edpios de sustentabilidade no design de interiores corporativo\"}]},{\"@type\":\"WebSite\",\"@id\":\"https:\/\/www.grupefebe.com\/pt-pt\/#website\",\"url\":\"https:\/\/www.grupefebe.com\/pt-pt\/\",\"name\":\"Grup Efeb\u00e9\",\"description\":\"Otro sitio realizado con WordPress\",\"publisher\":{\"@id\":\"https:\/\/www.grupefebe.com\/pt-pt\/#organization\"},\"potentialAction\":[{\"@type\":\"SearchAction\",\"target\":{\"@type\":\"EntryPoint\",\"urlTemplate\":\"https:\/\/www.grupefebe.com\/pt-pt\/?s={search_term_string}\"},\"query-input\":{\"@type\":\"PropertyValueSpecification\",\"valueRequired\":true,\"valueName\":\"search_term_string\"}}],\"inLanguage\":\"pt-PT\"},{\"@type\":\"Organization\",\"@id\":\"https:\/\/www.grupefebe.com\/pt-pt\/#organization\",\"name\":\"Grup Efeb\u00e9\",\"url\":\"https:\/\/www.grupefebe.com\/pt-pt\/\",\"logo\":{\"@type\":\"ImageObject\",\"inLanguage\":\"pt-PT\",\"@id\":\"https:\/\/www.grupefebe.com\/pt-pt\/#\/schema\/logo\/image\/\",\"url\":\"https:\/\/grupefebe.com\/custom\/uploads\/2021\/01\/logo-efebe.png\",\"contentUrl\":\"https:\/\/grupefebe.com\/custom\/uploads\/2021\/01\/logo-efebe.png\",\"width\":524,\"height\":135,\"caption\":\"Grup Efeb\u00e9\"},\"image\":{\"@id\":\"https:\/\/www.grupefebe.com\/pt-pt\/#\/schema\/logo\/image\/\"},\"sameAs\":[\"https:\/\/www.facebook.com\/grup.efebe\",\"https:\/\/x.com\/grup_efebe\",\"https:\/\/www.instagram.com\/grup_efebe\/\",\"https:\/\/www.linkedin.com\/company\/grupefebe\",\"https:\/\/www.youtube.com\/channel\/UCj11-LAuLhPfqrL2649Xzrw\"]},{\"@type\":\"Person\",\"@id\":\"https:\/\/www.grupefebe.com\/pt-pt\/#\/schema\/person\/76402b3180eef131413100afc3282997\",\"name\":\"Grup Efeb\u00e9\",\"image\":{\"@type\":\"ImageObject\",\"inLanguage\":\"pt-PT\",\"@id\":\"https:\/\/www.grupefebe.com\/pt-pt\/#\/schema\/person\/image\/\",\"url\":\"https:\/\/secure.gravatar.com\/avatar\/913bc6aa90480101061296ab9cad4bd4ccfb82c623a8820f3fd577558c1651be?s=96&d=mm&r=g\",\"contentUrl\":\"https:\/\/secure.gravatar.com\/avatar\/913bc6aa90480101061296ab9cad4bd4ccfb82c623a8820f3fd577558c1651be?s=96&d=mm&r=g\",\"caption\":\"Grup Efeb\u00e9\"},\"url\":\"https:\/\/www.grupefebe.com\/pt-pt\/author\/julia\/\"}]}<\/script>\n<!-- \/ Yoast SEO plugin. -->","yoast_head_json":{"title":"6 Princ\u00edpios de Sustentabilidade Na Arquitetura | Grup Efeb\u00e9","description":"Aprenda como tornar seu escrit\u00f3rio mais sustent\u00e1vel com nossos 6 princ\u00edpios de design sustent\u00e1vel. Aumente o bem-estar e a produtividade.","robots":{"index":"index","follow":"follow","max-snippet":"max-snippet:-1","max-image-preview":"max-image-preview:large","max-video-preview":"max-video-preview:-1"},"canonical":"https:\/\/www.grupefebe.com\/pt-pt\/6-principios-de-sustentabilidade-no-design-de-interiores-corporativo\/","og_locale":"pt_PT","og_type":"article","og_title":"6 Princ\u00edpios de Sustentabilidade Na Arquitetura | Grup Efeb\u00e9","og_description":"Aprenda como tornar seu escrit\u00f3rio mais sustent\u00e1vel com nossos 6 princ\u00edpios de design sustent\u00e1vel. Aumente o bem-estar e a produtividade.","og_url":"https:\/\/www.grupefebe.com\/pt-pt\/6-principios-de-sustentabilidade-no-design-de-interiores-corporativo\/","og_site_name":"Grupo Efeb\u00e9","article_publisher":"https:\/\/www.facebook.com\/grup.efebe","article_published_time":"2024-08-14T13:21:04+00:00","article_modified_time":"2025-01-03T17:14:14+00:00","og_image":[{"width":2560,"height":1703,"url":"https:\/\/www.grupefebe.com\/custom\/uploads\/2023\/05\/oficina-sostenible-1-scaled.jpg","type":"image\/jpeg"}],"author":"Grup Efeb\u00e9","twitter_card":"summary_large_image","twitter_creator":"@grup_efebe","twitter_site":"@grup_efebe","twitter_misc":{"Escrito por":"Grup Efeb\u00e9","Tempo estimado de leitura":"6 minutos"},"schema":{"@context":"https:\/\/schema.org","@graph":[{"@type":"Article","@id":"https:\/\/www.grupefebe.com\/pt-pt\/6-principios-de-sustentabilidade-no-design-de-interiores-corporativo\/#article","isPartOf":{"@id":"https:\/\/www.grupefebe.com\/pt-pt\/6-principios-de-sustentabilidade-no-design-de-interiores-corporativo\/"},"author":{"name":"Grup Efeb\u00e9","@id":"https:\/\/www.grupefebe.com\/pt-pt\/#\/schema\/person\/76402b3180eef131413100afc3282997"},"headline":"Arquitetura sustent\u00e1vel: 6 princ\u00edpios de sustentabilidade no design de interiores corporativo","datePublished":"2024-08-14T13:21:04+00:00","dateModified":"2025-01-03T17:14:14+00:00","mainEntityOfPage":{"@id":"https:\/\/www.grupefebe.com\/pt-pt\/6-principios-de-sustentabilidade-no-design-de-interiores-corporativo\/"},"wordCount":1080,"publisher":{"@id":"https:\/\/www.grupefebe.com\/pt-pt\/#organization"},"image":{"@id":"https:\/\/www.grupefebe.com\/pt-pt\/6-principios-de-sustentabilidade-no-design-de-interiores-corporativo\/#primaryimage"},"thumbnailUrl":"https:\/\/www.grupefebe.com\/custom\/uploads\/2023\/05\/oficina-sostenible-1-scaled.jpg","articleSection":["Escrit\u00f3rios"],"inLanguage":"pt-PT"},{"@type":"WebPage","@id":"https:\/\/www.grupefebe.com\/pt-pt\/6-principios-de-sustentabilidade-no-design-de-interiores-corporativo\/","url":"https:\/\/www.grupefebe.com\/pt-pt\/6-principios-de-sustentabilidade-no-design-de-interiores-corporativo\/","name":"6 Princ\u00edpios de Sustentabilidade Na Arquitetura | Grup Efeb\u00e9","isPartOf":{"@id":"https:\/\/www.grupefebe.com\/pt-pt\/#website"},"primaryImageOfPage":{"@id":"https:\/\/www.grupefebe.com\/pt-pt\/6-principios-de-sustentabilidade-no-design-de-interiores-corporativo\/#primaryimage"},"image":{"@id":"https:\/\/www.grupefebe.com\/pt-pt\/6-principios-de-sustentabilidade-no-design-de-interiores-corporativo\/#primaryimage"},"thumbnailUrl":"https:\/\/www.grupefebe.com\/custom\/uploads\/2023\/05\/oficina-sostenible-1-scaled.jpg","datePublished":"2024-08-14T13:21:04+00:00","dateModified":"2025-01-03T17:14:14+00:00","description":"Aprenda como tornar seu escrit\u00f3rio mais sustent\u00e1vel com nossos 6 princ\u00edpios de design sustent\u00e1vel. Aumente o bem-estar e a produtividade.","breadcrumb":{"@id":"https:\/\/www.grupefebe.com\/pt-pt\/6-principios-de-sustentabilidade-no-design-de-interiores-corporativo\/#breadcrumb"},"inLanguage":"pt-PT","potentialAction":[{"@type":"ReadAction","target":["https:\/\/www.grupefebe.com\/pt-pt\/6-principios-de-sustentabilidade-no-design-de-interiores-corporativo\/"]}]},{"@type":"ImageObject","inLanguage":"pt-PT","@id":"https:\/\/www.grupefebe.com\/pt-pt\/6-principios-de-sustentabilidade-no-design-de-interiores-corporativo\/#primaryimage","url":"https:\/\/www.grupefebe.com\/custom\/uploads\/2023\/05\/oficina-sostenible-1-scaled.jpg","contentUrl":"https:\/\/www.grupefebe.com\/custom\/uploads\/2023\/05\/oficina-sostenible-1-scaled.jpg","width":2560,"height":1703},{"@type":"BreadcrumbList","@id":"https:\/\/www.grupefebe.com\/pt-pt\/6-principios-de-sustentabilidade-no-design-de-interiores-corporativo\/#breadcrumb","itemListElement":[{"@type":"ListItem","position":1,"name":"Inici","item":"https:\/\/www.grupefebe.com\/pt-pt\/"},{"@type":"ListItem","position":2,"name":"Arquitetura sustent\u00e1vel: 6 princ\u00edpios de sustentabilidade no design de interiores corporativo"}]},{"@type":"WebSite","@id":"https:\/\/www.grupefebe.com\/pt-pt\/#website","url":"https:\/\/www.grupefebe.com\/pt-pt\/","name":"Grup Efeb\u00e9","description":"Otro sitio realizado con WordPress","publisher":{"@id":"https:\/\/www.grupefebe.com\/pt-pt\/#organization"},"potentialAction":[{"@type":"SearchAction","target":{"@type":"EntryPoint","urlTemplate":"https:\/\/www.grupefebe.com\/pt-pt\/?s={search_term_string}"},"query-input":{"@type":"PropertyValueSpecification","valueRequired":true,"valueName":"search_term_string"}}],"inLanguage":"pt-PT"},{"@type":"Organization","@id":"https:\/\/www.grupefebe.com\/pt-pt\/#organization","name":"Grup Efeb\u00e9","url":"https:\/\/www.grupefebe.com\/pt-pt\/","logo":{"@type":"ImageObject","inLanguage":"pt-PT","@id":"https:\/\/www.grupefebe.com\/pt-pt\/#\/schema\/logo\/image\/","url":"https:\/\/grupefebe.com\/custom\/uploads\/2021\/01\/logo-efebe.png","contentUrl":"https:\/\/grupefebe.com\/custom\/uploads\/2021\/01\/logo-efebe.png","width":524,"height":135,"caption":"Grup Efeb\u00e9"},"image":{"@id":"https:\/\/www.grupefebe.com\/pt-pt\/#\/schema\/logo\/image\/"},"sameAs":["https:\/\/www.facebook.com\/grup.efebe","https:\/\/x.com\/grup_efebe","https:\/\/www.instagram.com\/grup_efebe\/","https:\/\/www.linkedin.com\/company\/grupefebe","https:\/\/www.youtube.com\/channel\/UCj11-LAuLhPfqrL2649Xzrw"]},{"@type":"Person","@id":"https:\/\/www.grupefebe.com\/pt-pt\/#\/schema\/person\/76402b3180eef131413100afc3282997","name":"Grup Efeb\u00e9","image":{"@type":"ImageObject","inLanguage":"pt-PT","@id":"https:\/\/www.grupefebe.com\/pt-pt\/#\/schema\/person\/image\/","url":"https:\/\/secure.gravatar.com\/avatar\/913bc6aa90480101061296ab9cad4bd4ccfb82c623a8820f3fd577558c1651be?s=96&d=mm&r=g","contentUrl":"https:\/\/secure.gravatar.com\/avatar\/913bc6aa90480101061296ab9cad4bd4ccfb82c623a8820f3fd577558c1651be?s=96&d=mm&r=g","caption":"Grup Efeb\u00e9"},"url":"https:\/\/www.grupefebe.com\/pt-pt\/author\/julia\/"}]}},"_links":{"self":[{"href":"https:\/\/www.grupefebe.com\/pt-pt\/wp-json\/wp\/v2\/posts\/25913","targetHints":{"allow":["GET"]}}],"collection":[{"href":"https:\/\/www.grupefebe.com\/pt-pt\/wp-json\/wp\/v2\/posts"}],"about":[{"href":"https:\/\/www.grupefebe.com\/pt-pt\/wp-json\/wp\/v2\/types\/post"}],"author":[{"embeddable":true,"href":"https:\/\/www.grupefebe.com\/pt-pt\/wp-json\/wp\/v2\/users\/2"}],"replies":[{"embeddable":true,"href":"https:\/\/www.grupefebe.com\/pt-pt\/wp-json\/wp\/v2\/comments?post=25913"}],"version-history":[{"count":5,"href":"https:\/\/www.grupefebe.com\/pt-pt\/wp-json\/wp\/v2\/posts\/25913\/revisions"}],"predecessor-version":[{"id":26674,"href":"https:\/\/www.grupefebe.com\/pt-pt\/wp-json\/wp\/v2\/posts\/25913\/revisions\/26674"}],"wp:featuredmedia":[{"embeddable":true,"href":"https:\/\/www.grupefebe.com\/pt-pt\/wp-json\/wp\/v2\/media\/24524"}],"wp:attachment":[{"href":"https:\/\/www.grupefebe.com\/pt-pt\/wp-json\/wp\/v2\/media?parent=25913"}],"wp:term":[{"taxonomy":"category","embeddable":true,"href":"https:\/\/www.grupefebe.com\/pt-pt\/wp-json\/wp\/v2\/categories?post=25913"}],"curies":[{"name":"wp","href":"https:\/\/api.w.org\/{rel}","templated":true}]}}