{"id":9613,"date":"2022-02-16T13:46:01","date_gmt":"2022-02-16T13:46:01","guid":{"rendered":"https:\/\/grupefebe.com\/?p=9613"},"modified":"2022-02-16T15:28:31","modified_gmt":"2022-02-16T15:28:31","slug":"efebe-participamos-en-la-transperfect-mountain-challenge","status":"publish","type":"post","link":"https:\/\/www.grupefebe.com\/es\/efebe-participamos-en-la-transperfect-mountain-challenge\/","title":{"rendered":"\u00a1Efeb\u00e9 participamos en la TransPerfect Mountain Challenge!"},"content":{"rendered":"<p>\u00a1El equipo de Grup Efeb\u00e9 hemos hecho participado en la <strong>TransPerfect Mountain Challenge<\/strong> 2021!<\/p>\n<p>Ante todo, esta iniciativa la organiza <a href=\"https:\/\/www.transperfect.com\/\">TransPerfect<\/a>, una empresa multinacional de traducci\u00f3n y servicios ling\u00fc\u00edsticos, con oficinas en todo el mundo. Concretamente, hemos dise\u00f1ado y equipado en <a href=\"https:\/\/www.grupefebe.com\/es\/projects\/ampliacion-de-las-oficinas-de-transperfect-en-madrid\/\">Madrid<\/a>, <a href=\"https:\/\/www.grupefebe.com\/es\/projects\/adecuacion-de-las-oficinas-de-propulse-video\/\">Barcelona<\/a>, <a href=\"https:\/\/www.grupefebe.com\/es\/projects\/traslado-y-adecuacion-de-las-nuevas-oficinas-de-overtaal-berlin\/\">Berl\u00edn<\/a> (Alemania), <a href=\"https:\/\/www.grupefebe.com\/es\/projects\/nueva-planta-de-oficinas-en-buenos-aires\/\">Buenos Aires<\/a> (Argentina) o <a href=\"https:\/\/www.grupefebe.com\/es\/projects\/transperfect-estambul-diseno-y-reforma-interna-de-las-oficinas\/\">Estambul<\/a> (Turqu\u00eda), y en estos momentos estamos en proceso de creaci\u00f3n de los espacios de trabajo en Lisboa (Portugal) y Utrecht (Pa\u00edses Bajos).<\/p>\n<p>A continuaci\u00f3n, te explicamos c\u00f3mo hemos participado y c\u00f3mo funciona la TransPerfect Mountain Challenge.<\/p>\n<h4>TransPerfect Mountain Challenge<\/h4>\n<p>\u00c9sta est\u00e1 dedicada a ayudar a <a href=\"https:\/\/afanoc.org\/\"><strong>AFANOC<\/strong><\/a> (Asociaci\u00f3n de Familiares y Amigos de Ni\u00f1os Oncol\u00f3gicos de Catalu\u00f1a), una organizaci\u00f3n sin \u00e1nimo de lucro que apoya a las familias con ni\u00f1os\/as y adolescentes con c\u00e1ncer. Para el equipo de Efeb\u00e9, el compromiso con el c\u00e1ncer infantil es imprescindible. Adem\u00e1s, coincide con el pasado viernes d\u00eda 4 de febrero se celebraba el D\u00eda mundial contra el c\u00e1ncer 2022.<\/p>\n<p>Dado que el 2020 no pudimos participar de la manera que lo hemos hecho los otros a\u00f1os, aqu\u00ed os compartimos un <a href=\"https:\/\/www.youtube.com\/watch?v=XFQ94iLjoGU\">v\u00eddeo del 2019<\/a> que asistimos a la carrera solidaria que se celebr\u00f3 en Sant Iscle de Vallalta (Barcelona).<\/p>\n<p>\u00a1En 2021 hemos participado de nuevo con una donaci\u00f3n! Dadas las circunstancias generadas por la Covid-19, desgraciadamente no hemos podido asistir a la carrera presencialmente, pero tenemos muchas ganas de participar en la pr\u00f3xima edici\u00f3n. As\u00ed pues, con la actividad organizada este pasado a\u00f1o quedamos expectantes para conocer la cantidad recaudada. Esperamos re\u00fana las expectativas de 60.000\u20ac aproximadamente como en los otros a\u00f1os.<\/p>\n<p>\u00a1Aqu\u00ed te compartimos una recopilaci\u00f3n de im\u00e1genes del equipo de <a href=\"https:\/\/grupefebe.com\/es\/\">Grupo Efeb\u00e9<\/a> al completo con las camisetas de la TransPerfect Mountain Challenge! Si quieres m\u00e1s informaci\u00f3n sobre la iniciativa o quieres participar de alguna forma, puedes entrar <a href=\"https:\/\/www.transperfectmountainchallenge.com\/ca\/transperfect-mountain-challenge-2\/\">aqu\u00ed<\/a> y descubrir c\u00f3mo hacerlo. <strong>La quinta edici\u00f3n se celebrar\u00e1 el pr\u00f3ximo 4 de junio<\/strong>.<\/p>\n<p>&nbsp;<\/p>\n\n\t\t<div class='galeria-blog owl-carousel-blog owl-carousel owl-theme'><img src='https:\/\/www.grupefebe.com\/custom\/uploads\/2022\/02\/transperfect_1-1.jpg'><img src='https:\/\/www.grupefebe.com\/custom\/uploads\/2022\/02\/TransPerfect_Mountain_Challenge_2-1.jpg'><img src='https:\/\/www.grupefebe.com\/custom\/uploads\/2022\/02\/TransPerfect_Mountain_Challenge_3-1.jpg'><\/div>\n","protected":false},"excerpt":{"rendered":"<p>\u00a1El equipo de Grup Efeb\u00e9 hemos hecho participado en la TransPerfect Mountain Challenge 2021! Ante todo, esta iniciativa la organiza [&hellip;]<\/p>\n","protected":false},"author":2,"featured_media":9728,"comment_status":"closed","ping_status":"closed","sticky":false,"template":"","format":"standard","meta":{"_acf_changed":false,"footnotes":"","_links_to":"","_links_to_target":""},"categories":[200],"class_list":["post-9613","post","type-post","status-publish","format-standard","has-post-thumbnail","hentry","category-oficinas"],"acf":[],"yoast_head":"<!-- This site is optimized with the Yoast SEO plugin v25.9 - https:\/\/yoast.com\/wordpress\/plugins\/seo\/ -->\n<title>\u00a1Efeb\u00e9 participamos en la TransPerfect Mountain Challenge! | Grupo Efeb\u00e9<\/title>\n<meta name=\"description\" content=\"Grupo Efeb\u00e9 hemos participado en el TransPerfect Mountain Challenge para ayudar a AFANOC. \u00a1Descubre m\u00e1s en este art\u00edculo del blog!\" \/>\n<meta name=\"robots\" content=\"index, follow, max-snippet:-1, max-image-preview:large, max-video-preview:-1\" \/>\n<link rel=\"canonical\" href=\"https:\/\/www.grupefebe.com\/es\/efebe-participamos-en-la-transperfect-mountain-challenge\/\" \/>\n<meta property=\"og:locale\" content=\"es_ES\" \/>\n<meta property=\"og:type\" content=\"article\" \/>\n<meta property=\"og:title\" content=\"\u00a1Efeb\u00e9 participamos en la TransPerfect Mountain Challenge! | Grupo Efeb\u00e9\" \/>\n<meta property=\"og:description\" content=\"Grupo Efeb\u00e9 hemos participado en el TransPerfect Mountain Challenge para ayudar a AFANOC. \u00a1Descubre m\u00e1s en este art\u00edculo del blog!\" \/>\n<meta property=\"og:url\" content=\"https:\/\/www.grupefebe.com\/es\/efebe-participamos-en-la-transperfect-mountain-challenge\/\" \/>\n<meta property=\"og:site_name\" content=\"Grupo Efeb\u00e9\" \/>\n<meta property=\"article:publisher\" content=\"https:\/\/www.facebook.com\/grup.efebe\" \/>\n<meta property=\"article:published_time\" content=\"2022-02-16T13:46:01+00:00\" \/>\n<meta property=\"article:modified_time\" content=\"2022-02-16T15:28:31+00:00\" \/>\n<meta property=\"og:image\" content=\"https:\/\/mail.grupefebe.com\/custom\/uploads\/2022\/02\/transperfect-mountain-challenge.jpg\" \/>\n\t<meta property=\"og:image:width\" content=\"1024\" \/>\n\t<meta property=\"og:image:height\" content=\"512\" \/>\n\t<meta property=\"og:image:type\" content=\"image\/jpeg\" \/>\n<meta name=\"author\" content=\"Grup Efeb\u00e9\" \/>\n<meta name=\"twitter:card\" content=\"summary_large_image\" \/>\n<meta name=\"twitter:creator\" content=\"@grup_efebe\" \/>\n<meta name=\"twitter:site\" content=\"@grup_efebe\" \/>\n<meta name=\"twitter:label1\" content=\"Escrito por\" \/>\n\t<meta name=\"twitter:data1\" content=\"Grup Efeb\u00e9\" \/>\n\t<meta name=\"twitter:label2\" content=\"Tiempo de lectura\" \/>\n\t<meta name=\"twitter:data2\" content=\"2 minutos\" \/>\n<script type=\"application\/ld+json\" class=\"yoast-schema-graph\">{\"@context\":\"https:\/\/schema.org\",\"@graph\":[{\"@type\":\"Article\",\"@id\":\"https:\/\/www.grupefebe.com\/es\/efebe-participamos-en-la-transperfect-mountain-challenge\/#article\",\"isPartOf\":{\"@id\":\"https:\/\/www.grupefebe.com\/es\/efebe-participamos-en-la-transperfect-mountain-challenge\/\"},\"author\":{\"name\":\"Grup Efeb\u00e9\",\"@id\":\"https:\/\/mail.grupefebe.com\/es\/#\/schema\/person\/76402b3180eef131413100afc3282997\"},\"headline\":\"\u00a1Efeb\u00e9 participamos en la TransPerfect Mountain Challenge!\",\"datePublished\":\"2022-02-16T13:46:01+00:00\",\"dateModified\":\"2022-02-16T15:28:31+00:00\",\"mainEntityOfPage\":{\"@id\":\"https:\/\/www.grupefebe.com\/es\/efebe-participamos-en-la-transperfect-mountain-challenge\/\"},\"wordCount\":349,\"publisher\":{\"@id\":\"https:\/\/mail.grupefebe.com\/es\/#organization\"},\"image\":{\"@id\":\"https:\/\/www.grupefebe.com\/es\/efebe-participamos-en-la-transperfect-mountain-challenge\/#primaryimage\"},\"thumbnailUrl\":\"https:\/\/www.grupefebe.com\/custom\/uploads\/2022\/02\/transperfect-mountain-challenge.jpg\",\"articleSection\":[\"Oficinas\"],\"inLanguage\":\"es\"},{\"@type\":\"WebPage\",\"@id\":\"https:\/\/www.grupefebe.com\/es\/efebe-participamos-en-la-transperfect-mountain-challenge\/\",\"url\":\"https:\/\/www.grupefebe.com\/es\/efebe-participamos-en-la-transperfect-mountain-challenge\/\",\"name\":\"\u00a1Efeb\u00e9 participamos en la TransPerfect Mountain Challenge! | Grupo Efeb\u00e9\",\"isPartOf\":{\"@id\":\"https:\/\/mail.grupefebe.com\/es\/#website\"},\"primaryImageOfPage\":{\"@id\":\"https:\/\/www.grupefebe.com\/es\/efebe-participamos-en-la-transperfect-mountain-challenge\/#primaryimage\"},\"image\":{\"@id\":\"https:\/\/www.grupefebe.com\/es\/efebe-participamos-en-la-transperfect-mountain-challenge\/#primaryimage\"},\"thumbnailUrl\":\"https:\/\/www.grupefebe.com\/custom\/uploads\/2022\/02\/transperfect-mountain-challenge.jpg\",\"datePublished\":\"2022-02-16T13:46:01+00:00\",\"dateModified\":\"2022-02-16T15:28:31+00:00\",\"description\":\"Grupo Efeb\u00e9 hemos participado en el TransPerfect Mountain Challenge para ayudar a AFANOC. \u00a1Descubre m\u00e1s en este art\u00edculo del blog!\",\"breadcrumb\":{\"@id\":\"https:\/\/www.grupefebe.com\/es\/efebe-participamos-en-la-transperfect-mountain-challenge\/#breadcrumb\"},\"inLanguage\":\"es\",\"potentialAction\":[{\"@type\":\"ReadAction\",\"target\":[\"https:\/\/www.grupefebe.com\/es\/efebe-participamos-en-la-transperfect-mountain-challenge\/\"]}]},{\"@type\":\"ImageObject\",\"inLanguage\":\"es\",\"@id\":\"https:\/\/www.grupefebe.com\/es\/efebe-participamos-en-la-transperfect-mountain-challenge\/#primaryimage\",\"url\":\"https:\/\/www.grupefebe.com\/custom\/uploads\/2022\/02\/transperfect-mountain-challenge.jpg\",\"contentUrl\":\"https:\/\/www.grupefebe.com\/custom\/uploads\/2022\/02\/transperfect-mountain-challenge.jpg\",\"width\":1024,\"height\":512,\"caption\":\"transperfect mountain challenge\"},{\"@type\":\"BreadcrumbList\",\"@id\":\"https:\/\/www.grupefebe.com\/es\/efebe-participamos-en-la-transperfect-mountain-challenge\/#breadcrumb\",\"itemListElement\":[{\"@type\":\"ListItem\",\"position\":1,\"name\":\"Inici\",\"item\":\"https:\/\/mail.grupefebe.com\/es\/\"},{\"@type\":\"ListItem\",\"position\":2,\"name\":\"\u00a1Efeb\u00e9 participamos en la TransPerfect Mountain Challenge!\"}]},{\"@type\":\"WebSite\",\"@id\":\"https:\/\/mail.grupefebe.com\/es\/#website\",\"url\":\"https:\/\/mail.grupefebe.com\/es\/\",\"name\":\"Grup Efeb\u00e9\",\"description\":\"Otro sitio realizado con WordPress\",\"publisher\":{\"@id\":\"https:\/\/mail.grupefebe.com\/es\/#organization\"},\"potentialAction\":[{\"@type\":\"SearchAction\",\"target\":{\"@type\":\"EntryPoint\",\"urlTemplate\":\"https:\/\/mail.grupefebe.com\/es\/?s={search_term_string}\"},\"query-input\":{\"@type\":\"PropertyValueSpecification\",\"valueRequired\":true,\"valueName\":\"search_term_string\"}}],\"inLanguage\":\"es\"},{\"@type\":\"Organization\",\"@id\":\"https:\/\/mail.grupefebe.com\/es\/#organization\",\"name\":\"Grup Efeb\u00e9\",\"url\":\"https:\/\/mail.grupefebe.com\/es\/\",\"logo\":{\"@type\":\"ImageObject\",\"inLanguage\":\"es\",\"@id\":\"https:\/\/mail.grupefebe.com\/es\/#\/schema\/logo\/image\/\",\"url\":\"https:\/\/grupefebe.com\/custom\/uploads\/2021\/01\/logo-efebe.png\",\"contentUrl\":\"https:\/\/grupefebe.com\/custom\/uploads\/2021\/01\/logo-efebe.png\",\"width\":524,\"height\":135,\"caption\":\"Grup Efeb\u00e9\"},\"image\":{\"@id\":\"https:\/\/mail.grupefebe.com\/es\/#\/schema\/logo\/image\/\"},\"sameAs\":[\"https:\/\/www.facebook.com\/grup.efebe\",\"https:\/\/x.com\/grup_efebe\",\"https:\/\/www.instagram.com\/grup_efebe\/\",\"https:\/\/www.linkedin.com\/company\/grupefebe\",\"https:\/\/www.youtube.com\/channel\/UCj11-LAuLhPfqrL2649Xzrw\"]},{\"@type\":\"Person\",\"@id\":\"https:\/\/mail.grupefebe.com\/es\/#\/schema\/person\/76402b3180eef131413100afc3282997\",\"name\":\"Grup Efeb\u00e9\",\"image\":{\"@type\":\"ImageObject\",\"inLanguage\":\"es\",\"@id\":\"https:\/\/mail.grupefebe.com\/es\/#\/schema\/person\/image\/\",\"url\":\"https:\/\/secure.gravatar.com\/avatar\/913bc6aa90480101061296ab9cad4bd4ccfb82c623a8820f3fd577558c1651be?s=96&d=mm&r=g\",\"contentUrl\":\"https:\/\/secure.gravatar.com\/avatar\/913bc6aa90480101061296ab9cad4bd4ccfb82c623a8820f3fd577558c1651be?s=96&d=mm&r=g\",\"caption\":\"Grup Efeb\u00e9\"},\"url\":\"https:\/\/www.grupefebe.com\/es\/author\/julia\/\"}]}<\/script>\n<!-- \/ Yoast SEO plugin. -->","yoast_head_json":{"title":"\u00a1Efeb\u00e9 participamos en la TransPerfect Mountain Challenge! | Grupo Efeb\u00e9","description":"Grupo Efeb\u00e9 hemos participado en el TransPerfect Mountain Challenge para ayudar a AFANOC. \u00a1Descubre m\u00e1s en este art\u00edculo del blog!","robots":{"index":"index","follow":"follow","max-snippet":"max-snippet:-1","max-image-preview":"max-image-preview:large","max-video-preview":"max-video-preview:-1"},"canonical":"https:\/\/www.grupefebe.com\/es\/efebe-participamos-en-la-transperfect-mountain-challenge\/","og_locale":"es_ES","og_type":"article","og_title":"\u00a1Efeb\u00e9 participamos en la TransPerfect Mountain Challenge! | Grupo Efeb\u00e9","og_description":"Grupo Efeb\u00e9 hemos participado en el TransPerfect Mountain Challenge para ayudar a AFANOC. \u00a1Descubre m\u00e1s en este art\u00edculo del blog!","og_url":"https:\/\/www.grupefebe.com\/es\/efebe-participamos-en-la-transperfect-mountain-challenge\/","og_site_name":"Grupo Efeb\u00e9","article_publisher":"https:\/\/www.facebook.com\/grup.efebe","article_published_time":"2022-02-16T13:46:01+00:00","article_modified_time":"2022-02-16T15:28:31+00:00","og_image":[{"width":1024,"height":512,"url":"https:\/\/mail.grupefebe.com\/custom\/uploads\/2022\/02\/transperfect-mountain-challenge.jpg","type":"image\/jpeg"}],"author":"Grup Efeb\u00e9","twitter_card":"summary_large_image","twitter_creator":"@grup_efebe","twitter_site":"@grup_efebe","twitter_misc":{"Escrito por":"Grup Efeb\u00e9","Tiempo de lectura":"2 minutos"},"schema":{"@context":"https:\/\/schema.org","@graph":[{"@type":"Article","@id":"https:\/\/www.grupefebe.com\/es\/efebe-participamos-en-la-transperfect-mountain-challenge\/#article","isPartOf":{"@id":"https:\/\/www.grupefebe.com\/es\/efebe-participamos-en-la-transperfect-mountain-challenge\/"},"author":{"name":"Grup Efeb\u00e9","@id":"https:\/\/mail.grupefebe.com\/es\/#\/schema\/person\/76402b3180eef131413100afc3282997"},"headline":"\u00a1Efeb\u00e9 participamos en la TransPerfect Mountain Challenge!","datePublished":"2022-02-16T13:46:01+00:00","dateModified":"2022-02-16T15:28:31+00:00","mainEntityOfPage":{"@id":"https:\/\/www.grupefebe.com\/es\/efebe-participamos-en-la-transperfect-mountain-challenge\/"},"wordCount":349,"publisher":{"@id":"https:\/\/mail.grupefebe.com\/es\/#organization"},"image":{"@id":"https:\/\/www.grupefebe.com\/es\/efebe-participamos-en-la-transperfect-mountain-challenge\/#primaryimage"},"thumbnailUrl":"https:\/\/www.grupefebe.com\/custom\/uploads\/2022\/02\/transperfect-mountain-challenge.jpg","articleSection":["Oficinas"],"inLanguage":"es"},{"@type":"WebPage","@id":"https:\/\/www.grupefebe.com\/es\/efebe-participamos-en-la-transperfect-mountain-challenge\/","url":"https:\/\/www.grupefebe.com\/es\/efebe-participamos-en-la-transperfect-mountain-challenge\/","name":"\u00a1Efeb\u00e9 participamos en la TransPerfect Mountain Challenge! | Grupo Efeb\u00e9","isPartOf":{"@id":"https:\/\/mail.grupefebe.com\/es\/#website"},"primaryImageOfPage":{"@id":"https:\/\/www.grupefebe.com\/es\/efebe-participamos-en-la-transperfect-mountain-challenge\/#primaryimage"},"image":{"@id":"https:\/\/www.grupefebe.com\/es\/efebe-participamos-en-la-transperfect-mountain-challenge\/#primaryimage"},"thumbnailUrl":"https:\/\/www.grupefebe.com\/custom\/uploads\/2022\/02\/transperfect-mountain-challenge.jpg","datePublished":"2022-02-16T13:46:01+00:00","dateModified":"2022-02-16T15:28:31+00:00","description":"Grupo Efeb\u00e9 hemos participado en el TransPerfect Mountain Challenge para ayudar a AFANOC. \u00a1Descubre m\u00e1s en este art\u00edculo del blog!","breadcrumb":{"@id":"https:\/\/www.grupefebe.com\/es\/efebe-participamos-en-la-transperfect-mountain-challenge\/#breadcrumb"},"inLanguage":"es","potentialAction":[{"@type":"ReadAction","target":["https:\/\/www.grupefebe.com\/es\/efebe-participamos-en-la-transperfect-mountain-challenge\/"]}]},{"@type":"ImageObject","inLanguage":"es","@id":"https:\/\/www.grupefebe.com\/es\/efebe-participamos-en-la-transperfect-mountain-challenge\/#primaryimage","url":"https:\/\/www.grupefebe.com\/custom\/uploads\/2022\/02\/transperfect-mountain-challenge.jpg","contentUrl":"https:\/\/www.grupefebe.com\/custom\/uploads\/2022\/02\/transperfect-mountain-challenge.jpg","width":1024,"height":512,"caption":"transperfect mountain challenge"},{"@type":"BreadcrumbList","@id":"https:\/\/www.grupefebe.com\/es\/efebe-participamos-en-la-transperfect-mountain-challenge\/#breadcrumb","itemListElement":[{"@type":"ListItem","position":1,"name":"Inici","item":"https:\/\/mail.grupefebe.com\/es\/"},{"@type":"ListItem","position":2,"name":"\u00a1Efeb\u00e9 participamos en la TransPerfect Mountain Challenge!"}]},{"@type":"WebSite","@id":"https:\/\/mail.grupefebe.com\/es\/#website","url":"https:\/\/mail.grupefebe.com\/es\/","name":"Grup Efeb\u00e9","description":"Otro sitio realizado con WordPress","publisher":{"@id":"https:\/\/mail.grupefebe.com\/es\/#organization"},"potentialAction":[{"@type":"SearchAction","target":{"@type":"EntryPoint","urlTemplate":"https:\/\/mail.grupefebe.com\/es\/?s={search_term_string}"},"query-input":{"@type":"PropertyValueSpecification","valueRequired":true,"valueName":"search_term_string"}}],"inLanguage":"es"},{"@type":"Organization","@id":"https:\/\/mail.grupefebe.com\/es\/#organization","name":"Grup Efeb\u00e9","url":"https:\/\/mail.grupefebe.com\/es\/","logo":{"@type":"ImageObject","inLanguage":"es","@id":"https:\/\/mail.grupefebe.com\/es\/#\/schema\/logo\/image\/","url":"https:\/\/grupefebe.com\/custom\/uploads\/2021\/01\/logo-efebe.png","contentUrl":"https:\/\/grupefebe.com\/custom\/uploads\/2021\/01\/logo-efebe.png","width":524,"height":135,"caption":"Grup Efeb\u00e9"},"image":{"@id":"https:\/\/mail.grupefebe.com\/es\/#\/schema\/logo\/image\/"},"sameAs":["https:\/\/www.facebook.com\/grup.efebe","https:\/\/x.com\/grup_efebe","https:\/\/www.instagram.com\/grup_efebe\/","https:\/\/www.linkedin.com\/company\/grupefebe","https:\/\/www.youtube.com\/channel\/UCj11-LAuLhPfqrL2649Xzrw"]},{"@type":"Person","@id":"https:\/\/mail.grupefebe.com\/es\/#\/schema\/person\/76402b3180eef131413100afc3282997","name":"Grup Efeb\u00e9","image":{"@type":"ImageObject","inLanguage":"es","@id":"https:\/\/mail.grupefebe.com\/es\/#\/schema\/person\/image\/","url":"https:\/\/secure.gravatar.com\/avatar\/913bc6aa90480101061296ab9cad4bd4ccfb82c623a8820f3fd577558c1651be?s=96&d=mm&r=g","contentUrl":"https:\/\/secure.gravatar.com\/avatar\/913bc6aa90480101061296ab9cad4bd4ccfb82c623a8820f3fd577558c1651be?s=96&d=mm&r=g","caption":"Grup Efeb\u00e9"},"url":"https:\/\/www.grupefebe.com\/es\/author\/julia\/"}]}},"_links":{"self":[{"href":"https:\/\/www.grupefebe.com\/es\/wp-json\/wp\/v2\/posts\/9613","targetHints":{"allow":["GET"]}}],"collection":[{"href":"https:\/\/www.grupefebe.com\/es\/wp-json\/wp\/v2\/posts"}],"about":[{"href":"https:\/\/www.grupefebe.com\/es\/wp-json\/wp\/v2\/types\/post"}],"author":[{"embeddable":true,"href":"https:\/\/www.grupefebe.com\/es\/wp-json\/wp\/v2\/users\/2"}],"replies":[{"embeddable":true,"href":"https:\/\/www.grupefebe.com\/es\/wp-json\/wp\/v2\/comments?post=9613"}],"version-history":[{"count":8,"href":"https:\/\/www.grupefebe.com\/es\/wp-json\/wp\/v2\/posts\/9613\/revisions"}],"predecessor-version":[{"id":9727,"href":"https:\/\/www.grupefebe.com\/es\/wp-json\/wp\/v2\/posts\/9613\/revisions\/9727"}],"wp:featuredmedia":[{"embeddable":true,"href":"https:\/\/www.grupefebe.com\/es\/wp-json\/wp\/v2\/media\/9728"}],"wp:attachment":[{"href":"https:\/\/www.grupefebe.com\/es\/wp-json\/wp\/v2\/media?parent=9613"}],"wp:term":[{"taxonomy":"category","embeddable":true,"href":"https:\/\/www.grupefebe.com\/es\/wp-json\/wp\/v2\/categories?post=9613"}],"curies":[{"name":"wp","href":"https:\/\/api.w.org\/{rel}","templated":true}]}}