{"id":9577,"date":"2022-02-03T14:28:13","date_gmt":"2022-02-03T14:28:13","guid":{"rendered":"https:\/\/grupefebe.com\/disseny-de-lentorn-educatiu-amb-el-nou-creative-apple-lab\/"},"modified":"2022-02-03T15:03:56","modified_gmt":"2022-02-03T15:03:56","slug":"como-es-el-diseno-del-entorno-educativo-con-el-nuevo-creative-apple-lab","status":"publish","type":"post","link":"https:\/\/www.grupefebe.com\/es\/como-es-el-diseno-del-entorno-educativo-con-el-nuevo-creative-apple-lab\/","title":{"rendered":"C\u00f3mo es el dise\u00f1o del entorno educativo con el nuevo Creative Apple Lab"},"content":{"rendered":"<p>El dise\u00f1o del entorno educativo tiene un efecto directo en la forma de aprendizaje de los ni\u00f1os y ni\u00f1as en la escuela. Son cada vez m\u00e1s los centros que aplican nuevas metodolog\u00edas innovadoras, favoreciendo la innovaci\u00f3n y la creatividad. Con <a href=\"https:\/\/www.grupefebe.com\/es\/creative-apple-lab-y-el-aula-del-futuro\/\"><strong>Creative Apple Lab<\/strong><\/a> hemos dise\u00f1ado espacios educativos adaptados a estas nuevas formas de aprendizaje.<\/p>\n<p>Desde <a href=\"https:\/\/microgestio.com\/es\/aulas-del-futuro\">Microgesti\u00f3<\/a> y Efeb\u00e9 hemos creado este aula para mejorar la tecnolog\u00eda en los centros y favorecer las posibilidades de ense\u00f1anza y aprendizaje con equipamiento ergon\u00f3mico y la tecnolog\u00eda de Apple.<\/p>\n<p>Creative Apple Lab es un laboratorio pensado para fomentar la creatividad, la implicaci\u00f3n y los conocimientos. As\u00ed pues, cuenta con cinco espacios dise\u00f1ados espec\u00edficamente para las diferentes fases del proceso de trabajo creativo.<\/p>\n<p>A continuaci\u00f3n, \u00a1te damos algunos ejemplos de mobiliario que incluimos desde Efeb\u00e9!<\/p>\n<h3>Gradas de madera<\/h3>\n<p>En primer lugar, para generar un \u00e1gora que fomente el di\u00e1logo, incorporamos los <strong><a href=\"https:\/\/www.grupefebe.com\/es\/products\/gradas-modulares\/\">Cubos a medida Avet<\/a><\/strong>. Son una soluci\u00f3n confortable y al mismo tiempo ideal para la colaboraci\u00f3n, ya que conjuntamente forman gradas que facilitan la visi\u00f3n para presentaciones y debates. Estas gradas se caracterizan por ser m\u00f3viles, ofreciendo una flexibilidad de movimiento total en el aula para realizar sesiones de trabajo en grupos reducidos.<\/p>\n<h3>Elementos fonoabsorbentes<\/h3>\n<p>Para un entorno educativo con confort ac\u00fastico buscamos siempre la soluci\u00f3n m\u00e1s adecuada a cada centro. As\u00ed pues, es necesario <strong>reducir la reverberaci\u00f3n ac\u00fastica<\/strong> que se genera en el aula, y esto lo hacemos con los <a href=\"https:\/\/www.grupefebe.com\/es\/products\/panells-fonoabsorbents-acoustic-0-7\/\">elementos fonoabsorbentes<\/a>. \u00c9stos absorben el ruido que se puede generar y <strong>mejoran el confort ac\u00fastico<\/strong>. En Efeb\u00e9 analizamos cada centro y adaptamos el dise\u00f1o del entorno educativo en base a las necesidades espec\u00edficas de cada espacio, escogiendo los elementos fonoabsorbentes <strong>que m\u00e1s se adapten a la est\u00e9tica y la imagen corporativa del centro<\/strong>.<\/p>\n<div id=\"attachment_9554\" style=\"width: 860px\" class=\"wp-caption aligncenter\"><img loading=\"lazy\" decoding=\"async\" aria-describedby=\"caption-attachment-9554\" class=\"wp-image-9554\" src=\"https:\/\/grupefebe.com\/custom\/uploads\/2022\/01\/EFEBE_02_APPLE-CREATIVE-LAB_AULA-INCLUSIVE-300x169.jpg\" alt=\"dise\u00f1o del entorno educativo\" width=\"850\" height=\"479\" srcset=\"https:\/\/www.grupefebe.com\/custom\/uploads\/2022\/01\/EFEBE_02_APPLE-CREATIVE-LAB_AULA-INCLUSIVE-300x169.jpg 300w, https:\/\/www.grupefebe.com\/custom\/uploads\/2022\/01\/EFEBE_02_APPLE-CREATIVE-LAB_AULA-INCLUSIVE-1024x576.jpg 1024w, https:\/\/www.grupefebe.com\/custom\/uploads\/2022\/01\/EFEBE_02_APPLE-CREATIVE-LAB_AULA-INCLUSIVE-768x432.jpg 768w, https:\/\/www.grupefebe.com\/custom\/uploads\/2022\/01\/EFEBE_02_APPLE-CREATIVE-LAB_AULA-INCLUSIVE-1536x864.jpg 1536w, https:\/\/www.grupefebe.com\/custom\/uploads\/2022\/01\/EFEBE_02_APPLE-CREATIVE-LAB_AULA-INCLUSIVE-2048x1152.jpg 2048w\" sizes=\"auto, (max-width: 850px) 100vw, 850px\" \/><p id=\"caption-attachment-9554\" class=\"wp-caption-text\">Dise\u00f1o Efeb\u00e9 para el Creative Apple lab.<\/p><\/div>\n<h3>Mobiliario Manual Thinking<\/h3>\n<p>Un entorno educativo como el que hemos dise\u00f1ado <strong>favorece el trabajo en equipo y la colaboraci\u00f3n<\/strong> entre alumnos. Para acompa\u00f1ar el proceso de generaci\u00f3n de ideas, el <a href=\"https:\/\/www.grupefebe.com\/es\/products\/mesas-y-paneles-de-trabajo\/\">mobiliario Manual Thinking<\/a> es ideal. Las <strong>Mesas y paneles Manual Thinking y los Taburetes Altos<\/strong>, de la misma colecci\u00f3n, est\u00e1n dise\u00f1ados para trabajar en equipo. Los paneles est\u00e1n montados sobre ruedas y tienen la capacidad de ser <strong>multiposici\u00f3n<\/strong>, pues de forma sencilla se pueden colocar como mesas altas o paneles verticales. As\u00ed facilita el hecho de que se pueda mover el mobiliario f\u00e1cilmente para crear el espacio id\u00f3neo en cada momento.<\/p>\n<p>As\u00ed pues, este mobiliario favorece el trabajo de pie, que genera <strong>mayor dinamismo e involucraci\u00f3n<\/strong>, ya que las personas se sit\u00faan en una posici\u00f3n que facilita la participaci\u00f3n.<\/p>\n<h3>Mobiliario Maker<\/h3>\n<p>El espacio de experimentaci\u00f3n es un entorno adaptado para talleres de rob\u00f3tica, para construir, fabricar y desarrollar proyectos de tecnolog\u00eda y dise\u00f1o.<\/p>\n<p>Hace un a\u00f1o lanzamos la colecci\u00f3n de mobiliario de dise\u00f1o y fabricaci\u00f3n propia para Espacios FluAp. Dentro del cat\u00e1logo de Efeb\u00e9, est\u00e1 disponible <strong>la colecci\u00f3n de Mobiliario Maker<\/strong>: <a href=\"https:\/\/www.grupefebe.com\/es\/products\/mesa-maker\/\">Mesa Maker<\/a>, <a href=\"https:\/\/www.grupefebe.com\/es\/products\/mueble-gavetero-maker\/\">Mueble gavetero de almacenamiento Maker<\/a> y <a href=\"https:\/\/www.grupefebe.com\/es\/products\/mesa-robotics-maker\/\">Mesa Robotics Maker<\/a>. Todos ellos adecuados para trabajar en equipo y fomentar al m\u00e1ximo la creatividad.<\/p>\n","protected":false},"excerpt":{"rendered":"<p>El dise\u00f1o del entorno educativo tiene un efecto directo en la forma de aprendizaje de los ni\u00f1os y ni\u00f1as en [&hellip;]<\/p>\n","protected":false},"author":1,"featured_media":9557,"comment_status":"closed","ping_status":"closed","sticky":false,"template":"","format":"standard","meta":{"_acf_changed":false,"footnotes":"","_links_to":"","_links_to_target":""},"categories":[203],"class_list":["post-9577","post","type-post","status-publish","format-standard","has-post-thumbnail","hentry","category-escuelas"],"acf":[],"yoast_head":"<!-- This site is optimized with the Yoast SEO plugin v25.9 - https:\/\/yoast.com\/wordpress\/plugins\/seo\/ -->\n<title>C\u00f3mo es el dise\u00f1o del entorno educativo con el nuevo Creative Apple Lab | Grupo Efeb\u00e9<\/title>\n<meta name=\"description\" content=\"El dise\u00f1o del entorno educativo ya est\u00e1 aqu\u00ed con el nombre de Creative Apple lab. \u00a1Descubre m\u00e1s en este art\u00edculo del blog de Grup Efeb\u00e9!\" \/>\n<meta name=\"robots\" content=\"index, follow, max-snippet:-1, max-image-preview:large, max-video-preview:-1\" \/>\n<link rel=\"canonical\" href=\"https:\/\/www.grupefebe.com\/es\/como-es-el-diseno-del-entorno-educativo-con-el-nuevo-creative-apple-lab\/\" \/>\n<meta property=\"og:locale\" content=\"es_ES\" \/>\n<meta property=\"og:type\" content=\"article\" \/>\n<meta property=\"og:title\" content=\"C\u00f3mo es el dise\u00f1o del entorno educativo con el nuevo Creative Apple Lab | Grupo Efeb\u00e9\" \/>\n<meta property=\"og:description\" content=\"El dise\u00f1o del entorno educativo ya est\u00e1 aqu\u00ed con el nombre de Creative Apple lab. \u00a1Descubre m\u00e1s en este art\u00edculo del blog de Grup Efeb\u00e9!\" \/>\n<meta property=\"og:url\" content=\"https:\/\/www.grupefebe.com\/es\/como-es-el-diseno-del-entorno-educativo-con-el-nuevo-creative-apple-lab\/\" \/>\n<meta property=\"og:site_name\" content=\"Grupo Efeb\u00e9\" \/>\n<meta property=\"article:publisher\" content=\"https:\/\/www.facebook.com\/grup.efebe\" \/>\n<meta property=\"article:published_time\" content=\"2022-02-03T14:28:13+00:00\" \/>\n<meta property=\"article:modified_time\" content=\"2022-02-03T15:03:56+00:00\" \/>\n<meta property=\"og:image\" content=\"https:\/\/www.grupefebe.com\/custom\/uploads\/2022\/01\/EFEBE_07_APPLE-CREATIVE-LAB_ESPAI-POST-PRODUCTION-scaled.jpg\" \/>\n\t<meta property=\"og:image:width\" content=\"2560\" \/>\n\t<meta property=\"og:image:height\" content=\"1442\" \/>\n\t<meta property=\"og:image:type\" content=\"image\/jpeg\" \/>\n<meta name=\"author\" content=\"efebe\" \/>\n<meta name=\"twitter:card\" content=\"summary_large_image\" \/>\n<meta name=\"twitter:creator\" content=\"@grup_efebe\" \/>\n<meta name=\"twitter:site\" content=\"@grup_efebe\" \/>\n<meta name=\"twitter:label1\" content=\"Escrito por\" \/>\n\t<meta name=\"twitter:data1\" content=\"efebe\" \/>\n\t<meta name=\"twitter:label2\" content=\"Tiempo de lectura\" \/>\n\t<meta name=\"twitter:data2\" content=\"3 minutos\" \/>\n<script type=\"application\/ld+json\" class=\"yoast-schema-graph\">{\"@context\":\"https:\/\/schema.org\",\"@graph\":[{\"@type\":\"Article\",\"@id\":\"https:\/\/www.grupefebe.com\/es\/como-es-el-diseno-del-entorno-educativo-con-el-nuevo-creative-apple-lab\/#article\",\"isPartOf\":{\"@id\":\"https:\/\/www.grupefebe.com\/es\/como-es-el-diseno-del-entorno-educativo-con-el-nuevo-creative-apple-lab\/\"},\"author\":{\"name\":\"efebe\",\"@id\":\"https:\/\/mail.grupefebe.com\/es\/#\/schema\/person\/ea29ae2644736bcdb432a0b7f0d814cd\"},\"headline\":\"C\u00f3mo es el dise\u00f1o del entorno educativo con el nuevo Creative Apple Lab\",\"datePublished\":\"2022-02-03T14:28:13+00:00\",\"dateModified\":\"2022-02-03T15:03:56+00:00\",\"mainEntityOfPage\":{\"@id\":\"https:\/\/www.grupefebe.com\/es\/como-es-el-diseno-del-entorno-educativo-con-el-nuevo-creative-apple-lab\/\"},\"wordCount\":581,\"publisher\":{\"@id\":\"https:\/\/mail.grupefebe.com\/es\/#organization\"},\"image\":{\"@id\":\"https:\/\/www.grupefebe.com\/es\/como-es-el-diseno-del-entorno-educativo-con-el-nuevo-creative-apple-lab\/#primaryimage\"},\"thumbnailUrl\":\"https:\/\/www.grupefebe.com\/custom\/uploads\/2022\/01\/EFEBE_07_APPLE-CREATIVE-LAB_ESPAI-POST-PRODUCTION-scaled.jpg\",\"articleSection\":[\"Escuelas\"],\"inLanguage\":\"es\"},{\"@type\":\"WebPage\",\"@id\":\"https:\/\/www.grupefebe.com\/es\/como-es-el-diseno-del-entorno-educativo-con-el-nuevo-creative-apple-lab\/\",\"url\":\"https:\/\/www.grupefebe.com\/es\/como-es-el-diseno-del-entorno-educativo-con-el-nuevo-creative-apple-lab\/\",\"name\":\"C\u00f3mo es el dise\u00f1o del entorno educativo con el nuevo Creative Apple Lab | Grupo Efeb\u00e9\",\"isPartOf\":{\"@id\":\"https:\/\/mail.grupefebe.com\/es\/#website\"},\"primaryImageOfPage\":{\"@id\":\"https:\/\/www.grupefebe.com\/es\/como-es-el-diseno-del-entorno-educativo-con-el-nuevo-creative-apple-lab\/#primaryimage\"},\"image\":{\"@id\":\"https:\/\/www.grupefebe.com\/es\/como-es-el-diseno-del-entorno-educativo-con-el-nuevo-creative-apple-lab\/#primaryimage\"},\"thumbnailUrl\":\"https:\/\/www.grupefebe.com\/custom\/uploads\/2022\/01\/EFEBE_07_APPLE-CREATIVE-LAB_ESPAI-POST-PRODUCTION-scaled.jpg\",\"datePublished\":\"2022-02-03T14:28:13+00:00\",\"dateModified\":\"2022-02-03T15:03:56+00:00\",\"description\":\"El dise\u00f1o del entorno educativo ya est\u00e1 aqu\u00ed con el nombre de Creative Apple lab. \u00a1Descubre m\u00e1s en este art\u00edculo del blog de Grup Efeb\u00e9!\",\"breadcrumb\":{\"@id\":\"https:\/\/www.grupefebe.com\/es\/como-es-el-diseno-del-entorno-educativo-con-el-nuevo-creative-apple-lab\/#breadcrumb\"},\"inLanguage\":\"es\",\"potentialAction\":[{\"@type\":\"ReadAction\",\"target\":[\"https:\/\/www.grupefebe.com\/es\/como-es-el-diseno-del-entorno-educativo-con-el-nuevo-creative-apple-lab\/\"]}]},{\"@type\":\"ImageObject\",\"inLanguage\":\"es\",\"@id\":\"https:\/\/www.grupefebe.com\/es\/como-es-el-diseno-del-entorno-educativo-con-el-nuevo-creative-apple-lab\/#primaryimage\",\"url\":\"https:\/\/www.grupefebe.com\/custom\/uploads\/2022\/01\/EFEBE_07_APPLE-CREATIVE-LAB_ESPAI-POST-PRODUCTION-scaled.jpg\",\"contentUrl\":\"https:\/\/www.grupefebe.com\/custom\/uploads\/2022\/01\/EFEBE_07_APPLE-CREATIVE-LAB_ESPAI-POST-PRODUCTION-scaled.jpg\",\"width\":2560,\"height\":1442,\"caption\":\"dise\u00f1o del entorno educativo\"},{\"@type\":\"BreadcrumbList\",\"@id\":\"https:\/\/www.grupefebe.com\/es\/como-es-el-diseno-del-entorno-educativo-con-el-nuevo-creative-apple-lab\/#breadcrumb\",\"itemListElement\":[{\"@type\":\"ListItem\",\"position\":1,\"name\":\"Inici\",\"item\":\"https:\/\/mail.grupefebe.com\/es\/\"},{\"@type\":\"ListItem\",\"position\":2,\"name\":\"C\u00f3mo es el dise\u00f1o del entorno educativo con el nuevo Creative Apple Lab\"}]},{\"@type\":\"WebSite\",\"@id\":\"https:\/\/mail.grupefebe.com\/es\/#website\",\"url\":\"https:\/\/mail.grupefebe.com\/es\/\",\"name\":\"Grup Efeb\u00e9\",\"description\":\"Otro sitio realizado con WordPress\",\"publisher\":{\"@id\":\"https:\/\/mail.grupefebe.com\/es\/#organization\"},\"potentialAction\":[{\"@type\":\"SearchAction\",\"target\":{\"@type\":\"EntryPoint\",\"urlTemplate\":\"https:\/\/mail.grupefebe.com\/es\/?s={search_term_string}\"},\"query-input\":{\"@type\":\"PropertyValueSpecification\",\"valueRequired\":true,\"valueName\":\"search_term_string\"}}],\"inLanguage\":\"es\"},{\"@type\":\"Organization\",\"@id\":\"https:\/\/mail.grupefebe.com\/es\/#organization\",\"name\":\"Grup Efeb\u00e9\",\"url\":\"https:\/\/mail.grupefebe.com\/es\/\",\"logo\":{\"@type\":\"ImageObject\",\"inLanguage\":\"es\",\"@id\":\"https:\/\/mail.grupefebe.com\/es\/#\/schema\/logo\/image\/\",\"url\":\"https:\/\/grupefebe.com\/custom\/uploads\/2021\/01\/logo-efebe.png\",\"contentUrl\":\"https:\/\/grupefebe.com\/custom\/uploads\/2021\/01\/logo-efebe.png\",\"width\":524,\"height\":135,\"caption\":\"Grup Efeb\u00e9\"},\"image\":{\"@id\":\"https:\/\/mail.grupefebe.com\/es\/#\/schema\/logo\/image\/\"},\"sameAs\":[\"https:\/\/www.facebook.com\/grup.efebe\",\"https:\/\/x.com\/grup_efebe\",\"https:\/\/www.instagram.com\/grup_efebe\/\",\"https:\/\/www.linkedin.com\/company\/grupefebe\",\"https:\/\/www.youtube.com\/channel\/UCj11-LAuLhPfqrL2649Xzrw\"]},{\"@type\":\"Person\",\"@id\":\"https:\/\/mail.grupefebe.com\/es\/#\/schema\/person\/ea29ae2644736bcdb432a0b7f0d814cd\",\"name\":\"efebe\",\"image\":{\"@type\":\"ImageObject\",\"inLanguage\":\"es\",\"@id\":\"https:\/\/mail.grupefebe.com\/es\/#\/schema\/person\/image\/\",\"url\":\"https:\/\/secure.gravatar.com\/avatar\/fe57a3f139ea81c65a338e37a8064b4e80844f839737532820c9107eb9e1966f?s=96&d=mm&r=g\",\"contentUrl\":\"https:\/\/secure.gravatar.com\/avatar\/fe57a3f139ea81c65a338e37a8064b4e80844f839737532820c9107eb9e1966f?s=96&d=mm&r=g\",\"caption\":\"efebe\"},\"url\":\"https:\/\/www.grupefebe.com\/es\/author\/efebe\/\"}]}<\/script>\n<!-- \/ Yoast SEO plugin. -->","yoast_head_json":{"title":"C\u00f3mo es el dise\u00f1o del entorno educativo con el nuevo Creative Apple Lab | Grupo Efeb\u00e9","description":"El dise\u00f1o del entorno educativo ya est\u00e1 aqu\u00ed con el nombre de Creative Apple lab. \u00a1Descubre m\u00e1s en este art\u00edculo del blog de Grup Efeb\u00e9!","robots":{"index":"index","follow":"follow","max-snippet":"max-snippet:-1","max-image-preview":"max-image-preview:large","max-video-preview":"max-video-preview:-1"},"canonical":"https:\/\/www.grupefebe.com\/es\/como-es-el-diseno-del-entorno-educativo-con-el-nuevo-creative-apple-lab\/","og_locale":"es_ES","og_type":"article","og_title":"C\u00f3mo es el dise\u00f1o del entorno educativo con el nuevo Creative Apple Lab | Grupo Efeb\u00e9","og_description":"El dise\u00f1o del entorno educativo ya est\u00e1 aqu\u00ed con el nombre de Creative Apple lab. \u00a1Descubre m\u00e1s en este art\u00edculo del blog de Grup Efeb\u00e9!","og_url":"https:\/\/www.grupefebe.com\/es\/como-es-el-diseno-del-entorno-educativo-con-el-nuevo-creative-apple-lab\/","og_site_name":"Grupo Efeb\u00e9","article_publisher":"https:\/\/www.facebook.com\/grup.efebe","article_published_time":"2022-02-03T14:28:13+00:00","article_modified_time":"2022-02-03T15:03:56+00:00","og_image":[{"width":2560,"height":1442,"url":"https:\/\/www.grupefebe.com\/custom\/uploads\/2022\/01\/EFEBE_07_APPLE-CREATIVE-LAB_ESPAI-POST-PRODUCTION-scaled.jpg","type":"image\/jpeg"}],"author":"efebe","twitter_card":"summary_large_image","twitter_creator":"@grup_efebe","twitter_site":"@grup_efebe","twitter_misc":{"Escrito por":"efebe","Tiempo de lectura":"3 minutos"},"schema":{"@context":"https:\/\/schema.org","@graph":[{"@type":"Article","@id":"https:\/\/www.grupefebe.com\/es\/como-es-el-diseno-del-entorno-educativo-con-el-nuevo-creative-apple-lab\/#article","isPartOf":{"@id":"https:\/\/www.grupefebe.com\/es\/como-es-el-diseno-del-entorno-educativo-con-el-nuevo-creative-apple-lab\/"},"author":{"name":"efebe","@id":"https:\/\/mail.grupefebe.com\/es\/#\/schema\/person\/ea29ae2644736bcdb432a0b7f0d814cd"},"headline":"C\u00f3mo es el dise\u00f1o del entorno educativo con el nuevo Creative Apple Lab","datePublished":"2022-02-03T14:28:13+00:00","dateModified":"2022-02-03T15:03:56+00:00","mainEntityOfPage":{"@id":"https:\/\/www.grupefebe.com\/es\/como-es-el-diseno-del-entorno-educativo-con-el-nuevo-creative-apple-lab\/"},"wordCount":581,"publisher":{"@id":"https:\/\/mail.grupefebe.com\/es\/#organization"},"image":{"@id":"https:\/\/www.grupefebe.com\/es\/como-es-el-diseno-del-entorno-educativo-con-el-nuevo-creative-apple-lab\/#primaryimage"},"thumbnailUrl":"https:\/\/www.grupefebe.com\/custom\/uploads\/2022\/01\/EFEBE_07_APPLE-CREATIVE-LAB_ESPAI-POST-PRODUCTION-scaled.jpg","articleSection":["Escuelas"],"inLanguage":"es"},{"@type":"WebPage","@id":"https:\/\/www.grupefebe.com\/es\/como-es-el-diseno-del-entorno-educativo-con-el-nuevo-creative-apple-lab\/","url":"https:\/\/www.grupefebe.com\/es\/como-es-el-diseno-del-entorno-educativo-con-el-nuevo-creative-apple-lab\/","name":"C\u00f3mo es el dise\u00f1o del entorno educativo con el nuevo Creative Apple Lab | Grupo Efeb\u00e9","isPartOf":{"@id":"https:\/\/mail.grupefebe.com\/es\/#website"},"primaryImageOfPage":{"@id":"https:\/\/www.grupefebe.com\/es\/como-es-el-diseno-del-entorno-educativo-con-el-nuevo-creative-apple-lab\/#primaryimage"},"image":{"@id":"https:\/\/www.grupefebe.com\/es\/como-es-el-diseno-del-entorno-educativo-con-el-nuevo-creative-apple-lab\/#primaryimage"},"thumbnailUrl":"https:\/\/www.grupefebe.com\/custom\/uploads\/2022\/01\/EFEBE_07_APPLE-CREATIVE-LAB_ESPAI-POST-PRODUCTION-scaled.jpg","datePublished":"2022-02-03T14:28:13+00:00","dateModified":"2022-02-03T15:03:56+00:00","description":"El dise\u00f1o del entorno educativo ya est\u00e1 aqu\u00ed con el nombre de Creative Apple lab. \u00a1Descubre m\u00e1s en este art\u00edculo del blog de Grup Efeb\u00e9!","breadcrumb":{"@id":"https:\/\/www.grupefebe.com\/es\/como-es-el-diseno-del-entorno-educativo-con-el-nuevo-creative-apple-lab\/#breadcrumb"},"inLanguage":"es","potentialAction":[{"@type":"ReadAction","target":["https:\/\/www.grupefebe.com\/es\/como-es-el-diseno-del-entorno-educativo-con-el-nuevo-creative-apple-lab\/"]}]},{"@type":"ImageObject","inLanguage":"es","@id":"https:\/\/www.grupefebe.com\/es\/como-es-el-diseno-del-entorno-educativo-con-el-nuevo-creative-apple-lab\/#primaryimage","url":"https:\/\/www.grupefebe.com\/custom\/uploads\/2022\/01\/EFEBE_07_APPLE-CREATIVE-LAB_ESPAI-POST-PRODUCTION-scaled.jpg","contentUrl":"https:\/\/www.grupefebe.com\/custom\/uploads\/2022\/01\/EFEBE_07_APPLE-CREATIVE-LAB_ESPAI-POST-PRODUCTION-scaled.jpg","width":2560,"height":1442,"caption":"dise\u00f1o del entorno educativo"},{"@type":"BreadcrumbList","@id":"https:\/\/www.grupefebe.com\/es\/como-es-el-diseno-del-entorno-educativo-con-el-nuevo-creative-apple-lab\/#breadcrumb","itemListElement":[{"@type":"ListItem","position":1,"name":"Inici","item":"https:\/\/mail.grupefebe.com\/es\/"},{"@type":"ListItem","position":2,"name":"C\u00f3mo es el dise\u00f1o del entorno educativo con el nuevo Creative Apple Lab"}]},{"@type":"WebSite","@id":"https:\/\/mail.grupefebe.com\/es\/#website","url":"https:\/\/mail.grupefebe.com\/es\/","name":"Grup Efeb\u00e9","description":"Otro sitio realizado con WordPress","publisher":{"@id":"https:\/\/mail.grupefebe.com\/es\/#organization"},"potentialAction":[{"@type":"SearchAction","target":{"@type":"EntryPoint","urlTemplate":"https:\/\/mail.grupefebe.com\/es\/?s={search_term_string}"},"query-input":{"@type":"PropertyValueSpecification","valueRequired":true,"valueName":"search_term_string"}}],"inLanguage":"es"},{"@type":"Organization","@id":"https:\/\/mail.grupefebe.com\/es\/#organization","name":"Grup Efeb\u00e9","url":"https:\/\/mail.grupefebe.com\/es\/","logo":{"@type":"ImageObject","inLanguage":"es","@id":"https:\/\/mail.grupefebe.com\/es\/#\/schema\/logo\/image\/","url":"https:\/\/grupefebe.com\/custom\/uploads\/2021\/01\/logo-efebe.png","contentUrl":"https:\/\/grupefebe.com\/custom\/uploads\/2021\/01\/logo-efebe.png","width":524,"height":135,"caption":"Grup Efeb\u00e9"},"image":{"@id":"https:\/\/mail.grupefebe.com\/es\/#\/schema\/logo\/image\/"},"sameAs":["https:\/\/www.facebook.com\/grup.efebe","https:\/\/x.com\/grup_efebe","https:\/\/www.instagram.com\/grup_efebe\/","https:\/\/www.linkedin.com\/company\/grupefebe","https:\/\/www.youtube.com\/channel\/UCj11-LAuLhPfqrL2649Xzrw"]},{"@type":"Person","@id":"https:\/\/mail.grupefebe.com\/es\/#\/schema\/person\/ea29ae2644736bcdb432a0b7f0d814cd","name":"efebe","image":{"@type":"ImageObject","inLanguage":"es","@id":"https:\/\/mail.grupefebe.com\/es\/#\/schema\/person\/image\/","url":"https:\/\/secure.gravatar.com\/avatar\/fe57a3f139ea81c65a338e37a8064b4e80844f839737532820c9107eb9e1966f?s=96&d=mm&r=g","contentUrl":"https:\/\/secure.gravatar.com\/avatar\/fe57a3f139ea81c65a338e37a8064b4e80844f839737532820c9107eb9e1966f?s=96&d=mm&r=g","caption":"efebe"},"url":"https:\/\/www.grupefebe.com\/es\/author\/efebe\/"}]}},"_links":{"self":[{"href":"https:\/\/www.grupefebe.com\/es\/wp-json\/wp\/v2\/posts\/9577","targetHints":{"allow":["GET"]}}],"collection":[{"href":"https:\/\/www.grupefebe.com\/es\/wp-json\/wp\/v2\/posts"}],"about":[{"href":"https:\/\/www.grupefebe.com\/es\/wp-json\/wp\/v2\/types\/post"}],"author":[{"embeddable":true,"href":"https:\/\/www.grupefebe.com\/es\/wp-json\/wp\/v2\/users\/1"}],"replies":[{"embeddable":true,"href":"https:\/\/www.grupefebe.com\/es\/wp-json\/wp\/v2\/comments?post=9577"}],"version-history":[{"count":7,"href":"https:\/\/www.grupefebe.com\/es\/wp-json\/wp\/v2\/posts\/9577\/revisions"}],"predecessor-version":[{"id":9589,"href":"https:\/\/www.grupefebe.com\/es\/wp-json\/wp\/v2\/posts\/9577\/revisions\/9589"}],"wp:featuredmedia":[{"embeddable":true,"href":"https:\/\/www.grupefebe.com\/es\/wp-json\/wp\/v2\/media\/9557"}],"wp:attachment":[{"href":"https:\/\/www.grupefebe.com\/es\/wp-json\/wp\/v2\/media?parent=9577"}],"wp:term":[{"taxonomy":"category","embeddable":true,"href":"https:\/\/www.grupefebe.com\/es\/wp-json\/wp\/v2\/categories?post=9577"}],"curies":[{"name":"wp","href":"https:\/\/api.w.org\/{rel}","templated":true}]}}