{"id":9482,"date":"2022-03-21T08:54:47","date_gmt":"2022-03-21T08:54:47","guid":{"rendered":"https:\/\/grupefebe.com\/?p=9482"},"modified":"2022-04-26T07:48:43","modified_gmt":"2022-04-26T07:48:43","slug":"8-puffs-para-tu-oficina","status":"publish","type":"post","link":"https:\/\/www.grupefebe.com\/es\/8-puffs-para-tu-oficina\/","title":{"rendered":"8 puffs para tu oficina"},"content":{"rendered":"<p>El estr\u00e9s en la oficina es algo muy com\u00fan en el estilo de vida tan ajetreado de hoy en d\u00eda, pero este se puede regular con un entorno de trabajo adecuado. Una de las mejores formas de aliviar esa tensi\u00f3n de la oficina es a trav\u00e9s de un Puff.<\/p>\n<p>Los puffs no tiene solamente una funci\u00f3n decorativa, sino que tambi\u00e9n ayudan a generar las posturas de asiento correctas, lo que ahorra muchos problemas de salud.\u00a0Por supuesto cuando pensamos en un puff, una de las primeras cosas que se nos vienen a la cabeza es la durabilidad del mismo. Esto es as\u00ed debido a que un puff de buena calidad puede durar en una oficina a\u00f1o tras a\u00f1o sin necesidad de ser cambiado por otro.<\/p>\n<p>Volviendo a <strong>c\u00f3mo puede afectar positivamente a la salud y al bienestar laboral<\/strong>, podemos afirmar que un ambiente de oficina con puffs ergon\u00f3micos y coloridos puede reducir en gran medida el estr\u00e9s que se vive en estos ambientes. As\u00ed, los puffs son <strong>una gran herramienta para mantener una<\/strong> <strong>oficina animada y m\u00e1s saludable, tanto f\u00edsica como mentalmente<\/strong>.<\/p>\n<p>A continuaci\u00f3n en este art\u00edculo te mostramos 8 ejemplos de puff ideales para entornos de trabajo. Adem\u00e1s, los puedes encontrar a todos en nuestro <a href=\"https:\/\/www.grupefebe.com\/es\/tienda\/\">cat\u00e1logo online<\/a>, los incluimos siempre en nuestros proyectos.<\/p>\n<h4>Puff Abbey<\/h4>\n<p>El <a href=\"https:\/\/grupefebe.com\/es\/products\/puff-abbey\/\" target=\"_blank\" rel=\"noopener\">Puff Abbey<\/a> es id\u00f3neo para espacios de oficina en los que se potencien acciones de cocreaci\u00f3n o Coworking. Este Puff dispone de una colecci\u00f3n muy variada como puede ser un sill\u00f3n, un sof\u00e1 y un puff bidimensional que son compatibles en muchos entornos y contextos diferentes, desde una oficina de ambiente amigable y relajado, pasando por un acogedor sal\u00f3n o incluso en el lounge bar de una ciudad transitada. No podemos olvidar tampoco las costuras hechas a mano del Puff Abbey y la comodidad del mismo que invitan a mantener conversaciones interminables.<\/p>\n<p>&nbsp;<\/p>\n<p><img loading=\"lazy\" decoding=\"async\" class=\"aligncenter wp-image-9868\" src=\"https:\/\/grupefebe.com\/custom\/uploads\/2022\/03\/puff_abbey.jpg\" alt=\"puffs abbey grup efeb\u00e9\" width=\"500\" height=\"500\" \/><\/p>\n<p>&nbsp;<\/p>\n<h4>Puff Steam Studio<\/h4>\n<p>El <a href=\"https:\/\/grupefebe.com\/es\/products\/puff-rodo\/\" target=\"_blank\" rel=\"noopener\">Puff Steam Studio<\/a> de Efeb\u00e9 es un puff muy polivalente y adecuado para centros educativos debido a que ofrece una gran variedad de tama\u00f1os distintos. Adem\u00e1s, donde m\u00e1s destaca es en espacios de debate. B\u00e1sicamente por la comodidad que ofrece, que promueve un espacio de aprendizaje experiencial y activo en el aula.<\/p>\n<p>As\u00ed, este Puff Redondo es ideal para entornos colaborativos y para que fluct\u00faen conversaciones y se escuchen atentamente presentaciones de los alumnos en un aula.<\/p>\n<p><img loading=\"lazy\" decoding=\"async\" class=\"aligncenter wp-image-9858\" src=\"https:\/\/grupefebe.com\/custom\/uploads\/2022\/03\/puff_redondo_grup_efebe.png\" alt=\"puffs redondo grup efeb\u00e9\" width=\"400\" height=\"361\" srcset=\"https:\/\/www.grupefebe.com\/custom\/uploads\/2022\/03\/puff_redondo_grup_efebe.png 1024w, https:\/\/www.grupefebe.com\/custom\/uploads\/2022\/03\/puff_redondo_grup_efebe-300x271.png 300w, https:\/\/www.grupefebe.com\/custom\/uploads\/2022\/03\/puff_redondo_grup_efebe-768x693.png 768w\" sizes=\"auto, (max-width: 400px) 100vw, 400px\" \/><\/p>\n<h4>Puff K2<\/h4>\n<p>La principal caracter\u00edstica del <a href=\"https:\/\/grupefebe.com\/es\/products\/puff-coleccion-k2\/\" target=\"_blank\" rel=\"noopener\">Puff K2<\/a> es la forma por la que est\u00e1 compuesto. Esto es as\u00ed debido a que lo conforman una variaci\u00f3n entre puffs cil\u00edndricos y puffs convencionales. Con este puff, entonces, se puedan crear muchas combinaciones originales y divertidas que puedes adaptar seg\u00fan el espacio que desees decorar.<\/p>\n<p>Esta colecci\u00f3n es un dise\u00f1o de la arquitecta Federica Fulici, cuya intenci\u00f3n era la de que el poseedor de este puff pueda jugar con las formas geom\u00e9tricas y los colores a su antojo.<\/p>\n<p><img loading=\"lazy\" decoding=\"async\" class=\"aligncenter wp-image-2098 size-full\" src=\"https:\/\/grupefebe.com\/custom\/uploads\/2020\/10\/K2-10-395x564-1.jpg\" alt=\"Puffs Colecci\u00f3n K2\" width=\"395\" height=\"564\" srcset=\"https:\/\/www.grupefebe.com\/custom\/uploads\/2020\/10\/K2-10-395x564-1.jpg 395w, https:\/\/www.grupefebe.com\/custom\/uploads\/2020\/10\/K2-10-395x564-1-210x300.jpg 210w\" sizes=\"auto, (max-width: 395px) 100vw, 395px\" \/><\/p>\n<p>&nbsp;<\/p>\n<h4>Puff Tapa<\/h4>\n<p>El<a href=\"https:\/\/grupefebe.com\/es\/products\/puff-colleccion-tapa\/\" target=\"_blank\" rel=\"noopener\"> Puff Tapa<\/a> es un puff con una gran polivalencia de entornos ya que dispone de dos formas: \u00abO\u00bb y \u00abY\u00bb. Adem\u00e1s, cuenta con una gran cantidad de colores disponibles a escoger como son el azul, el gris, el amarillo, el verde y el rojo.<\/p>\n<p>Este puff cuenta con una alta capacidad adaptativa por lo que se puede usar en oficinas o tambi\u00e9n en centros educativos, debido a su apariencia atractiva y c\u00f3moda que ofrece, sin duda, un efecto est\u00e9tico excelente a toda la disposici\u00f3n.<\/p>\n<h4><img loading=\"lazy\" decoding=\"async\" class=\"aligncenter wp-image-9849 size-full\" src=\"https:\/\/grupefebe.com\/custom\/uploads\/2022\/03\/tapa-final.jpg\" alt=\"Puffs tapa para oficina\" width=\"2500\" height=\"1500\" \/><\/h4>\n<h4>Puff D500<\/h4>\n<p>El <a href=\"https:\/\/grupefebe.com\/es\/products\/puf-model-d500\/\" target=\"_blank\" rel=\"noopener\">Puff D500<\/a> es muy confortable y f\u00e1cil de transportar, por lo que es una muy buena opci\u00f3n para \u00e1mbito escolar, adem\u00e1s que se adapta muy bien en el espacio en el que este dependiendo de la actividad que se realice.<br \/>\nLas caracter\u00edsticas principales del Puff D500. Espuma de poliuretano y tapizado libre de ftalatos. Anti bacterias y anti moho. Para su cuidado es imprescindible retirar el polvo con una aspiradora y nunca lavar las manchas con productos abrasivos ni qu\u00edmicos pero si actuar con rapidez ante esta situaci\u00f3n.<\/p>\n<p><img loading=\"lazy\" decoding=\"async\" class=\"aligncenter wp-image-9853 size-full\" src=\"https:\/\/grupefebe.com\/custom\/uploads\/2022\/03\/d500.jpg\" alt=\"Puffs D500 para oficina\" width=\"260\" height=\"347\" \/><\/p>\n<h4>Puff Kivikko<\/h4>\n<p>La principal caracter\u00edstica de los <a href=\"https:\/\/grupefebe.com\/es\/products\/pufs-kivikko\/\" target=\"_blank\" rel=\"noopener\">Puffs Kivikko<\/a> es que est\u00e1n formados por una gran cantidad de piezas de distintos tama\u00f1os y proporciones, lo que ofrece la opci\u00f3n de poder moldear la forma final de este puff de incontables maneras dependiendo del espacio en el que se sit\u00fae.<\/p>\n<p>Adem\u00e1s los Puffs Kivikko<strong> se generan a trav\u00e9s de los residuos de materiales de espuma de pl\u00e1stico como materia prima<\/strong>, por lo que estos se pueden reutilizar en el proceso de creaci\u00f3n de un nuevo Puff Kivikko.<\/p>\n<p><img loading=\"lazy\" decoding=\"async\" class=\"aligncenter wp-image-9862\" src=\"https:\/\/grupefebe.com\/custom\/uploads\/2022\/03\/puff_kivikko-scaled.jpg\" alt=\"Puffs Kivikko\" width=\"400\" height=\"508\" srcset=\"https:\/\/www.grupefebe.com\/custom\/uploads\/2022\/03\/puff_kivikko-scaled.jpg 2015w, https:\/\/www.grupefebe.com\/custom\/uploads\/2022\/03\/puff_kivikko-236x300.jpg 236w, https:\/\/www.grupefebe.com\/custom\/uploads\/2022\/03\/puff_kivikko-806x1024.jpg 806w, https:\/\/www.grupefebe.com\/custom\/uploads\/2022\/03\/puff_kivikko-768x976.jpg 768w, https:\/\/www.grupefebe.com\/custom\/uploads\/2022\/03\/puff_kivikko-1209x1536.jpg 1209w, https:\/\/www.grupefebe.com\/custom\/uploads\/2022\/03\/puff_kivikko-1612x2048.jpg 1612w\" sizes=\"auto, (max-width: 400px) 100vw, 400px\" \/><\/p>\n<p>&nbsp;<\/p>\n<p>&nbsp;<\/p>\n<h4>Puff Puck<\/h4>\n<p>El <a href=\"https:\/\/grupefebe.com\/es\/products\/puff-puck\/\" target=\"_blank\" rel=\"noopener\">Puff Puck<\/a> tiene una peculiaridad de la que no dispon\u00edan los otros puffs. En este caso llevan ruedas incorporadas, lo que facilita una gran movilidad y transporte del producto. Tambi\u00e9n ofrece una variante con ruedas auto frenado o sin ellas, pero todos los Puff Puck disponen de una base de aluminio para evitar marcas de zapatos en la superficie tapizada y una cobertura en poli\u00e9ster.<\/p>\n<p><img loading=\"lazy\" decoding=\"async\" class=\"wp-image-9884 aligncenter\" src=\"https:\/\/grupefebe.com\/custom\/uploads\/2022\/03\/puck-pouf-enea-design-300x234.png\" alt=\"puffs puck\" width=\"558\" height=\"435\" srcset=\"https:\/\/www.grupefebe.com\/custom\/uploads\/2022\/03\/puck-pouf-enea-design-300x234.png 300w, https:\/\/www.grupefebe.com\/custom\/uploads\/2022\/03\/puck-pouf-enea-design.png 736w\" sizes=\"auto, (max-width: 558px) 100vw, 558px\" \/><\/p>\n<p>&nbsp;<\/p>\n<h4>Puff Amphi<\/h4>\n<p>Los <a href=\"https:\/\/grupefebe.com\/es\/products\/pufs-amphi\/\" target=\"_blank\" rel=\"noopener\">Puffs Amphi<\/a> tienen un car\u00e1cter distinto a los que ya hemos presentado. Esto se da porque estos puffs se pueden colocar en una disposici\u00f3n de anfiteatro. Adem\u00e1s, se pueden combinar de una manera excepcional con los puffs Kivikko ya mencionados.<br \/>\nTambi\u00e9n cabe destacar que est\u00e1n creados por la misma materia prima que estos \u00faltimos, por lo que se convierte en un producto 100% reciclable. Finalmente a\u00f1adir que este material tan denso y acolchado es muy propicio para la mejora del confort ac\u00fastico del entorno debido a la peque\u00f1a cancelaci\u00f3n de eco que provoca.<\/p>\n<p><img loading=\"lazy\" decoding=\"async\" class=\"aligncenter wp-image-9865 size-full\" src=\"https:\/\/grupefebe.com\/custom\/uploads\/2022\/03\/Puff_Amphi_Aistec_grup_efebe.jpg\" alt=\"Puffs Amphi Grup Efeb\u00e9\" width=\"1190\" height=\"794\" srcset=\"https:\/\/www.grupefebe.com\/custom\/uploads\/2022\/03\/Puff_Amphi_Aistec_grup_efebe.jpg 1190w, https:\/\/www.grupefebe.com\/custom\/uploads\/2022\/03\/Puff_Amphi_Aistec_grup_efebe-300x200.jpg 300w, https:\/\/www.grupefebe.com\/custom\/uploads\/2022\/03\/Puff_Amphi_Aistec_grup_efebe-1024x683.jpg 1024w, https:\/\/www.grupefebe.com\/custom\/uploads\/2022\/03\/Puff_Amphi_Aistec_grup_efebe-768x512.jpg 768w\" sizes=\"auto, (max-width: 1190px) 100vw, 1190px\" \/><\/p>\n<p>&nbsp;<\/p>\n<p>&nbsp;<\/p>\n","protected":false},"excerpt":{"rendered":"<p>El estr\u00e9s en la oficina es algo muy com\u00fan en el estilo de vida tan ajetreado de hoy en d\u00eda, [&hellip;]<\/p>\n","protected":false},"author":1,"featured_media":10117,"comment_status":"closed","ping_status":"closed","sticky":false,"template":"","format":"standard","meta":{"_acf_changed":false,"footnotes":"","_links_to":"","_links_to_target":""},"categories":[203,200],"class_list":["post-9482","post","type-post","status-publish","format-standard","has-post-thumbnail","hentry","category-escuelas","category-oficinas"],"acf":[],"yoast_head":"<!-- This site is optimized with the Yoast SEO plugin v25.9 - https:\/\/yoast.com\/wordpress\/plugins\/seo\/ -->\n<title>8 puffs para tu oficina | Grupo Efeb\u00e9<\/title>\n<meta name=\"description\" content=\"\u00bfQuieres puffs para tu oficina? En este art\u00edculo de Efeb\u00e9 te aconsejamos 8 puffs adecuados para tu entorno de trabajo. \u00a1Descubre m\u00e1s aqu\u00ed!\" \/>\n<meta name=\"robots\" content=\"index, follow, max-snippet:-1, max-image-preview:large, max-video-preview:-1\" \/>\n<link rel=\"canonical\" href=\"https:\/\/www.grupefebe.com\/es\/8-puffs-para-tu-oficina\/\" \/>\n<meta property=\"og:locale\" content=\"es_ES\" \/>\n<meta property=\"og:type\" content=\"article\" \/>\n<meta property=\"og:title\" content=\"8 puffs para tu oficina | Grupo Efeb\u00e9\" \/>\n<meta property=\"og:description\" content=\"\u00bfQuieres puffs para tu oficina? En este art\u00edculo de Efeb\u00e9 te aconsejamos 8 puffs adecuados para tu entorno de trabajo. \u00a1Descubre m\u00e1s aqu\u00ed!\" \/>\n<meta property=\"og:url\" content=\"https:\/\/www.grupefebe.com\/es\/8-puffs-para-tu-oficina\/\" \/>\n<meta property=\"og:site_name\" content=\"Grupo Efeb\u00e9\" \/>\n<meta property=\"article:publisher\" content=\"https:\/\/www.facebook.com\/grup.efebe\" \/>\n<meta property=\"article:published_time\" content=\"2022-03-21T08:54:47+00:00\" \/>\n<meta property=\"article:modified_time\" content=\"2022-04-26T07:48:43+00:00\" \/>\n<meta property=\"og:image\" content=\"https:\/\/mail.grupefebe.com\/custom\/uploads\/2022\/03\/puckpuff-4-b-scaled.jpg\" \/>\n\t<meta property=\"og:image:width\" content=\"2560\" \/>\n\t<meta property=\"og:image:height\" content=\"1708\" \/>\n\t<meta property=\"og:image:type\" content=\"image\/jpeg\" \/>\n<meta name=\"author\" content=\"efebe\" \/>\n<meta name=\"twitter:card\" content=\"summary_large_image\" \/>\n<meta name=\"twitter:image\" content=\"https:\/\/www.grupefebe.com\/custom\/uploads\/2022\/03\/puckpuff-4-b-scaled.jpg\" \/>\n<meta name=\"twitter:creator\" content=\"@grup_efebe\" \/>\n<meta name=\"twitter:site\" content=\"@grup_efebe\" \/>\n<meta name=\"twitter:label1\" content=\"Escrito por\" \/>\n\t<meta name=\"twitter:data1\" content=\"efebe\" \/>\n\t<meta name=\"twitter:label2\" content=\"Tiempo de lectura\" \/>\n\t<meta name=\"twitter:data2\" content=\"6 minutos\" \/>\n<script type=\"application\/ld+json\" class=\"yoast-schema-graph\">{\"@context\":\"https:\/\/schema.org\",\"@graph\":[{\"@type\":\"Article\",\"@id\":\"https:\/\/www.grupefebe.com\/es\/8-puffs-para-tu-oficina\/#article\",\"isPartOf\":{\"@id\":\"https:\/\/www.grupefebe.com\/es\/8-puffs-para-tu-oficina\/\"},\"author\":{\"name\":\"efebe\",\"@id\":\"https:\/\/mail.grupefebe.com\/es\/#\/schema\/person\/ea29ae2644736bcdb432a0b7f0d814cd\"},\"headline\":\"8 puffs para tu oficina\",\"datePublished\":\"2022-03-21T08:54:47+00:00\",\"dateModified\":\"2022-04-26T07:48:43+00:00\",\"mainEntityOfPage\":{\"@id\":\"https:\/\/www.grupefebe.com\/es\/8-puffs-para-tu-oficina\/\"},\"wordCount\":982,\"publisher\":{\"@id\":\"https:\/\/mail.grupefebe.com\/es\/#organization\"},\"image\":{\"@id\":\"https:\/\/www.grupefebe.com\/es\/8-puffs-para-tu-oficina\/#primaryimage\"},\"thumbnailUrl\":\"https:\/\/www.grupefebe.com\/custom\/uploads\/2022\/03\/puckpuff-4-b-scaled.jpg\",\"articleSection\":[\"Escuelas\",\"Oficinas\"],\"inLanguage\":\"es\"},{\"@type\":\"WebPage\",\"@id\":\"https:\/\/www.grupefebe.com\/es\/8-puffs-para-tu-oficina\/\",\"url\":\"https:\/\/www.grupefebe.com\/es\/8-puffs-para-tu-oficina\/\",\"name\":\"8 puffs para tu oficina | Grupo Efeb\u00e9\",\"isPartOf\":{\"@id\":\"https:\/\/mail.grupefebe.com\/es\/#website\"},\"primaryImageOfPage\":{\"@id\":\"https:\/\/www.grupefebe.com\/es\/8-puffs-para-tu-oficina\/#primaryimage\"},\"image\":{\"@id\":\"https:\/\/www.grupefebe.com\/es\/8-puffs-para-tu-oficina\/#primaryimage\"},\"thumbnailUrl\":\"https:\/\/www.grupefebe.com\/custom\/uploads\/2022\/03\/puckpuff-4-b-scaled.jpg\",\"datePublished\":\"2022-03-21T08:54:47+00:00\",\"dateModified\":\"2022-04-26T07:48:43+00:00\",\"description\":\"\u00bfQuieres puffs para tu oficina? En este art\u00edculo de Efeb\u00e9 te aconsejamos 8 puffs adecuados para tu entorno de trabajo. \u00a1Descubre m\u00e1s aqu\u00ed!\",\"breadcrumb\":{\"@id\":\"https:\/\/www.grupefebe.com\/es\/8-puffs-para-tu-oficina\/#breadcrumb\"},\"inLanguage\":\"es\",\"potentialAction\":[{\"@type\":\"ReadAction\",\"target\":[\"https:\/\/www.grupefebe.com\/es\/8-puffs-para-tu-oficina\/\"]}]},{\"@type\":\"ImageObject\",\"inLanguage\":\"es\",\"@id\":\"https:\/\/www.grupefebe.com\/es\/8-puffs-para-tu-oficina\/#primaryimage\",\"url\":\"https:\/\/www.grupefebe.com\/custom\/uploads\/2022\/03\/puckpuff-4-b-scaled.jpg\",\"contentUrl\":\"https:\/\/www.grupefebe.com\/custom\/uploads\/2022\/03\/puckpuff-4-b-scaled.jpg\",\"width\":2560,\"height\":1708},{\"@type\":\"BreadcrumbList\",\"@id\":\"https:\/\/www.grupefebe.com\/es\/8-puffs-para-tu-oficina\/#breadcrumb\",\"itemListElement\":[{\"@type\":\"ListItem\",\"position\":1,\"name\":\"Inici\",\"item\":\"https:\/\/mail.grupefebe.com\/es\/\"},{\"@type\":\"ListItem\",\"position\":2,\"name\":\"8 puffs para tu oficina\"}]},{\"@type\":\"WebSite\",\"@id\":\"https:\/\/mail.grupefebe.com\/es\/#website\",\"url\":\"https:\/\/mail.grupefebe.com\/es\/\",\"name\":\"Grup Efeb\u00e9\",\"description\":\"Otro sitio realizado con WordPress\",\"publisher\":{\"@id\":\"https:\/\/mail.grupefebe.com\/es\/#organization\"},\"potentialAction\":[{\"@type\":\"SearchAction\",\"target\":{\"@type\":\"EntryPoint\",\"urlTemplate\":\"https:\/\/mail.grupefebe.com\/es\/?s={search_term_string}\"},\"query-input\":{\"@type\":\"PropertyValueSpecification\",\"valueRequired\":true,\"valueName\":\"search_term_string\"}}],\"inLanguage\":\"es\"},{\"@type\":\"Organization\",\"@id\":\"https:\/\/mail.grupefebe.com\/es\/#organization\",\"name\":\"Grup Efeb\u00e9\",\"url\":\"https:\/\/mail.grupefebe.com\/es\/\",\"logo\":{\"@type\":\"ImageObject\",\"inLanguage\":\"es\",\"@id\":\"https:\/\/mail.grupefebe.com\/es\/#\/schema\/logo\/image\/\",\"url\":\"https:\/\/grupefebe.com\/custom\/uploads\/2021\/01\/logo-efebe.png\",\"contentUrl\":\"https:\/\/grupefebe.com\/custom\/uploads\/2021\/01\/logo-efebe.png\",\"width\":524,\"height\":135,\"caption\":\"Grup Efeb\u00e9\"},\"image\":{\"@id\":\"https:\/\/mail.grupefebe.com\/es\/#\/schema\/logo\/image\/\"},\"sameAs\":[\"https:\/\/www.facebook.com\/grup.efebe\",\"https:\/\/x.com\/grup_efebe\",\"https:\/\/www.instagram.com\/grup_efebe\/\",\"https:\/\/www.linkedin.com\/company\/grupefebe\",\"https:\/\/www.youtube.com\/channel\/UCj11-LAuLhPfqrL2649Xzrw\"]},{\"@type\":\"Person\",\"@id\":\"https:\/\/mail.grupefebe.com\/es\/#\/schema\/person\/ea29ae2644736bcdb432a0b7f0d814cd\",\"name\":\"efebe\",\"image\":{\"@type\":\"ImageObject\",\"inLanguage\":\"es\",\"@id\":\"https:\/\/mail.grupefebe.com\/es\/#\/schema\/person\/image\/\",\"url\":\"https:\/\/secure.gravatar.com\/avatar\/fe57a3f139ea81c65a338e37a8064b4e80844f839737532820c9107eb9e1966f?s=96&d=mm&r=g\",\"contentUrl\":\"https:\/\/secure.gravatar.com\/avatar\/fe57a3f139ea81c65a338e37a8064b4e80844f839737532820c9107eb9e1966f?s=96&d=mm&r=g\",\"caption\":\"efebe\"},\"url\":\"https:\/\/www.grupefebe.com\/es\/author\/efebe\/\"}]}<\/script>\n<!-- \/ Yoast SEO plugin. -->","yoast_head_json":{"title":"8 puffs para tu oficina | Grupo Efeb\u00e9","description":"\u00bfQuieres puffs para tu oficina? En este art\u00edculo de Efeb\u00e9 te aconsejamos 8 puffs adecuados para tu entorno de trabajo. \u00a1Descubre m\u00e1s aqu\u00ed!","robots":{"index":"index","follow":"follow","max-snippet":"max-snippet:-1","max-image-preview":"max-image-preview:large","max-video-preview":"max-video-preview:-1"},"canonical":"https:\/\/www.grupefebe.com\/es\/8-puffs-para-tu-oficina\/","og_locale":"es_ES","og_type":"article","og_title":"8 puffs para tu oficina | Grupo Efeb\u00e9","og_description":"\u00bfQuieres puffs para tu oficina? En este art\u00edculo de Efeb\u00e9 te aconsejamos 8 puffs adecuados para tu entorno de trabajo. \u00a1Descubre m\u00e1s aqu\u00ed!","og_url":"https:\/\/www.grupefebe.com\/es\/8-puffs-para-tu-oficina\/","og_site_name":"Grupo Efeb\u00e9","article_publisher":"https:\/\/www.facebook.com\/grup.efebe","article_published_time":"2022-03-21T08:54:47+00:00","article_modified_time":"2022-04-26T07:48:43+00:00","og_image":[{"width":2560,"height":1708,"url":"https:\/\/mail.grupefebe.com\/custom\/uploads\/2022\/03\/puckpuff-4-b-scaled.jpg","type":"image\/jpeg"}],"author":"efebe","twitter_card":"summary_large_image","twitter_image":"https:\/\/www.grupefebe.com\/custom\/uploads\/2022\/03\/puckpuff-4-b-scaled.jpg","twitter_creator":"@grup_efebe","twitter_site":"@grup_efebe","twitter_misc":{"Escrito por":"efebe","Tiempo de lectura":"6 minutos"},"schema":{"@context":"https:\/\/schema.org","@graph":[{"@type":"Article","@id":"https:\/\/www.grupefebe.com\/es\/8-puffs-para-tu-oficina\/#article","isPartOf":{"@id":"https:\/\/www.grupefebe.com\/es\/8-puffs-para-tu-oficina\/"},"author":{"name":"efebe","@id":"https:\/\/mail.grupefebe.com\/es\/#\/schema\/person\/ea29ae2644736bcdb432a0b7f0d814cd"},"headline":"8 puffs para tu oficina","datePublished":"2022-03-21T08:54:47+00:00","dateModified":"2022-04-26T07:48:43+00:00","mainEntityOfPage":{"@id":"https:\/\/www.grupefebe.com\/es\/8-puffs-para-tu-oficina\/"},"wordCount":982,"publisher":{"@id":"https:\/\/mail.grupefebe.com\/es\/#organization"},"image":{"@id":"https:\/\/www.grupefebe.com\/es\/8-puffs-para-tu-oficina\/#primaryimage"},"thumbnailUrl":"https:\/\/www.grupefebe.com\/custom\/uploads\/2022\/03\/puckpuff-4-b-scaled.jpg","articleSection":["Escuelas","Oficinas"],"inLanguage":"es"},{"@type":"WebPage","@id":"https:\/\/www.grupefebe.com\/es\/8-puffs-para-tu-oficina\/","url":"https:\/\/www.grupefebe.com\/es\/8-puffs-para-tu-oficina\/","name":"8 puffs para tu oficina | Grupo Efeb\u00e9","isPartOf":{"@id":"https:\/\/mail.grupefebe.com\/es\/#website"},"primaryImageOfPage":{"@id":"https:\/\/www.grupefebe.com\/es\/8-puffs-para-tu-oficina\/#primaryimage"},"image":{"@id":"https:\/\/www.grupefebe.com\/es\/8-puffs-para-tu-oficina\/#primaryimage"},"thumbnailUrl":"https:\/\/www.grupefebe.com\/custom\/uploads\/2022\/03\/puckpuff-4-b-scaled.jpg","datePublished":"2022-03-21T08:54:47+00:00","dateModified":"2022-04-26T07:48:43+00:00","description":"\u00bfQuieres puffs para tu oficina? En este art\u00edculo de Efeb\u00e9 te aconsejamos 8 puffs adecuados para tu entorno de trabajo. \u00a1Descubre m\u00e1s aqu\u00ed!","breadcrumb":{"@id":"https:\/\/www.grupefebe.com\/es\/8-puffs-para-tu-oficina\/#breadcrumb"},"inLanguage":"es","potentialAction":[{"@type":"ReadAction","target":["https:\/\/www.grupefebe.com\/es\/8-puffs-para-tu-oficina\/"]}]},{"@type":"ImageObject","inLanguage":"es","@id":"https:\/\/www.grupefebe.com\/es\/8-puffs-para-tu-oficina\/#primaryimage","url":"https:\/\/www.grupefebe.com\/custom\/uploads\/2022\/03\/puckpuff-4-b-scaled.jpg","contentUrl":"https:\/\/www.grupefebe.com\/custom\/uploads\/2022\/03\/puckpuff-4-b-scaled.jpg","width":2560,"height":1708},{"@type":"BreadcrumbList","@id":"https:\/\/www.grupefebe.com\/es\/8-puffs-para-tu-oficina\/#breadcrumb","itemListElement":[{"@type":"ListItem","position":1,"name":"Inici","item":"https:\/\/mail.grupefebe.com\/es\/"},{"@type":"ListItem","position":2,"name":"8 puffs para tu oficina"}]},{"@type":"WebSite","@id":"https:\/\/mail.grupefebe.com\/es\/#website","url":"https:\/\/mail.grupefebe.com\/es\/","name":"Grup Efeb\u00e9","description":"Otro sitio realizado con WordPress","publisher":{"@id":"https:\/\/mail.grupefebe.com\/es\/#organization"},"potentialAction":[{"@type":"SearchAction","target":{"@type":"EntryPoint","urlTemplate":"https:\/\/mail.grupefebe.com\/es\/?s={search_term_string}"},"query-input":{"@type":"PropertyValueSpecification","valueRequired":true,"valueName":"search_term_string"}}],"inLanguage":"es"},{"@type":"Organization","@id":"https:\/\/mail.grupefebe.com\/es\/#organization","name":"Grup Efeb\u00e9","url":"https:\/\/mail.grupefebe.com\/es\/","logo":{"@type":"ImageObject","inLanguage":"es","@id":"https:\/\/mail.grupefebe.com\/es\/#\/schema\/logo\/image\/","url":"https:\/\/grupefebe.com\/custom\/uploads\/2021\/01\/logo-efebe.png","contentUrl":"https:\/\/grupefebe.com\/custom\/uploads\/2021\/01\/logo-efebe.png","width":524,"height":135,"caption":"Grup Efeb\u00e9"},"image":{"@id":"https:\/\/mail.grupefebe.com\/es\/#\/schema\/logo\/image\/"},"sameAs":["https:\/\/www.facebook.com\/grup.efebe","https:\/\/x.com\/grup_efebe","https:\/\/www.instagram.com\/grup_efebe\/","https:\/\/www.linkedin.com\/company\/grupefebe","https:\/\/www.youtube.com\/channel\/UCj11-LAuLhPfqrL2649Xzrw"]},{"@type":"Person","@id":"https:\/\/mail.grupefebe.com\/es\/#\/schema\/person\/ea29ae2644736bcdb432a0b7f0d814cd","name":"efebe","image":{"@type":"ImageObject","inLanguage":"es","@id":"https:\/\/mail.grupefebe.com\/es\/#\/schema\/person\/image\/","url":"https:\/\/secure.gravatar.com\/avatar\/fe57a3f139ea81c65a338e37a8064b4e80844f839737532820c9107eb9e1966f?s=96&d=mm&r=g","contentUrl":"https:\/\/secure.gravatar.com\/avatar\/fe57a3f139ea81c65a338e37a8064b4e80844f839737532820c9107eb9e1966f?s=96&d=mm&r=g","caption":"efebe"},"url":"https:\/\/www.grupefebe.com\/es\/author\/efebe\/"}]}},"_links":{"self":[{"href":"https:\/\/www.grupefebe.com\/es\/wp-json\/wp\/v2\/posts\/9482","targetHints":{"allow":["GET"]}}],"collection":[{"href":"https:\/\/www.grupefebe.com\/es\/wp-json\/wp\/v2\/posts"}],"about":[{"href":"https:\/\/www.grupefebe.com\/es\/wp-json\/wp\/v2\/types\/post"}],"author":[{"embeddable":true,"href":"https:\/\/www.grupefebe.com\/es\/wp-json\/wp\/v2\/users\/1"}],"replies":[{"embeddable":true,"href":"https:\/\/www.grupefebe.com\/es\/wp-json\/wp\/v2\/comments?post=9482"}],"version-history":[{"count":22,"href":"https:\/\/www.grupefebe.com\/es\/wp-json\/wp\/v2\/posts\/9482\/revisions"}],"predecessor-version":[{"id":10405,"href":"https:\/\/www.grupefebe.com\/es\/wp-json\/wp\/v2\/posts\/9482\/revisions\/10405"}],"wp:featuredmedia":[{"embeddable":true,"href":"https:\/\/www.grupefebe.com\/es\/wp-json\/wp\/v2\/media\/10117"}],"wp:attachment":[{"href":"https:\/\/www.grupefebe.com\/es\/wp-json\/wp\/v2\/media?parent=9482"}],"wp:term":[{"taxonomy":"category","embeddable":true,"href":"https:\/\/www.grupefebe.com\/es\/wp-json\/wp\/v2\/categories?post=9482"}],"curies":[{"name":"wp","href":"https:\/\/api.w.org\/{rel}","templated":true}]}}