{"id":7894,"date":"2021-07-26T10:05:29","date_gmt":"2021-07-26T10:05:29","guid":{"rendered":"https:\/\/www.grupefebe.com\/espais-segurs-espais-per-conviure-efebe-som-collaboradors-dacra\/"},"modified":"2021-07-27T13:20:23","modified_gmt":"2021-07-27T13:20:23","slug":"espacios-seguros-espacios-para-convivir-efebe-somos-colaboradores-de-acra","status":"publish","type":"post","link":"https:\/\/www.grupefebe.com\/es\/espacios-seguros-espacios-para-convivir-efebe-somos-colaboradores-de-acra\/","title":{"rendered":"Espacios seguros, espacios para convivir &#8211; Efeb\u00e9 somos colaboradores de ACRA"},"content":{"rendered":"<p>Desde hace unos meses, Grup Efeb\u00e9 somos colaboradores de <strong>ACRA (Associaci\u00f3 Catalana de Recursos Assistencials<\/strong>).<\/p>\n<p><a href=\"https:\/\/www.acra.cat\/ca\" target=\"_blank\" rel=\"noopener\">ACRA<\/a>\u00a0es una organizaci\u00f3n sin \u00e1nimo de lucro de Catalu\u00f1a que se fund\u00f3 el 1989. La asociaci\u00f3n trabaja con la mayor\u00eda de empresas y entidades que forman parte del sector de la asistencia a la gente mayor. Adem\u00e1s, cuenta con m\u00e1s de 400 socios, siendo la entidad de referencia del sector.<\/p>\n<p>En este art\u00edculo te explicamos qu\u00e9 acuerdo tenemos con ACRA. Adem\u00e1s, tratamos como podemos contribuir a la mejora de los servicios asistenciales en las residencias y en los centros de d\u00eda para la gente mayor.<\/p>\n<div id=\"attachment_6102\" style=\"width: 696px\" class=\"wp-caption aligncenter\"><img loading=\"lazy\" decoding=\"async\" aria-describedby=\"caption-attachment-6102\" class=\"wp-image-6102\" src=\"https:\/\/grupefebe.com\/custom\/uploads\/2021\/03\/grup_efebe_residencies-300x169.jpg\" alt=\"\" width=\"686\" height=\"387\" srcset=\"https:\/\/www.grupefebe.com\/custom\/uploads\/2021\/03\/grup_efebe_residencies-300x169.jpg 300w, https:\/\/www.grupefebe.com\/custom\/uploads\/2021\/03\/grup_efebe_residencies-768x432.jpg 768w, https:\/\/www.grupefebe.com\/custom\/uploads\/2021\/03\/grup_efebe_residencies.jpg 1000w\" sizes=\"auto, (max-width: 686px) 100vw, 686px\" \/><p id=\"caption-attachment-6102\" class=\"wp-caption-text\">Dise\u00f1o Efeb\u00e9 de un espacio com\u00fan de un centro residencial.<\/p><\/div>\n<h3>En que consiste el acuerdo con ACRA?<\/h3>\n<p>Existe el compromiso compartido por ambas partes de <strong>fomentar el bienestar de las personas mayores en situaci\u00f3n de dependencia<\/strong>. Por parte de ACRA, en cuanto que patronal mayoritaria del sector de la atenci\u00f3n de la gente mayor. Por parte de Efeb\u00e9, como empresa de referencia dedicada al dise\u00f1o, adecuaci\u00f3n, equipamiento y mantenimiento de espacios, entre los cuales residencias de gente mayor y centros de d\u00eda.<\/p>\n<p>Adem\u00e1s, conjuntamente queremos trabajar para difundir una imagen de calidad y de innovaci\u00f3n del sector hacia la sociedad. Las circunstancias actuales han afectado en la perspectiva de futuro para las personas que necesitar\u00e1n ayuda dentro de unos a\u00f1os, de forma que queremos contribuir en el buen trabajo de los centros residenciales y ACRA para una reputaci\u00f3n excepcional de unos <strong>espacios seguros para convivir<\/strong>.<\/p>\n","protected":false},"excerpt":{"rendered":"<p>Desde hace unos meses, Grup Efeb\u00e9 somos colaboradores de ACRA (Associaci\u00f3 Catalana de Recursos Assistencials). ACRA\u00a0es una organizaci\u00f3n sin \u00e1nimo [&hellip;]<\/p>\n","protected":false},"author":2,"featured_media":7877,"comment_status":"closed","ping_status":"closed","sticky":false,"template":"","format":"standard","meta":{"_acf_changed":false,"footnotes":"","_links_to":"","_links_to_target":""},"categories":[202],"class_list":["post-7894","post","type-post","status-publish","format-standard","has-post-thumbnail","hentry","category-residencias-mayores"],"acf":[],"yoast_head":"<!-- This site is optimized with the Yoast SEO plugin v25.9 - https:\/\/yoast.com\/wordpress\/plugins\/seo\/ -->\n<title>Espacios seguros, espacios para convivir - Efeb\u00e9 somos colaboradores de ACRA | Grupo Efeb\u00e9<\/title>\n<meta name=\"description\" content=\"Efeb\u00e9 somos colaboradores de ACRA (Associaci\u00f3 Catalana de Recursos Assistencials). Descubre como generamos espacios seguros en las residencias.\" \/>\n<meta name=\"robots\" content=\"index, follow, max-snippet:-1, max-image-preview:large, max-video-preview:-1\" \/>\n<link rel=\"canonical\" href=\"https:\/\/www.grupefebe.com\/es\/espacios-seguros-espacios-para-convivir-efebe-somos-colaboradores-de-acra\/\" \/>\n<meta property=\"og:locale\" content=\"es_ES\" \/>\n<meta property=\"og:type\" content=\"article\" \/>\n<meta property=\"og:title\" content=\"Espacios seguros, espacios para convivir - Efeb\u00e9 somos colaboradores de ACRA | Grupo Efeb\u00e9\" \/>\n<meta property=\"og:description\" content=\"Efeb\u00e9 somos colaboradores de ACRA (Associaci\u00f3 Catalana de Recursos Assistencials). Descubre como generamos espacios seguros en las residencias.\" \/>\n<meta property=\"og:url\" content=\"https:\/\/www.grupefebe.com\/es\/espacios-seguros-espacios-para-convivir-efebe-somos-colaboradores-de-acra\/\" \/>\n<meta property=\"og:site_name\" content=\"Grupo Efeb\u00e9\" \/>\n<meta property=\"article:publisher\" content=\"https:\/\/www.facebook.com\/grup.efebe\" \/>\n<meta property=\"article:published_time\" content=\"2021-07-26T10:05:29+00:00\" \/>\n<meta property=\"article:modified_time\" content=\"2021-07-27T13:20:23+00:00\" \/>\n<meta property=\"og:image\" content=\"https:\/\/grupefebe.com\/custom\/uploads\/2021\/07\/acra.png\" \/>\n\t<meta property=\"og:image:width\" content=\"1200\" \/>\n\t<meta property=\"og:image:height\" content=\"767\" \/>\n\t<meta property=\"og:image:type\" content=\"image\/png\" \/>\n<meta name=\"author\" content=\"Grup Efeb\u00e9\" \/>\n<meta name=\"twitter:card\" content=\"summary_large_image\" \/>\n<meta name=\"twitter:creator\" content=\"@grup_efebe\" \/>\n<meta name=\"twitter:site\" content=\"@grup_efebe\" \/>\n<meta name=\"twitter:label1\" content=\"Escrito por\" \/>\n\t<meta name=\"twitter:data1\" content=\"Grup Efeb\u00e9\" \/>\n\t<meta name=\"twitter:label2\" content=\"Tiempo de lectura\" \/>\n\t<meta name=\"twitter:data2\" content=\"2 minutos\" \/>\n<script type=\"application\/ld+json\" class=\"yoast-schema-graph\">{\"@context\":\"https:\/\/schema.org\",\"@graph\":[{\"@type\":\"Article\",\"@id\":\"https:\/\/www.grupefebe.com\/es\/espacios-seguros-espacios-para-convivir-efebe-somos-colaboradores-de-acra\/#article\",\"isPartOf\":{\"@id\":\"https:\/\/www.grupefebe.com\/es\/espacios-seguros-espacios-para-convivir-efebe-somos-colaboradores-de-acra\/\"},\"author\":{\"name\":\"Grup Efeb\u00e9\",\"@id\":\"https:\/\/www.grupefebe.com\/es\/#\/schema\/person\/76402b3180eef131413100afc3282997\"},\"headline\":\"Espacios seguros, espacios para convivir &#8211; Efeb\u00e9 somos colaboradores de ACRA\",\"datePublished\":\"2021-07-26T10:05:29+00:00\",\"dateModified\":\"2021-07-27T13:20:23+00:00\",\"mainEntityOfPage\":{\"@id\":\"https:\/\/www.grupefebe.com\/es\/espacios-seguros-espacios-para-convivir-efebe-somos-colaboradores-de-acra\/\"},\"wordCount\":283,\"publisher\":{\"@id\":\"https:\/\/www.grupefebe.com\/es\/#organization\"},\"image\":{\"@id\":\"https:\/\/www.grupefebe.com\/es\/espacios-seguros-espacios-para-convivir-efebe-somos-colaboradores-de-acra\/#primaryimage\"},\"thumbnailUrl\":\"https:\/\/www.grupefebe.com\/custom\/uploads\/2021\/07\/acra.png\",\"articleSection\":[\"Residencias para mayores\"],\"inLanguage\":\"es\"},{\"@type\":\"WebPage\",\"@id\":\"https:\/\/www.grupefebe.com\/es\/espacios-seguros-espacios-para-convivir-efebe-somos-colaboradores-de-acra\/\",\"url\":\"https:\/\/www.grupefebe.com\/es\/espacios-seguros-espacios-para-convivir-efebe-somos-colaboradores-de-acra\/\",\"name\":\"Espacios seguros, espacios para convivir - Efeb\u00e9 somos colaboradores de ACRA | Grupo Efeb\u00e9\",\"isPartOf\":{\"@id\":\"https:\/\/www.grupefebe.com\/es\/#website\"},\"primaryImageOfPage\":{\"@id\":\"https:\/\/www.grupefebe.com\/es\/espacios-seguros-espacios-para-convivir-efebe-somos-colaboradores-de-acra\/#primaryimage\"},\"image\":{\"@id\":\"https:\/\/www.grupefebe.com\/es\/espacios-seguros-espacios-para-convivir-efebe-somos-colaboradores-de-acra\/#primaryimage\"},\"thumbnailUrl\":\"https:\/\/www.grupefebe.com\/custom\/uploads\/2021\/07\/acra.png\",\"datePublished\":\"2021-07-26T10:05:29+00:00\",\"dateModified\":\"2021-07-27T13:20:23+00:00\",\"description\":\"Efeb\u00e9 somos colaboradores de ACRA (Associaci\u00f3 Catalana de Recursos Assistencials). Descubre como generamos espacios seguros en las residencias.\",\"breadcrumb\":{\"@id\":\"https:\/\/www.grupefebe.com\/es\/espacios-seguros-espacios-para-convivir-efebe-somos-colaboradores-de-acra\/#breadcrumb\"},\"inLanguage\":\"es\",\"potentialAction\":[{\"@type\":\"ReadAction\",\"target\":[\"https:\/\/www.grupefebe.com\/es\/espacios-seguros-espacios-para-convivir-efebe-somos-colaboradores-de-acra\/\"]}]},{\"@type\":\"ImageObject\",\"inLanguage\":\"es\",\"@id\":\"https:\/\/www.grupefebe.com\/es\/espacios-seguros-espacios-para-convivir-efebe-somos-colaboradores-de-acra\/#primaryimage\",\"url\":\"https:\/\/www.grupefebe.com\/custom\/uploads\/2021\/07\/acra.png\",\"contentUrl\":\"https:\/\/www.grupefebe.com\/custom\/uploads\/2021\/07\/acra.png\",\"width\":1200,\"height\":767,\"caption\":\"acra\"},{\"@type\":\"BreadcrumbList\",\"@id\":\"https:\/\/www.grupefebe.com\/es\/espacios-seguros-espacios-para-convivir-efebe-somos-colaboradores-de-acra\/#breadcrumb\",\"itemListElement\":[{\"@type\":\"ListItem\",\"position\":1,\"name\":\"Inici\",\"item\":\"https:\/\/www.grupefebe.com\/es\/\"},{\"@type\":\"ListItem\",\"position\":2,\"name\":\"Espacios seguros, espacios para convivir &#8211; Efeb\u00e9 somos colaboradores de ACRA\"}]},{\"@type\":\"WebSite\",\"@id\":\"https:\/\/www.grupefebe.com\/es\/#website\",\"url\":\"https:\/\/www.grupefebe.com\/es\/\",\"name\":\"Grup Efeb\u00e9\",\"description\":\"Otro sitio realizado con WordPress\",\"publisher\":{\"@id\":\"https:\/\/www.grupefebe.com\/es\/#organization\"},\"potentialAction\":[{\"@type\":\"SearchAction\",\"target\":{\"@type\":\"EntryPoint\",\"urlTemplate\":\"https:\/\/www.grupefebe.com\/es\/?s={search_term_string}\"},\"query-input\":{\"@type\":\"PropertyValueSpecification\",\"valueRequired\":true,\"valueName\":\"search_term_string\"}}],\"inLanguage\":\"es\"},{\"@type\":\"Organization\",\"@id\":\"https:\/\/www.grupefebe.com\/es\/#organization\",\"name\":\"Grup Efeb\u00e9\",\"url\":\"https:\/\/www.grupefebe.com\/es\/\",\"logo\":{\"@type\":\"ImageObject\",\"inLanguage\":\"es\",\"@id\":\"https:\/\/www.grupefebe.com\/es\/#\/schema\/logo\/image\/\",\"url\":\"https:\/\/grupefebe.com\/custom\/uploads\/2021\/01\/logo-efebe.png\",\"contentUrl\":\"https:\/\/grupefebe.com\/custom\/uploads\/2021\/01\/logo-efebe.png\",\"width\":524,\"height\":135,\"caption\":\"Grup Efeb\u00e9\"},\"image\":{\"@id\":\"https:\/\/www.grupefebe.com\/es\/#\/schema\/logo\/image\/\"},\"sameAs\":[\"https:\/\/www.facebook.com\/grup.efebe\",\"https:\/\/x.com\/grup_efebe\",\"https:\/\/www.instagram.com\/grup_efebe\/\",\"https:\/\/www.linkedin.com\/company\/grupefebe\",\"https:\/\/www.youtube.com\/channel\/UCj11-LAuLhPfqrL2649Xzrw\"]},{\"@type\":\"Person\",\"@id\":\"https:\/\/www.grupefebe.com\/es\/#\/schema\/person\/76402b3180eef131413100afc3282997\",\"name\":\"Grup Efeb\u00e9\",\"image\":{\"@type\":\"ImageObject\",\"inLanguage\":\"es\",\"@id\":\"https:\/\/www.grupefebe.com\/es\/#\/schema\/person\/image\/\",\"url\":\"https:\/\/secure.gravatar.com\/avatar\/913bc6aa90480101061296ab9cad4bd4ccfb82c623a8820f3fd577558c1651be?s=96&d=mm&r=g\",\"contentUrl\":\"https:\/\/secure.gravatar.com\/avatar\/913bc6aa90480101061296ab9cad4bd4ccfb82c623a8820f3fd577558c1651be?s=96&d=mm&r=g\",\"caption\":\"Grup Efeb\u00e9\"},\"url\":\"https:\/\/www.grupefebe.com\/es\/author\/julia\/\"}]}<\/script>\n<!-- \/ Yoast SEO plugin. -->","yoast_head_json":{"title":"Espacios seguros, espacios para convivir - Efeb\u00e9 somos colaboradores de ACRA | Grupo Efeb\u00e9","description":"Efeb\u00e9 somos colaboradores de ACRA (Associaci\u00f3 Catalana de Recursos Assistencials). Descubre como generamos espacios seguros en las residencias.","robots":{"index":"index","follow":"follow","max-snippet":"max-snippet:-1","max-image-preview":"max-image-preview:large","max-video-preview":"max-video-preview:-1"},"canonical":"https:\/\/www.grupefebe.com\/es\/espacios-seguros-espacios-para-convivir-efebe-somos-colaboradores-de-acra\/","og_locale":"es_ES","og_type":"article","og_title":"Espacios seguros, espacios para convivir - Efeb\u00e9 somos colaboradores de ACRA | Grupo Efeb\u00e9","og_description":"Efeb\u00e9 somos colaboradores de ACRA (Associaci\u00f3 Catalana de Recursos Assistencials). Descubre como generamos espacios seguros en las residencias.","og_url":"https:\/\/www.grupefebe.com\/es\/espacios-seguros-espacios-para-convivir-efebe-somos-colaboradores-de-acra\/","og_site_name":"Grupo Efeb\u00e9","article_publisher":"https:\/\/www.facebook.com\/grup.efebe","article_published_time":"2021-07-26T10:05:29+00:00","article_modified_time":"2021-07-27T13:20:23+00:00","og_image":[{"width":1200,"height":767,"url":"https:\/\/grupefebe.com\/custom\/uploads\/2021\/07\/acra.png","type":"image\/png"}],"author":"Grup Efeb\u00e9","twitter_card":"summary_large_image","twitter_creator":"@grup_efebe","twitter_site":"@grup_efebe","twitter_misc":{"Escrito por":"Grup Efeb\u00e9","Tiempo de lectura":"2 minutos"},"schema":{"@context":"https:\/\/schema.org","@graph":[{"@type":"Article","@id":"https:\/\/www.grupefebe.com\/es\/espacios-seguros-espacios-para-convivir-efebe-somos-colaboradores-de-acra\/#article","isPartOf":{"@id":"https:\/\/www.grupefebe.com\/es\/espacios-seguros-espacios-para-convivir-efebe-somos-colaboradores-de-acra\/"},"author":{"name":"Grup Efeb\u00e9","@id":"https:\/\/www.grupefebe.com\/es\/#\/schema\/person\/76402b3180eef131413100afc3282997"},"headline":"Espacios seguros, espacios para convivir &#8211; Efeb\u00e9 somos colaboradores de ACRA","datePublished":"2021-07-26T10:05:29+00:00","dateModified":"2021-07-27T13:20:23+00:00","mainEntityOfPage":{"@id":"https:\/\/www.grupefebe.com\/es\/espacios-seguros-espacios-para-convivir-efebe-somos-colaboradores-de-acra\/"},"wordCount":283,"publisher":{"@id":"https:\/\/www.grupefebe.com\/es\/#organization"},"image":{"@id":"https:\/\/www.grupefebe.com\/es\/espacios-seguros-espacios-para-convivir-efebe-somos-colaboradores-de-acra\/#primaryimage"},"thumbnailUrl":"https:\/\/www.grupefebe.com\/custom\/uploads\/2021\/07\/acra.png","articleSection":["Residencias para mayores"],"inLanguage":"es"},{"@type":"WebPage","@id":"https:\/\/www.grupefebe.com\/es\/espacios-seguros-espacios-para-convivir-efebe-somos-colaboradores-de-acra\/","url":"https:\/\/www.grupefebe.com\/es\/espacios-seguros-espacios-para-convivir-efebe-somos-colaboradores-de-acra\/","name":"Espacios seguros, espacios para convivir - Efeb\u00e9 somos colaboradores de ACRA | Grupo Efeb\u00e9","isPartOf":{"@id":"https:\/\/www.grupefebe.com\/es\/#website"},"primaryImageOfPage":{"@id":"https:\/\/www.grupefebe.com\/es\/espacios-seguros-espacios-para-convivir-efebe-somos-colaboradores-de-acra\/#primaryimage"},"image":{"@id":"https:\/\/www.grupefebe.com\/es\/espacios-seguros-espacios-para-convivir-efebe-somos-colaboradores-de-acra\/#primaryimage"},"thumbnailUrl":"https:\/\/www.grupefebe.com\/custom\/uploads\/2021\/07\/acra.png","datePublished":"2021-07-26T10:05:29+00:00","dateModified":"2021-07-27T13:20:23+00:00","description":"Efeb\u00e9 somos colaboradores de ACRA (Associaci\u00f3 Catalana de Recursos Assistencials). Descubre como generamos espacios seguros en las residencias.","breadcrumb":{"@id":"https:\/\/www.grupefebe.com\/es\/espacios-seguros-espacios-para-convivir-efebe-somos-colaboradores-de-acra\/#breadcrumb"},"inLanguage":"es","potentialAction":[{"@type":"ReadAction","target":["https:\/\/www.grupefebe.com\/es\/espacios-seguros-espacios-para-convivir-efebe-somos-colaboradores-de-acra\/"]}]},{"@type":"ImageObject","inLanguage":"es","@id":"https:\/\/www.grupefebe.com\/es\/espacios-seguros-espacios-para-convivir-efebe-somos-colaboradores-de-acra\/#primaryimage","url":"https:\/\/www.grupefebe.com\/custom\/uploads\/2021\/07\/acra.png","contentUrl":"https:\/\/www.grupefebe.com\/custom\/uploads\/2021\/07\/acra.png","width":1200,"height":767,"caption":"acra"},{"@type":"BreadcrumbList","@id":"https:\/\/www.grupefebe.com\/es\/espacios-seguros-espacios-para-convivir-efebe-somos-colaboradores-de-acra\/#breadcrumb","itemListElement":[{"@type":"ListItem","position":1,"name":"Inici","item":"https:\/\/www.grupefebe.com\/es\/"},{"@type":"ListItem","position":2,"name":"Espacios seguros, espacios para convivir &#8211; Efeb\u00e9 somos colaboradores de ACRA"}]},{"@type":"WebSite","@id":"https:\/\/www.grupefebe.com\/es\/#website","url":"https:\/\/www.grupefebe.com\/es\/","name":"Grup Efeb\u00e9","description":"Otro sitio realizado con WordPress","publisher":{"@id":"https:\/\/www.grupefebe.com\/es\/#organization"},"potentialAction":[{"@type":"SearchAction","target":{"@type":"EntryPoint","urlTemplate":"https:\/\/www.grupefebe.com\/es\/?s={search_term_string}"},"query-input":{"@type":"PropertyValueSpecification","valueRequired":true,"valueName":"search_term_string"}}],"inLanguage":"es"},{"@type":"Organization","@id":"https:\/\/www.grupefebe.com\/es\/#organization","name":"Grup Efeb\u00e9","url":"https:\/\/www.grupefebe.com\/es\/","logo":{"@type":"ImageObject","inLanguage":"es","@id":"https:\/\/www.grupefebe.com\/es\/#\/schema\/logo\/image\/","url":"https:\/\/grupefebe.com\/custom\/uploads\/2021\/01\/logo-efebe.png","contentUrl":"https:\/\/grupefebe.com\/custom\/uploads\/2021\/01\/logo-efebe.png","width":524,"height":135,"caption":"Grup Efeb\u00e9"},"image":{"@id":"https:\/\/www.grupefebe.com\/es\/#\/schema\/logo\/image\/"},"sameAs":["https:\/\/www.facebook.com\/grup.efebe","https:\/\/x.com\/grup_efebe","https:\/\/www.instagram.com\/grup_efebe\/","https:\/\/www.linkedin.com\/company\/grupefebe","https:\/\/www.youtube.com\/channel\/UCj11-LAuLhPfqrL2649Xzrw"]},{"@type":"Person","@id":"https:\/\/www.grupefebe.com\/es\/#\/schema\/person\/76402b3180eef131413100afc3282997","name":"Grup Efeb\u00e9","image":{"@type":"ImageObject","inLanguage":"es","@id":"https:\/\/www.grupefebe.com\/es\/#\/schema\/person\/image\/","url":"https:\/\/secure.gravatar.com\/avatar\/913bc6aa90480101061296ab9cad4bd4ccfb82c623a8820f3fd577558c1651be?s=96&d=mm&r=g","contentUrl":"https:\/\/secure.gravatar.com\/avatar\/913bc6aa90480101061296ab9cad4bd4ccfb82c623a8820f3fd577558c1651be?s=96&d=mm&r=g","caption":"Grup Efeb\u00e9"},"url":"https:\/\/www.grupefebe.com\/es\/author\/julia\/"}]}},"_links":{"self":[{"href":"https:\/\/www.grupefebe.com\/es\/wp-json\/wp\/v2\/posts\/7894","targetHints":{"allow":["GET"]}}],"collection":[{"href":"https:\/\/www.grupefebe.com\/es\/wp-json\/wp\/v2\/posts"}],"about":[{"href":"https:\/\/www.grupefebe.com\/es\/wp-json\/wp\/v2\/types\/post"}],"author":[{"embeddable":true,"href":"https:\/\/www.grupefebe.com\/es\/wp-json\/wp\/v2\/users\/2"}],"replies":[{"embeddable":true,"href":"https:\/\/www.grupefebe.com\/es\/wp-json\/wp\/v2\/comments?post=7894"}],"version-history":[{"count":6,"href":"https:\/\/www.grupefebe.com\/es\/wp-json\/wp\/v2\/posts\/7894\/revisions"}],"predecessor-version":[{"id":7903,"href":"https:\/\/www.grupefebe.com\/es\/wp-json\/wp\/v2\/posts\/7894\/revisions\/7903"}],"wp:featuredmedia":[{"embeddable":true,"href":"https:\/\/www.grupefebe.com\/es\/wp-json\/wp\/v2\/media\/7877"}],"wp:attachment":[{"href":"https:\/\/www.grupefebe.com\/es\/wp-json\/wp\/v2\/media?parent=7894"}],"wp:term":[{"taxonomy":"category","embeddable":true,"href":"https:\/\/www.grupefebe.com\/es\/wp-json\/wp\/v2\/categories?post=7894"}],"curies":[{"name":"wp","href":"https:\/\/api.w.org\/{rel}","templated":true}]}}