{"id":7601,"date":"2019-09-27T13:54:39","date_gmt":"2019-09-27T13:54:39","guid":{"rendered":"https:\/\/grupefebe.com\/efebe-collabora-a-la-2a-edicio-de-la-transperfect-mountain-challenge\/"},"modified":"2021-07-08T13:57:16","modified_gmt":"2021-07-08T13:57:16","slug":"efebe-colabora-en-la-2a-edicion-de-la-transperfect-mountain-challenge","status":"publish","type":"post","link":"https:\/\/www.grupefebe.com\/es\/efebe-colabora-en-la-2a-edicion-de-la-transperfect-mountain-challenge\/","title":{"rendered":"Efeb\u00e9 colabora en la 2a edici\u00f3n de la Transperfect Mountain Challenge"},"content":{"rendered":"<p>Grupo Efeb\u00e9 nos hemos comprometido de nuevo con el c\u00e1ncer infantil, patrocinando la segunda edici\u00f3n de la\u00a0<a href=\"https:\/\/transperfectmountainchallenge.com\/es\/\" target=\"_blank\" rel=\"noopener\">Transperfect Mountain Challenge<\/a>, que se celebr\u00f3 en Sant Iscle de Vallalta (Barcelona) el fin de semana del\u00a0<strong>14 y 15 de septiembre<\/strong>.<\/p>\n<p>La TransPerfect Mountain Challenge es una carrera de orientaci\u00f3n que tiene como objetivo principal recaudar 50.000 \u20ac por la organizaci\u00f3n sin \u00e1nimo de lucro\u00a0<a href=\"https:\/\/www.afanoc.org\/\" target=\"_blank\" rel=\"noopener\">AFANOC<\/a>\u00a0(Asociaci\u00f3n de Familiares y Amigos de Ni\u00f1os Oncol\u00f3gicos de Catalu\u00f1a). Consiste en una marat\u00f3n campo a trav\u00e9s de 10 o 21 kil\u00f3metros (nivel Gazelle) y una carrera de orientaci\u00f3n con tres niveles diferentes, de 3 y 6 horas (nivel Turtle y Fox) o bien familiar de 3 horas (nivel Xuklis).<\/p>\n<p>Con el evento se lograron m\u00e1s de 350 participantes, todo un \u00e9xito. Ahora estamos expectantes para conocer la cantidad recaudada, que esperamos re\u00fana las expectativas de 50.000 \u20ac como el a\u00f1o pasado.<\/p>\n\n\t\t<div class='galeria-blog owl-carousel-blog owl-carousel owl-theme'><img src='https:\/\/www.grupefebe.com\/custom\/uploads\/2021\/07\/Transperfect-Mountain-Challenge.jpg'><img src='https:\/\/www.grupefebe.com\/custom\/uploads\/2021\/07\/Transperfect-Mountain-Challenge_4.jpg'><\/div>\n<p><strong>La Transperfect desde dentro \u2026<\/strong><\/p>\n<p>Algunos miembros de nuestro equipo de\u00a0<strong>Grupo Efeb\u00e9<\/strong>\u00a0alquilamos una casa rural con nuestras familias y pasamos all\u00ed el fin de semana juntos. Nos reunimos el viernes en Sant Iscle de Vallalta y as\u00ed pudimos participar en todas las actividades que organiz\u00f3 TransPerfect, como el Festival de M\u00fasica con grupos de aqu\u00ed como alison DARWIN o bien Ocata.<\/p>\n<p>Algunos miembros del equipo participaron en la carrera de orientaci\u00f3n en familia y los m\u00e1s peque\u00f1os pudieron disfrutar de las secciones m\u00e1s adecuadas para sus edades. Otros miembros de Efeb\u00e9 fueron un poco m\u00e1s valientes y participaron en el marat\u00f3n y consiguieron muy buenos resultados.<\/p>\n<p>Gracias\u00a0<a href=\"https:\/\/www.transperfect.com\/\" target=\"_blank\" rel=\"noopener\">TransPerfect<\/a>\u00a0para organizar este tipo de eventos y velar por la salud de los m\u00e1s peque\u00f1os. Esperamos con muchas ganas repetir en la tercera edici\u00f3n.<\/p>\n<p>&nbsp;<\/p>\n\n\t\t<div class='galeria-blog owl-carousel-blog owl-carousel owl-theme'><img src='https:\/\/www.grupefebe.com\/custom\/uploads\/2021\/07\/Transperfect-Mountain-Challenge_2.jpg'><img src='https:\/\/www.grupefebe.com\/custom\/uploads\/2021\/07\/Transperfect-Mountain-Challenge_3.jpg'><\/div>\n","protected":false},"excerpt":{"rendered":"<p>Grupo Efeb\u00e9 nos hemos comprometido de nuevo con el c\u00e1ncer infantil, patrocinando la segunda edici\u00f3n de la\u00a0Transperfect Mountain Challenge, que [&hellip;]<\/p>\n","protected":false},"author":1,"featured_media":7590,"comment_status":"closed","ping_status":"closed","sticky":false,"template":"","format":"standard","meta":{"_acf_changed":false,"footnotes":"","_links_to":"","_links_to_target":""},"categories":[201],"class_list":["post-7601","post","type-post","status-publish","format-standard","has-post-thumbnail","hentry","category-otros-sectores"],"acf":[],"yoast_head":"<!-- This site is optimized with the Yoast SEO plugin v25.9 - https:\/\/yoast.com\/wordpress\/plugins\/seo\/ -->\n<title>Efeb\u00e9 colabora en la 2a edici\u00f3n de la Transperfect Mountain Challenge | Grupo Efeb\u00e9<\/title>\n<meta name=\"description\" content=\"Grupo Efeb\u00e9 nos hemos comprometido de nuevo con el c\u00e1ncer infantil, patrocinando la segunda edici\u00f3n de la Transperfect Mountain Challenge,\" \/>\n<meta name=\"robots\" content=\"index, follow, max-snippet:-1, max-image-preview:large, max-video-preview:-1\" \/>\n<link rel=\"canonical\" href=\"https:\/\/www.grupefebe.com\/es\/efebe-colabora-en-la-2a-edicion-de-la-transperfect-mountain-challenge\/\" \/>\n<meta property=\"og:locale\" content=\"es_ES\" \/>\n<meta property=\"og:type\" content=\"article\" \/>\n<meta property=\"og:title\" content=\"Efeb\u00e9 colabora en la 2a edici\u00f3n de la Transperfect Mountain Challenge | Grupo Efeb\u00e9\" \/>\n<meta property=\"og:description\" content=\"Grupo Efeb\u00e9 nos hemos comprometido de nuevo con el c\u00e1ncer infantil, patrocinando la segunda edici\u00f3n de la Transperfect Mountain Challenge,\" \/>\n<meta property=\"og:url\" content=\"https:\/\/www.grupefebe.com\/es\/efebe-colabora-en-la-2a-edicion-de-la-transperfect-mountain-challenge\/\" \/>\n<meta property=\"og:site_name\" content=\"Grupo Efeb\u00e9\" \/>\n<meta property=\"article:publisher\" content=\"https:\/\/www.facebook.com\/grup.efebe\" \/>\n<meta property=\"article:published_time\" content=\"2019-09-27T13:54:39+00:00\" \/>\n<meta property=\"article:modified_time\" content=\"2021-07-08T13:57:16+00:00\" \/>\n<meta property=\"og:image\" content=\"https:\/\/grupefebe.com\/custom\/uploads\/2021\/07\/Transperfect-Mountain-Challenge_0.jpg\" \/>\n\t<meta property=\"og:image:width\" content=\"1024\" \/>\n\t<meta property=\"og:image:height\" content=\"768\" \/>\n\t<meta property=\"og:image:type\" content=\"image\/jpeg\" \/>\n<meta name=\"author\" content=\"efebe\" \/>\n<meta name=\"twitter:card\" content=\"summary_large_image\" \/>\n<meta name=\"twitter:creator\" content=\"@grup_efebe\" \/>\n<meta name=\"twitter:site\" content=\"@grup_efebe\" \/>\n<meta name=\"twitter:label1\" content=\"Escrito por\" \/>\n\t<meta name=\"twitter:data1\" content=\"efebe\" \/>\n\t<meta name=\"twitter:label2\" content=\"Tiempo de lectura\" \/>\n\t<meta name=\"twitter:data2\" content=\"2 minutos\" \/>\n<script type=\"application\/ld+json\" class=\"yoast-schema-graph\">{\"@context\":\"https:\/\/schema.org\",\"@graph\":[{\"@type\":\"Article\",\"@id\":\"https:\/\/www.grupefebe.com\/es\/efebe-colabora-en-la-2a-edicion-de-la-transperfect-mountain-challenge\/#article\",\"isPartOf\":{\"@id\":\"https:\/\/www.grupefebe.com\/es\/efebe-colabora-en-la-2a-edicion-de-la-transperfect-mountain-challenge\/\"},\"author\":{\"name\":\"efebe\",\"@id\":\"https:\/\/www.grupefebe.com\/es\/#\/schema\/person\/ea29ae2644736bcdb432a0b7f0d814cd\"},\"headline\":\"Efeb\u00e9 colabora en la 2a edici\u00f3n de la Transperfect Mountain Challenge\",\"datePublished\":\"2019-09-27T13:54:39+00:00\",\"dateModified\":\"2021-07-08T13:57:16+00:00\",\"mainEntityOfPage\":{\"@id\":\"https:\/\/www.grupefebe.com\/es\/efebe-colabora-en-la-2a-edicion-de-la-transperfect-mountain-challenge\/\"},\"wordCount\":315,\"publisher\":{\"@id\":\"https:\/\/www.grupefebe.com\/es\/#organization\"},\"image\":{\"@id\":\"https:\/\/www.grupefebe.com\/es\/efebe-colabora-en-la-2a-edicion-de-la-transperfect-mountain-challenge\/#primaryimage\"},\"thumbnailUrl\":\"https:\/\/www.grupefebe.com\/custom\/uploads\/2021\/07\/Transperfect-Mountain-Challenge_0.jpg\",\"articleSection\":[\"Otros Sectores\"],\"inLanguage\":\"es\"},{\"@type\":\"WebPage\",\"@id\":\"https:\/\/www.grupefebe.com\/es\/efebe-colabora-en-la-2a-edicion-de-la-transperfect-mountain-challenge\/\",\"url\":\"https:\/\/www.grupefebe.com\/es\/efebe-colabora-en-la-2a-edicion-de-la-transperfect-mountain-challenge\/\",\"name\":\"Efeb\u00e9 colabora en la 2a edici\u00f3n de la Transperfect Mountain Challenge | Grupo Efeb\u00e9\",\"isPartOf\":{\"@id\":\"https:\/\/www.grupefebe.com\/es\/#website\"},\"primaryImageOfPage\":{\"@id\":\"https:\/\/www.grupefebe.com\/es\/efebe-colabora-en-la-2a-edicion-de-la-transperfect-mountain-challenge\/#primaryimage\"},\"image\":{\"@id\":\"https:\/\/www.grupefebe.com\/es\/efebe-colabora-en-la-2a-edicion-de-la-transperfect-mountain-challenge\/#primaryimage\"},\"thumbnailUrl\":\"https:\/\/www.grupefebe.com\/custom\/uploads\/2021\/07\/Transperfect-Mountain-Challenge_0.jpg\",\"datePublished\":\"2019-09-27T13:54:39+00:00\",\"dateModified\":\"2021-07-08T13:57:16+00:00\",\"description\":\"Grupo Efeb\u00e9 nos hemos comprometido de nuevo con el c\u00e1ncer infantil, patrocinando la segunda edici\u00f3n de la Transperfect Mountain Challenge,\",\"breadcrumb\":{\"@id\":\"https:\/\/www.grupefebe.com\/es\/efebe-colabora-en-la-2a-edicion-de-la-transperfect-mountain-challenge\/#breadcrumb\"},\"inLanguage\":\"es\",\"potentialAction\":[{\"@type\":\"ReadAction\",\"target\":[\"https:\/\/www.grupefebe.com\/es\/efebe-colabora-en-la-2a-edicion-de-la-transperfect-mountain-challenge\/\"]}]},{\"@type\":\"ImageObject\",\"inLanguage\":\"es\",\"@id\":\"https:\/\/www.grupefebe.com\/es\/efebe-colabora-en-la-2a-edicion-de-la-transperfect-mountain-challenge\/#primaryimage\",\"url\":\"https:\/\/www.grupefebe.com\/custom\/uploads\/2021\/07\/Transperfect-Mountain-Challenge_0.jpg\",\"contentUrl\":\"https:\/\/www.grupefebe.com\/custom\/uploads\/2021\/07\/Transperfect-Mountain-Challenge_0.jpg\",\"width\":1024,\"height\":768,\"caption\":\"Transperfect Mountain Challenge\"},{\"@type\":\"BreadcrumbList\",\"@id\":\"https:\/\/www.grupefebe.com\/es\/efebe-colabora-en-la-2a-edicion-de-la-transperfect-mountain-challenge\/#breadcrumb\",\"itemListElement\":[{\"@type\":\"ListItem\",\"position\":1,\"name\":\"Inici\",\"item\":\"https:\/\/www.grupefebe.com\/es\/\"},{\"@type\":\"ListItem\",\"position\":2,\"name\":\"Efeb\u00e9 colabora en la 2a edici\u00f3n de la Transperfect Mountain Challenge\"}]},{\"@type\":\"WebSite\",\"@id\":\"https:\/\/www.grupefebe.com\/es\/#website\",\"url\":\"https:\/\/www.grupefebe.com\/es\/\",\"name\":\"Grup Efeb\u00e9\",\"description\":\"Otro sitio realizado con WordPress\",\"publisher\":{\"@id\":\"https:\/\/www.grupefebe.com\/es\/#organization\"},\"potentialAction\":[{\"@type\":\"SearchAction\",\"target\":{\"@type\":\"EntryPoint\",\"urlTemplate\":\"https:\/\/www.grupefebe.com\/es\/?s={search_term_string}\"},\"query-input\":{\"@type\":\"PropertyValueSpecification\",\"valueRequired\":true,\"valueName\":\"search_term_string\"}}],\"inLanguage\":\"es\"},{\"@type\":\"Organization\",\"@id\":\"https:\/\/www.grupefebe.com\/es\/#organization\",\"name\":\"Grup Efeb\u00e9\",\"url\":\"https:\/\/www.grupefebe.com\/es\/\",\"logo\":{\"@type\":\"ImageObject\",\"inLanguage\":\"es\",\"@id\":\"https:\/\/www.grupefebe.com\/es\/#\/schema\/logo\/image\/\",\"url\":\"https:\/\/grupefebe.com\/custom\/uploads\/2021\/01\/logo-efebe.png\",\"contentUrl\":\"https:\/\/grupefebe.com\/custom\/uploads\/2021\/01\/logo-efebe.png\",\"width\":524,\"height\":135,\"caption\":\"Grup Efeb\u00e9\"},\"image\":{\"@id\":\"https:\/\/www.grupefebe.com\/es\/#\/schema\/logo\/image\/\"},\"sameAs\":[\"https:\/\/www.facebook.com\/grup.efebe\",\"https:\/\/x.com\/grup_efebe\",\"https:\/\/www.instagram.com\/grup_efebe\/\",\"https:\/\/www.linkedin.com\/company\/grupefebe\",\"https:\/\/www.youtube.com\/channel\/UCj11-LAuLhPfqrL2649Xzrw\"]},{\"@type\":\"Person\",\"@id\":\"https:\/\/www.grupefebe.com\/es\/#\/schema\/person\/ea29ae2644736bcdb432a0b7f0d814cd\",\"name\":\"efebe\",\"image\":{\"@type\":\"ImageObject\",\"inLanguage\":\"es\",\"@id\":\"https:\/\/www.grupefebe.com\/es\/#\/schema\/person\/image\/\",\"url\":\"https:\/\/secure.gravatar.com\/avatar\/fe57a3f139ea81c65a338e37a8064b4e80844f839737532820c9107eb9e1966f?s=96&d=mm&r=g\",\"contentUrl\":\"https:\/\/secure.gravatar.com\/avatar\/fe57a3f139ea81c65a338e37a8064b4e80844f839737532820c9107eb9e1966f?s=96&d=mm&r=g\",\"caption\":\"efebe\"},\"url\":\"https:\/\/www.grupefebe.com\/es\/author\/efebe\/\"}]}<\/script>\n<!-- \/ Yoast SEO plugin. -->","yoast_head_json":{"title":"Efeb\u00e9 colabora en la 2a edici\u00f3n de la Transperfect Mountain Challenge | Grupo Efeb\u00e9","description":"Grupo Efeb\u00e9 nos hemos comprometido de nuevo con el c\u00e1ncer infantil, patrocinando la segunda edici\u00f3n de la Transperfect Mountain Challenge,","robots":{"index":"index","follow":"follow","max-snippet":"max-snippet:-1","max-image-preview":"max-image-preview:large","max-video-preview":"max-video-preview:-1"},"canonical":"https:\/\/www.grupefebe.com\/es\/efebe-colabora-en-la-2a-edicion-de-la-transperfect-mountain-challenge\/","og_locale":"es_ES","og_type":"article","og_title":"Efeb\u00e9 colabora en la 2a edici\u00f3n de la Transperfect Mountain Challenge | Grupo Efeb\u00e9","og_description":"Grupo Efeb\u00e9 nos hemos comprometido de nuevo con el c\u00e1ncer infantil, patrocinando la segunda edici\u00f3n de la Transperfect Mountain Challenge,","og_url":"https:\/\/www.grupefebe.com\/es\/efebe-colabora-en-la-2a-edicion-de-la-transperfect-mountain-challenge\/","og_site_name":"Grupo Efeb\u00e9","article_publisher":"https:\/\/www.facebook.com\/grup.efebe","article_published_time":"2019-09-27T13:54:39+00:00","article_modified_time":"2021-07-08T13:57:16+00:00","og_image":[{"width":1024,"height":768,"url":"https:\/\/grupefebe.com\/custom\/uploads\/2021\/07\/Transperfect-Mountain-Challenge_0.jpg","type":"image\/jpeg"}],"author":"efebe","twitter_card":"summary_large_image","twitter_creator":"@grup_efebe","twitter_site":"@grup_efebe","twitter_misc":{"Escrito por":"efebe","Tiempo de lectura":"2 minutos"},"schema":{"@context":"https:\/\/schema.org","@graph":[{"@type":"Article","@id":"https:\/\/www.grupefebe.com\/es\/efebe-colabora-en-la-2a-edicion-de-la-transperfect-mountain-challenge\/#article","isPartOf":{"@id":"https:\/\/www.grupefebe.com\/es\/efebe-colabora-en-la-2a-edicion-de-la-transperfect-mountain-challenge\/"},"author":{"name":"efebe","@id":"https:\/\/www.grupefebe.com\/es\/#\/schema\/person\/ea29ae2644736bcdb432a0b7f0d814cd"},"headline":"Efeb\u00e9 colabora en la 2a edici\u00f3n de la Transperfect Mountain Challenge","datePublished":"2019-09-27T13:54:39+00:00","dateModified":"2021-07-08T13:57:16+00:00","mainEntityOfPage":{"@id":"https:\/\/www.grupefebe.com\/es\/efebe-colabora-en-la-2a-edicion-de-la-transperfect-mountain-challenge\/"},"wordCount":315,"publisher":{"@id":"https:\/\/www.grupefebe.com\/es\/#organization"},"image":{"@id":"https:\/\/www.grupefebe.com\/es\/efebe-colabora-en-la-2a-edicion-de-la-transperfect-mountain-challenge\/#primaryimage"},"thumbnailUrl":"https:\/\/www.grupefebe.com\/custom\/uploads\/2021\/07\/Transperfect-Mountain-Challenge_0.jpg","articleSection":["Otros Sectores"],"inLanguage":"es"},{"@type":"WebPage","@id":"https:\/\/www.grupefebe.com\/es\/efebe-colabora-en-la-2a-edicion-de-la-transperfect-mountain-challenge\/","url":"https:\/\/www.grupefebe.com\/es\/efebe-colabora-en-la-2a-edicion-de-la-transperfect-mountain-challenge\/","name":"Efeb\u00e9 colabora en la 2a edici\u00f3n de la Transperfect Mountain Challenge | Grupo Efeb\u00e9","isPartOf":{"@id":"https:\/\/www.grupefebe.com\/es\/#website"},"primaryImageOfPage":{"@id":"https:\/\/www.grupefebe.com\/es\/efebe-colabora-en-la-2a-edicion-de-la-transperfect-mountain-challenge\/#primaryimage"},"image":{"@id":"https:\/\/www.grupefebe.com\/es\/efebe-colabora-en-la-2a-edicion-de-la-transperfect-mountain-challenge\/#primaryimage"},"thumbnailUrl":"https:\/\/www.grupefebe.com\/custom\/uploads\/2021\/07\/Transperfect-Mountain-Challenge_0.jpg","datePublished":"2019-09-27T13:54:39+00:00","dateModified":"2021-07-08T13:57:16+00:00","description":"Grupo Efeb\u00e9 nos hemos comprometido de nuevo con el c\u00e1ncer infantil, patrocinando la segunda edici\u00f3n de la Transperfect Mountain Challenge,","breadcrumb":{"@id":"https:\/\/www.grupefebe.com\/es\/efebe-colabora-en-la-2a-edicion-de-la-transperfect-mountain-challenge\/#breadcrumb"},"inLanguage":"es","potentialAction":[{"@type":"ReadAction","target":["https:\/\/www.grupefebe.com\/es\/efebe-colabora-en-la-2a-edicion-de-la-transperfect-mountain-challenge\/"]}]},{"@type":"ImageObject","inLanguage":"es","@id":"https:\/\/www.grupefebe.com\/es\/efebe-colabora-en-la-2a-edicion-de-la-transperfect-mountain-challenge\/#primaryimage","url":"https:\/\/www.grupefebe.com\/custom\/uploads\/2021\/07\/Transperfect-Mountain-Challenge_0.jpg","contentUrl":"https:\/\/www.grupefebe.com\/custom\/uploads\/2021\/07\/Transperfect-Mountain-Challenge_0.jpg","width":1024,"height":768,"caption":"Transperfect Mountain Challenge"},{"@type":"BreadcrumbList","@id":"https:\/\/www.grupefebe.com\/es\/efebe-colabora-en-la-2a-edicion-de-la-transperfect-mountain-challenge\/#breadcrumb","itemListElement":[{"@type":"ListItem","position":1,"name":"Inici","item":"https:\/\/www.grupefebe.com\/es\/"},{"@type":"ListItem","position":2,"name":"Efeb\u00e9 colabora en la 2a edici\u00f3n de la Transperfect Mountain Challenge"}]},{"@type":"WebSite","@id":"https:\/\/www.grupefebe.com\/es\/#website","url":"https:\/\/www.grupefebe.com\/es\/","name":"Grup Efeb\u00e9","description":"Otro sitio realizado con WordPress","publisher":{"@id":"https:\/\/www.grupefebe.com\/es\/#organization"},"potentialAction":[{"@type":"SearchAction","target":{"@type":"EntryPoint","urlTemplate":"https:\/\/www.grupefebe.com\/es\/?s={search_term_string}"},"query-input":{"@type":"PropertyValueSpecification","valueRequired":true,"valueName":"search_term_string"}}],"inLanguage":"es"},{"@type":"Organization","@id":"https:\/\/www.grupefebe.com\/es\/#organization","name":"Grup Efeb\u00e9","url":"https:\/\/www.grupefebe.com\/es\/","logo":{"@type":"ImageObject","inLanguage":"es","@id":"https:\/\/www.grupefebe.com\/es\/#\/schema\/logo\/image\/","url":"https:\/\/grupefebe.com\/custom\/uploads\/2021\/01\/logo-efebe.png","contentUrl":"https:\/\/grupefebe.com\/custom\/uploads\/2021\/01\/logo-efebe.png","width":524,"height":135,"caption":"Grup Efeb\u00e9"},"image":{"@id":"https:\/\/www.grupefebe.com\/es\/#\/schema\/logo\/image\/"},"sameAs":["https:\/\/www.facebook.com\/grup.efebe","https:\/\/x.com\/grup_efebe","https:\/\/www.instagram.com\/grup_efebe\/","https:\/\/www.linkedin.com\/company\/grupefebe","https:\/\/www.youtube.com\/channel\/UCj11-LAuLhPfqrL2649Xzrw"]},{"@type":"Person","@id":"https:\/\/www.grupefebe.com\/es\/#\/schema\/person\/ea29ae2644736bcdb432a0b7f0d814cd","name":"efebe","image":{"@type":"ImageObject","inLanguage":"es","@id":"https:\/\/www.grupefebe.com\/es\/#\/schema\/person\/image\/","url":"https:\/\/secure.gravatar.com\/avatar\/fe57a3f139ea81c65a338e37a8064b4e80844f839737532820c9107eb9e1966f?s=96&d=mm&r=g","contentUrl":"https:\/\/secure.gravatar.com\/avatar\/fe57a3f139ea81c65a338e37a8064b4e80844f839737532820c9107eb9e1966f?s=96&d=mm&r=g","caption":"efebe"},"url":"https:\/\/www.grupefebe.com\/es\/author\/efebe\/"}]}},"_links":{"self":[{"href":"https:\/\/www.grupefebe.com\/es\/wp-json\/wp\/v2\/posts\/7601","targetHints":{"allow":["GET"]}}],"collection":[{"href":"https:\/\/www.grupefebe.com\/es\/wp-json\/wp\/v2\/posts"}],"about":[{"href":"https:\/\/www.grupefebe.com\/es\/wp-json\/wp\/v2\/types\/post"}],"author":[{"embeddable":true,"href":"https:\/\/www.grupefebe.com\/es\/wp-json\/wp\/v2\/users\/1"}],"replies":[{"embeddable":true,"href":"https:\/\/www.grupefebe.com\/es\/wp-json\/wp\/v2\/comments?post=7601"}],"version-history":[{"count":2,"href":"https:\/\/www.grupefebe.com\/es\/wp-json\/wp\/v2\/posts\/7601\/revisions"}],"predecessor-version":[{"id":7603,"href":"https:\/\/www.grupefebe.com\/es\/wp-json\/wp\/v2\/posts\/7601\/revisions\/7603"}],"wp:featuredmedia":[{"embeddable":true,"href":"https:\/\/www.grupefebe.com\/es\/wp-json\/wp\/v2\/media\/7590"}],"wp:attachment":[{"href":"https:\/\/www.grupefebe.com\/es\/wp-json\/wp\/v2\/media?parent=7601"}],"wp:term":[{"taxonomy":"category","embeddable":true,"href":"https:\/\/www.grupefebe.com\/es\/wp-json\/wp\/v2\/categories?post=7601"}],"curies":[{"name":"wp","href":"https:\/\/api.w.org\/{rel}","templated":true}]}}