{"id":7334,"date":"2021-07-21T11:02:41","date_gmt":"2021-07-21T11:02:41","guid":{"rendered":"https:\/\/grupefebe.com\/?p=7334"},"modified":"2021-08-06T12:07:11","modified_gmt":"2021-08-06T12:07:11","slug":"efebe-participamos-en-un-proyecto-de-mentoria-social-ods-4","status":"publish","type":"post","link":"https:\/\/www.grupefebe.com\/es\/efebe-participamos-en-un-proyecto-de-mentoria-social-ods-4\/","title":{"rendered":"Efeb\u00e9 participamos en un proyecto de mentor\u00eda social | ODS 4"},"content":{"rendered":"<p>Desde hace unos meses, hemos creado una comisi\u00f3n en el equipo de Grup Efeb\u00e9 que se ha encargado de la creaci\u00f3n de un <strong>proyecto de mentor\u00eda social<\/strong>.<\/p>\n<p>Hemos contado con la ayuda de <strong><a href=\"https:\/\/vector5.cat\/\" target=\"_blank\" rel=\"noopener\">Vector5<\/a><\/strong>, concretamente, hemos trabajado con la profesional Daniela Toro, con experiencia en este tipo de proyectos. Para el proceso de selecci\u00f3n del centro educativo tambi\u00e9n ha participado el <strong>Consorcio de Educaci\u00f3n de Barcelona<\/strong>. Para la mentor\u00eda social hemos trabajado con tres alumnas de la Escuela Guinard\u00f3, de nuestro barrio.<\/p>\n<p>En el marco de los Objetivos de Desarrollo Sostenible (ODS), nos enfocamos en el <strong>ODS 4: Educaci\u00f3n de calidad<\/strong>.<\/p>\n<h3>\u00bfCu\u00e1les eran nuestros objetivos?<\/h3>\n<p>Para la creaci\u00f3n de este proyecto de mentor\u00eda social nos planteamos cuatro objetivos principales. A continuaci\u00f3n los especificamos:<\/p>\n<ul>\n<li>Ayudar a las personas estudiantes a descubrir sus capacidades y habilidades y c\u00f3mo pueden usarlas para su propio beneficio y el de la sociedad<\/li>\n<li>Ayudarles a ver la utilidad de los contenidos curriculares en su futuro acad\u00e9mico y laboral<\/li>\n<li>Ponerles en conocimiento de diferentes herramientas de estudio<\/li>\n<li>Conocer los recursos que ofrece la ciudad de Barcelona<\/li>\n<\/ul>\n<p>Adem\u00e1s, consideramos qu\u00e9 acciones concretas podr\u00edamos llegar a realizar. En primer lugar, quer\u00edamos conseguir que las estudiantes descubrieran sus capacidades, habilidades, gustos y preferencias a trav\u00e9s de <strong>conversaciones sobre ellas mismos y su entorno<\/strong>. Tambi\u00e9n quer\u00edamos comentar sobre los estudios, los m\u00e9todos de estudios que utilizan, las asignaturas que disfrutan m\u00e1s y las que menos y <strong>hacerles ver como ciertas asignaturas<\/strong>, como por ejemplo matem\u00e1ticas, f\u00edsica, lenguas o historia, son aplicables en el mundo laboral y <strong>pueden resultarles \u00fatiles en el futuro<\/strong>. Por \u00faltimo, otro punto era <strong>dar a conocer los diferentes recursos de la ciudad y del barrio que pueden serles de inter\u00e9s<\/strong> (centros c\u00edvicos, bibliotecas, programas del ayuntamiento, actividades deportivas, etc.) <strong>y que propicien su autonom\u00eda y sus habilidades sociales<\/strong>.<\/p>\n<h3>\u00bfC\u00f3mo empezamos el proyecto?<\/h3>\n<p>Las personas j\u00f3venes no suelen tener claro su futuro profesional y acad\u00e9mico y pueden llegar a sentirse abrumadas, desorientadas y desmotivadas. Muchas veces esta desorientaci\u00f3n viene de un desconocimiento de sus propias habilidades, capacidades y gustos y como estas pueden vincularse con sus estudios posteriores y desarrollo profesional.<\/p>\n<p>Nuestro proyecto de mentor\u00eda social se dirig\u00eda a <strong>estudiantes de 3\u00ba y 4\u00ba de la ESO<\/strong> con dudas sobre su futuro acad\u00e9mico y laboral e interesadas en participar en un proyecto de mentor\u00eda social.<\/p>\n<p>As\u00ed, analizaron gustos, preferencias o <em>hobbies<\/em> de nuestro equipo y de las j\u00f3venes estudiantes para escoger qui\u00e9n har\u00eda la mentor\u00eda con qui\u00e9n. Seguidamente se realizaron diferentes reuniones con ellas y con sus tutores. Adem\u00e1s, las encargadas de hacer la mentor\u00eda asistieron a algunas sesiones previas con Daniela Toro para conocer en profundidad c\u00f3mo realizar un proyecto como este, como actuar en posibles situaciones, como tratar con las adolescentes, etc.<\/p>\n<p>Empezamos a plantear el proyecto de mentor\u00eda social durante el \u00faltimo trimestre de 2020. La intenci\u00f3n era hacer una prueba piloto y plantear un proyecto completo de cara al curso que viene.<\/p>\n<h3>\u00bfQu\u00e9 nos llevamos de la mentor\u00eda social?<\/h3>\n<p>Hemos cumplido con las expectativas. Tenemos muchas ganas de recuperarlo y empezar el pr\u00f3ximo curso escolar de nuevo con este proyecto de mentor\u00eda social.<\/p>\n<p>Nuestras compa\u00f1eras del equipo de Efeb\u00e9 nos comentan su gratitud ante estas sesiones, donde han ense\u00f1ado pero sobretodo han aprendido mucho sobre las j\u00f3venes estudiantes de la Escuela Guinard\u00f3.<\/p>\n","protected":false},"excerpt":{"rendered":"<p>Desde hace unos meses, hemos creado una comisi\u00f3n en el equipo de Grup Efeb\u00e9 que se ha encargado de la [&hellip;]<\/p>\n","protected":false},"author":2,"featured_media":7698,"comment_status":"closed","ping_status":"closed","sticky":false,"template":"","format":"standard","meta":{"_acf_changed":false,"footnotes":"","_links_to":"","_links_to_target":""},"categories":[203],"class_list":["post-7334","post","type-post","status-publish","format-standard","has-post-thumbnail","hentry","category-escuelas"],"acf":[],"yoast_head":"<!-- This site is optimized with the Yoast SEO plugin v25.9 - https:\/\/yoast.com\/wordpress\/plugins\/seo\/ -->\n<title>Efeb\u00e9 participamos en un proyecto de mentor\u00eda social | ODS 4 | Grupo Efeb\u00e9<\/title>\n<meta name=\"description\" content=\"Grup Efeb\u00e9 participamos en un proyecto de mentor\u00eda social con la Escuela Guinard\u00f3. Descubre c\u00f3mo ha sido el proceso de este proyecto.\" \/>\n<meta name=\"robots\" content=\"index, follow, max-snippet:-1, max-image-preview:large, max-video-preview:-1\" \/>\n<link rel=\"canonical\" href=\"https:\/\/www.grupefebe.com\/es\/efebe-participamos-en-un-proyecto-de-mentoria-social-ods-4\/\" \/>\n<meta property=\"og:locale\" content=\"es_ES\" \/>\n<meta property=\"og:type\" content=\"article\" \/>\n<meta property=\"og:title\" content=\"Efeb\u00e9 participamos en un proyecto de mentor\u00eda social | ODS 4 | Grupo Efeb\u00e9\" \/>\n<meta property=\"og:description\" content=\"Grup Efeb\u00e9 participamos en un proyecto de mentor\u00eda social con la Escuela Guinard\u00f3. Descubre c\u00f3mo ha sido el proceso de este proyecto.\" \/>\n<meta property=\"og:url\" content=\"https:\/\/www.grupefebe.com\/es\/efebe-participamos-en-un-proyecto-de-mentoria-social-ods-4\/\" \/>\n<meta property=\"og:site_name\" content=\"Grupo Efeb\u00e9\" \/>\n<meta property=\"article:publisher\" content=\"https:\/\/www.facebook.com\/grup.efebe\" \/>\n<meta property=\"article:published_time\" content=\"2021-07-21T11:02:41+00:00\" \/>\n<meta property=\"article:modified_time\" content=\"2021-08-06T12:07:11+00:00\" \/>\n<meta property=\"og:image\" content=\"https:\/\/grupefebe.com\/custom\/uploads\/2021\/07\/mentoria-social-e1626865471118.png\" \/>\n\t<meta property=\"og:image:width\" content=\"1125\" \/>\n\t<meta property=\"og:image:height\" content=\"627\" \/>\n\t<meta property=\"og:image:type\" content=\"image\/png\" \/>\n<meta name=\"author\" content=\"Grup Efeb\u00e9\" \/>\n<meta name=\"twitter:card\" content=\"summary_large_image\" \/>\n<meta name=\"twitter:creator\" content=\"@grup_efebe\" \/>\n<meta name=\"twitter:site\" content=\"@grup_efebe\" \/>\n<meta name=\"twitter:label1\" content=\"Escrito por\" \/>\n\t<meta name=\"twitter:data1\" content=\"Grup Efeb\u00e9\" \/>\n\t<meta name=\"twitter:label2\" content=\"Tiempo de lectura\" \/>\n\t<meta name=\"twitter:data2\" content=\"3 minutos\" \/>\n<script type=\"application\/ld+json\" class=\"yoast-schema-graph\">{\"@context\":\"https:\/\/schema.org\",\"@graph\":[{\"@type\":\"Article\",\"@id\":\"https:\/\/www.grupefebe.com\/es\/efebe-participamos-en-un-proyecto-de-mentoria-social-ods-4\/#article\",\"isPartOf\":{\"@id\":\"https:\/\/www.grupefebe.com\/es\/efebe-participamos-en-un-proyecto-de-mentoria-social-ods-4\/\"},\"author\":{\"name\":\"Grup Efeb\u00e9\",\"@id\":\"https:\/\/www.grupefebe.com\/es\/#\/schema\/person\/76402b3180eef131413100afc3282997\"},\"headline\":\"Efeb\u00e9 participamos en un proyecto de mentor\u00eda social | ODS 4\",\"datePublished\":\"2021-07-21T11:02:41+00:00\",\"dateModified\":\"2021-08-06T12:07:11+00:00\",\"mainEntityOfPage\":{\"@id\":\"https:\/\/www.grupefebe.com\/es\/efebe-participamos-en-un-proyecto-de-mentoria-social-ods-4\/\"},\"wordCount\":605,\"publisher\":{\"@id\":\"https:\/\/www.grupefebe.com\/es\/#organization\"},\"image\":{\"@id\":\"https:\/\/www.grupefebe.com\/es\/efebe-participamos-en-un-proyecto-de-mentoria-social-ods-4\/#primaryimage\"},\"thumbnailUrl\":\"https:\/\/www.grupefebe.com\/custom\/uploads\/2021\/07\/mentoria-social-e1626865471118.png\",\"articleSection\":[\"Escuelas\"],\"inLanguage\":\"es\"},{\"@type\":\"WebPage\",\"@id\":\"https:\/\/www.grupefebe.com\/es\/efebe-participamos-en-un-proyecto-de-mentoria-social-ods-4\/\",\"url\":\"https:\/\/www.grupefebe.com\/es\/efebe-participamos-en-un-proyecto-de-mentoria-social-ods-4\/\",\"name\":\"Efeb\u00e9 participamos en un proyecto de mentor\u00eda social | ODS 4 | Grupo Efeb\u00e9\",\"isPartOf\":{\"@id\":\"https:\/\/www.grupefebe.com\/es\/#website\"},\"primaryImageOfPage\":{\"@id\":\"https:\/\/www.grupefebe.com\/es\/efebe-participamos-en-un-proyecto-de-mentoria-social-ods-4\/#primaryimage\"},\"image\":{\"@id\":\"https:\/\/www.grupefebe.com\/es\/efebe-participamos-en-un-proyecto-de-mentoria-social-ods-4\/#primaryimage\"},\"thumbnailUrl\":\"https:\/\/www.grupefebe.com\/custom\/uploads\/2021\/07\/mentoria-social-e1626865471118.png\",\"datePublished\":\"2021-07-21T11:02:41+00:00\",\"dateModified\":\"2021-08-06T12:07:11+00:00\",\"description\":\"Grup Efeb\u00e9 participamos en un proyecto de mentor\u00eda social con la Escuela Guinard\u00f3. Descubre c\u00f3mo ha sido el proceso de este proyecto.\",\"breadcrumb\":{\"@id\":\"https:\/\/www.grupefebe.com\/es\/efebe-participamos-en-un-proyecto-de-mentoria-social-ods-4\/#breadcrumb\"},\"inLanguage\":\"es\",\"potentialAction\":[{\"@type\":\"ReadAction\",\"target\":[\"https:\/\/www.grupefebe.com\/es\/efebe-participamos-en-un-proyecto-de-mentoria-social-ods-4\/\"]}]},{\"@type\":\"ImageObject\",\"inLanguage\":\"es\",\"@id\":\"https:\/\/www.grupefebe.com\/es\/efebe-participamos-en-un-proyecto-de-mentoria-social-ods-4\/#primaryimage\",\"url\":\"https:\/\/www.grupefebe.com\/custom\/uploads\/2021\/07\/mentoria-social-e1626865471118.png\",\"contentUrl\":\"https:\/\/www.grupefebe.com\/custom\/uploads\/2021\/07\/mentoria-social-e1626865471118.png\",\"width\":1125,\"height\":627,\"caption\":\"mentoria social\"},{\"@type\":\"BreadcrumbList\",\"@id\":\"https:\/\/www.grupefebe.com\/es\/efebe-participamos-en-un-proyecto-de-mentoria-social-ods-4\/#breadcrumb\",\"itemListElement\":[{\"@type\":\"ListItem\",\"position\":1,\"name\":\"Inici\",\"item\":\"https:\/\/www.grupefebe.com\/es\/\"},{\"@type\":\"ListItem\",\"position\":2,\"name\":\"Efeb\u00e9 participamos en un proyecto de mentor\u00eda social | ODS 4\"}]},{\"@type\":\"WebSite\",\"@id\":\"https:\/\/www.grupefebe.com\/es\/#website\",\"url\":\"https:\/\/www.grupefebe.com\/es\/\",\"name\":\"Grup Efeb\u00e9\",\"description\":\"Otro sitio realizado con WordPress\",\"publisher\":{\"@id\":\"https:\/\/www.grupefebe.com\/es\/#organization\"},\"potentialAction\":[{\"@type\":\"SearchAction\",\"target\":{\"@type\":\"EntryPoint\",\"urlTemplate\":\"https:\/\/www.grupefebe.com\/es\/?s={search_term_string}\"},\"query-input\":{\"@type\":\"PropertyValueSpecification\",\"valueRequired\":true,\"valueName\":\"search_term_string\"}}],\"inLanguage\":\"es\"},{\"@type\":\"Organization\",\"@id\":\"https:\/\/www.grupefebe.com\/es\/#organization\",\"name\":\"Grup Efeb\u00e9\",\"url\":\"https:\/\/www.grupefebe.com\/es\/\",\"logo\":{\"@type\":\"ImageObject\",\"inLanguage\":\"es\",\"@id\":\"https:\/\/www.grupefebe.com\/es\/#\/schema\/logo\/image\/\",\"url\":\"https:\/\/grupefebe.com\/custom\/uploads\/2021\/01\/logo-efebe.png\",\"contentUrl\":\"https:\/\/grupefebe.com\/custom\/uploads\/2021\/01\/logo-efebe.png\",\"width\":524,\"height\":135,\"caption\":\"Grup Efeb\u00e9\"},\"image\":{\"@id\":\"https:\/\/www.grupefebe.com\/es\/#\/schema\/logo\/image\/\"},\"sameAs\":[\"https:\/\/www.facebook.com\/grup.efebe\",\"https:\/\/x.com\/grup_efebe\",\"https:\/\/www.instagram.com\/grup_efebe\/\",\"https:\/\/www.linkedin.com\/company\/grupefebe\",\"https:\/\/www.youtube.com\/channel\/UCj11-LAuLhPfqrL2649Xzrw\"]},{\"@type\":\"Person\",\"@id\":\"https:\/\/www.grupefebe.com\/es\/#\/schema\/person\/76402b3180eef131413100afc3282997\",\"name\":\"Grup Efeb\u00e9\",\"image\":{\"@type\":\"ImageObject\",\"inLanguage\":\"es\",\"@id\":\"https:\/\/www.grupefebe.com\/es\/#\/schema\/person\/image\/\",\"url\":\"https:\/\/secure.gravatar.com\/avatar\/913bc6aa90480101061296ab9cad4bd4ccfb82c623a8820f3fd577558c1651be?s=96&d=mm&r=g\",\"contentUrl\":\"https:\/\/secure.gravatar.com\/avatar\/913bc6aa90480101061296ab9cad4bd4ccfb82c623a8820f3fd577558c1651be?s=96&d=mm&r=g\",\"caption\":\"Grup Efeb\u00e9\"},\"url\":\"https:\/\/www.grupefebe.com\/es\/author\/julia\/\"}]}<\/script>\n<!-- \/ Yoast SEO plugin. -->","yoast_head_json":{"title":"Efeb\u00e9 participamos en un proyecto de mentor\u00eda social | ODS 4 | Grupo Efeb\u00e9","description":"Grup Efeb\u00e9 participamos en un proyecto de mentor\u00eda social con la Escuela Guinard\u00f3. Descubre c\u00f3mo ha sido el proceso de este proyecto.","robots":{"index":"index","follow":"follow","max-snippet":"max-snippet:-1","max-image-preview":"max-image-preview:large","max-video-preview":"max-video-preview:-1"},"canonical":"https:\/\/www.grupefebe.com\/es\/efebe-participamos-en-un-proyecto-de-mentoria-social-ods-4\/","og_locale":"es_ES","og_type":"article","og_title":"Efeb\u00e9 participamos en un proyecto de mentor\u00eda social | ODS 4 | Grupo Efeb\u00e9","og_description":"Grup Efeb\u00e9 participamos en un proyecto de mentor\u00eda social con la Escuela Guinard\u00f3. Descubre c\u00f3mo ha sido el proceso de este proyecto.","og_url":"https:\/\/www.grupefebe.com\/es\/efebe-participamos-en-un-proyecto-de-mentoria-social-ods-4\/","og_site_name":"Grupo Efeb\u00e9","article_publisher":"https:\/\/www.facebook.com\/grup.efebe","article_published_time":"2021-07-21T11:02:41+00:00","article_modified_time":"2021-08-06T12:07:11+00:00","og_image":[{"width":1125,"height":627,"url":"https:\/\/grupefebe.com\/custom\/uploads\/2021\/07\/mentoria-social-e1626865471118.png","type":"image\/png"}],"author":"Grup Efeb\u00e9","twitter_card":"summary_large_image","twitter_creator":"@grup_efebe","twitter_site":"@grup_efebe","twitter_misc":{"Escrito por":"Grup Efeb\u00e9","Tiempo de lectura":"3 minutos"},"schema":{"@context":"https:\/\/schema.org","@graph":[{"@type":"Article","@id":"https:\/\/www.grupefebe.com\/es\/efebe-participamos-en-un-proyecto-de-mentoria-social-ods-4\/#article","isPartOf":{"@id":"https:\/\/www.grupefebe.com\/es\/efebe-participamos-en-un-proyecto-de-mentoria-social-ods-4\/"},"author":{"name":"Grup Efeb\u00e9","@id":"https:\/\/www.grupefebe.com\/es\/#\/schema\/person\/76402b3180eef131413100afc3282997"},"headline":"Efeb\u00e9 participamos en un proyecto de mentor\u00eda social | ODS 4","datePublished":"2021-07-21T11:02:41+00:00","dateModified":"2021-08-06T12:07:11+00:00","mainEntityOfPage":{"@id":"https:\/\/www.grupefebe.com\/es\/efebe-participamos-en-un-proyecto-de-mentoria-social-ods-4\/"},"wordCount":605,"publisher":{"@id":"https:\/\/www.grupefebe.com\/es\/#organization"},"image":{"@id":"https:\/\/www.grupefebe.com\/es\/efebe-participamos-en-un-proyecto-de-mentoria-social-ods-4\/#primaryimage"},"thumbnailUrl":"https:\/\/www.grupefebe.com\/custom\/uploads\/2021\/07\/mentoria-social-e1626865471118.png","articleSection":["Escuelas"],"inLanguage":"es"},{"@type":"WebPage","@id":"https:\/\/www.grupefebe.com\/es\/efebe-participamos-en-un-proyecto-de-mentoria-social-ods-4\/","url":"https:\/\/www.grupefebe.com\/es\/efebe-participamos-en-un-proyecto-de-mentoria-social-ods-4\/","name":"Efeb\u00e9 participamos en un proyecto de mentor\u00eda social | ODS 4 | Grupo Efeb\u00e9","isPartOf":{"@id":"https:\/\/www.grupefebe.com\/es\/#website"},"primaryImageOfPage":{"@id":"https:\/\/www.grupefebe.com\/es\/efebe-participamos-en-un-proyecto-de-mentoria-social-ods-4\/#primaryimage"},"image":{"@id":"https:\/\/www.grupefebe.com\/es\/efebe-participamos-en-un-proyecto-de-mentoria-social-ods-4\/#primaryimage"},"thumbnailUrl":"https:\/\/www.grupefebe.com\/custom\/uploads\/2021\/07\/mentoria-social-e1626865471118.png","datePublished":"2021-07-21T11:02:41+00:00","dateModified":"2021-08-06T12:07:11+00:00","description":"Grup Efeb\u00e9 participamos en un proyecto de mentor\u00eda social con la Escuela Guinard\u00f3. Descubre c\u00f3mo ha sido el proceso de este proyecto.","breadcrumb":{"@id":"https:\/\/www.grupefebe.com\/es\/efebe-participamos-en-un-proyecto-de-mentoria-social-ods-4\/#breadcrumb"},"inLanguage":"es","potentialAction":[{"@type":"ReadAction","target":["https:\/\/www.grupefebe.com\/es\/efebe-participamos-en-un-proyecto-de-mentoria-social-ods-4\/"]}]},{"@type":"ImageObject","inLanguage":"es","@id":"https:\/\/www.grupefebe.com\/es\/efebe-participamos-en-un-proyecto-de-mentoria-social-ods-4\/#primaryimage","url":"https:\/\/www.grupefebe.com\/custom\/uploads\/2021\/07\/mentoria-social-e1626865471118.png","contentUrl":"https:\/\/www.grupefebe.com\/custom\/uploads\/2021\/07\/mentoria-social-e1626865471118.png","width":1125,"height":627,"caption":"mentoria social"},{"@type":"BreadcrumbList","@id":"https:\/\/www.grupefebe.com\/es\/efebe-participamos-en-un-proyecto-de-mentoria-social-ods-4\/#breadcrumb","itemListElement":[{"@type":"ListItem","position":1,"name":"Inici","item":"https:\/\/www.grupefebe.com\/es\/"},{"@type":"ListItem","position":2,"name":"Efeb\u00e9 participamos en un proyecto de mentor\u00eda social | ODS 4"}]},{"@type":"WebSite","@id":"https:\/\/www.grupefebe.com\/es\/#website","url":"https:\/\/www.grupefebe.com\/es\/","name":"Grup Efeb\u00e9","description":"Otro sitio realizado con WordPress","publisher":{"@id":"https:\/\/www.grupefebe.com\/es\/#organization"},"potentialAction":[{"@type":"SearchAction","target":{"@type":"EntryPoint","urlTemplate":"https:\/\/www.grupefebe.com\/es\/?s={search_term_string}"},"query-input":{"@type":"PropertyValueSpecification","valueRequired":true,"valueName":"search_term_string"}}],"inLanguage":"es"},{"@type":"Organization","@id":"https:\/\/www.grupefebe.com\/es\/#organization","name":"Grup Efeb\u00e9","url":"https:\/\/www.grupefebe.com\/es\/","logo":{"@type":"ImageObject","inLanguage":"es","@id":"https:\/\/www.grupefebe.com\/es\/#\/schema\/logo\/image\/","url":"https:\/\/grupefebe.com\/custom\/uploads\/2021\/01\/logo-efebe.png","contentUrl":"https:\/\/grupefebe.com\/custom\/uploads\/2021\/01\/logo-efebe.png","width":524,"height":135,"caption":"Grup Efeb\u00e9"},"image":{"@id":"https:\/\/www.grupefebe.com\/es\/#\/schema\/logo\/image\/"},"sameAs":["https:\/\/www.facebook.com\/grup.efebe","https:\/\/x.com\/grup_efebe","https:\/\/www.instagram.com\/grup_efebe\/","https:\/\/www.linkedin.com\/company\/grupefebe","https:\/\/www.youtube.com\/channel\/UCj11-LAuLhPfqrL2649Xzrw"]},{"@type":"Person","@id":"https:\/\/www.grupefebe.com\/es\/#\/schema\/person\/76402b3180eef131413100afc3282997","name":"Grup Efeb\u00e9","image":{"@type":"ImageObject","inLanguage":"es","@id":"https:\/\/www.grupefebe.com\/es\/#\/schema\/person\/image\/","url":"https:\/\/secure.gravatar.com\/avatar\/913bc6aa90480101061296ab9cad4bd4ccfb82c623a8820f3fd577558c1651be?s=96&d=mm&r=g","contentUrl":"https:\/\/secure.gravatar.com\/avatar\/913bc6aa90480101061296ab9cad4bd4ccfb82c623a8820f3fd577558c1651be?s=96&d=mm&r=g","caption":"Grup Efeb\u00e9"},"url":"https:\/\/www.grupefebe.com\/es\/author\/julia\/"}]}},"_links":{"self":[{"href":"https:\/\/www.grupefebe.com\/es\/wp-json\/wp\/v2\/posts\/7334","targetHints":{"allow":["GET"]}}],"collection":[{"href":"https:\/\/www.grupefebe.com\/es\/wp-json\/wp\/v2\/posts"}],"about":[{"href":"https:\/\/www.grupefebe.com\/es\/wp-json\/wp\/v2\/types\/post"}],"author":[{"embeddable":true,"href":"https:\/\/www.grupefebe.com\/es\/wp-json\/wp\/v2\/users\/2"}],"replies":[{"embeddable":true,"href":"https:\/\/www.grupefebe.com\/es\/wp-json\/wp\/v2\/comments?post=7334"}],"version-history":[{"count":13,"href":"https:\/\/www.grupefebe.com\/es\/wp-json\/wp\/v2\/posts\/7334\/revisions"}],"predecessor-version":[{"id":8015,"href":"https:\/\/www.grupefebe.com\/es\/wp-json\/wp\/v2\/posts\/7334\/revisions\/8015"}],"wp:featuredmedia":[{"embeddable":true,"href":"https:\/\/www.grupefebe.com\/es\/wp-json\/wp\/v2\/media\/7698"}],"wp:attachment":[{"href":"https:\/\/www.grupefebe.com\/es\/wp-json\/wp\/v2\/media?parent=7334"}],"wp:term":[{"taxonomy":"category","embeddable":true,"href":"https:\/\/www.grupefebe.com\/es\/wp-json\/wp\/v2\/categories?post=7334"}],"curies":[{"name":"wp","href":"https:\/\/api.w.org\/{rel}","templated":true}]}}