{"id":6735,"date":"2019-12-18T14:36:30","date_gmt":"2019-12-18T14:36:30","guid":{"rendered":"https:\/\/grupefebe.com\/les-families-valoren-el-tracte-i-la-higiene-abans-que-el-preu-per-escollir-una-residencia\/"},"modified":"2021-04-29T14:43:13","modified_gmt":"2021-04-29T14:43:13","slug":"las-familias-valoran-el-trato-y-la-higiene-abans-que-el-preu-per-escollir-una-residencia","status":"publish","type":"post","link":"https:\/\/www.grupefebe.com\/es\/las-familias-valoran-el-trato-y-la-higiene-abans-que-el-preu-per-escollir-una-residencia\/","title":{"rendered":"\u00bfQu\u00e9 valoran las familias a la hora de escoger una residencia? \u00bfY los gestores para mejorarlas?"},"content":{"rendered":"<p>La primera edici\u00f3n del\u00a0<strong>Bar\u00f3metro sobre residencias para personas mayores<\/strong>\u00a0fue creada en 2017 por la consultora especializada\u00a0<a href=\"http:\/\/www.gruphgs.com\/\" target=\"_blank\" rel=\"noopener\">Higienic Global Services<\/a>\u00a0<strong>(HGS)<\/strong>, que pertenece al\u00a0<a href=\"https:\/\/papelmatic.com\/\" target=\"_blank\" rel=\"noopener\">Grup Papelmatic<\/a>. Con este bar\u00f3metro, contamos con los resultados de un cuestionario sobre las condiciones que prevalecen en las residencias para personas mayores.<\/p>\n<p>Para la ejecuci\u00f3n de este bar\u00f3metro, la consultora HGS, especializada en aportar soluciones de bienestar y confort, elabor\u00f3 \u200b\u200buna encuesta a una muestra de\u00a0<strong>50 gestores de residencias<\/strong>\u00a0de ancianos (41 de residencias con m\u00e1s de 25 camas y 9 con menos de 25 camas) y una muestra de\u00a0<strong>102 familiares de usuarios<\/strong>\u00a0de residencias.<\/p>\n<p>La encuesta se dividi\u00f3 principalmente en tres bloques:<\/p>\n<ol>\n<li>Valoraci\u00f3n de los principales factores a considerar para la elecci\u00f3n de una residencia.<\/li>\n<li>Elecci\u00f3n de 3 factores cr\u00edticos a la hora de elegir una residencia.<\/li>\n<li>Cuestionario a los gestores de las residencias sobre su situaci\u00f3n actual y perspectiva futura<br \/>\nde su actividad.<\/li>\n<\/ol>\n<p>Tanto los familiares como los gestores de las residencias dan importancia a que el\u00a0<strong>personal del centro sea profesional y tenga experiencia<\/strong>, que est\u00e9 preparado para tratar con personas mayores para que estas se sientan a gusto a su lado en el d\u00eda a d\u00eda. Cabe mencionar que ambos grupos discrepan en aspectos como, por ejemplo, la importancia de contar con\u00a0<strong>elementos de seguridad<\/strong>\u00a0(barandillas, pavimentos antideslizantes \u2026), factor que es valorado m\u00e1s positivamente por parte de los gestores de las residencias.<\/p>\n<p>El\u00a0<strong>80,39%<\/strong>\u00a0de los\u00a0<strong>familiares<\/strong>\u00a0encuestados reconocieron que la\u00a0<strong>higiene<\/strong>\u00a0y la\u00a0<strong>salubridad<\/strong>\u00a0son aspectos fundamentales a la hora de elegir una residencia. La\u00a0<strong>calidad del aire interior<\/strong>\u00a0es imprescindible para poder disfrutar de una calidad de vida decente. Es importante contar con una buena ventilaci\u00f3n y al mismo tiempo una buena climatizaci\u00f3n, de la misma manera que se pueden incorporar elementos tales como plantas o pinturas que velan por conseguir crear espacios saludables. Adem\u00e1s, los familiares de los residentes tambi\u00e9n consideran relevante la\u00a0<strong>desinfecci\u00f3n y eliminaci\u00f3n de los malos olores<\/strong>\u00a0y el hecho de mantener un espacio limpio y eliminar posibles g\u00e9rmenes que pueden llegar a provocar infecciones en el espacio o en las personas, que ya de por si suelen ser delicadas.<\/p>\n<p>En cuanto a los gestores de las residencias, destacamos dos puntos principalmente:<\/p>\n<ul>\n<li><strong>\u00bfQu\u00e9 cambios podemos aplicar para que una residencia se convierta en un referente?<\/strong>\u00a0El 34% de los gestores se\u00f1alan que deber\u00edan invertir en las infraestructuras e instalaciones de su residencia, ya que eso les permitir\u00e1 ir un paso m\u00e1s adelante que la competencia.<\/li>\n<li><strong>Las nuevas tendencias y las mejoras terap\u00e9uticas que ayudan a la gente mayor.<\/strong>\u00a0Es interesante destacar que el 10% de los encuestados ya trabajan una de las tendencias que se analizan en el siguiente punto, que indica la necesidad de adoptar una pol\u00edtica de Atenci\u00f3n centrada en el paciente (ACP) para que sus centros destaquen sobre la competencia. En definitiva, las residencias ya se encuentran inmersas en un cambio donde se ver\u00e1 recompensada la calidad de vida de los usuarios, ya que todo indica que nos dirigimos hacia una atenci\u00f3n m\u00e1s personalizada con m\u00e1s actividad.<\/li>\n<\/ul>\n<p>Desde\u00a0<strong>Efeb\u00e9<\/strong>, ofrecemos estas posibilidades los packs y programas que dise\u00f1amos, siempre teniendo en cuenta a las personas mayores que viven en las residencias y en todo el personal que trabaja, para hacer prevalecer la calidad de vida de todos aquellos que concurren en este espacio y adapt\u00e1ndonos a sus necesidades. Incorporamos tapizados con tejidos resistentes al rozamiento y cualquier mancha de orina o grasa, problemas comunes en las residencias de ancianos. Asimismo tambi\u00e9n, hay pinturas y barnices, tales como las pinturas fotocatal\u00edticas, que permiten renovar de vez en cuando la calidad del aire, al igual que la incorporaci\u00f3n de plantas<\/p>\n<p>Consulta el\u00a0<a href=\"http:\/\/gruppapelmatic.com\/barometro\/\" target=\"_blank\" rel=\"noopener\"><strong>I Bar\u00f3metro de HGS sobre las personas mayores<\/strong><\/a>.<\/p>\n","protected":false},"excerpt":{"rendered":"<p>La primera edici\u00f3n del\u00a0Bar\u00f3metro sobre residencias para personas mayores\u00a0fue creada en 2017 por la consultora especializada\u00a0Higienic Global Services\u00a0(HGS), que pertenece [&hellip;]<\/p>\n","protected":false},"author":1,"featured_media":6733,"comment_status":"closed","ping_status":"closed","sticky":false,"template":"","format":"standard","meta":{"_acf_changed":false,"footnotes":"","_links_to":"","_links_to_target":""},"categories":[202],"class_list":["post-6735","post","type-post","status-publish","format-standard","has-post-thumbnail","hentry","category-residencias-mayores"],"acf":[],"yoast_head":"<!-- This site is optimized with the Yoast SEO plugin v25.9 - https:\/\/yoast.com\/wordpress\/plugins\/seo\/ -->\n<title>\u00bfQu\u00e9 valoran las familias a la hora de escoger una residencia? \u00bfY los gestores para mejorarlas? | Grupo Efeb\u00e9<\/title>\n<meta name=\"description\" content=\"Qu\u00e9 valoran las familias en la hora de escoger una residencia? conoce los resultados del Bar\u00f3metro sobre residencias para personas grandes\" \/>\n<meta name=\"robots\" content=\"index, follow, max-snippet:-1, max-image-preview:large, max-video-preview:-1\" \/>\n<link rel=\"canonical\" href=\"https:\/\/www.grupefebe.com\/es\/las-familias-valoran-el-trato-y-la-higiene-abans-que-el-preu-per-escollir-una-residencia\/\" \/>\n<meta property=\"og:locale\" content=\"es_ES\" \/>\n<meta property=\"og:type\" content=\"article\" \/>\n<meta property=\"og:title\" content=\"\u00bfQu\u00e9 valoran las familias a la hora de escoger una residencia? \u00bfY los gestores para mejorarlas? | Grupo Efeb\u00e9\" \/>\n<meta property=\"og:description\" content=\"Qu\u00e9 valoran las familias en la hora de escoger una residencia? conoce los resultados del Bar\u00f3metro sobre residencias para personas grandes\" \/>\n<meta property=\"og:url\" content=\"https:\/\/www.grupefebe.com\/es\/las-familias-valoran-el-trato-y-la-higiene-abans-que-el-preu-per-escollir-una-residencia\/\" \/>\n<meta property=\"og:site_name\" content=\"Grupo Efeb\u00e9\" \/>\n<meta property=\"article:publisher\" content=\"https:\/\/www.facebook.com\/grup.efebe\" \/>\n<meta property=\"article:published_time\" content=\"2019-12-18T14:36:30+00:00\" \/>\n<meta property=\"article:modified_time\" content=\"2021-04-29T14:43:13+00:00\" \/>\n<meta property=\"og:image\" content=\"https:\/\/grupefebe.com\/custom\/uploads\/2021\/04\/escollir-una-residencia.jpg\" \/>\n\t<meta property=\"og:image:width\" content=\"1024\" \/>\n\t<meta property=\"og:image:height\" content=\"766\" \/>\n\t<meta property=\"og:image:type\" content=\"image\/jpeg\" \/>\n<meta name=\"author\" content=\"efebe\" \/>\n<meta name=\"twitter:card\" content=\"summary_large_image\" \/>\n<meta name=\"twitter:creator\" content=\"@grup_efebe\" \/>\n<meta name=\"twitter:site\" content=\"@grup_efebe\" \/>\n<meta name=\"twitter:label1\" content=\"Escrito por\" \/>\n\t<meta name=\"twitter:data1\" content=\"efebe\" \/>\n\t<meta name=\"twitter:label2\" content=\"Tiempo de lectura\" \/>\n\t<meta name=\"twitter:data2\" content=\"3 minutos\" \/>\n<script type=\"application\/ld+json\" class=\"yoast-schema-graph\">{\"@context\":\"https:\/\/schema.org\",\"@graph\":[{\"@type\":\"Article\",\"@id\":\"https:\/\/www.grupefebe.com\/es\/las-familias-valoran-el-trato-y-la-higiene-abans-que-el-preu-per-escollir-una-residencia\/#article\",\"isPartOf\":{\"@id\":\"https:\/\/www.grupefebe.com\/es\/las-familias-valoran-el-trato-y-la-higiene-abans-que-el-preu-per-escollir-una-residencia\/\"},\"author\":{\"name\":\"efebe\",\"@id\":\"https:\/\/www.grupefebe.com\/es\/#\/schema\/person\/ea29ae2644736bcdb432a0b7f0d814cd\"},\"headline\":\"\u00bfQu\u00e9 valoran las familias a la hora de escoger una residencia? \u00bfY los gestores para mejorarlas?\",\"datePublished\":\"2019-12-18T14:36:30+00:00\",\"dateModified\":\"2021-04-29T14:43:13+00:00\",\"mainEntityOfPage\":{\"@id\":\"https:\/\/www.grupefebe.com\/es\/las-familias-valoran-el-trato-y-la-higiene-abans-que-el-preu-per-escollir-una-residencia\/\"},\"wordCount\":660,\"publisher\":{\"@id\":\"https:\/\/www.grupefebe.com\/es\/#organization\"},\"image\":{\"@id\":\"https:\/\/www.grupefebe.com\/es\/las-familias-valoran-el-trato-y-la-higiene-abans-que-el-preu-per-escollir-una-residencia\/#primaryimage\"},\"thumbnailUrl\":\"https:\/\/www.grupefebe.com\/custom\/uploads\/2021\/04\/escollir-una-residencia.jpg\",\"articleSection\":[\"Residencias para mayores\"],\"inLanguage\":\"es\"},{\"@type\":\"WebPage\",\"@id\":\"https:\/\/www.grupefebe.com\/es\/las-familias-valoran-el-trato-y-la-higiene-abans-que-el-preu-per-escollir-una-residencia\/\",\"url\":\"https:\/\/www.grupefebe.com\/es\/las-familias-valoran-el-trato-y-la-higiene-abans-que-el-preu-per-escollir-una-residencia\/\",\"name\":\"\u00bfQu\u00e9 valoran las familias a la hora de escoger una residencia? \u00bfY los gestores para mejorarlas? | Grupo Efeb\u00e9\",\"isPartOf\":{\"@id\":\"https:\/\/www.grupefebe.com\/es\/#website\"},\"primaryImageOfPage\":{\"@id\":\"https:\/\/www.grupefebe.com\/es\/las-familias-valoran-el-trato-y-la-higiene-abans-que-el-preu-per-escollir-una-residencia\/#primaryimage\"},\"image\":{\"@id\":\"https:\/\/www.grupefebe.com\/es\/las-familias-valoran-el-trato-y-la-higiene-abans-que-el-preu-per-escollir-una-residencia\/#primaryimage\"},\"thumbnailUrl\":\"https:\/\/www.grupefebe.com\/custom\/uploads\/2021\/04\/escollir-una-residencia.jpg\",\"datePublished\":\"2019-12-18T14:36:30+00:00\",\"dateModified\":\"2021-04-29T14:43:13+00:00\",\"description\":\"Qu\u00e9 valoran las familias en la hora de escoger una residencia? conoce los resultados del Bar\u00f3metro sobre residencias para personas grandes\",\"breadcrumb\":{\"@id\":\"https:\/\/www.grupefebe.com\/es\/las-familias-valoran-el-trato-y-la-higiene-abans-que-el-preu-per-escollir-una-residencia\/#breadcrumb\"},\"inLanguage\":\"es\",\"potentialAction\":[{\"@type\":\"ReadAction\",\"target\":[\"https:\/\/www.grupefebe.com\/es\/las-familias-valoran-el-trato-y-la-higiene-abans-que-el-preu-per-escollir-una-residencia\/\"]}]},{\"@type\":\"ImageObject\",\"inLanguage\":\"es\",\"@id\":\"https:\/\/www.grupefebe.com\/es\/las-familias-valoran-el-trato-y-la-higiene-abans-que-el-preu-per-escollir-una-residencia\/#primaryimage\",\"url\":\"https:\/\/www.grupefebe.com\/custom\/uploads\/2021\/04\/escollir-una-residencia.jpg\",\"contentUrl\":\"https:\/\/www.grupefebe.com\/custom\/uploads\/2021\/04\/escollir-una-residencia.jpg\",\"width\":1024,\"height\":766,\"caption\":\"Qu\u00e8 valoren les fam\u00edlies a l\u2019hora d\u2019escollir una resid\u00e8ncia? I els gestors per tal de millorar-les?\"},{\"@type\":\"BreadcrumbList\",\"@id\":\"https:\/\/www.grupefebe.com\/es\/las-familias-valoran-el-trato-y-la-higiene-abans-que-el-preu-per-escollir-una-residencia\/#breadcrumb\",\"itemListElement\":[{\"@type\":\"ListItem\",\"position\":1,\"name\":\"Inici\",\"item\":\"https:\/\/www.grupefebe.com\/es\/\"},{\"@type\":\"ListItem\",\"position\":2,\"name\":\"\u00bfQu\u00e9 valoran las familias a la hora de escoger una residencia? \u00bfY los gestores para mejorarlas?\"}]},{\"@type\":\"WebSite\",\"@id\":\"https:\/\/www.grupefebe.com\/es\/#website\",\"url\":\"https:\/\/www.grupefebe.com\/es\/\",\"name\":\"Grup Efeb\u00e9\",\"description\":\"Otro sitio realizado con WordPress\",\"publisher\":{\"@id\":\"https:\/\/www.grupefebe.com\/es\/#organization\"},\"potentialAction\":[{\"@type\":\"SearchAction\",\"target\":{\"@type\":\"EntryPoint\",\"urlTemplate\":\"https:\/\/www.grupefebe.com\/es\/?s={search_term_string}\"},\"query-input\":{\"@type\":\"PropertyValueSpecification\",\"valueRequired\":true,\"valueName\":\"search_term_string\"}}],\"inLanguage\":\"es\"},{\"@type\":\"Organization\",\"@id\":\"https:\/\/www.grupefebe.com\/es\/#organization\",\"name\":\"Grup Efeb\u00e9\",\"url\":\"https:\/\/www.grupefebe.com\/es\/\",\"logo\":{\"@type\":\"ImageObject\",\"inLanguage\":\"es\",\"@id\":\"https:\/\/www.grupefebe.com\/es\/#\/schema\/logo\/image\/\",\"url\":\"https:\/\/grupefebe.com\/custom\/uploads\/2021\/01\/logo-efebe.png\",\"contentUrl\":\"https:\/\/grupefebe.com\/custom\/uploads\/2021\/01\/logo-efebe.png\",\"width\":524,\"height\":135,\"caption\":\"Grup Efeb\u00e9\"},\"image\":{\"@id\":\"https:\/\/www.grupefebe.com\/es\/#\/schema\/logo\/image\/\"},\"sameAs\":[\"https:\/\/www.facebook.com\/grup.efebe\",\"https:\/\/x.com\/grup_efebe\",\"https:\/\/www.instagram.com\/grup_efebe\/\",\"https:\/\/www.linkedin.com\/company\/grupefebe\",\"https:\/\/www.youtube.com\/channel\/UCj11-LAuLhPfqrL2649Xzrw\"]},{\"@type\":\"Person\",\"@id\":\"https:\/\/www.grupefebe.com\/es\/#\/schema\/person\/ea29ae2644736bcdb432a0b7f0d814cd\",\"name\":\"efebe\",\"image\":{\"@type\":\"ImageObject\",\"inLanguage\":\"es\",\"@id\":\"https:\/\/www.grupefebe.com\/es\/#\/schema\/person\/image\/\",\"url\":\"https:\/\/secure.gravatar.com\/avatar\/fe57a3f139ea81c65a338e37a8064b4e80844f839737532820c9107eb9e1966f?s=96&d=mm&r=g\",\"contentUrl\":\"https:\/\/secure.gravatar.com\/avatar\/fe57a3f139ea81c65a338e37a8064b4e80844f839737532820c9107eb9e1966f?s=96&d=mm&r=g\",\"caption\":\"efebe\"},\"url\":\"https:\/\/www.grupefebe.com\/es\/author\/efebe\/\"}]}<\/script>\n<!-- \/ Yoast SEO plugin. -->","yoast_head_json":{"title":"\u00bfQu\u00e9 valoran las familias a la hora de escoger una residencia? \u00bfY los gestores para mejorarlas? | Grupo Efeb\u00e9","description":"Qu\u00e9 valoran las familias en la hora de escoger una residencia? conoce los resultados del Bar\u00f3metro sobre residencias para personas grandes","robots":{"index":"index","follow":"follow","max-snippet":"max-snippet:-1","max-image-preview":"max-image-preview:large","max-video-preview":"max-video-preview:-1"},"canonical":"https:\/\/www.grupefebe.com\/es\/las-familias-valoran-el-trato-y-la-higiene-abans-que-el-preu-per-escollir-una-residencia\/","og_locale":"es_ES","og_type":"article","og_title":"\u00bfQu\u00e9 valoran las familias a la hora de escoger una residencia? \u00bfY los gestores para mejorarlas? | Grupo Efeb\u00e9","og_description":"Qu\u00e9 valoran las familias en la hora de escoger una residencia? conoce los resultados del Bar\u00f3metro sobre residencias para personas grandes","og_url":"https:\/\/www.grupefebe.com\/es\/las-familias-valoran-el-trato-y-la-higiene-abans-que-el-preu-per-escollir-una-residencia\/","og_site_name":"Grupo Efeb\u00e9","article_publisher":"https:\/\/www.facebook.com\/grup.efebe","article_published_time":"2019-12-18T14:36:30+00:00","article_modified_time":"2021-04-29T14:43:13+00:00","og_image":[{"width":1024,"height":766,"url":"https:\/\/grupefebe.com\/custom\/uploads\/2021\/04\/escollir-una-residencia.jpg","type":"image\/jpeg"}],"author":"efebe","twitter_card":"summary_large_image","twitter_creator":"@grup_efebe","twitter_site":"@grup_efebe","twitter_misc":{"Escrito por":"efebe","Tiempo de lectura":"3 minutos"},"schema":{"@context":"https:\/\/schema.org","@graph":[{"@type":"Article","@id":"https:\/\/www.grupefebe.com\/es\/las-familias-valoran-el-trato-y-la-higiene-abans-que-el-preu-per-escollir-una-residencia\/#article","isPartOf":{"@id":"https:\/\/www.grupefebe.com\/es\/las-familias-valoran-el-trato-y-la-higiene-abans-que-el-preu-per-escollir-una-residencia\/"},"author":{"name":"efebe","@id":"https:\/\/www.grupefebe.com\/es\/#\/schema\/person\/ea29ae2644736bcdb432a0b7f0d814cd"},"headline":"\u00bfQu\u00e9 valoran las familias a la hora de escoger una residencia? \u00bfY los gestores para mejorarlas?","datePublished":"2019-12-18T14:36:30+00:00","dateModified":"2021-04-29T14:43:13+00:00","mainEntityOfPage":{"@id":"https:\/\/www.grupefebe.com\/es\/las-familias-valoran-el-trato-y-la-higiene-abans-que-el-preu-per-escollir-una-residencia\/"},"wordCount":660,"publisher":{"@id":"https:\/\/www.grupefebe.com\/es\/#organization"},"image":{"@id":"https:\/\/www.grupefebe.com\/es\/las-familias-valoran-el-trato-y-la-higiene-abans-que-el-preu-per-escollir-una-residencia\/#primaryimage"},"thumbnailUrl":"https:\/\/www.grupefebe.com\/custom\/uploads\/2021\/04\/escollir-una-residencia.jpg","articleSection":["Residencias para mayores"],"inLanguage":"es"},{"@type":"WebPage","@id":"https:\/\/www.grupefebe.com\/es\/las-familias-valoran-el-trato-y-la-higiene-abans-que-el-preu-per-escollir-una-residencia\/","url":"https:\/\/www.grupefebe.com\/es\/las-familias-valoran-el-trato-y-la-higiene-abans-que-el-preu-per-escollir-una-residencia\/","name":"\u00bfQu\u00e9 valoran las familias a la hora de escoger una residencia? \u00bfY los gestores para mejorarlas? | Grupo Efeb\u00e9","isPartOf":{"@id":"https:\/\/www.grupefebe.com\/es\/#website"},"primaryImageOfPage":{"@id":"https:\/\/www.grupefebe.com\/es\/las-familias-valoran-el-trato-y-la-higiene-abans-que-el-preu-per-escollir-una-residencia\/#primaryimage"},"image":{"@id":"https:\/\/www.grupefebe.com\/es\/las-familias-valoran-el-trato-y-la-higiene-abans-que-el-preu-per-escollir-una-residencia\/#primaryimage"},"thumbnailUrl":"https:\/\/www.grupefebe.com\/custom\/uploads\/2021\/04\/escollir-una-residencia.jpg","datePublished":"2019-12-18T14:36:30+00:00","dateModified":"2021-04-29T14:43:13+00:00","description":"Qu\u00e9 valoran las familias en la hora de escoger una residencia? conoce los resultados del Bar\u00f3metro sobre residencias para personas grandes","breadcrumb":{"@id":"https:\/\/www.grupefebe.com\/es\/las-familias-valoran-el-trato-y-la-higiene-abans-que-el-preu-per-escollir-una-residencia\/#breadcrumb"},"inLanguage":"es","potentialAction":[{"@type":"ReadAction","target":["https:\/\/www.grupefebe.com\/es\/las-familias-valoran-el-trato-y-la-higiene-abans-que-el-preu-per-escollir-una-residencia\/"]}]},{"@type":"ImageObject","inLanguage":"es","@id":"https:\/\/www.grupefebe.com\/es\/las-familias-valoran-el-trato-y-la-higiene-abans-que-el-preu-per-escollir-una-residencia\/#primaryimage","url":"https:\/\/www.grupefebe.com\/custom\/uploads\/2021\/04\/escollir-una-residencia.jpg","contentUrl":"https:\/\/www.grupefebe.com\/custom\/uploads\/2021\/04\/escollir-una-residencia.jpg","width":1024,"height":766,"caption":"Qu\u00e8 valoren les fam\u00edlies a l\u2019hora d\u2019escollir una resid\u00e8ncia? I els gestors per tal de millorar-les?"},{"@type":"BreadcrumbList","@id":"https:\/\/www.grupefebe.com\/es\/las-familias-valoran-el-trato-y-la-higiene-abans-que-el-preu-per-escollir-una-residencia\/#breadcrumb","itemListElement":[{"@type":"ListItem","position":1,"name":"Inici","item":"https:\/\/www.grupefebe.com\/es\/"},{"@type":"ListItem","position":2,"name":"\u00bfQu\u00e9 valoran las familias a la hora de escoger una residencia? \u00bfY los gestores para mejorarlas?"}]},{"@type":"WebSite","@id":"https:\/\/www.grupefebe.com\/es\/#website","url":"https:\/\/www.grupefebe.com\/es\/","name":"Grup Efeb\u00e9","description":"Otro sitio realizado con WordPress","publisher":{"@id":"https:\/\/www.grupefebe.com\/es\/#organization"},"potentialAction":[{"@type":"SearchAction","target":{"@type":"EntryPoint","urlTemplate":"https:\/\/www.grupefebe.com\/es\/?s={search_term_string}"},"query-input":{"@type":"PropertyValueSpecification","valueRequired":true,"valueName":"search_term_string"}}],"inLanguage":"es"},{"@type":"Organization","@id":"https:\/\/www.grupefebe.com\/es\/#organization","name":"Grup Efeb\u00e9","url":"https:\/\/www.grupefebe.com\/es\/","logo":{"@type":"ImageObject","inLanguage":"es","@id":"https:\/\/www.grupefebe.com\/es\/#\/schema\/logo\/image\/","url":"https:\/\/grupefebe.com\/custom\/uploads\/2021\/01\/logo-efebe.png","contentUrl":"https:\/\/grupefebe.com\/custom\/uploads\/2021\/01\/logo-efebe.png","width":524,"height":135,"caption":"Grup Efeb\u00e9"},"image":{"@id":"https:\/\/www.grupefebe.com\/es\/#\/schema\/logo\/image\/"},"sameAs":["https:\/\/www.facebook.com\/grup.efebe","https:\/\/x.com\/grup_efebe","https:\/\/www.instagram.com\/grup_efebe\/","https:\/\/www.linkedin.com\/company\/grupefebe","https:\/\/www.youtube.com\/channel\/UCj11-LAuLhPfqrL2649Xzrw"]},{"@type":"Person","@id":"https:\/\/www.grupefebe.com\/es\/#\/schema\/person\/ea29ae2644736bcdb432a0b7f0d814cd","name":"efebe","image":{"@type":"ImageObject","inLanguage":"es","@id":"https:\/\/www.grupefebe.com\/es\/#\/schema\/person\/image\/","url":"https:\/\/secure.gravatar.com\/avatar\/fe57a3f139ea81c65a338e37a8064b4e80844f839737532820c9107eb9e1966f?s=96&d=mm&r=g","contentUrl":"https:\/\/secure.gravatar.com\/avatar\/fe57a3f139ea81c65a338e37a8064b4e80844f839737532820c9107eb9e1966f?s=96&d=mm&r=g","caption":"efebe"},"url":"https:\/\/www.grupefebe.com\/es\/author\/efebe\/"}]}},"_links":{"self":[{"href":"https:\/\/www.grupefebe.com\/es\/wp-json\/wp\/v2\/posts\/6735","targetHints":{"allow":["GET"]}}],"collection":[{"href":"https:\/\/www.grupefebe.com\/es\/wp-json\/wp\/v2\/posts"}],"about":[{"href":"https:\/\/www.grupefebe.com\/es\/wp-json\/wp\/v2\/types\/post"}],"author":[{"embeddable":true,"href":"https:\/\/www.grupefebe.com\/es\/wp-json\/wp\/v2\/users\/1"}],"replies":[{"embeddable":true,"href":"https:\/\/www.grupefebe.com\/es\/wp-json\/wp\/v2\/comments?post=6735"}],"version-history":[{"count":2,"href":"https:\/\/www.grupefebe.com\/es\/wp-json\/wp\/v2\/posts\/6735\/revisions"}],"predecessor-version":[{"id":6737,"href":"https:\/\/www.grupefebe.com\/es\/wp-json\/wp\/v2\/posts\/6735\/revisions\/6737"}],"wp:featuredmedia":[{"embeddable":true,"href":"https:\/\/www.grupefebe.com\/es\/wp-json\/wp\/v2\/media\/6733"}],"wp:attachment":[{"href":"https:\/\/www.grupefebe.com\/es\/wp-json\/wp\/v2\/media?parent=6735"}],"wp:term":[{"taxonomy":"category","embeddable":true,"href":"https:\/\/www.grupefebe.com\/es\/wp-json\/wp\/v2\/categories?post=6735"}],"curies":[{"name":"wp","href":"https:\/\/api.w.org\/{rel}","templated":true}]}}