{"id":6690,"date":"2020-01-29T22:17:57","date_gmt":"2020-01-29T22:17:57","guid":{"rendered":"https:\/\/grupefebe.com\/vivim-lexperiencia-bett2020-espai-tecnologia-i-persones\/"},"modified":"2021-09-28T14:34:53","modified_gmt":"2021-09-28T14:34:53","slug":"vivimos-la-experiencia-bett2020-espacio-tecnologia-y-personas","status":"publish","type":"post","link":"https:\/\/www.grupefebe.com\/es\/vivimos-la-experiencia-bett2020-espacio-tecnologia-y-personas\/","title":{"rendered":"Vivimos la experiencia BETT 2020: espacio, tecnolog\u00eda y personas"},"content":{"rendered":"<p>El fin de semana pasado una de nuestras <em>Project Managers<\/em>, Iris Par\u00e9s, viaj\u00f3 hasta Londres para asistir a una de las ferias m\u00e1s importantes en Europa del sector de la\u00a0<strong>educaci\u00f3n:<\/strong> la BETT 2020.<\/p>\n<p>Bett es el primer sal\u00f3n industrial del sector en el \u00e1mbito de\u00a0<strong>la tecnolog\u00eda de la educaci\u00f3n<\/strong> y re\u00fane a m\u00e1s de 800 empresas l\u00edderes, 103 emocionantes nuevos startups de EdTech y m\u00e1s de 34.000 asistentes. La gente de m\u00e1s de 146 pa\u00edses de la comunidad educativa global se re\u00fanen para celebrar, encontrar inspiraci\u00f3n y discutir el futuro de la educaci\u00f3n, adem\u00e1s de ver como la tecnolog\u00eda y la innovaci\u00f3n permiten a los educadores y los estudiantes descubrir nuevas formas de aprender y ense\u00f1ar. En esta feria BETT 2020 se exponen los mejores <strong>productos<\/strong>,\u00a0<strong>recursos<\/strong>\u00a0y\u00a0<strong>buenas<\/strong>\u00a0<strong>pr\u00e1cticas<\/strong>\u00a0<strong>de aprendizaje<\/strong>. Actualmente, los modelos de aprendizaje son cada vez m\u00e1s m\u00f3viles y las diferentes marcas buscan soluciones que se adapten a estas novedades para poder impartir clases seg\u00fan\u00a0<strong>las nuevas tendencias pedag\u00f3gicas<\/strong>.<\/p>\n<p>En el centro de exposiciones\u00a0<a href=\"https:\/\/www.excel.london\/\" target=\"_blank\" rel=\"noopener\">ExCel London<\/a>\u00a0se habilitaron diferentes zonas para cada una de las marcas que expon\u00edan y, al mismo tiempo, tambi\u00e9n se incorporaron zonas de espect\u00e1culo para poder descubrir proveedores de forma f\u00e1cil y din\u00e1mica.<\/p>\n<p>Como explicamos en el\u00a0<a href=\"https:\/\/oldweb.grupefebe.com\/es\/destactats\/participamos-en-la-feria-bett-en-londres\/\" target=\"_blank\" rel=\"noopener\">art\u00edculo anterior<\/a>, Grupo Efeb\u00e9 somos los representantes de la marca Zioxi en Espa\u00f1a y asistimos conjuntamente a la BETT 2020. <a href=\"https:\/\/zioxi.co.uk\/\" target=\"_blank\" rel=\"noopener\"><strong>Zioxi<\/strong><\/a> hace una gesti\u00f3n sostenible del uso de energ\u00eda de los dispositivos que genera. Siendo una de las marcas m\u00e1s innovadoras y rompedoras, consigue unir el mobiliario con la tecnolog\u00eda. Adem\u00e1s, se muestra sensible con los cambios y las nuevas tendencias constantes y utiliza los diferentes dispositivos en uso de <strong>energ\u00eda verde<\/strong>. En nuestro <a href=\"https:\/\/www.grupefebe.com\/es\/tienda\/\" target=\"_blank\" rel=\"noopener\">cat\u00e1logo online<\/a> puedes encontrar el equipamiento adecuado para tu centro educativo.<\/p>\n<p>&nbsp;<\/p>\n\n\t\t<div class='galeria-blog owl-carousel-blog owl-carousel owl-theme'><img src='https:\/\/www.grupefebe.com\/custom\/uploads\/2021\/04\/BETT2020_2.jpg'><img src='https:\/\/www.grupefebe.com\/custom\/uploads\/2021\/04\/BETT2020_3.jpg'><img src='https:\/\/www.grupefebe.com\/custom\/uploads\/2021\/04\/BETT2020_4.jpg'><img src='https:\/\/www.grupefebe.com\/custom\/uploads\/2021\/04\/BETT2020_5.jpg'><\/div>\n","protected":false},"excerpt":{"rendered":"<p>El fin de semana pasado una de nuestras Project Managers, Iris Par\u00e9s, viaj\u00f3 hasta Londres para asistir a una de [&hellip;]<\/p>\n","protected":false},"author":1,"featured_media":6680,"comment_status":"closed","ping_status":"closed","sticky":false,"template":"","format":"standard","meta":{"_acf_changed":false,"footnotes":"","_links_to":"","_links_to_target":""},"categories":[203],"class_list":["post-6690","post","type-post","status-publish","format-standard","has-post-thumbnail","hentry","category-escuelas"],"acf":[],"yoast_head":"<!-- This site is optimized with the Yoast SEO plugin v25.9 - https:\/\/yoast.com\/wordpress\/plugins\/seo\/ -->\n<title>Vivimos la experiencia BETT 2020: espacio, tecnolog\u00eda y personas | Grupo Efeb\u00e9<\/title>\n<meta name=\"description\" content=\"Iris Par\u00e9s viaj\u00f3 hasta Londres para asistir a una de las ferias m\u00e1s famosas de Europa en el sector de la educaci\u00f3n: la BETT 2020.\" \/>\n<meta name=\"robots\" content=\"index, follow, max-snippet:-1, max-image-preview:large, max-video-preview:-1\" \/>\n<link rel=\"canonical\" href=\"https:\/\/www.grupefebe.com\/es\/vivimos-la-experiencia-bett2020-espacio-tecnologia-y-personas\/\" \/>\n<meta property=\"og:locale\" content=\"es_ES\" \/>\n<meta property=\"og:type\" content=\"article\" \/>\n<meta property=\"og:title\" content=\"Vivimos la experiencia BETT 2020: espacio, tecnolog\u00eda y personas | Grupo Efeb\u00e9\" \/>\n<meta property=\"og:description\" content=\"Iris Par\u00e9s viaj\u00f3 hasta Londres para asistir a una de las ferias m\u00e1s famosas de Europa en el sector de la educaci\u00f3n: la BETT 2020.\" \/>\n<meta property=\"og:url\" content=\"https:\/\/www.grupefebe.com\/es\/vivimos-la-experiencia-bett2020-espacio-tecnologia-y-personas\/\" \/>\n<meta property=\"og:site_name\" content=\"Grupo Efeb\u00e9\" \/>\n<meta property=\"article:publisher\" content=\"https:\/\/www.facebook.com\/grup.efebe\" \/>\n<meta property=\"article:published_time\" content=\"2020-01-29T22:17:57+00:00\" \/>\n<meta property=\"article:modified_time\" content=\"2021-09-28T14:34:53+00:00\" \/>\n<meta property=\"og:image\" content=\"https:\/\/grupefebe.com\/custom\/uploads\/2021\/04\/BETT2020.jpg\" \/>\n\t<meta property=\"og:image:width\" content=\"1024\" \/>\n\t<meta property=\"og:image:height\" content=\"768\" \/>\n\t<meta property=\"og:image:type\" content=\"image\/jpeg\" \/>\n<meta name=\"author\" content=\"efebe\" \/>\n<meta name=\"twitter:card\" content=\"summary_large_image\" \/>\n<meta name=\"twitter:creator\" content=\"@grup_efebe\" \/>\n<meta name=\"twitter:site\" content=\"@grup_efebe\" \/>\n<meta name=\"twitter:label1\" content=\"Escrito por\" \/>\n\t<meta name=\"twitter:data1\" content=\"efebe\" \/>\n\t<meta name=\"twitter:label2\" content=\"Tiempo de lectura\" \/>\n\t<meta name=\"twitter:data2\" content=\"2 minutos\" \/>\n<script type=\"application\/ld+json\" class=\"yoast-schema-graph\">{\"@context\":\"https:\/\/schema.org\",\"@graph\":[{\"@type\":\"Article\",\"@id\":\"https:\/\/www.grupefebe.com\/es\/vivimos-la-experiencia-bett2020-espacio-tecnologia-y-personas\/#article\",\"isPartOf\":{\"@id\":\"https:\/\/www.grupefebe.com\/es\/vivimos-la-experiencia-bett2020-espacio-tecnologia-y-personas\/\"},\"author\":{\"name\":\"efebe\",\"@id\":\"https:\/\/www.grupefebe.com\/es\/#\/schema\/person\/ea29ae2644736bcdb432a0b7f0d814cd\"},\"headline\":\"Vivimos la experiencia BETT 2020: espacio, tecnolog\u00eda y personas\",\"datePublished\":\"2020-01-29T22:17:57+00:00\",\"dateModified\":\"2021-09-28T14:34:53+00:00\",\"mainEntityOfPage\":{\"@id\":\"https:\/\/www.grupefebe.com\/es\/vivimos-la-experiencia-bett2020-espacio-tecnologia-y-personas\/\"},\"wordCount\":338,\"publisher\":{\"@id\":\"https:\/\/www.grupefebe.com\/es\/#organization\"},\"image\":{\"@id\":\"https:\/\/www.grupefebe.com\/es\/vivimos-la-experiencia-bett2020-espacio-tecnologia-y-personas\/#primaryimage\"},\"thumbnailUrl\":\"https:\/\/www.grupefebe.com\/custom\/uploads\/2021\/04\/BETT2020.jpg\",\"articleSection\":[\"Escuelas\"],\"inLanguage\":\"es\"},{\"@type\":\"WebPage\",\"@id\":\"https:\/\/www.grupefebe.com\/es\/vivimos-la-experiencia-bett2020-espacio-tecnologia-y-personas\/\",\"url\":\"https:\/\/www.grupefebe.com\/es\/vivimos-la-experiencia-bett2020-espacio-tecnologia-y-personas\/\",\"name\":\"Vivimos la experiencia BETT 2020: espacio, tecnolog\u00eda y personas | Grupo Efeb\u00e9\",\"isPartOf\":{\"@id\":\"https:\/\/www.grupefebe.com\/es\/#website\"},\"primaryImageOfPage\":{\"@id\":\"https:\/\/www.grupefebe.com\/es\/vivimos-la-experiencia-bett2020-espacio-tecnologia-y-personas\/#primaryimage\"},\"image\":{\"@id\":\"https:\/\/www.grupefebe.com\/es\/vivimos-la-experiencia-bett2020-espacio-tecnologia-y-personas\/#primaryimage\"},\"thumbnailUrl\":\"https:\/\/www.grupefebe.com\/custom\/uploads\/2021\/04\/BETT2020.jpg\",\"datePublished\":\"2020-01-29T22:17:57+00:00\",\"dateModified\":\"2021-09-28T14:34:53+00:00\",\"description\":\"Iris Par\u00e9s viaj\u00f3 hasta Londres para asistir a una de las ferias m\u00e1s famosas de Europa en el sector de la educaci\u00f3n: la BETT 2020.\",\"breadcrumb\":{\"@id\":\"https:\/\/www.grupefebe.com\/es\/vivimos-la-experiencia-bett2020-espacio-tecnologia-y-personas\/#breadcrumb\"},\"inLanguage\":\"es\",\"potentialAction\":[{\"@type\":\"ReadAction\",\"target\":[\"https:\/\/www.grupefebe.com\/es\/vivimos-la-experiencia-bett2020-espacio-tecnologia-y-personas\/\"]}]},{\"@type\":\"ImageObject\",\"inLanguage\":\"es\",\"@id\":\"https:\/\/www.grupefebe.com\/es\/vivimos-la-experiencia-bett2020-espacio-tecnologia-y-personas\/#primaryimage\",\"url\":\"https:\/\/www.grupefebe.com\/custom\/uploads\/2021\/04\/BETT2020.jpg\",\"contentUrl\":\"https:\/\/www.grupefebe.com\/custom\/uploads\/2021\/04\/BETT2020.jpg\",\"width\":1024,\"height\":768,\"caption\":\"BETT 2020\"},{\"@type\":\"BreadcrumbList\",\"@id\":\"https:\/\/www.grupefebe.com\/es\/vivimos-la-experiencia-bett2020-espacio-tecnologia-y-personas\/#breadcrumb\",\"itemListElement\":[{\"@type\":\"ListItem\",\"position\":1,\"name\":\"Inici\",\"item\":\"https:\/\/www.grupefebe.com\/es\/\"},{\"@type\":\"ListItem\",\"position\":2,\"name\":\"Vivimos la experiencia BETT 2020: espacio, tecnolog\u00eda y personas\"}]},{\"@type\":\"WebSite\",\"@id\":\"https:\/\/www.grupefebe.com\/es\/#website\",\"url\":\"https:\/\/www.grupefebe.com\/es\/\",\"name\":\"Grup Efeb\u00e9\",\"description\":\"Otro sitio realizado con WordPress\",\"publisher\":{\"@id\":\"https:\/\/www.grupefebe.com\/es\/#organization\"},\"potentialAction\":[{\"@type\":\"SearchAction\",\"target\":{\"@type\":\"EntryPoint\",\"urlTemplate\":\"https:\/\/www.grupefebe.com\/es\/?s={search_term_string}\"},\"query-input\":{\"@type\":\"PropertyValueSpecification\",\"valueRequired\":true,\"valueName\":\"search_term_string\"}}],\"inLanguage\":\"es\"},{\"@type\":\"Organization\",\"@id\":\"https:\/\/www.grupefebe.com\/es\/#organization\",\"name\":\"Grup Efeb\u00e9\",\"url\":\"https:\/\/www.grupefebe.com\/es\/\",\"logo\":{\"@type\":\"ImageObject\",\"inLanguage\":\"es\",\"@id\":\"https:\/\/www.grupefebe.com\/es\/#\/schema\/logo\/image\/\",\"url\":\"https:\/\/grupefebe.com\/custom\/uploads\/2021\/01\/logo-efebe.png\",\"contentUrl\":\"https:\/\/grupefebe.com\/custom\/uploads\/2021\/01\/logo-efebe.png\",\"width\":524,\"height\":135,\"caption\":\"Grup Efeb\u00e9\"},\"image\":{\"@id\":\"https:\/\/www.grupefebe.com\/es\/#\/schema\/logo\/image\/\"},\"sameAs\":[\"https:\/\/www.facebook.com\/grup.efebe\",\"https:\/\/x.com\/grup_efebe\",\"https:\/\/www.instagram.com\/grup_efebe\/\",\"https:\/\/www.linkedin.com\/company\/grupefebe\",\"https:\/\/www.youtube.com\/channel\/UCj11-LAuLhPfqrL2649Xzrw\"]},{\"@type\":\"Person\",\"@id\":\"https:\/\/www.grupefebe.com\/es\/#\/schema\/person\/ea29ae2644736bcdb432a0b7f0d814cd\",\"name\":\"efebe\",\"image\":{\"@type\":\"ImageObject\",\"inLanguage\":\"es\",\"@id\":\"https:\/\/www.grupefebe.com\/es\/#\/schema\/person\/image\/\",\"url\":\"https:\/\/secure.gravatar.com\/avatar\/fe57a3f139ea81c65a338e37a8064b4e80844f839737532820c9107eb9e1966f?s=96&d=mm&r=g\",\"contentUrl\":\"https:\/\/secure.gravatar.com\/avatar\/fe57a3f139ea81c65a338e37a8064b4e80844f839737532820c9107eb9e1966f?s=96&d=mm&r=g\",\"caption\":\"efebe\"},\"url\":\"https:\/\/www.grupefebe.com\/es\/author\/efebe\/\"}]}<\/script>\n<!-- \/ Yoast SEO plugin. -->","yoast_head_json":{"title":"Vivimos la experiencia BETT 2020: espacio, tecnolog\u00eda y personas | Grupo Efeb\u00e9","description":"Iris Par\u00e9s viaj\u00f3 hasta Londres para asistir a una de las ferias m\u00e1s famosas de Europa en el sector de la educaci\u00f3n: la BETT 2020.","robots":{"index":"index","follow":"follow","max-snippet":"max-snippet:-1","max-image-preview":"max-image-preview:large","max-video-preview":"max-video-preview:-1"},"canonical":"https:\/\/www.grupefebe.com\/es\/vivimos-la-experiencia-bett2020-espacio-tecnologia-y-personas\/","og_locale":"es_ES","og_type":"article","og_title":"Vivimos la experiencia BETT 2020: espacio, tecnolog\u00eda y personas | Grupo Efeb\u00e9","og_description":"Iris Par\u00e9s viaj\u00f3 hasta Londres para asistir a una de las ferias m\u00e1s famosas de Europa en el sector de la educaci\u00f3n: la BETT 2020.","og_url":"https:\/\/www.grupefebe.com\/es\/vivimos-la-experiencia-bett2020-espacio-tecnologia-y-personas\/","og_site_name":"Grupo Efeb\u00e9","article_publisher":"https:\/\/www.facebook.com\/grup.efebe","article_published_time":"2020-01-29T22:17:57+00:00","article_modified_time":"2021-09-28T14:34:53+00:00","og_image":[{"width":1024,"height":768,"url":"https:\/\/grupefebe.com\/custom\/uploads\/2021\/04\/BETT2020.jpg","type":"image\/jpeg"}],"author":"efebe","twitter_card":"summary_large_image","twitter_creator":"@grup_efebe","twitter_site":"@grup_efebe","twitter_misc":{"Escrito por":"efebe","Tiempo de lectura":"2 minutos"},"schema":{"@context":"https:\/\/schema.org","@graph":[{"@type":"Article","@id":"https:\/\/www.grupefebe.com\/es\/vivimos-la-experiencia-bett2020-espacio-tecnologia-y-personas\/#article","isPartOf":{"@id":"https:\/\/www.grupefebe.com\/es\/vivimos-la-experiencia-bett2020-espacio-tecnologia-y-personas\/"},"author":{"name":"efebe","@id":"https:\/\/www.grupefebe.com\/es\/#\/schema\/person\/ea29ae2644736bcdb432a0b7f0d814cd"},"headline":"Vivimos la experiencia BETT 2020: espacio, tecnolog\u00eda y personas","datePublished":"2020-01-29T22:17:57+00:00","dateModified":"2021-09-28T14:34:53+00:00","mainEntityOfPage":{"@id":"https:\/\/www.grupefebe.com\/es\/vivimos-la-experiencia-bett2020-espacio-tecnologia-y-personas\/"},"wordCount":338,"publisher":{"@id":"https:\/\/www.grupefebe.com\/es\/#organization"},"image":{"@id":"https:\/\/www.grupefebe.com\/es\/vivimos-la-experiencia-bett2020-espacio-tecnologia-y-personas\/#primaryimage"},"thumbnailUrl":"https:\/\/www.grupefebe.com\/custom\/uploads\/2021\/04\/BETT2020.jpg","articleSection":["Escuelas"],"inLanguage":"es"},{"@type":"WebPage","@id":"https:\/\/www.grupefebe.com\/es\/vivimos-la-experiencia-bett2020-espacio-tecnologia-y-personas\/","url":"https:\/\/www.grupefebe.com\/es\/vivimos-la-experiencia-bett2020-espacio-tecnologia-y-personas\/","name":"Vivimos la experiencia BETT 2020: espacio, tecnolog\u00eda y personas | Grupo Efeb\u00e9","isPartOf":{"@id":"https:\/\/www.grupefebe.com\/es\/#website"},"primaryImageOfPage":{"@id":"https:\/\/www.grupefebe.com\/es\/vivimos-la-experiencia-bett2020-espacio-tecnologia-y-personas\/#primaryimage"},"image":{"@id":"https:\/\/www.grupefebe.com\/es\/vivimos-la-experiencia-bett2020-espacio-tecnologia-y-personas\/#primaryimage"},"thumbnailUrl":"https:\/\/www.grupefebe.com\/custom\/uploads\/2021\/04\/BETT2020.jpg","datePublished":"2020-01-29T22:17:57+00:00","dateModified":"2021-09-28T14:34:53+00:00","description":"Iris Par\u00e9s viaj\u00f3 hasta Londres para asistir a una de las ferias m\u00e1s famosas de Europa en el sector de la educaci\u00f3n: la BETT 2020.","breadcrumb":{"@id":"https:\/\/www.grupefebe.com\/es\/vivimos-la-experiencia-bett2020-espacio-tecnologia-y-personas\/#breadcrumb"},"inLanguage":"es","potentialAction":[{"@type":"ReadAction","target":["https:\/\/www.grupefebe.com\/es\/vivimos-la-experiencia-bett2020-espacio-tecnologia-y-personas\/"]}]},{"@type":"ImageObject","inLanguage":"es","@id":"https:\/\/www.grupefebe.com\/es\/vivimos-la-experiencia-bett2020-espacio-tecnologia-y-personas\/#primaryimage","url":"https:\/\/www.grupefebe.com\/custom\/uploads\/2021\/04\/BETT2020.jpg","contentUrl":"https:\/\/www.grupefebe.com\/custom\/uploads\/2021\/04\/BETT2020.jpg","width":1024,"height":768,"caption":"BETT 2020"},{"@type":"BreadcrumbList","@id":"https:\/\/www.grupefebe.com\/es\/vivimos-la-experiencia-bett2020-espacio-tecnologia-y-personas\/#breadcrumb","itemListElement":[{"@type":"ListItem","position":1,"name":"Inici","item":"https:\/\/www.grupefebe.com\/es\/"},{"@type":"ListItem","position":2,"name":"Vivimos la experiencia BETT 2020: espacio, tecnolog\u00eda y personas"}]},{"@type":"WebSite","@id":"https:\/\/www.grupefebe.com\/es\/#website","url":"https:\/\/www.grupefebe.com\/es\/","name":"Grup Efeb\u00e9","description":"Otro sitio realizado con WordPress","publisher":{"@id":"https:\/\/www.grupefebe.com\/es\/#organization"},"potentialAction":[{"@type":"SearchAction","target":{"@type":"EntryPoint","urlTemplate":"https:\/\/www.grupefebe.com\/es\/?s={search_term_string}"},"query-input":{"@type":"PropertyValueSpecification","valueRequired":true,"valueName":"search_term_string"}}],"inLanguage":"es"},{"@type":"Organization","@id":"https:\/\/www.grupefebe.com\/es\/#organization","name":"Grup Efeb\u00e9","url":"https:\/\/www.grupefebe.com\/es\/","logo":{"@type":"ImageObject","inLanguage":"es","@id":"https:\/\/www.grupefebe.com\/es\/#\/schema\/logo\/image\/","url":"https:\/\/grupefebe.com\/custom\/uploads\/2021\/01\/logo-efebe.png","contentUrl":"https:\/\/grupefebe.com\/custom\/uploads\/2021\/01\/logo-efebe.png","width":524,"height":135,"caption":"Grup Efeb\u00e9"},"image":{"@id":"https:\/\/www.grupefebe.com\/es\/#\/schema\/logo\/image\/"},"sameAs":["https:\/\/www.facebook.com\/grup.efebe","https:\/\/x.com\/grup_efebe","https:\/\/www.instagram.com\/grup_efebe\/","https:\/\/www.linkedin.com\/company\/grupefebe","https:\/\/www.youtube.com\/channel\/UCj11-LAuLhPfqrL2649Xzrw"]},{"@type":"Person","@id":"https:\/\/www.grupefebe.com\/es\/#\/schema\/person\/ea29ae2644736bcdb432a0b7f0d814cd","name":"efebe","image":{"@type":"ImageObject","inLanguage":"es","@id":"https:\/\/www.grupefebe.com\/es\/#\/schema\/person\/image\/","url":"https:\/\/secure.gravatar.com\/avatar\/fe57a3f139ea81c65a338e37a8064b4e80844f839737532820c9107eb9e1966f?s=96&d=mm&r=g","contentUrl":"https:\/\/secure.gravatar.com\/avatar\/fe57a3f139ea81c65a338e37a8064b4e80844f839737532820c9107eb9e1966f?s=96&d=mm&r=g","caption":"efebe"},"url":"https:\/\/www.grupefebe.com\/es\/author\/efebe\/"}]}},"_links":{"self":[{"href":"https:\/\/www.grupefebe.com\/es\/wp-json\/wp\/v2\/posts\/6690","targetHints":{"allow":["GET"]}}],"collection":[{"href":"https:\/\/www.grupefebe.com\/es\/wp-json\/wp\/v2\/posts"}],"about":[{"href":"https:\/\/www.grupefebe.com\/es\/wp-json\/wp\/v2\/types\/post"}],"author":[{"embeddable":true,"href":"https:\/\/www.grupefebe.com\/es\/wp-json\/wp\/v2\/users\/1"}],"replies":[{"embeddable":true,"href":"https:\/\/www.grupefebe.com\/es\/wp-json\/wp\/v2\/comments?post=6690"}],"version-history":[{"count":5,"href":"https:\/\/www.grupefebe.com\/es\/wp-json\/wp\/v2\/posts\/6690\/revisions"}],"predecessor-version":[{"id":8303,"href":"https:\/\/www.grupefebe.com\/es\/wp-json\/wp\/v2\/posts\/6690\/revisions\/8303"}],"wp:featuredmedia":[{"embeddable":true,"href":"https:\/\/www.grupefebe.com\/es\/wp-json\/wp\/v2\/media\/6680"}],"wp:attachment":[{"href":"https:\/\/www.grupefebe.com\/es\/wp-json\/wp\/v2\/media?parent=6690"}],"wp:term":[{"taxonomy":"category","embeddable":true,"href":"https:\/\/www.grupefebe.com\/es\/wp-json\/wp\/v2\/categories?post=6690"}],"curies":[{"name":"wp","href":"https:\/\/api.w.org\/{rel}","templated":true}]}}