{"id":4459,"date":"2020-10-26T14:35:47","date_gmt":"2020-10-26T14:35:47","guid":{"rendered":"https:\/\/www.grupefebe.com\/dissenyem-les-escoles-del-futur-efebe-a-lara-criatures\/"},"modified":"2021-01-13T14:49:55","modified_gmt":"2021-01-13T14:49:55","slug":"disenamos-las-escuelas-del-futuro-efebe-en-el-ara-criatures","status":"publish","type":"post","link":"https:\/\/www.grupefebe.com\/es\/disenamos-las-escuelas-del-futuro-efebe-en-el-ara-criatures\/","title":{"rendered":"\u201cDise\u00f1amos las escuelas del futuro\u201d, Efeb\u00e9 en el Ara Criatures"},"content":{"rendered":"<p>Este s\u00e1bado 24 de octubre, el<a href=\"https:\/\/criatures.ara.cat\/\" target=\"_blank\" rel=\"noopener noreferrer\"> Ara Criatures<\/a> ha publicado una entrevista a Anna Fornt, directora de Grup Efeb\u00e9, donde explica c\u00f3mo dise\u00f1amos las <strong>escuelas del futuro.<\/strong><\/p>\n<p>Junto con\u00a0<a href=\"https:\/\/www.fundaciotrams.org\/\" target=\"_blank\" rel=\"noopener noreferrer\">Fundaci\u00f3 Tr@ms<\/a>\u00a0y\u00a0<a href=\"https:\/\/www.segellsmart.org\/\" target=\"_blank\" rel=\"noopener noreferrer\">Segell SMART<\/a>, Efeb\u00e9 hemos creado los\u00a0<strong>Espacios Fluidos de Aprendizaje<\/strong>\u00a0(<a href=\"https:\/\/www.grupefebe.com\/escoles-espais-fluap\/\" target=\"_blank\" rel=\"noopener noreferrer\">EspaciosFluAp<\/a>),\u00a0el dise\u00f1o escolar ideal para los centros educativos m\u00e1s innovadores. Una apuesta transformadora para ense\u00f1ar y aprender haciendo uso de las nuevas metodolog\u00edas pedag\u00f3gicas.<\/p>\n<p>Te ayudamos a potenciar el trabajo en equipo y por proyectos e incrementar el pensamiento cr\u00edtico de los estudiantes. Adem\u00e1s, para crear las\u00a0<strong>escuelas del futuro<\/strong>, hemos dise\u00f1ado espacios experienciales, que estimulan la creatividad y la participaci\u00f3n. Tambi\u00e9n ayudan a alcanzar competencias como hablar en p\u00fablico, hacer presentaciones o combinar trabajo individual, en equipo o por proyectos. Los Espacios FluAp est\u00e1n preparados para aprendizajes que van m\u00e1s all\u00e1 de los conocimientos te\u00f3ricos y cada vez son m\u00e1s importantes para el futuro.<\/p>\n<h3>\u00bfCu\u00e1les son los espacios?<\/h3>\n<p>Debate, Reflexi\u00f3n, Colaboraci\u00f3n, Investigaci\u00f3n, Experimentaci\u00f3n y Creatividad.<\/p>\n<p>Adem\u00e1s, con la situaci\u00f3n generada por la Covid-19, creamos espacios abiertos y amplios. Estos cuentan con equipamiento FluAp, que ayuda a establecer distancias y seguir las medidas adecuadas.<\/p>\n<h3>\u00bfTe interesa transformar tu escuela?<\/h3>\n<p>Si tienes inter\u00e9s en saber m\u00e1s acerca de las aulas del futuro, s\u00f3lo tienes que entrar <a style=\"font-size: 16px;\" href=\"https:\/\/www.grupefebe.com\/es\/espacios-fluap\/\" target=\"_blank\" rel=\"noopener noreferrer\">aqu\u00ed.<\/a><\/p>\n<p><img loading=\"lazy\" decoding=\"async\" class=\"aligncenter wp-image-4454 size-full\" src=\"https:\/\/grupefebe.com\/custom\/uploads\/2021\/01\/Screenshot_20201026_102953_com.google.android.apps_.docs_-508x1024-1.jpg\" alt=\"escoles del futur\" width=\"508\" height=\"1024\" srcset=\"https:\/\/www.grupefebe.com\/custom\/uploads\/2021\/01\/Screenshot_20201026_102953_com.google.android.apps_.docs_-508x1024-1.jpg 508w, https:\/\/www.grupefebe.com\/custom\/uploads\/2021\/01\/Screenshot_20201026_102953_com.google.android.apps_.docs_-508x1024-1-149x300.jpg 149w\" sizes=\"auto, (max-width: 508px) 100vw, 508px\" \/><\/p>\n","protected":false},"excerpt":{"rendered":"<p>Este s\u00e1bado 24 de octubre, el Ara Criatures ha publicado una entrevista a Anna Fornt, directora de Grup Efeb\u00e9, donde explica c\u00f3mo dise\u00f1amos las escuelas del futuro.<\/p>\n","protected":false},"author":1,"featured_media":4456,"comment_status":"closed","ping_status":"closed","sticky":false,"template":"","format":"standard","meta":{"_acf_changed":false,"footnotes":"","_links_to":"","_links_to_target":""},"categories":[203],"class_list":["post-4459","post","type-post","status-publish","format-standard","has-post-thumbnail","hentry","category-escuelas"],"acf":[],"yoast_head":"<!-- This site is optimized with the Yoast SEO plugin v25.9 - https:\/\/yoast.com\/wordpress\/plugins\/seo\/ -->\n<title>\u201cDise\u00f1amos las escuelas del futuro\u201d, Efeb\u00e9 en el Ara Criatures | Grupo Efeb\u00e9<\/title>\n<meta name=\"description\" content=\"l\u2019Ara Criatures ha publicat una entrevista a l\u2019Anna Fornt, directora de Grup Efeb\u00e9, on explica com dissenyem les escoles del futur.\" \/>\n<meta name=\"robots\" content=\"index, follow, max-snippet:-1, max-image-preview:large, max-video-preview:-1\" \/>\n<link rel=\"canonical\" href=\"https:\/\/www.grupefebe.com\/es\/disenamos-las-escuelas-del-futuro-efebe-en-el-ara-criatures\/\" \/>\n<meta property=\"og:locale\" content=\"es_ES\" \/>\n<meta property=\"og:type\" content=\"article\" \/>\n<meta property=\"og:title\" content=\"\u201cDise\u00f1amos las escuelas del futuro\u201d, Efeb\u00e9 en el Ara Criatures | Grupo Efeb\u00e9\" \/>\n<meta property=\"og:description\" content=\"l\u2019Ara Criatures ha publicat una entrevista a l\u2019Anna Fornt, directora de Grup Efeb\u00e9, on explica com dissenyem les escoles del futur.\" \/>\n<meta property=\"og:url\" content=\"https:\/\/www.grupefebe.com\/es\/disenamos-las-escuelas-del-futuro-efebe-en-el-ara-criatures\/\" \/>\n<meta property=\"og:site_name\" content=\"Grupo Efeb\u00e9\" \/>\n<meta property=\"article:publisher\" content=\"https:\/\/www.facebook.com\/grup.efebe\" \/>\n<meta property=\"article:published_time\" content=\"2020-10-26T14:35:47+00:00\" \/>\n<meta property=\"article:modified_time\" content=\"2021-01-13T14:49:55+00:00\" \/>\n<meta property=\"og:image\" content=\"https:\/\/www.grupefebe.com\/custom\/uploads\/2021\/01\/fluap1.jpg\" \/>\n\t<meta property=\"og:image:width\" content=\"974\" \/>\n\t<meta property=\"og:image:height\" content=\"512\" \/>\n\t<meta property=\"og:image:type\" content=\"image\/jpeg\" \/>\n<meta name=\"author\" content=\"efebe\" \/>\n<meta name=\"twitter:card\" content=\"summary_large_image\" \/>\n<meta name=\"twitter:creator\" content=\"@grup_efebe\" \/>\n<meta name=\"twitter:site\" content=\"@grup_efebe\" \/>\n<meta name=\"twitter:label1\" content=\"Escrito por\" \/>\n\t<meta name=\"twitter:data1\" content=\"efebe\" \/>\n\t<meta name=\"twitter:label2\" content=\"Tiempo de lectura\" \/>\n\t<meta name=\"twitter:data2\" content=\"1 minuto\" \/>\n<script type=\"application\/ld+json\" class=\"yoast-schema-graph\">{\"@context\":\"https:\/\/schema.org\",\"@graph\":[{\"@type\":\"Article\",\"@id\":\"https:\/\/www.grupefebe.com\/es\/disenamos-las-escuelas-del-futuro-efebe-en-el-ara-criatures\/#article\",\"isPartOf\":{\"@id\":\"https:\/\/www.grupefebe.com\/es\/disenamos-las-escuelas-del-futuro-efebe-en-el-ara-criatures\/\"},\"author\":{\"name\":\"efebe\",\"@id\":\"https:\/\/www.grupefebe.com\/es\/#\/schema\/person\/ea29ae2644736bcdb432a0b7f0d814cd\"},\"headline\":\"\u201cDise\u00f1amos las escuelas del futuro\u201d, Efeb\u00e9 en el Ara Criatures\",\"datePublished\":\"2020-10-26T14:35:47+00:00\",\"dateModified\":\"2021-01-13T14:49:55+00:00\",\"mainEntityOfPage\":{\"@id\":\"https:\/\/www.grupefebe.com\/es\/disenamos-las-escuelas-del-futuro-efebe-en-el-ara-criatures\/\"},\"wordCount\":248,\"publisher\":{\"@id\":\"https:\/\/www.grupefebe.com\/es\/#organization\"},\"image\":{\"@id\":\"https:\/\/www.grupefebe.com\/es\/disenamos-las-escuelas-del-futuro-efebe-en-el-ara-criatures\/#primaryimage\"},\"thumbnailUrl\":\"https:\/\/www.grupefebe.com\/custom\/uploads\/2021\/01\/fluap1.jpg\",\"articleSection\":[\"Escuelas\"],\"inLanguage\":\"es\"},{\"@type\":\"WebPage\",\"@id\":\"https:\/\/www.grupefebe.com\/es\/disenamos-las-escuelas-del-futuro-efebe-en-el-ara-criatures\/\",\"url\":\"https:\/\/www.grupefebe.com\/es\/disenamos-las-escuelas-del-futuro-efebe-en-el-ara-criatures\/\",\"name\":\"\u201cDise\u00f1amos las escuelas del futuro\u201d, Efeb\u00e9 en el Ara Criatures | Grupo Efeb\u00e9\",\"isPartOf\":{\"@id\":\"https:\/\/www.grupefebe.com\/es\/#website\"},\"primaryImageOfPage\":{\"@id\":\"https:\/\/www.grupefebe.com\/es\/disenamos-las-escuelas-del-futuro-efebe-en-el-ara-criatures\/#primaryimage\"},\"image\":{\"@id\":\"https:\/\/www.grupefebe.com\/es\/disenamos-las-escuelas-del-futuro-efebe-en-el-ara-criatures\/#primaryimage\"},\"thumbnailUrl\":\"https:\/\/www.grupefebe.com\/custom\/uploads\/2021\/01\/fluap1.jpg\",\"datePublished\":\"2020-10-26T14:35:47+00:00\",\"dateModified\":\"2021-01-13T14:49:55+00:00\",\"description\":\"l\u2019Ara Criatures ha publicat una entrevista a l\u2019Anna Fornt, directora de Grup Efeb\u00e9, on explica com dissenyem les escoles del futur.\",\"breadcrumb\":{\"@id\":\"https:\/\/www.grupefebe.com\/es\/disenamos-las-escuelas-del-futuro-efebe-en-el-ara-criatures\/#breadcrumb\"},\"inLanguage\":\"es\",\"potentialAction\":[{\"@type\":\"ReadAction\",\"target\":[\"https:\/\/www.grupefebe.com\/es\/disenamos-las-escuelas-del-futuro-efebe-en-el-ara-criatures\/\"]}]},{\"@type\":\"ImageObject\",\"inLanguage\":\"es\",\"@id\":\"https:\/\/www.grupefebe.com\/es\/disenamos-las-escuelas-del-futuro-efebe-en-el-ara-criatures\/#primaryimage\",\"url\":\"https:\/\/www.grupefebe.com\/custom\/uploads\/2021\/01\/fluap1.jpg\",\"contentUrl\":\"https:\/\/www.grupefebe.com\/custom\/uploads\/2021\/01\/fluap1.jpg\",\"width\":974,\"height\":512,\"caption\":\"espais fluap escoles del futur.\"},{\"@type\":\"BreadcrumbList\",\"@id\":\"https:\/\/www.grupefebe.com\/es\/disenamos-las-escuelas-del-futuro-efebe-en-el-ara-criatures\/#breadcrumb\",\"itemListElement\":[{\"@type\":\"ListItem\",\"position\":1,\"name\":\"Inici\",\"item\":\"https:\/\/www.grupefebe.com\/es\/\"},{\"@type\":\"ListItem\",\"position\":2,\"name\":\"\u201cDise\u00f1amos las escuelas del futuro\u201d, Efeb\u00e9 en el Ara Criatures\"}]},{\"@type\":\"WebSite\",\"@id\":\"https:\/\/www.grupefebe.com\/es\/#website\",\"url\":\"https:\/\/www.grupefebe.com\/es\/\",\"name\":\"Grup Efeb\u00e9\",\"description\":\"Otro sitio realizado con WordPress\",\"publisher\":{\"@id\":\"https:\/\/www.grupefebe.com\/es\/#organization\"},\"potentialAction\":[{\"@type\":\"SearchAction\",\"target\":{\"@type\":\"EntryPoint\",\"urlTemplate\":\"https:\/\/www.grupefebe.com\/es\/?s={search_term_string}\"},\"query-input\":{\"@type\":\"PropertyValueSpecification\",\"valueRequired\":true,\"valueName\":\"search_term_string\"}}],\"inLanguage\":\"es\"},{\"@type\":\"Organization\",\"@id\":\"https:\/\/www.grupefebe.com\/es\/#organization\",\"name\":\"Grup Efeb\u00e9\",\"url\":\"https:\/\/www.grupefebe.com\/es\/\",\"logo\":{\"@type\":\"ImageObject\",\"inLanguage\":\"es\",\"@id\":\"https:\/\/www.grupefebe.com\/es\/#\/schema\/logo\/image\/\",\"url\":\"https:\/\/grupefebe.com\/custom\/uploads\/2021\/01\/logo-efebe.png\",\"contentUrl\":\"https:\/\/grupefebe.com\/custom\/uploads\/2021\/01\/logo-efebe.png\",\"width\":524,\"height\":135,\"caption\":\"Grup Efeb\u00e9\"},\"image\":{\"@id\":\"https:\/\/www.grupefebe.com\/es\/#\/schema\/logo\/image\/\"},\"sameAs\":[\"https:\/\/www.facebook.com\/grup.efebe\",\"https:\/\/x.com\/grup_efebe\",\"https:\/\/www.instagram.com\/grup_efebe\/\",\"https:\/\/www.linkedin.com\/company\/grupefebe\",\"https:\/\/www.youtube.com\/channel\/UCj11-LAuLhPfqrL2649Xzrw\"]},{\"@type\":\"Person\",\"@id\":\"https:\/\/www.grupefebe.com\/es\/#\/schema\/person\/ea29ae2644736bcdb432a0b7f0d814cd\",\"name\":\"efebe\",\"image\":{\"@type\":\"ImageObject\",\"inLanguage\":\"es\",\"@id\":\"https:\/\/www.grupefebe.com\/es\/#\/schema\/person\/image\/\",\"url\":\"https:\/\/secure.gravatar.com\/avatar\/fe57a3f139ea81c65a338e37a8064b4e80844f839737532820c9107eb9e1966f?s=96&d=mm&r=g\",\"contentUrl\":\"https:\/\/secure.gravatar.com\/avatar\/fe57a3f139ea81c65a338e37a8064b4e80844f839737532820c9107eb9e1966f?s=96&d=mm&r=g\",\"caption\":\"efebe\"},\"url\":\"https:\/\/www.grupefebe.com\/es\/author\/efebe\/\"}]}<\/script>\n<!-- \/ Yoast SEO plugin. -->","yoast_head_json":{"title":"\u201cDise\u00f1amos las escuelas del futuro\u201d, Efeb\u00e9 en el Ara Criatures | Grupo Efeb\u00e9","description":"l\u2019Ara Criatures ha publicat una entrevista a l\u2019Anna Fornt, directora de Grup Efeb\u00e9, on explica com dissenyem les escoles del futur.","robots":{"index":"index","follow":"follow","max-snippet":"max-snippet:-1","max-image-preview":"max-image-preview:large","max-video-preview":"max-video-preview:-1"},"canonical":"https:\/\/www.grupefebe.com\/es\/disenamos-las-escuelas-del-futuro-efebe-en-el-ara-criatures\/","og_locale":"es_ES","og_type":"article","og_title":"\u201cDise\u00f1amos las escuelas del futuro\u201d, Efeb\u00e9 en el Ara Criatures | Grupo Efeb\u00e9","og_description":"l\u2019Ara Criatures ha publicat una entrevista a l\u2019Anna Fornt, directora de Grup Efeb\u00e9, on explica com dissenyem les escoles del futur.","og_url":"https:\/\/www.grupefebe.com\/es\/disenamos-las-escuelas-del-futuro-efebe-en-el-ara-criatures\/","og_site_name":"Grupo Efeb\u00e9","article_publisher":"https:\/\/www.facebook.com\/grup.efebe","article_published_time":"2020-10-26T14:35:47+00:00","article_modified_time":"2021-01-13T14:49:55+00:00","og_image":[{"width":974,"height":512,"url":"https:\/\/www.grupefebe.com\/custom\/uploads\/2021\/01\/fluap1.jpg","type":"image\/jpeg"}],"author":"efebe","twitter_card":"summary_large_image","twitter_creator":"@grup_efebe","twitter_site":"@grup_efebe","twitter_misc":{"Escrito por":"efebe","Tiempo de lectura":"1 minuto"},"schema":{"@context":"https:\/\/schema.org","@graph":[{"@type":"Article","@id":"https:\/\/www.grupefebe.com\/es\/disenamos-las-escuelas-del-futuro-efebe-en-el-ara-criatures\/#article","isPartOf":{"@id":"https:\/\/www.grupefebe.com\/es\/disenamos-las-escuelas-del-futuro-efebe-en-el-ara-criatures\/"},"author":{"name":"efebe","@id":"https:\/\/www.grupefebe.com\/es\/#\/schema\/person\/ea29ae2644736bcdb432a0b7f0d814cd"},"headline":"\u201cDise\u00f1amos las escuelas del futuro\u201d, Efeb\u00e9 en el Ara Criatures","datePublished":"2020-10-26T14:35:47+00:00","dateModified":"2021-01-13T14:49:55+00:00","mainEntityOfPage":{"@id":"https:\/\/www.grupefebe.com\/es\/disenamos-las-escuelas-del-futuro-efebe-en-el-ara-criatures\/"},"wordCount":248,"publisher":{"@id":"https:\/\/www.grupefebe.com\/es\/#organization"},"image":{"@id":"https:\/\/www.grupefebe.com\/es\/disenamos-las-escuelas-del-futuro-efebe-en-el-ara-criatures\/#primaryimage"},"thumbnailUrl":"https:\/\/www.grupefebe.com\/custom\/uploads\/2021\/01\/fluap1.jpg","articleSection":["Escuelas"],"inLanguage":"es"},{"@type":"WebPage","@id":"https:\/\/www.grupefebe.com\/es\/disenamos-las-escuelas-del-futuro-efebe-en-el-ara-criatures\/","url":"https:\/\/www.grupefebe.com\/es\/disenamos-las-escuelas-del-futuro-efebe-en-el-ara-criatures\/","name":"\u201cDise\u00f1amos las escuelas del futuro\u201d, Efeb\u00e9 en el Ara Criatures | Grupo Efeb\u00e9","isPartOf":{"@id":"https:\/\/www.grupefebe.com\/es\/#website"},"primaryImageOfPage":{"@id":"https:\/\/www.grupefebe.com\/es\/disenamos-las-escuelas-del-futuro-efebe-en-el-ara-criatures\/#primaryimage"},"image":{"@id":"https:\/\/www.grupefebe.com\/es\/disenamos-las-escuelas-del-futuro-efebe-en-el-ara-criatures\/#primaryimage"},"thumbnailUrl":"https:\/\/www.grupefebe.com\/custom\/uploads\/2021\/01\/fluap1.jpg","datePublished":"2020-10-26T14:35:47+00:00","dateModified":"2021-01-13T14:49:55+00:00","description":"l\u2019Ara Criatures ha publicat una entrevista a l\u2019Anna Fornt, directora de Grup Efeb\u00e9, on explica com dissenyem les escoles del futur.","breadcrumb":{"@id":"https:\/\/www.grupefebe.com\/es\/disenamos-las-escuelas-del-futuro-efebe-en-el-ara-criatures\/#breadcrumb"},"inLanguage":"es","potentialAction":[{"@type":"ReadAction","target":["https:\/\/www.grupefebe.com\/es\/disenamos-las-escuelas-del-futuro-efebe-en-el-ara-criatures\/"]}]},{"@type":"ImageObject","inLanguage":"es","@id":"https:\/\/www.grupefebe.com\/es\/disenamos-las-escuelas-del-futuro-efebe-en-el-ara-criatures\/#primaryimage","url":"https:\/\/www.grupefebe.com\/custom\/uploads\/2021\/01\/fluap1.jpg","contentUrl":"https:\/\/www.grupefebe.com\/custom\/uploads\/2021\/01\/fluap1.jpg","width":974,"height":512,"caption":"espais fluap escoles del futur."},{"@type":"BreadcrumbList","@id":"https:\/\/www.grupefebe.com\/es\/disenamos-las-escuelas-del-futuro-efebe-en-el-ara-criatures\/#breadcrumb","itemListElement":[{"@type":"ListItem","position":1,"name":"Inici","item":"https:\/\/www.grupefebe.com\/es\/"},{"@type":"ListItem","position":2,"name":"\u201cDise\u00f1amos las escuelas del futuro\u201d, Efeb\u00e9 en el Ara Criatures"}]},{"@type":"WebSite","@id":"https:\/\/www.grupefebe.com\/es\/#website","url":"https:\/\/www.grupefebe.com\/es\/","name":"Grup Efeb\u00e9","description":"Otro sitio realizado con WordPress","publisher":{"@id":"https:\/\/www.grupefebe.com\/es\/#organization"},"potentialAction":[{"@type":"SearchAction","target":{"@type":"EntryPoint","urlTemplate":"https:\/\/www.grupefebe.com\/es\/?s={search_term_string}"},"query-input":{"@type":"PropertyValueSpecification","valueRequired":true,"valueName":"search_term_string"}}],"inLanguage":"es"},{"@type":"Organization","@id":"https:\/\/www.grupefebe.com\/es\/#organization","name":"Grup Efeb\u00e9","url":"https:\/\/www.grupefebe.com\/es\/","logo":{"@type":"ImageObject","inLanguage":"es","@id":"https:\/\/www.grupefebe.com\/es\/#\/schema\/logo\/image\/","url":"https:\/\/grupefebe.com\/custom\/uploads\/2021\/01\/logo-efebe.png","contentUrl":"https:\/\/grupefebe.com\/custom\/uploads\/2021\/01\/logo-efebe.png","width":524,"height":135,"caption":"Grup Efeb\u00e9"},"image":{"@id":"https:\/\/www.grupefebe.com\/es\/#\/schema\/logo\/image\/"},"sameAs":["https:\/\/www.facebook.com\/grup.efebe","https:\/\/x.com\/grup_efebe","https:\/\/www.instagram.com\/grup_efebe\/","https:\/\/www.linkedin.com\/company\/grupefebe","https:\/\/www.youtube.com\/channel\/UCj11-LAuLhPfqrL2649Xzrw"]},{"@type":"Person","@id":"https:\/\/www.grupefebe.com\/es\/#\/schema\/person\/ea29ae2644736bcdb432a0b7f0d814cd","name":"efebe","image":{"@type":"ImageObject","inLanguage":"es","@id":"https:\/\/www.grupefebe.com\/es\/#\/schema\/person\/image\/","url":"https:\/\/secure.gravatar.com\/avatar\/fe57a3f139ea81c65a338e37a8064b4e80844f839737532820c9107eb9e1966f?s=96&d=mm&r=g","contentUrl":"https:\/\/secure.gravatar.com\/avatar\/fe57a3f139ea81c65a338e37a8064b4e80844f839737532820c9107eb9e1966f?s=96&d=mm&r=g","caption":"efebe"},"url":"https:\/\/www.grupefebe.com\/es\/author\/efebe\/"}]}},"_links":{"self":[{"href":"https:\/\/www.grupefebe.com\/es\/wp-json\/wp\/v2\/posts\/4459","targetHints":{"allow":["GET"]}}],"collection":[{"href":"https:\/\/www.grupefebe.com\/es\/wp-json\/wp\/v2\/posts"}],"about":[{"href":"https:\/\/www.grupefebe.com\/es\/wp-json\/wp\/v2\/types\/post"}],"author":[{"embeddable":true,"href":"https:\/\/www.grupefebe.com\/es\/wp-json\/wp\/v2\/users\/1"}],"replies":[{"embeddable":true,"href":"https:\/\/www.grupefebe.com\/es\/wp-json\/wp\/v2\/comments?post=4459"}],"version-history":[{"count":2,"href":"https:\/\/www.grupefebe.com\/es\/wp-json\/wp\/v2\/posts\/4459\/revisions"}],"predecessor-version":[{"id":4461,"href":"https:\/\/www.grupefebe.com\/es\/wp-json\/wp\/v2\/posts\/4459\/revisions\/4461"}],"wp:featuredmedia":[{"embeddable":true,"href":"https:\/\/www.grupefebe.com\/es\/wp-json\/wp\/v2\/media\/4456"}],"wp:attachment":[{"href":"https:\/\/www.grupefebe.com\/es\/wp-json\/wp\/v2\/media?parent=4459"}],"wp:term":[{"taxonomy":"category","embeddable":true,"href":"https:\/\/www.grupefebe.com\/es\/wp-json\/wp\/v2\/categories?post=4459"}],"curies":[{"name":"wp","href":"https:\/\/api.w.org\/{rel}","templated":true}]}}