{"id":28230,"date":"2026-03-12T08:44:54","date_gmt":"2026-03-12T08:44:54","guid":{"rendered":"https:\/\/grupefebe.com\/reforma-oficines-estiu\/"},"modified":"2026-03-12T09:07:03","modified_gmt":"2026-03-12T09:07:03","slug":"reforma-oficinas-verano","status":"publish","type":"post","link":"https:\/\/www.grupefebe.com\/es\/reforma-oficinas-verano\/","title":{"rendered":"Por qu\u00e9 el verano es el mejor momento para hacer una reforma de oficinas"},"content":{"rendered":"<p data-start=\"909\" data-end=\"1084\">Muchas empresas esperan en septiembre para plantear mejoras en la oficina. Pero la realidad es que <strong data-start=\"1005\" data-end=\"1083\">el mejor momento para planificar una <a href=\"https:\/\/grupefebe.com\/es\/reformas-para-oficinas\/\">reforma de oficinas<\/a> es antes del verano<\/strong>.<\/p>\n<p data-start=\"1086\" data-end=\"1325\">Los meses de verano ofrecen una oportunidad perfecta para transformar espacios con menos impacto en el d\u00eda a d\u00eda de la empresa. Al mismo tiempo, permiten comenzar el nuevo curso laboral con una oficina preparada para las nuevas formas de trabajo.<\/p>\n<p data-start=\"1327\" data-end=\"1563\">Hoy, la <strong data-start=\"1336\" data-end=\"1368\">reforma de oficinas en verano<\/strong> no es s\u00f3lo una cuesti\u00f3n t\u00e9cnica. Tambi\u00e9n es una oportunidad para adaptar el espacio a nuevas din\u00e1micas: trabajo h\u00edbrido, colaboraci\u00f3n entre equipos y experiencias que hagan atractivo volver a la oficina.<\/p>\n<h2 data-section-id=\"1pc1jaj\" data-start=\"1565\" data-end=\"1626\">\u00bfPor qu\u00e9 planificar una reforma de oficinas antes del verano?<\/h2>\n<p data-start=\"1628\" data-end=\"1761\">Cada vez m\u00e1s organizaciones deciden aprovechar este periodo para hacer mejoras en sus instalaciones. Las razones son claras.<\/p>\n<h3 data-section-id=\"1azfwle\" data-start=\"1763\" data-end=\"1797\">Menos actividad en las oficinas<\/h3>\n<p data-start=\"1798\" data-end=\"1992\">Durante el verano muchas empresas reducen la presencialidad o el volumen de actividad. Esto facilita ejecutar una <strong data-start=\"1908\" data-end=\"1940\">reforma de oficinas en verano<\/strong> sin afectar al funcionamiento habitual de los equipos.<\/p>\n<h3 data-section-id=\"xt1eis\" data-start=\"1994\" data-end=\"2027\">Obras m\u00e1s r\u00e1pidas y eficientes<\/h3>\n<p data-start=\"2028\" data-end=\"2213\">Con menos personas trabajando en el espacio, es posible intervenir en zonas clave con m\u00e1s agilidad. Esto permite optimizar plazos y coordinar mejor a los diferentes profesionales implicados.<\/p>\n<h3 data-section-id=\"kwbmra\" data-start=\"2215\" data-end=\"2254\">Oficinas preparadas para septiembre<\/h3>\n<p data-start=\"2255\" data-end=\"2396\">Planificar la reforma antes del verano permite iniciar el nuevo curso con espacios renovados y adaptados a las necesidades actuales de la organizaci\u00f3n.<\/p>\n<p data-start=\"2255\" data-end=\"2396\"><img loading=\"lazy\" decoding=\"async\" class=\"alignnone size-large wp-image-27900\" src=\"https:\/\/grupefebe.com\/custom\/uploads\/2025\/11\/FARMAQUATRIUM2-1024x768.png\" alt=\"sala de actos farmaquatrium\" width=\"1024\" height=\"768\" srcset=\"https:\/\/www.grupefebe.com\/custom\/uploads\/2025\/11\/FARMAQUATRIUM2-1024x768.png 1024w, https:\/\/www.grupefebe.com\/custom\/uploads\/2025\/11\/FARMAQUATRIUM2-300x225.png 300w, https:\/\/www.grupefebe.com\/custom\/uploads\/2025\/11\/FARMAQUATRIUM2-768x576.png 768w, https:\/\/www.grupefebe.com\/custom\/uploads\/2025\/11\/FARMAQUATRIUM2-1536x1152.png 1536w, https:\/\/www.grupefebe.com\/custom\/uploads\/2025\/11\/FARMAQUATRIUM2-2048x1536.png 2048w\" sizes=\"auto, (max-width: 1024px) 100vw, 1024px\" \/><\/p>\n<p data-start=\"2255\" data-end=\"2396\"><a href=\"https:\/\/grupefebe.com\/es\/projects\/nuevas-oficinas-de-farmaquatrium-un-proyecto-de-reforma-con-identidad-y-encanto\/\">Nuevas oficinas de Farmaquatrium reformadas por Efeb\u00e9<\/a><\/p>\n<h2 data-section-id=\"1nf3xo8\" data-start=\"2403\" data-end=\"2457\">Las nuevas oficinas: espacios que hacen volver el talento<\/h2>\n<p data-start=\"2459\" data-end=\"2624\">Las empresas ya no reforman las oficinas solo para renovar mobiliario o mejorar instalaciones. Ahora el objetivo es <strong data-start=\"2573\" data-end=\"2623\">crear espacios que aporten valor real a los equipos<\/strong>.<\/p>\n<p data-start=\"2626\" data-end=\"2757\">En muchos proyectos de <strong data-start=\"2648\" data-end=\"2680\">reforma de oficinas en verano<\/strong> aparecen tres tipos de espacios que est\u00e1n transformando la manera de trabajar.<\/p>\n<h3 data-section-id=\"1cu1umv\" data-start=\"2759\" data-end=\"2783\">Espacios de co-creaci\u00f3n<\/h3>\n<p data-start=\"2784\" data-end=\"2974\">Las salas de reuniones tradicionales est\u00e1n evolucionando hacia espacios m\u00e1s flexibles. Las zonas de co-creaci\u00f3n permiten trabajar ideas, hacer workshops o impulsar proyectos entre diferentes equipos.<\/p>\n<p data-start=\"2976\" data-end=\"3095\">Este tipo de espacios favorecen la participaci\u00f3n, la creatividad y la resoluci\u00f3n de problemas de manera colaborativa.<\/p>\n<h3 data-section-id=\"1e0d6oz\" data-start=\"3097\" data-end=\"3126\">Zonas de ocio y desconexi\u00f3n<\/h3>\n<p data-start=\"3127\" data-end=\"3322\">Cada vez m\u00e1s empresas incorporan espacios informales dentro de la oficina. Zonas de caf\u00e9, espacios sociales o \u00e1reas de descanso ayudan a crear un entorno m\u00e1s agradable y fomentan las relaciones entre equipos.<\/p>\n<p data-start=\"3324\" data-end=\"3416\">Estas zonas tienen un impacto directo en el bienestar y en la experiencia de los trabajadores.<\/p>\n<h3 data-section-id=\"67tjey\" data-start=\"3418\" data-end=\"3455\">Salas de formaci\u00f3n y eventos<\/h3>\n<p data-start=\"3456\" data-end=\"3610\">Muchas organizaciones aprovechan la <strong data-start=\"3491\" data-end=\"3523\">reforma de oficinas en verano<\/strong> para adaptar espacios que permitan hacer formaciones, presentaciones o eventos internos.<\/p>\n<p data-start=\"3612\" data-end=\"3720\">Estos espacios ayudan a impulsar la cultura de empresa y facilitan compartir conocimiento dentro de la organizaci\u00f3n.<\/p>\n<p data-start=\"3612\" data-end=\"3720\"><img loading=\"lazy\" decoding=\"async\" class=\"alignnone size-large wp-image-28126\" src=\"https:\/\/grupefebe.com\/custom\/uploads\/2026\/02\/terrasses-wamos-air-1024x726.png\" alt=\"terrazas wamos air\" width=\"1024\" height=\"726\" srcset=\"https:\/\/www.grupefebe.com\/custom\/uploads\/2026\/02\/terrasses-wamos-air-1024x726.png 1024w, https:\/\/www.grupefebe.com\/custom\/uploads\/2026\/02\/terrasses-wamos-air-300x213.png 300w, https:\/\/www.grupefebe.com\/custom\/uploads\/2026\/02\/terrasses-wamos-air-768x545.png 768w, https:\/\/www.grupefebe.com\/custom\/uploads\/2026\/02\/terrasses-wamos-air-1536x1090.png 1536w, https:\/\/www.grupefebe.com\/custom\/uploads\/2026\/02\/terrasses-wamos-air.png 1748w\" sizes=\"auto, (max-width: 1024px) 100vw, 1024px\" \/><\/p>\n<p data-start=\"3612\" data-end=\"3720\"><a href=\"https:\/\/grupefebe.com\/es\/projects\/terrazas-corporativas-wamos-air\/\">Terrazas corporativas de Wamos Air adaptadas por Efeb\u00e9<\/a><\/p>\n<h2 data-section-id=\"1l8rnx\" data-start=\"3727\" data-end=\"3796\">5 mejoras que muchas empresas hacen en las oficinas antes del verano<\/h2>\n<p data-start=\"3798\" data-end=\"3927\">Si est\u00e1is valorando una reforma de oficinas, estas son algunas de las mejoras m\u00e1s habituales que se planifican antes del verano.<\/p>\n<ol>\n<li data-start=\"3929\" data-end=\"4085\"><strong data-start=\"3929\" data-end=\"3990\">Crear zonas de co-creaci\u00f3n para el trabajo colaborativo<\/strong><br data-start=\"3990\" data-end=\"3993\" \/>Espacios pensados para generar ideas, hacer reuniones din\u00e1micas e impulsar proyectos entre equipos.<\/li>\n<li data-start=\"4087\" data-end=\"4217\"><strong data-start=\"4087\" data-end=\"4133\">Incorporar zonas de ocio o espacios sociales<\/strong><br data-start=\"4133\" data-end=\"4136\" \/>\u00c1reas informales que mejoran el bienestar y favorecen la relaci\u00f3n entre personas.<\/li>\n<li data-start=\"4219\" data-end=\"4381\"><strong data-start=\"4219\" data-end=\"4280\">Adaptar salas para formaciones o eventos internos<\/strong><br data-start=\"4280\" data-end=\"4283\" \/>Espacios polivalentes que pueden utilizarse para sesiones internas, presentaciones o encuentros de equipo.<\/li>\n<li data-start=\"4383\" data-end=\"4530\"><strong data-start=\"4383\" data-end=\"4439\">Mejorar la iluminaci\u00f3n, la ac\u00fastica o el confort<\/strong><br data-start=\"4439\" data-end=\"4442\" \/>Peque\u00f1as intervenciones t\u00e9cnicas pueden transformar completamente la experiencia de trabajo.<\/li>\n<li data-start=\"4532\" data-end=\"4685\"><strong data-start=\"4532\" data-end=\"4580\">Actualizar la distribuci\u00f3n y el mobiliario<\/strong><br data-start=\"4580\" data-end=\"4583\" \/>Una nueva configuraci\u00f3n del espacio puede mejorar la colaboraci\u00f3n y optimizar el uso de los metros cuadrados.<\/li>\n<\/ol>\n<h2 data-section-id=\"113qsk6\" data-start=\"4692\" data-end=\"4755\">Checklist: \u00bfvuestra oficina est\u00e1 preparada para septiembre?<\/h2>\n<p data-start=\"4757\" data-end=\"4861\">Antes de planificar una <strong data-start=\"4781\" data-end=\"4813\">reforma de oficinas en verano<\/strong>, muchas empresas se hacen algunas preguntas clave:<\/p>\n<ul data-start=\"4863\" data-end=\"5165\">\n<li data-section-id=\"1kwiknz\" data-start=\"4863\" data-end=\"4916\">\n<p data-start=\"4865\" data-end=\"4916\">\u00bfLa oficina tiene espacios pensados para la colaboraci\u00f3n?<\/p>\n<\/li>\n<li data-section-id=\"xgr8u7\" data-start=\"4917\" data-end=\"4978\">\n<p data-start=\"4919\" data-end=\"4978\">\u00bfHay zonas informales para fomentar la relaci\u00f3n entre equipos?<\/p>\n<\/li>\n<li data-section-id=\"1elt0yy\" data-start=\"4979\" data-end=\"5049\">\n<p data-start=\"4981\" data-end=\"5049\">\u00bfDispones de espacios adecuados para formaciones o eventos internos?<\/p>\n<\/li>\n<li data-section-id=\"yk256i\" data-start=\"5050\" data-end=\"5106\">\n<p data-start=\"5052\" data-end=\"5106\">\u00bfLas salas de reuniones funcionan bien en entornos h\u00edbridos?<\/p>\n<\/li>\n<li data-section-id=\"uzji5\" data-start=\"5107\" data-end=\"5165\">\n<p data-start=\"5109\" data-end=\"5165\">\u00bfEl espacio refleja la cultura y los valores de la empresa?<\/p>\n<\/li>\n<\/ul>\n<p data-start=\"5167\" data-end=\"5267\">Si la respuesta a varias de estas preguntas es no, puede ser un buen momento para replantear el espacio.<\/p>\n<p data-start=\"5167\" data-end=\"5267\"><img loading=\"lazy\" decoding=\"async\" class=\"alignnone size-large wp-image-25496\" src=\"https:\/\/grupefebe.com\/custom\/uploads\/2024\/08\/DSCF2209-1024x683.jpeg\" alt=\"sala de reuniones oficina\" width=\"1024\" height=\"683\" srcset=\"https:\/\/www.grupefebe.com\/custom\/uploads\/2024\/08\/DSCF2209-1024x683.jpeg 1024w, https:\/\/www.grupefebe.com\/custom\/uploads\/2024\/08\/DSCF2209-300x200.jpeg 300w, https:\/\/www.grupefebe.com\/custom\/uploads\/2024\/08\/DSCF2209-768x512.jpeg 768w, https:\/\/www.grupefebe.com\/custom\/uploads\/2024\/08\/DSCF2209-1536x1024.jpeg 1536w, https:\/\/www.grupefebe.com\/custom\/uploads\/2024\/08\/DSCF2209-2048x1365.jpeg 2048w\" sizes=\"auto, (max-width: 1024px) 100vw, 1024px\" \/><\/p>\n<p data-start=\"5167\" data-end=\"5267\"><a href=\"https:\/\/grupefebe.com\/es\/projects\/oficinas-convatec-en-sant-just-desvern\/\">Sala de reuniones de Convatec<\/a><\/p>\n<h2 data-section-id=\"8j4272\" data-start=\"5274\" data-end=\"5334\">Planificad vuestra reforma de oficinas antes del verano<\/h2>\n<p data-start=\"5336\" data-end=\"5569\">Las empresas que planifican con tiempo una <strong data-start=\"5379\" data-end=\"5411\">reforma de oficinas en verano<\/strong> pueden ejecutar mejoras con menos impacto en la actividad y comenzar el nuevo curso con espacios m\u00e1s eficientes, atractivos y adaptados a las nuevas formas de trabajo.<\/p>\n<p data-start=\"5571\" data-end=\"5700\">En Efeb\u00e9 ayudamos a las organizaciones a transformar sus espacios de trabajo para que respondan a las necesidades reales de los equipos.<\/p>\n<p data-start=\"5702\" data-end=\"5850\">Si est\u00e1is valorando mejoras en vuestra oficina antes del verano, <strong data-start=\"5767\" data-end=\"5850\"><a href=\"https:\/\/grupefebe.com\/es\/formulario-contacto\/\">podemos ayudaros<\/a> a analizar el espacio y definir las intervenciones m\u00e1s adecuadas.<\/strong><\/p>\n","protected":false},"excerpt":{"rendered":"<p>Muchas empresas esperan en septiembre para plantear mejoras en la oficina. Pero la realidad es que el mejor momento para [&hellip;]<\/p>\n","protected":false},"author":2,"featured_media":26930,"comment_status":"closed","ping_status":"closed","sticky":false,"template":"","format":"standard","meta":{"_acf_changed":false,"footnotes":"","_links_to":"","_links_to_target":""},"categories":[200],"class_list":["post-28230","post","type-post","status-publish","format-standard","has-post-thumbnail","hentry","category-oficinas"],"acf":[],"yoast_head":"<!-- This site is optimized with the Yoast SEO plugin v25.9 - https:\/\/yoast.com\/wordpress\/plugins\/seo\/ -->\n<title>Por qu\u00e9 el verano es el mejor momento para hacer una reforma de oficinas<\/title>\n<meta name=\"description\" content=\"Descubre por qu\u00e9 el verano es el mejor momento para hacer una reforma de oficinas y c\u00f3mo aprovecharla para crear espacios que atraigan talento.\" \/>\n<meta name=\"robots\" content=\"index, follow, max-snippet:-1, max-image-preview:large, max-video-preview:-1\" \/>\n<link rel=\"canonical\" href=\"https:\/\/www.grupefebe.com\/es\/reforma-oficinas-verano\/\" \/>\n<meta property=\"og:locale\" content=\"es_ES\" \/>\n<meta property=\"og:type\" content=\"article\" \/>\n<meta property=\"og:title\" content=\"Por qu\u00e9 el verano es el mejor momento para hacer una reforma de oficinas\" \/>\n<meta property=\"og:description\" content=\"Descubre por qu\u00e9 el verano es el mejor momento para hacer una reforma de oficinas y c\u00f3mo aprovecharla para crear espacios que atraigan talento.\" \/>\n<meta property=\"og:url\" content=\"https:\/\/www.grupefebe.com\/es\/reforma-oficinas-verano\/\" \/>\n<meta property=\"og:site_name\" content=\"Grupo Efeb\u00e9\" \/>\n<meta property=\"article:publisher\" content=\"https:\/\/www.facebook.com\/grup.efebe\" \/>\n<meta property=\"article:published_time\" content=\"2026-03-12T08:44:54+00:00\" \/>\n<meta property=\"article:modified_time\" content=\"2026-03-12T09:07:03+00:00\" \/>\n<meta property=\"og:image\" content=\"https:\/\/mail.grupefebe.com\/custom\/uploads\/2025\/04\/EFEBE-OFIS-WAMOS-AIR-11-scaled.jpg\" \/>\n\t<meta property=\"og:image:width\" content=\"2560\" \/>\n\t<meta property=\"og:image:height\" content=\"1703\" \/>\n\t<meta property=\"og:image:type\" content=\"image\/jpeg\" \/>\n<meta name=\"author\" content=\"Grup Efeb\u00e9\" \/>\n<meta name=\"twitter:card\" content=\"summary_large_image\" \/>\n<meta name=\"twitter:creator\" content=\"@grup_efebe\" \/>\n<meta name=\"twitter:site\" content=\"@grup_efebe\" \/>\n<meta name=\"twitter:label1\" content=\"Escrito por\" \/>\n\t<meta name=\"twitter:data1\" content=\"Grup Efeb\u00e9\" \/>\n\t<meta name=\"twitter:label2\" content=\"Tiempo de lectura\" \/>\n\t<meta name=\"twitter:data2\" content=\"5 minutos\" \/>\n<script type=\"application\/ld+json\" class=\"yoast-schema-graph\">{\"@context\":\"https:\/\/schema.org\",\"@graph\":[{\"@type\":\"Article\",\"@id\":\"https:\/\/www.grupefebe.com\/es\/reforma-oficinas-verano\/#article\",\"isPartOf\":{\"@id\":\"https:\/\/www.grupefebe.com\/es\/reforma-oficinas-verano\/\"},\"author\":{\"name\":\"Grup Efeb\u00e9\",\"@id\":\"https:\/\/www.grupefebe.com\/es\/#\/schema\/person\/76402b3180eef131413100afc3282997\"},\"headline\":\"Por qu\u00e9 el verano es el mejor momento para hacer una reforma de oficinas\",\"datePublished\":\"2026-03-12T08:44:54+00:00\",\"dateModified\":\"2026-03-12T09:07:03+00:00\",\"mainEntityOfPage\":{\"@id\":\"https:\/\/www.grupefebe.com\/es\/reforma-oficinas-verano\/\"},\"wordCount\":820,\"publisher\":{\"@id\":\"https:\/\/www.grupefebe.com\/es\/#organization\"},\"image\":{\"@id\":\"https:\/\/www.grupefebe.com\/es\/reforma-oficinas-verano\/#primaryimage\"},\"thumbnailUrl\":\"https:\/\/www.grupefebe.com\/custom\/uploads\/2025\/04\/EFEBE-OFIS-WAMOS-AIR-11-scaled.jpg\",\"articleSection\":[\"Oficinas\"],\"inLanguage\":\"es\"},{\"@type\":\"WebPage\",\"@id\":\"https:\/\/www.grupefebe.com\/es\/reforma-oficinas-verano\/\",\"url\":\"https:\/\/www.grupefebe.com\/es\/reforma-oficinas-verano\/\",\"name\":\"Por qu\u00e9 el verano es el mejor momento para hacer una reforma de oficinas\",\"isPartOf\":{\"@id\":\"https:\/\/www.grupefebe.com\/es\/#website\"},\"primaryImageOfPage\":{\"@id\":\"https:\/\/www.grupefebe.com\/es\/reforma-oficinas-verano\/#primaryimage\"},\"image\":{\"@id\":\"https:\/\/www.grupefebe.com\/es\/reforma-oficinas-verano\/#primaryimage\"},\"thumbnailUrl\":\"https:\/\/www.grupefebe.com\/custom\/uploads\/2025\/04\/EFEBE-OFIS-WAMOS-AIR-11-scaled.jpg\",\"datePublished\":\"2026-03-12T08:44:54+00:00\",\"dateModified\":\"2026-03-12T09:07:03+00:00\",\"description\":\"Descubre por qu\u00e9 el verano es el mejor momento para hacer una reforma de oficinas y c\u00f3mo aprovecharla para crear espacios que atraigan talento.\",\"breadcrumb\":{\"@id\":\"https:\/\/www.grupefebe.com\/es\/reforma-oficinas-verano\/#breadcrumb\"},\"inLanguage\":\"es\",\"potentialAction\":[{\"@type\":\"ReadAction\",\"target\":[\"https:\/\/www.grupefebe.com\/es\/reforma-oficinas-verano\/\"]}]},{\"@type\":\"ImageObject\",\"inLanguage\":\"es\",\"@id\":\"https:\/\/www.grupefebe.com\/es\/reforma-oficinas-verano\/#primaryimage\",\"url\":\"https:\/\/www.grupefebe.com\/custom\/uploads\/2025\/04\/EFEBE-OFIS-WAMOS-AIR-11-scaled.jpg\",\"contentUrl\":\"https:\/\/www.grupefebe.com\/custom\/uploads\/2025\/04\/EFEBE-OFIS-WAMOS-AIR-11-scaled.jpg\",\"width\":2560,\"height\":1703,\"caption\":\"Zona de trabajo de Wamos Air\"},{\"@type\":\"BreadcrumbList\",\"@id\":\"https:\/\/www.grupefebe.com\/es\/reforma-oficinas-verano\/#breadcrumb\",\"itemListElement\":[{\"@type\":\"ListItem\",\"position\":1,\"name\":\"Inici\",\"item\":\"https:\/\/www.grupefebe.com\/es\/\"},{\"@type\":\"ListItem\",\"position\":2,\"name\":\"Por qu\u00e9 el verano es el mejor momento para hacer una reforma de oficinas\"}]},{\"@type\":\"WebSite\",\"@id\":\"https:\/\/www.grupefebe.com\/es\/#website\",\"url\":\"https:\/\/www.grupefebe.com\/es\/\",\"name\":\"Grup Efeb\u00e9\",\"description\":\"Otro sitio realizado con WordPress\",\"publisher\":{\"@id\":\"https:\/\/www.grupefebe.com\/es\/#organization\"},\"potentialAction\":[{\"@type\":\"SearchAction\",\"target\":{\"@type\":\"EntryPoint\",\"urlTemplate\":\"https:\/\/www.grupefebe.com\/es\/?s={search_term_string}\"},\"query-input\":{\"@type\":\"PropertyValueSpecification\",\"valueRequired\":true,\"valueName\":\"search_term_string\"}}],\"inLanguage\":\"es\"},{\"@type\":\"Organization\",\"@id\":\"https:\/\/www.grupefebe.com\/es\/#organization\",\"name\":\"Grup Efeb\u00e9\",\"url\":\"https:\/\/www.grupefebe.com\/es\/\",\"logo\":{\"@type\":\"ImageObject\",\"inLanguage\":\"es\",\"@id\":\"https:\/\/www.grupefebe.com\/es\/#\/schema\/logo\/image\/\",\"url\":\"https:\/\/grupefebe.com\/custom\/uploads\/2021\/01\/logo-efebe.png\",\"contentUrl\":\"https:\/\/grupefebe.com\/custom\/uploads\/2021\/01\/logo-efebe.png\",\"width\":524,\"height\":135,\"caption\":\"Grup Efeb\u00e9\"},\"image\":{\"@id\":\"https:\/\/www.grupefebe.com\/es\/#\/schema\/logo\/image\/\"},\"sameAs\":[\"https:\/\/www.facebook.com\/grup.efebe\",\"https:\/\/x.com\/grup_efebe\",\"https:\/\/www.instagram.com\/grup_efebe\/\",\"https:\/\/www.linkedin.com\/company\/grupefebe\",\"https:\/\/www.youtube.com\/channel\/UCj11-LAuLhPfqrL2649Xzrw\"]},{\"@type\":\"Person\",\"@id\":\"https:\/\/www.grupefebe.com\/es\/#\/schema\/person\/76402b3180eef131413100afc3282997\",\"name\":\"Grup Efeb\u00e9\",\"image\":{\"@type\":\"ImageObject\",\"inLanguage\":\"es\",\"@id\":\"https:\/\/www.grupefebe.com\/es\/#\/schema\/person\/image\/\",\"url\":\"https:\/\/secure.gravatar.com\/avatar\/913bc6aa90480101061296ab9cad4bd4ccfb82c623a8820f3fd577558c1651be?s=96&d=mm&r=g\",\"contentUrl\":\"https:\/\/secure.gravatar.com\/avatar\/913bc6aa90480101061296ab9cad4bd4ccfb82c623a8820f3fd577558c1651be?s=96&d=mm&r=g\",\"caption\":\"Grup Efeb\u00e9\"},\"url\":\"https:\/\/www.grupefebe.com\/es\/author\/julia\/\"}]}<\/script>\n<!-- \/ Yoast SEO plugin. -->","yoast_head_json":{"title":"Por qu\u00e9 el verano es el mejor momento para hacer una reforma de oficinas","description":"Descubre por qu\u00e9 el verano es el mejor momento para hacer una reforma de oficinas y c\u00f3mo aprovecharla para crear espacios que atraigan talento.","robots":{"index":"index","follow":"follow","max-snippet":"max-snippet:-1","max-image-preview":"max-image-preview:large","max-video-preview":"max-video-preview:-1"},"canonical":"https:\/\/www.grupefebe.com\/es\/reforma-oficinas-verano\/","og_locale":"es_ES","og_type":"article","og_title":"Por qu\u00e9 el verano es el mejor momento para hacer una reforma de oficinas","og_description":"Descubre por qu\u00e9 el verano es el mejor momento para hacer una reforma de oficinas y c\u00f3mo aprovecharla para crear espacios que atraigan talento.","og_url":"https:\/\/www.grupefebe.com\/es\/reforma-oficinas-verano\/","og_site_name":"Grupo Efeb\u00e9","article_publisher":"https:\/\/www.facebook.com\/grup.efebe","article_published_time":"2026-03-12T08:44:54+00:00","article_modified_time":"2026-03-12T09:07:03+00:00","og_image":[{"width":2560,"height":1703,"url":"https:\/\/mail.grupefebe.com\/custom\/uploads\/2025\/04\/EFEBE-OFIS-WAMOS-AIR-11-scaled.jpg","type":"image\/jpeg"}],"author":"Grup Efeb\u00e9","twitter_card":"summary_large_image","twitter_creator":"@grup_efebe","twitter_site":"@grup_efebe","twitter_misc":{"Escrito por":"Grup Efeb\u00e9","Tiempo de lectura":"5 minutos"},"schema":{"@context":"https:\/\/schema.org","@graph":[{"@type":"Article","@id":"https:\/\/www.grupefebe.com\/es\/reforma-oficinas-verano\/#article","isPartOf":{"@id":"https:\/\/www.grupefebe.com\/es\/reforma-oficinas-verano\/"},"author":{"name":"Grup Efeb\u00e9","@id":"https:\/\/www.grupefebe.com\/es\/#\/schema\/person\/76402b3180eef131413100afc3282997"},"headline":"Por qu\u00e9 el verano es el mejor momento para hacer una reforma de oficinas","datePublished":"2026-03-12T08:44:54+00:00","dateModified":"2026-03-12T09:07:03+00:00","mainEntityOfPage":{"@id":"https:\/\/www.grupefebe.com\/es\/reforma-oficinas-verano\/"},"wordCount":820,"publisher":{"@id":"https:\/\/www.grupefebe.com\/es\/#organization"},"image":{"@id":"https:\/\/www.grupefebe.com\/es\/reforma-oficinas-verano\/#primaryimage"},"thumbnailUrl":"https:\/\/www.grupefebe.com\/custom\/uploads\/2025\/04\/EFEBE-OFIS-WAMOS-AIR-11-scaled.jpg","articleSection":["Oficinas"],"inLanguage":"es"},{"@type":"WebPage","@id":"https:\/\/www.grupefebe.com\/es\/reforma-oficinas-verano\/","url":"https:\/\/www.grupefebe.com\/es\/reforma-oficinas-verano\/","name":"Por qu\u00e9 el verano es el mejor momento para hacer una reforma de oficinas","isPartOf":{"@id":"https:\/\/www.grupefebe.com\/es\/#website"},"primaryImageOfPage":{"@id":"https:\/\/www.grupefebe.com\/es\/reforma-oficinas-verano\/#primaryimage"},"image":{"@id":"https:\/\/www.grupefebe.com\/es\/reforma-oficinas-verano\/#primaryimage"},"thumbnailUrl":"https:\/\/www.grupefebe.com\/custom\/uploads\/2025\/04\/EFEBE-OFIS-WAMOS-AIR-11-scaled.jpg","datePublished":"2026-03-12T08:44:54+00:00","dateModified":"2026-03-12T09:07:03+00:00","description":"Descubre por qu\u00e9 el verano es el mejor momento para hacer una reforma de oficinas y c\u00f3mo aprovecharla para crear espacios que atraigan talento.","breadcrumb":{"@id":"https:\/\/www.grupefebe.com\/es\/reforma-oficinas-verano\/#breadcrumb"},"inLanguage":"es","potentialAction":[{"@type":"ReadAction","target":["https:\/\/www.grupefebe.com\/es\/reforma-oficinas-verano\/"]}]},{"@type":"ImageObject","inLanguage":"es","@id":"https:\/\/www.grupefebe.com\/es\/reforma-oficinas-verano\/#primaryimage","url":"https:\/\/www.grupefebe.com\/custom\/uploads\/2025\/04\/EFEBE-OFIS-WAMOS-AIR-11-scaled.jpg","contentUrl":"https:\/\/www.grupefebe.com\/custom\/uploads\/2025\/04\/EFEBE-OFIS-WAMOS-AIR-11-scaled.jpg","width":2560,"height":1703,"caption":"Zona de trabajo de Wamos Air"},{"@type":"BreadcrumbList","@id":"https:\/\/www.grupefebe.com\/es\/reforma-oficinas-verano\/#breadcrumb","itemListElement":[{"@type":"ListItem","position":1,"name":"Inici","item":"https:\/\/www.grupefebe.com\/es\/"},{"@type":"ListItem","position":2,"name":"Por qu\u00e9 el verano es el mejor momento para hacer una reforma de oficinas"}]},{"@type":"WebSite","@id":"https:\/\/www.grupefebe.com\/es\/#website","url":"https:\/\/www.grupefebe.com\/es\/","name":"Grup Efeb\u00e9","description":"Otro sitio realizado con WordPress","publisher":{"@id":"https:\/\/www.grupefebe.com\/es\/#organization"},"potentialAction":[{"@type":"SearchAction","target":{"@type":"EntryPoint","urlTemplate":"https:\/\/www.grupefebe.com\/es\/?s={search_term_string}"},"query-input":{"@type":"PropertyValueSpecification","valueRequired":true,"valueName":"search_term_string"}}],"inLanguage":"es"},{"@type":"Organization","@id":"https:\/\/www.grupefebe.com\/es\/#organization","name":"Grup Efeb\u00e9","url":"https:\/\/www.grupefebe.com\/es\/","logo":{"@type":"ImageObject","inLanguage":"es","@id":"https:\/\/www.grupefebe.com\/es\/#\/schema\/logo\/image\/","url":"https:\/\/grupefebe.com\/custom\/uploads\/2021\/01\/logo-efebe.png","contentUrl":"https:\/\/grupefebe.com\/custom\/uploads\/2021\/01\/logo-efebe.png","width":524,"height":135,"caption":"Grup Efeb\u00e9"},"image":{"@id":"https:\/\/www.grupefebe.com\/es\/#\/schema\/logo\/image\/"},"sameAs":["https:\/\/www.facebook.com\/grup.efebe","https:\/\/x.com\/grup_efebe","https:\/\/www.instagram.com\/grup_efebe\/","https:\/\/www.linkedin.com\/company\/grupefebe","https:\/\/www.youtube.com\/channel\/UCj11-LAuLhPfqrL2649Xzrw"]},{"@type":"Person","@id":"https:\/\/www.grupefebe.com\/es\/#\/schema\/person\/76402b3180eef131413100afc3282997","name":"Grup Efeb\u00e9","image":{"@type":"ImageObject","inLanguage":"es","@id":"https:\/\/www.grupefebe.com\/es\/#\/schema\/person\/image\/","url":"https:\/\/secure.gravatar.com\/avatar\/913bc6aa90480101061296ab9cad4bd4ccfb82c623a8820f3fd577558c1651be?s=96&d=mm&r=g","contentUrl":"https:\/\/secure.gravatar.com\/avatar\/913bc6aa90480101061296ab9cad4bd4ccfb82c623a8820f3fd577558c1651be?s=96&d=mm&r=g","caption":"Grup Efeb\u00e9"},"url":"https:\/\/www.grupefebe.com\/es\/author\/julia\/"}]}},"_links":{"self":[{"href":"https:\/\/www.grupefebe.com\/es\/wp-json\/wp\/v2\/posts\/28230","targetHints":{"allow":["GET"]}}],"collection":[{"href":"https:\/\/www.grupefebe.com\/es\/wp-json\/wp\/v2\/posts"}],"about":[{"href":"https:\/\/www.grupefebe.com\/es\/wp-json\/wp\/v2\/types\/post"}],"author":[{"embeddable":true,"href":"https:\/\/www.grupefebe.com\/es\/wp-json\/wp\/v2\/users\/2"}],"replies":[{"embeddable":true,"href":"https:\/\/www.grupefebe.com\/es\/wp-json\/wp\/v2\/comments?post=28230"}],"version-history":[{"count":3,"href":"https:\/\/www.grupefebe.com\/es\/wp-json\/wp\/v2\/posts\/28230\/revisions"}],"predecessor-version":[{"id":28237,"href":"https:\/\/www.grupefebe.com\/es\/wp-json\/wp\/v2\/posts\/28230\/revisions\/28237"}],"wp:featuredmedia":[{"embeddable":true,"href":"https:\/\/www.grupefebe.com\/es\/wp-json\/wp\/v2\/media\/26930"}],"wp:attachment":[{"href":"https:\/\/www.grupefebe.com\/es\/wp-json\/wp\/v2\/media?parent=28230"}],"wp:term":[{"taxonomy":"category","embeddable":true,"href":"https:\/\/www.grupefebe.com\/es\/wp-json\/wp\/v2\/categories?post=28230"}],"curies":[{"name":"wp","href":"https:\/\/api.w.org\/{rel}","templated":true}]}}