{"id":28176,"date":"2026-03-05T12:32:39","date_gmt":"2026-03-05T12:32:39","guid":{"rendered":"https:\/\/grupefebe.com\/dones-arquitectes-edificis-famosos\/"},"modified":"2026-03-09T08:22:53","modified_gmt":"2026-03-09T08:22:53","slug":"mujeres-arquitectas-famosas-edificios","status":"publish","type":"post","link":"https:\/\/www.grupefebe.com\/es\/mujeres-arquitectas-famosas-edificios\/","title":{"rendered":"7 edificios y dise\u00f1os ic\u00f3nicos creados por mujeres arquitectas que quiz\u00e1s no conoc\u00edas"},"content":{"rendered":"<p data-start=\"1300\" data-end=\"1525\">Cuando pensamos en grandes referentes de la arquitectura, a menudo nos vienen a la cabeza nombres masculinos. Pero la realidad es que muchas <strong data-start=\"1421\" data-end=\"1524\">mujeres arquitadoras y dise\u00f1adoras han creado algunos de los espacios m\u00e1s innovadores e inspiradores del mundo<\/strong>.<\/p>\n<p data-start=\"1527\" data-end=\"1688\">Durante d\u00e9cadas, muchas de estas profesionales han trabajado en proyectos que hoy son referentes en arquitectura contempor\u00e1nea, urbanismo o dise\u00f1o de interiores.<\/p>\n<p data-start=\"1690\" data-end=\"1934\">Este <strong data-start=\"1697\" data-end=\"1729\">D\u00eda Internacional de la Mujer<\/strong>, desde Efeb\u00e9 queremos poner el foco en algunas de estas figuras. Arquitectas que han dejado huella con <strong data-start=\"1835\" data-end=\"1933\">edificios emblem\u00e1ticos, espacios culturales o proyectos que dialogan con el paisaje y la sociedad<\/strong>.<\/p>\n<p data-start=\"1936\" data-end=\"2022\">Quiz\u00e1s conoces estos edificios. Lo que quiz\u00e1s no sab\u00edas es <strong data-start=\"1997\" data-end=\"2021\">qui\u00e9n los dise\u00f1\u00f3<\/strong>.<\/p>\n<h2 data-start=\"1604\" data-end=\"1637\">1. Hearst Castle \u2013 Julia Morgan<\/h2>\n<div id=\"attachment_28177\" style=\"width: 1034px\" class=\"wp-caption aligncenter\"><img loading=\"lazy\" decoding=\"async\" aria-describedby=\"caption-attachment-28177\" class=\"wp-image-28153 size-large\" src=\"https:\/\/grupefebe.com\/custom\/uploads\/2026\/03\/Hearst_Castle-1024x682.jpg\" alt=\"Hearst Castle California arquitectura Julia Morgan\" width=\"1024\" height=\"682\" srcset=\"https:\/\/www.grupefebe.com\/custom\/uploads\/2026\/03\/Hearst_Castle-1024x682.jpg 1024w, https:\/\/www.grupefebe.com\/custom\/uploads\/2026\/03\/Hearst_Castle-300x200.jpg 300w, https:\/\/www.grupefebe.com\/custom\/uploads\/2026\/03\/Hearst_Castle-768x512.jpg 768w, https:\/\/www.grupefebe.com\/custom\/uploads\/2026\/03\/Hearst_Castle.jpg 1280w\" sizes=\"auto, (max-width: 1024px) 100vw, 1024px\" \/><p id=\"caption-attachment-28177\" class=\"wp-caption-text\">By Proimos &#8211; Own work, CC BY-SA 3.0, https:\/\/commons.wikimedia.org\/w\/index.php?curid=21649507<\/p><\/div>\n<div id=\"attachment_28179\" style=\"width: 200px\" class=\"wp-caption alignleft\"><img loading=\"lazy\" decoding=\"async\" aria-describedby=\"caption-attachment-28179\" class=\"wp-image-28154 size-full\" src=\"https:\/\/grupefebe.com\/custom\/uploads\/2026\/03\/Julia_Morgan.jpg\" alt=\"arquitecta Julia Morgan retrato\" width=\"190\" height=\"240\" \/><p id=\"caption-attachment-28179\" class=\"wp-caption-text\">By Boy\u00e9 Studio, San Francisco &#8211; https:\/\/digital.lib.calpoly.edu\/rekl-2071, Public Domain, https:\/\/commons.wikimedia.org\/w\/index.php?curid=85460141<\/p><\/div>\n<p data-start=\"2061\" data-end=\"2330\">El <strong data-start=\"2064\" data-end=\"2081\">Hearst Castle<\/strong>, situado en San Simeon (California), es uno de los conjuntos residenciales m\u00e1s espectaculares de los Estados Unidos. Detr\u00e1s de este proyecto monumental est\u00e1 <a href=\"https:\/\/www.britannica.com\/biography\/Julia-Morgan\"><strong data-start=\"2230\" data-end=\"2246\">Julia Morgan<\/strong><\/a>, una arquitecta pionera que marc\u00f3 la historia de la arquitectura norteamericana.<\/p>\n<p data-start=\"2332\" data-end=\"2538\">El complejo, encargado por el magnate William Randolph Hearst, se desarroll\u00f3 a lo largo de varias d\u00e9cadas e incluye palacios, jardines, piscinas monumentales y edificios inspirados en la arquitectura mediterr\u00e1nea.<\/p>\n<p data-start=\"2540\" data-end=\"2757\">Lo que hace especialmente fascinante este proyecto es su <strong data-start=\"2600\" data-end=\"2635\">escala y riqueza arquitect\u00f3nica<\/strong>, pero tambi\u00e9n el hecho de que fue liderado por una mujer en una \u00e9poca en que la arquitectura era un sector pr\u00e1cticamente masculino.<\/p>\n<p data-start=\"2759\" data-end=\"2931\">Julia Morgan lleg\u00f3 a proyectar <strong data-start=\"2795\" data-end=\"2846\">m\u00e1s de 800 edificios a lo largo de su carrera<\/strong>, convirti\u00e9ndose en una de las figuras m\u00e1s prol\u00edficas de la arquitectura del siglo XX.<\/p>\n<h2 data-start=\"2527\" data-end=\"2557\">2. Casa E-1027 \u2013 Eileen Gray<\/h2>\n<div id=\"attachment_28180\" style=\"width: 1010px\" class=\"wp-caption aligncenter\"><img loading=\"lazy\" decoding=\"async\" aria-describedby=\"caption-attachment-28180\" class=\"size-full wp-image-28165\" src=\"https:\/\/grupefebe.com\/custom\/uploads\/2026\/03\/villa-e-1027-cap-moderne-g280716-mb.jpg\" alt=\"Casa E-1027 arquitectura modernista Eileen Gray\" width=\"1000\" height=\"654\" srcset=\"https:\/\/www.grupefebe.com\/custom\/uploads\/2026\/03\/villa-e-1027-cap-moderne-g280716-mb.jpg 1000w, https:\/\/www.grupefebe.com\/custom\/uploads\/2026\/03\/villa-e-1027-cap-moderne-g280716-mb-300x196.jpg 300w, https:\/\/www.grupefebe.com\/custom\/uploads\/2026\/03\/villa-e-1027-cap-moderne-g280716-mb-768x502.jpg 768w\" sizes=\"auto, (max-width: 1000px) 100vw, 1000px\" \/><p id=\"caption-attachment-28180\" class=\"wp-caption-text\">photograph Manuel Bougot www.manuelbougot.com. 2016<\/p><\/div>\n<div id=\"attachment_28181\" style=\"width: 247px\" class=\"wp-caption alignleft\"><img loading=\"lazy\" decoding=\"async\" aria-describedby=\"caption-attachment-28181\" class=\" wp-image-28166\" src=\"https:\/\/grupefebe.com\/custom\/uploads\/2026\/03\/eileen-gray-1996a6.jpg\" alt=\"Eileen Gray arquitecta dise\u00f1adora\" width=\"237\" height=\"168\" srcset=\"https:\/\/www.grupefebe.com\/custom\/uploads\/2026\/03\/eileen-gray-1996a6.jpg 625w, https:\/\/www.grupefebe.com\/custom\/uploads\/2026\/03\/eileen-gray-1996a6-300x212.jpg 300w\" sizes=\"auto, (max-width: 237px) 100vw, 237px\" \/><p id=\"caption-attachment-28181\" class=\"wp-caption-text\">Retrato de la dise\u00f1adora y arquitecta Eileen Gray (c. 1926). Foto: Wikimedia Commons (dominio p\u00fablico)<\/p><\/div>\n<p data-start=\"3166\" data-end=\"3280\">En la Costa Azul francesa encontramos una casa que revolucion\u00f3 la manera de entender la vivienda moderna: <strong data-start=\"3269\" data-end=\"3279\">E-1027<\/strong>.<\/p>\n<p data-start=\"3282\" data-end=\"3505\">Este proyecto, dise\u00f1ado por la arquitecta y dise\u00f1adora irlandesa <strong data-start=\"3351\" data-end=\"3366\">Eileen Gray<\/strong>, es mucho m\u00e1s que una casa. Es una exploraci\u00f3n de c\u00f3mo la arquitectura, el mobiliario y la vida cotidiana pueden funcionar como un \u00fanico sistema.<\/p>\n<p data-start=\"3507\" data-end=\"3733\">La casa se concibi\u00f3 pensando en <strong data-start=\"3541\" data-end=\"3630\">la flexibilidad de los espacios, la luz natural y la relaci\u00f3n con el paisaje mediterr\u00e1neo<\/strong>. Muchos de los muebles tambi\u00e9n fueron dise\u00f1ados por la propia Gray, reforzando la idea de un dise\u00f1o total.<\/p>\n<p data-start=\"3735\" data-end=\"3887\">Hoy se considera una <strong data-start=\"3757\" data-end=\"3802\">obra clave del movimiento modernista europeo<\/strong>, aunque durante muchos a\u00f1os su valor no recibi\u00f3 el reconocimiento que merec\u00eda.<\/p>\n<h2 data-start=\"3308\" data-end=\"3337\">3. Aqua Tower \u2013 Jeanne Gang<\/h2>\n<div id=\"attachment_28182\" style=\"width: 384px\" class=\"wp-caption aligncenter\"><img loading=\"lazy\" decoding=\"async\" aria-describedby=\"caption-attachment-28182\" class=\" wp-image-28159\" src=\"https:\/\/grupefebe.com\/custom\/uploads\/2026\/03\/739-gp-0425-aqua-image-001-596x795-1.jpg\" alt=\"Aqua Tower Chicago Jeanne Gang arquitectura\" width=\"374\" height=\"499\" srcset=\"https:\/\/www.grupefebe.com\/custom\/uploads\/2026\/03\/739-gp-0425-aqua-image-001-596x795-1.jpg 596w, https:\/\/www.grupefebe.com\/custom\/uploads\/2026\/03\/739-gp-0425-aqua-image-001-596x795-1-225x300.jpg 225w\" sizes=\"auto, (max-width: 374px) 100vw, 374px\" \/><p id=\"caption-attachment-28182\" class=\"wp-caption-text\">Photo: Steve Hall \u00a9 Hedrich Blessing<\/p><\/div>\n<div id=\"attachment_28183\" style=\"width: 331px\" class=\"wp-caption alignleft\"><img loading=\"lazy\" decoding=\"async\" aria-describedby=\"caption-attachment-28183\" class=\"wp-image-28157\" src=\"https:\/\/grupefebe.com\/custom\/uploads\/2026\/03\/Jeanne_Gang-1024x768.jpg\" alt=\"arquitecta Jeanne Gang retrato\" width=\"321\" height=\"241\" srcset=\"https:\/\/www.grupefebe.com\/custom\/uploads\/2026\/03\/Jeanne_Gang-1024x768.jpg 1024w, https:\/\/www.grupefebe.com\/custom\/uploads\/2026\/03\/Jeanne_Gang-300x225.jpg 300w, https:\/\/www.grupefebe.com\/custom\/uploads\/2026\/03\/Jeanne_Gang-768x576.jpg 768w, https:\/\/www.grupefebe.com\/custom\/uploads\/2026\/03\/Jeanne_Gang.jpg 1517w\" sizes=\"auto, (max-width: 321px) 100vw, 321px\" \/><p id=\"caption-attachment-28183\" class=\"wp-caption-text\">By Kramesarah &#8211; Own work, CC BY-SA 4.0, https:\/\/commons.wikimedia.org\/w\/index.php?curid=59234493<\/p><\/div>\n<p data-start=\"4098\" data-end=\"4282\">El <a href=\"https:\/\/studiogang.com\/projects\/aqua-tower\/\"><strong data-start=\"4100\" data-end=\"4114\">Aqua Tower<\/strong><\/a> de Chicago es un escalofr\u00edo que dif\u00edcilmente pasa desapercibido. Su fachada ondulada crea un perfil org\u00e1nico que recuerda las formas del paisaje erosionado por el agua.<\/p>\n<p data-start=\"4284\" data-end=\"4431\">La autora del proyecto es <strong data-start=\"4309\" data-end=\"4324\">Jeanne Gang<\/strong>, fundadora del estudio Studio Gang y una de las arquitentes m\u00e1s influyentes de la arquitectura contempor\u00e1nea.<\/p>\n<p data-start=\"4433\" data-end=\"4606\">El dise\u00f1o no responde s\u00f3lo a una cuesti\u00f3n est\u00e9tica. Las terrazas irregulares contribuyen a <strong data-start=\"4525\" data-end=\"4605\">mejorar la sombra, el confort clim\u00e1tico y la relaci\u00f3n entre interior y exterior<\/strong>.<\/p>\n<p data-start=\"4608\" data-end=\"4733\">Cuando se inaugur\u00f3 en 2010, el edificio se convirti\u00f3 en <strong data-start=\"4667\" data-end=\"4732\">el grader\u00edo m\u00e1s alto del mundo dise\u00f1ado por una mujer arquitecta<\/strong>.<\/p>\n<h2 data-start=\"3960\" data-end=\"3999\">4. Louvre-Lens Museum \u2013 Kazuyo Sejima<\/h2>\n<div id=\"attachment_28169\" style=\"width: 1034px\" class=\"wp-caption aligncenter\"><img loading=\"lazy\" decoding=\"async\" aria-describedby=\"caption-attachment-28169\" class=\"size-large wp-image-28169\" src=\"https:\/\/grupefebe.com\/custom\/uploads\/2026\/03\/11646634894_c0889780c0_o-1024x768.jpg\" alt=\"Museo Louvre Lens arquitectura SANAA\" width=\"1024\" height=\"768\" srcset=\"https:\/\/www.grupefebe.com\/custom\/uploads\/2026\/03\/11646634894_c0889780c0_o-1024x768.jpg 1024w, https:\/\/www.grupefebe.com\/custom\/uploads\/2026\/03\/11646634894_c0889780c0_o-300x225.jpg 300w, https:\/\/www.grupefebe.com\/custom\/uploads\/2026\/03\/11646634894_c0889780c0_o-768x576.jpg 768w, https:\/\/www.grupefebe.com\/custom\/uploads\/2026\/03\/11646634894_c0889780c0_o-1536x1152.jpg 1536w, https:\/\/www.grupefebe.com\/custom\/uploads\/2026\/03\/11646634894_c0889780c0_o-2048x1536.jpg 2048w\" sizes=\"auto, (max-width: 1024px) 100vw, 1024px\" \/><p id=\"caption-attachment-28169\" class=\"wp-caption-text\">Fotograf\u00eda de https:\/\/www.flickr.com\/people\/harry_nl\/<\/p><\/div>\n<div id=\"attachment_28170\" style=\"width: 192px\" class=\"wp-caption alignleft\"><img loading=\"lazy\" decoding=\"async\" aria-describedby=\"caption-attachment-28170\" class=\" wp-image-28170\" src=\"https:\/\/grupefebe.com\/custom\/uploads\/2026\/03\/Canopy_Gathering_Space_Kazuyo_Sejima_15137242547_cropped-851x1024.jpg\" alt=\"Kazuyo Sejima arquitecta japonesa\" width=\"182\" height=\"219\" srcset=\"https:\/\/www.grupefebe.com\/custom\/uploads\/2026\/03\/Canopy_Gathering_Space_Kazuyo_Sejima_15137242547_cropped-851x1024.jpg 851w, https:\/\/www.grupefebe.com\/custom\/uploads\/2026\/03\/Canopy_Gathering_Space_Kazuyo_Sejima_15137242547_cropped-249x300.jpg 249w, https:\/\/www.grupefebe.com\/custom\/uploads\/2026\/03\/Canopy_Gathering_Space_Kazuyo_Sejima_15137242547_cropped-768x925.jpg 768w, https:\/\/www.grupefebe.com\/custom\/uploads\/2026\/03\/Canopy_Gathering_Space_Kazuyo_Sejima_15137242547_cropped-1276x1536.jpg 1276w, https:\/\/www.grupefebe.com\/custom\/uploads\/2026\/03\/Canopy_Gathering_Space_Kazuyo_Sejima_15137242547_cropped-1701x2048.jpg 1701w\" sizes=\"auto, (max-width: 182px) 100vw, 182px\" \/><p id=\"caption-attachment-28170\" class=\"wp-caption-text\">By Columbia GSAPP &#8211; https:\/\/www.flickr.com\/photos\/gsapponline\/15137242547\/, CC BY 2.0, https:\/\/commons.wikimedia.org\/w\/index.php?curid=87552014<\/p><\/div>\n<p data-start=\"5874\" data-end=\"5972\">El <strong data-start=\"5877\" data-end=\"5892\">Louvre-Lens<\/strong>, en el norte de Francia, es una reinterpretaci\u00f3n contempor\u00e1nea del concepto de museo.<\/p>\n<p data-start=\"5974\" data-end=\"6112\">El proyecto fue dise\u00f1ado por <strong data-start=\"6007\" data-end=\"6024\">Kazuyo Sejima<\/strong>, arquitecta japonesa y cofundadora del estudio SANAA, galardonada con el Premio Pritzker.<\/p>\n<p data-start=\"6114\" data-end=\"6269\">La arquitectura del museo apuesta por una <strong data-start=\"6154\" data-end=\"6204\">transparencia radical y una escalera horizontal<\/strong>, con pabellones de aluminio y vidrio que se integran con el paisaje.<\/p>\n<p data-start=\"6271\" data-end=\"6441\">El resultado es un museo que busca eliminar barreras entre <strong data-start=\"6329\" data-end=\"6359\">arte, arquitectura y entorno<\/strong>, ofreciendo una experiencia muy diferente de la monumentalidad de los museos cl\u00e1sicos.<\/p>\n<h2 data-start=\"4001\" data-end=\"4174\">5. \u015eakirin Mosque \u2014 Zeynep Fad\u0131ll\u0131o\u011flu<\/h2>\n<div id=\"attachment_28171\" style=\"width: 1034px\" class=\"wp-caption aligncenter\"><img loading=\"lazy\" decoding=\"async\" aria-describedby=\"caption-attachment-28171\" class=\"size-large wp-image-28171\" src=\"https:\/\/grupefebe.com\/custom\/uploads\/2026\/03\/Sakirin_Mosque_7487711428-1024x683.jpg\" alt=\"Sakirin Mosque Estambul interior arquitectura\" width=\"1024\" height=\"683\" srcset=\"https:\/\/www.grupefebe.com\/custom\/uploads\/2026\/03\/Sakirin_Mosque_7487711428-1024x683.jpg 1024w, https:\/\/www.grupefebe.com\/custom\/uploads\/2026\/03\/Sakirin_Mosque_7487711428-300x200.jpg 300w, https:\/\/www.grupefebe.com\/custom\/uploads\/2026\/03\/Sakirin_Mosque_7487711428-768x512.jpg 768w, https:\/\/www.grupefebe.com\/custom\/uploads\/2026\/03\/Sakirin_Mosque_7487711428-1536x1024.jpg 1536w, https:\/\/www.grupefebe.com\/custom\/uploads\/2026\/03\/Sakirin_Mosque_7487711428-2048x1365.jpg 2048w\" sizes=\"auto, (max-width: 1024px) 100vw, 1024px\" \/><p id=\"caption-attachment-28171\" class=\"wp-caption-text\">By William Neuheisel from DC, US &#8211; \u015eakirin Mosque, CC BY 2.0, https:\/\/commons.wikimedia.org\/w\/index.php?curid=40530880<\/p><\/div>\n<p data-start=\"6678\" data-end=\"6782\">La <strong data-start=\"6681\" data-end=\"6701\">mezquita \u015eakirin<\/strong>, en Estambul, es un ejemplo singular dentro de la arquitectura religiosa contempor\u00e1nea.<\/p>\n<p data-start=\"6784\" data-end=\"6969\">Su interior fue dise\u00f1ado por <strong data-start=\"6821\" data-end=\"6843\">Zeynep Fad\u0131ll\u0131o\u011flu<\/strong>, una dise\u00f1adora turca que reinterpret\u00f3 elementos tradicionales de la arquitectura isl\u00e1mica con un lenguaje contempor\u00e1neo.<\/p>\n<p data-start=\"6971\" data-end=\"7131\">El resultado es un espacio espiritual muy luminoso, con una gran ara\u00f1a central inspirada en <strong data-start=\"7062\" data-end=\"7079\">gotas de agua<\/strong>, formas org\u00e1nicas y una paleta crom\u00e1tica delicada.<\/p>\n<p data-start=\"7133\" data-end=\"7281\">El proyecto fue especialmente relevante porque <strong data-start=\"7182\" data-end=\"7280\">pocas mujeres hab\u00edan participado hasta entonces en el dise\u00f1o de espacios religiosos de este tipo<\/strong>.<\/p>\n<h2 data-start=\"582\" data-end=\"617\">6. Heydar Aliyev Center \u2014 Zaha Hadid<\/h2>\n<div id=\"attachment_28172\" style=\"width: 1034px\" class=\"wp-caption aligncenter\"><img loading=\"lazy\" decoding=\"async\" aria-describedby=\"caption-attachment-28172\" class=\"size-large wp-image-28172\" src=\"https:\/\/grupefebe.com\/custom\/uploads\/2026\/03\/Heydar_Aliyev_Center_1.3-1024x768.jpg\" alt=\"Heydar Aliyev Center arquitectura Zaha Hadid\" width=\"1024\" height=\"768\" srcset=\"https:\/\/www.grupefebe.com\/custom\/uploads\/2026\/03\/Heydar_Aliyev_Center_1.3-1024x768.jpg 1024w, https:\/\/www.grupefebe.com\/custom\/uploads\/2026\/03\/Heydar_Aliyev_Center_1.3-300x225.jpg 300w, https:\/\/www.grupefebe.com\/custom\/uploads\/2026\/03\/Heydar_Aliyev_Center_1.3-768x576.jpg 768w, https:\/\/www.grupefebe.com\/custom\/uploads\/2026\/03\/Heydar_Aliyev_Center_1.3-1536x1152.jpg 1536w, https:\/\/www.grupefebe.com\/custom\/uploads\/2026\/03\/Heydar_Aliyev_Center_1.3-2048x1536.jpg 2048w\" sizes=\"auto, (max-width: 1024px) 100vw, 1024px\" \/><p id=\"caption-attachment-28172\" class=\"wp-caption-text\">By Emin Allahverdi &#8211; Own work, CC BY-SA 4.0, https:\/\/commons.wikimedia.org\/w\/index.php?curid=70029130<\/p><\/div>\n<p data-start=\"619\" data-end=\"857\">Pocos edificios contempor\u00e1neos son tan reconocibles como el <strong data-start=\"677\" data-end=\"718\"><span class=\"hover:entity-accent entity-underline inline cursor-pointer align-baseline\"><span class=\"whitespace-normal\">Heydar Aliyev Center<\/span><\/span><\/strong>, en Bak\u00fa (Azerbaiy\u00e1n). La autora es <strong data-start=\"754\" data-end=\"795\"><span class=\"hover:entity-accent entity-underline inline cursor-pointer align-baseline\"><span class=\"whitespace-normal\">Zaha Hadid<\/span><\/span><\/strong>, una de las arquitentes m\u00e1s influyentes de las \u00faltimas d\u00e9cadas.<\/p>\n<p data-start=\"859\" data-end=\"1145\">El edificio es famoso por sus <strong data-start=\"892\" data-end=\"922\">formas fluidas y continuas<\/strong>, que parecen surgir del terreno sin \u00e1ngulos ni l\u00edneas rectas. Esta geometr\u00eda org\u00e1nica rompe con la rigidez de la arquitectura institucional tradicional y crea un espacio que invita a recorrerlo como si fuera un paisaje.<\/p>\n<p data-start=\"1147\" data-end=\"1276\">El centro cultural acoge exposiciones, auditorios y espacios p\u00fablicos, y se ha convertido en <strong data-start=\"1233\" data-end=\"1275\">uno de los s\u00edmbolos arquitect\u00f3nicos de Bak\u00fa<\/strong>.<\/p>\n<p data-start=\"1278\" data-end=\"1451\">Con proyectos como este, Zaha Hadid demostr\u00f3 que la arquitectura puede ser <strong data-start=\"1355\" data-end=\"1402\">escultural, experimental y a la vez funcional<\/strong>, redefiniendo los l\u00edmites del dise\u00f1o contempor\u00e1neo.<\/p>\n<h2 data-start=\"4934\" data-end=\"4979\">7. Santa Caterina Market \u2014 Benedetta Tagliabue<\/h2>\n<div id=\"attachment_28178\" style=\"width: 1034px\" class=\"wp-caption aligncenter\"><img loading=\"lazy\" decoding=\"async\" aria-describedby=\"caption-attachment-28178\" class=\"size-large wp-image-28173\" src=\"https:\/\/grupefebe.com\/custom\/uploads\/2026\/03\/Barcelona_Spain_8271776325-1024x683.jpg\" alt=\"Mercado de Santa Caterina Barcelona cubierta cer\u00e1mica\" width=\"1024\" height=\"683\" srcset=\"https:\/\/www.grupefebe.com\/custom\/uploads\/2026\/03\/Barcelona_Spain_8271776325-1024x683.jpg 1024w, https:\/\/www.grupefebe.com\/custom\/uploads\/2026\/03\/Barcelona_Spain_8271776325-300x200.jpg 300w, https:\/\/www.grupefebe.com\/custom\/uploads\/2026\/03\/Barcelona_Spain_8271776325-768x512.jpg 768w, https:\/\/www.grupefebe.com\/custom\/uploads\/2026\/03\/Barcelona_Spain_8271776325-1536x1024.jpg 1536w, https:\/\/www.grupefebe.com\/custom\/uploads\/2026\/03\/Barcelona_Spain_8271776325-2048x1365.jpg 2048w\" sizes=\"auto, (max-width: 1024px) 100vw, 1024px\" \/><p id=\"caption-attachment-28178\" class=\"wp-caption-text\">By Rick Ligthelm from Rotterdam, The Netherlands &#8211; Barcelona, Spain, CC BY 2.0, https:\/\/commons.wikimedia.org\/w\/index.php?curid=63558227<\/p><\/div>\n<div id=\"attachment_28184\" style=\"width: 1034px\" class=\"wp-caption alignnone\"><img loading=\"lazy\" decoding=\"async\" aria-describedby=\"caption-attachment-28184\" class=\"size-large wp-image-28158\" src=\"https:\/\/grupefebe.com\/custom\/uploads\/2026\/03\/Benedetta_Tagliabue-1024x591.jpg\" alt=\"arquitecta Benedetta Tagliabue\" width=\"1024\" height=\"591\" srcset=\"https:\/\/www.grupefebe.com\/custom\/uploads\/2026\/03\/Benedetta_Tagliabue-1024x591.jpg 1024w, https:\/\/www.grupefebe.com\/custom\/uploads\/2026\/03\/Benedetta_Tagliabue-300x173.jpg 300w, https:\/\/www.grupefebe.com\/custom\/uploads\/2026\/03\/Benedetta_Tagliabue-768x443.jpg 768w, https:\/\/www.grupefebe.com\/custom\/uploads\/2026\/03\/Benedetta_Tagliabue-1536x887.jpg 1536w, https:\/\/www.grupefebe.com\/custom\/uploads\/2026\/03\/Benedetta_Tagliabue.jpg 1682w\" sizes=\"auto, (max-width: 1024px) 100vw, 1024px\" \/><p id=\"caption-attachment-28184\" class=\"wp-caption-text\">By Cristiano Cani &#8211; https:\/\/www.flickr.com\/photos\/cristianocani\/2537430982\/, CC BY 2.0, https:\/\/commons.wikimedia.org\/w\/index.php?curid=113420990<\/p><\/div>\n<p data-start=\"4981\" data-end=\"5108\">En Barcelona tenemos un ejemplo extraordinario de arquitectura contempor\u00e1nea liderada por una mujer: <strong data-start=\"5076\" data-end=\"5107\">el Mercat de Santa Caterina<\/strong>.<\/p>\n<p data-start=\"5110\" data-end=\"5260\">La renovaci\u00f3n del mercado fue dirigida por la arquitecta <strong data-start=\"5167\" data-end=\"5190\">Benedetta Tagliabue<\/strong>, del estudio EMBT, continuando el proyecto iniciado con Enric Miralles.<\/p>\n<p data-start=\"5262\" data-end=\"5424\">El elemento m\u00e1s reconocible es su <strong data-start=\"5300\" data-end=\"5338\">cubierta ondulada y llena de colores<\/strong>, formada por miles de piezas cer\u00e1micas que evocan los productos frescos del mercado.<\/p>\n<p data-start=\"5426\" data-end=\"5610\">Este proyecto no s\u00f3lo transform\u00f3 el edificio, sino tambi\u00e9n <strong data-start=\"5488\" data-end=\"5545\">la relaci\u00f3n entre el mercado, el barrio y el espacio p\u00fablico<\/strong>, convirti\u00e9ndolo en un referente de regeneraci\u00f3n urbana en Barcelona.<\/p>\n<h2 data-start=\"7529\" data-end=\"7564\">Mirando el futuro de la arquitectura<\/h2>\n<p data-start=\"7566\" data-end=\"7673\">La historia de la arquitectura est\u00e1 llena de <strong data-start=\"7610\" data-end=\"7672\">talento femenino que durante mucho tiempo ha quedado en segundo plano<\/strong>.<\/p>\n<p data-start=\"7675\" data-end=\"7859\">Recuperar estas figuras no es s\u00f3lo un ejercicio de memoria. Tambi\u00e9n es una manera de <strong data-start=\"7761\" data-end=\"7858\">reconocer la diversidad de miradas que construyen los espacios donde vivimos, trabajamos y aprendemos<\/strong>.<\/p>\n<p data-start=\"7861\" data-end=\"8081\">Desde Efeb\u00e9 creemos que el dise\u00f1o de espacios tiene un papel fundamental en la manera en que convivimos. Y esto tambi\u00e9n pasa por <strong data-start=\"7977\" data-end=\"8080\">dar visibilidad a las profesionales que han contribuido a transformar la arquitectura contempor\u00e1nea<\/strong>.<\/p>\n","protected":false},"excerpt":{"rendered":"<p>Cuando pensamos en grandes referentes de la arquitectura, a menudo nos vienen a la cabeza nombres masculinos. Pero la realidad [&hellip;]<\/p>\n","protected":false},"author":2,"featured_media":28178,"comment_status":"closed","ping_status":"closed","sticky":false,"template":"","format":"standard","meta":{"_acf_changed":false,"footnotes":"","_links_to":"","_links_to_target":""},"categories":[201],"class_list":["post-28176","post","type-post","status-publish","format-standard","has-post-thumbnail","hentry","category-otros-sectores"],"acf":[],"yoast_head":"<!-- This site is optimized with the Yoast SEO plugin v25.9 - https:\/\/yoast.com\/wordpress\/plugins\/seo\/ -->\n<title>7 edificios y dise\u00f1os creados por mujeres arquitectas | Efeb\u00e9<\/title>\n<meta name=\"description\" content=\"Descubre 7 edificios y dise\u00f1os ic\u00f3nicos creados por mujeres arquitectas y dise\u00f1adoras que han marcado la historia.\" \/>\n<meta name=\"robots\" content=\"index, follow, max-snippet:-1, max-image-preview:large, max-video-preview:-1\" \/>\n<link rel=\"canonical\" href=\"https:\/\/www.grupefebe.com\/es\/mujeres-arquitectas-famosas-edificios\/\" \/>\n<meta property=\"og:locale\" content=\"es_ES\" \/>\n<meta property=\"og:type\" content=\"article\" \/>\n<meta property=\"og:title\" content=\"7 edificios y dise\u00f1os creados por mujeres arquitectas | Efeb\u00e9\" \/>\n<meta property=\"og:description\" content=\"Descubre 7 edificios y dise\u00f1os ic\u00f3nicos creados por mujeres arquitectas y dise\u00f1adoras que han marcado la historia.\" \/>\n<meta property=\"og:url\" content=\"https:\/\/www.grupefebe.com\/es\/mujeres-arquitectas-famosas-edificios\/\" \/>\n<meta property=\"og:site_name\" content=\"Grupo Efeb\u00e9\" \/>\n<meta property=\"article:publisher\" content=\"https:\/\/www.facebook.com\/grup.efebe\" \/>\n<meta property=\"article:published_time\" content=\"2026-03-05T12:32:39+00:00\" \/>\n<meta property=\"article:modified_time\" content=\"2026-03-09T08:22:53+00:00\" \/>\n<meta property=\"og:image\" content=\"https:\/\/grupefebe.com\/custom\/uploads\/2026\/03\/Barcelona_Spain_8271776325-scaled.jpg\" \/>\n\t<meta property=\"og:image:width\" content=\"2560\" \/>\n\t<meta property=\"og:image:height\" content=\"1707\" \/>\n\t<meta property=\"og:image:type\" content=\"image\/jpeg\" \/>\n<meta name=\"author\" content=\"Grup Efeb\u00e9\" \/>\n<meta name=\"twitter:card\" content=\"summary_large_image\" \/>\n<meta name=\"twitter:creator\" content=\"@grup_efebe\" \/>\n<meta name=\"twitter:site\" content=\"@grup_efebe\" \/>\n<meta name=\"twitter:label1\" content=\"Escrito por\" \/>\n\t<meta name=\"twitter:data1\" content=\"Grup Efeb\u00e9\" \/>\n\t<meta name=\"twitter:label2\" content=\"Tiempo de lectura\" \/>\n\t<meta name=\"twitter:data2\" content=\"8 minutos\" \/>\n<script type=\"application\/ld+json\" class=\"yoast-schema-graph\">{\"@context\":\"https:\/\/schema.org\",\"@graph\":[{\"@type\":\"Article\",\"@id\":\"https:\/\/www.grupefebe.com\/es\/mujeres-arquitectas-famosas-edificios\/#article\",\"isPartOf\":{\"@id\":\"https:\/\/www.grupefebe.com\/es\/mujeres-arquitectas-famosas-edificios\/\"},\"author\":{\"name\":\"Grup Efeb\u00e9\",\"@id\":\"https:\/\/www.grupefebe.com\/es\/#\/schema\/person\/76402b3180eef131413100afc3282997\"},\"headline\":\"7 edificios y dise\u00f1os ic\u00f3nicos creados por mujeres arquitectas que quiz\u00e1s no conoc\u00edas\",\"datePublished\":\"2026-03-05T12:32:39+00:00\",\"dateModified\":\"2026-03-09T08:22:53+00:00\",\"mainEntityOfPage\":{\"@id\":\"https:\/\/www.grupefebe.com\/es\/mujeres-arquitectas-famosas-edificios\/\"},\"wordCount\":1339,\"publisher\":{\"@id\":\"https:\/\/www.grupefebe.com\/es\/#organization\"},\"image\":{\"@id\":\"https:\/\/www.grupefebe.com\/es\/mujeres-arquitectas-famosas-edificios\/#primaryimage\"},\"thumbnailUrl\":\"https:\/\/www.grupefebe.com\/custom\/uploads\/2026\/03\/Barcelona_Spain_8271776325-scaled.jpg\",\"articleSection\":[\"Otros Sectores\"],\"inLanguage\":\"es\"},{\"@type\":\"WebPage\",\"@id\":\"https:\/\/www.grupefebe.com\/es\/mujeres-arquitectas-famosas-edificios\/\",\"url\":\"https:\/\/www.grupefebe.com\/es\/mujeres-arquitectas-famosas-edificios\/\",\"name\":\"7 edificios y dise\u00f1os creados por mujeres arquitectas | Efeb\u00e9\",\"isPartOf\":{\"@id\":\"https:\/\/www.grupefebe.com\/es\/#website\"},\"primaryImageOfPage\":{\"@id\":\"https:\/\/www.grupefebe.com\/es\/mujeres-arquitectas-famosas-edificios\/#primaryimage\"},\"image\":{\"@id\":\"https:\/\/www.grupefebe.com\/es\/mujeres-arquitectas-famosas-edificios\/#primaryimage\"},\"thumbnailUrl\":\"https:\/\/www.grupefebe.com\/custom\/uploads\/2026\/03\/Barcelona_Spain_8271776325-scaled.jpg\",\"datePublished\":\"2026-03-05T12:32:39+00:00\",\"dateModified\":\"2026-03-09T08:22:53+00:00\",\"description\":\"Descubre 7 edificios y dise\u00f1os ic\u00f3nicos creados por mujeres arquitectas y dise\u00f1adoras que han marcado la historia.\",\"breadcrumb\":{\"@id\":\"https:\/\/www.grupefebe.com\/es\/mujeres-arquitectas-famosas-edificios\/#breadcrumb\"},\"inLanguage\":\"es\",\"potentialAction\":[{\"@type\":\"ReadAction\",\"target\":[\"https:\/\/www.grupefebe.com\/es\/mujeres-arquitectas-famosas-edificios\/\"]}]},{\"@type\":\"ImageObject\",\"inLanguage\":\"es\",\"@id\":\"https:\/\/www.grupefebe.com\/es\/mujeres-arquitectas-famosas-edificios\/#primaryimage\",\"url\":\"https:\/\/www.grupefebe.com\/custom\/uploads\/2026\/03\/Barcelona_Spain_8271776325-scaled.jpg\",\"contentUrl\":\"https:\/\/www.grupefebe.com\/custom\/uploads\/2026\/03\/Barcelona_Spain_8271776325-scaled.jpg\",\"width\":2560,\"height\":1707,\"caption\":\"By Rick Ligthelm from Rotterdam, The Netherlands - Barcelona, Spain, CC BY 2.0, https:\/\/commons.wikimedia.org\/w\/index.php?curid=63558227\"},{\"@type\":\"BreadcrumbList\",\"@id\":\"https:\/\/www.grupefebe.com\/es\/mujeres-arquitectas-famosas-edificios\/#breadcrumb\",\"itemListElement\":[{\"@type\":\"ListItem\",\"position\":1,\"name\":\"Inici\",\"item\":\"https:\/\/www.grupefebe.com\/es\/\"},{\"@type\":\"ListItem\",\"position\":2,\"name\":\"7 edificios y dise\u00f1os ic\u00f3nicos creados por mujeres arquitectas que quiz\u00e1s no conoc\u00edas\"}]},{\"@type\":\"WebSite\",\"@id\":\"https:\/\/www.grupefebe.com\/es\/#website\",\"url\":\"https:\/\/www.grupefebe.com\/es\/\",\"name\":\"Grup Efeb\u00e9\",\"description\":\"Otro sitio realizado con WordPress\",\"publisher\":{\"@id\":\"https:\/\/www.grupefebe.com\/es\/#organization\"},\"potentialAction\":[{\"@type\":\"SearchAction\",\"target\":{\"@type\":\"EntryPoint\",\"urlTemplate\":\"https:\/\/www.grupefebe.com\/es\/?s={search_term_string}\"},\"query-input\":{\"@type\":\"PropertyValueSpecification\",\"valueRequired\":true,\"valueName\":\"search_term_string\"}}],\"inLanguage\":\"es\"},{\"@type\":\"Organization\",\"@id\":\"https:\/\/www.grupefebe.com\/es\/#organization\",\"name\":\"Grup Efeb\u00e9\",\"url\":\"https:\/\/www.grupefebe.com\/es\/\",\"logo\":{\"@type\":\"ImageObject\",\"inLanguage\":\"es\",\"@id\":\"https:\/\/www.grupefebe.com\/es\/#\/schema\/logo\/image\/\",\"url\":\"https:\/\/grupefebe.com\/custom\/uploads\/2021\/01\/logo-efebe.png\",\"contentUrl\":\"https:\/\/grupefebe.com\/custom\/uploads\/2021\/01\/logo-efebe.png\",\"width\":524,\"height\":135,\"caption\":\"Grup Efeb\u00e9\"},\"image\":{\"@id\":\"https:\/\/www.grupefebe.com\/es\/#\/schema\/logo\/image\/\"},\"sameAs\":[\"https:\/\/www.facebook.com\/grup.efebe\",\"https:\/\/x.com\/grup_efebe\",\"https:\/\/www.instagram.com\/grup_efebe\/\",\"https:\/\/www.linkedin.com\/company\/grupefebe\",\"https:\/\/www.youtube.com\/channel\/UCj11-LAuLhPfqrL2649Xzrw\"]},{\"@type\":\"Person\",\"@id\":\"https:\/\/www.grupefebe.com\/es\/#\/schema\/person\/76402b3180eef131413100afc3282997\",\"name\":\"Grup Efeb\u00e9\",\"image\":{\"@type\":\"ImageObject\",\"inLanguage\":\"es\",\"@id\":\"https:\/\/www.grupefebe.com\/es\/#\/schema\/person\/image\/\",\"url\":\"https:\/\/secure.gravatar.com\/avatar\/913bc6aa90480101061296ab9cad4bd4ccfb82c623a8820f3fd577558c1651be?s=96&d=mm&r=g\",\"contentUrl\":\"https:\/\/secure.gravatar.com\/avatar\/913bc6aa90480101061296ab9cad4bd4ccfb82c623a8820f3fd577558c1651be?s=96&d=mm&r=g\",\"caption\":\"Grup Efeb\u00e9\"},\"url\":\"https:\/\/www.grupefebe.com\/es\/author\/julia\/\"}]}<\/script>\n<!-- \/ Yoast SEO plugin. -->","yoast_head_json":{"title":"7 edificios y dise\u00f1os creados por mujeres arquitectas | Efeb\u00e9","description":"Descubre 7 edificios y dise\u00f1os ic\u00f3nicos creados por mujeres arquitectas y dise\u00f1adoras que han marcado la historia.","robots":{"index":"index","follow":"follow","max-snippet":"max-snippet:-1","max-image-preview":"max-image-preview:large","max-video-preview":"max-video-preview:-1"},"canonical":"https:\/\/www.grupefebe.com\/es\/mujeres-arquitectas-famosas-edificios\/","og_locale":"es_ES","og_type":"article","og_title":"7 edificios y dise\u00f1os creados por mujeres arquitectas | Efeb\u00e9","og_description":"Descubre 7 edificios y dise\u00f1os ic\u00f3nicos creados por mujeres arquitectas y dise\u00f1adoras que han marcado la historia.","og_url":"https:\/\/www.grupefebe.com\/es\/mujeres-arquitectas-famosas-edificios\/","og_site_name":"Grupo Efeb\u00e9","article_publisher":"https:\/\/www.facebook.com\/grup.efebe","article_published_time":"2026-03-05T12:32:39+00:00","article_modified_time":"2026-03-09T08:22:53+00:00","og_image":[{"width":2560,"height":1707,"url":"https:\/\/grupefebe.com\/custom\/uploads\/2026\/03\/Barcelona_Spain_8271776325-scaled.jpg","type":"image\/jpeg"}],"author":"Grup Efeb\u00e9","twitter_card":"summary_large_image","twitter_creator":"@grup_efebe","twitter_site":"@grup_efebe","twitter_misc":{"Escrito por":"Grup Efeb\u00e9","Tiempo de lectura":"8 minutos"},"schema":{"@context":"https:\/\/schema.org","@graph":[{"@type":"Article","@id":"https:\/\/www.grupefebe.com\/es\/mujeres-arquitectas-famosas-edificios\/#article","isPartOf":{"@id":"https:\/\/www.grupefebe.com\/es\/mujeres-arquitectas-famosas-edificios\/"},"author":{"name":"Grup Efeb\u00e9","@id":"https:\/\/www.grupefebe.com\/es\/#\/schema\/person\/76402b3180eef131413100afc3282997"},"headline":"7 edificios y dise\u00f1os ic\u00f3nicos creados por mujeres arquitectas que quiz\u00e1s no conoc\u00edas","datePublished":"2026-03-05T12:32:39+00:00","dateModified":"2026-03-09T08:22:53+00:00","mainEntityOfPage":{"@id":"https:\/\/www.grupefebe.com\/es\/mujeres-arquitectas-famosas-edificios\/"},"wordCount":1339,"publisher":{"@id":"https:\/\/www.grupefebe.com\/es\/#organization"},"image":{"@id":"https:\/\/www.grupefebe.com\/es\/mujeres-arquitectas-famosas-edificios\/#primaryimage"},"thumbnailUrl":"https:\/\/www.grupefebe.com\/custom\/uploads\/2026\/03\/Barcelona_Spain_8271776325-scaled.jpg","articleSection":["Otros Sectores"],"inLanguage":"es"},{"@type":"WebPage","@id":"https:\/\/www.grupefebe.com\/es\/mujeres-arquitectas-famosas-edificios\/","url":"https:\/\/www.grupefebe.com\/es\/mujeres-arquitectas-famosas-edificios\/","name":"7 edificios y dise\u00f1os creados por mujeres arquitectas | Efeb\u00e9","isPartOf":{"@id":"https:\/\/www.grupefebe.com\/es\/#website"},"primaryImageOfPage":{"@id":"https:\/\/www.grupefebe.com\/es\/mujeres-arquitectas-famosas-edificios\/#primaryimage"},"image":{"@id":"https:\/\/www.grupefebe.com\/es\/mujeres-arquitectas-famosas-edificios\/#primaryimage"},"thumbnailUrl":"https:\/\/www.grupefebe.com\/custom\/uploads\/2026\/03\/Barcelona_Spain_8271776325-scaled.jpg","datePublished":"2026-03-05T12:32:39+00:00","dateModified":"2026-03-09T08:22:53+00:00","description":"Descubre 7 edificios y dise\u00f1os ic\u00f3nicos creados por mujeres arquitectas y dise\u00f1adoras que han marcado la historia.","breadcrumb":{"@id":"https:\/\/www.grupefebe.com\/es\/mujeres-arquitectas-famosas-edificios\/#breadcrumb"},"inLanguage":"es","potentialAction":[{"@type":"ReadAction","target":["https:\/\/www.grupefebe.com\/es\/mujeres-arquitectas-famosas-edificios\/"]}]},{"@type":"ImageObject","inLanguage":"es","@id":"https:\/\/www.grupefebe.com\/es\/mujeres-arquitectas-famosas-edificios\/#primaryimage","url":"https:\/\/www.grupefebe.com\/custom\/uploads\/2026\/03\/Barcelona_Spain_8271776325-scaled.jpg","contentUrl":"https:\/\/www.grupefebe.com\/custom\/uploads\/2026\/03\/Barcelona_Spain_8271776325-scaled.jpg","width":2560,"height":1707,"caption":"By Rick Ligthelm from Rotterdam, The Netherlands - Barcelona, Spain, CC BY 2.0, https:\/\/commons.wikimedia.org\/w\/index.php?curid=63558227"},{"@type":"BreadcrumbList","@id":"https:\/\/www.grupefebe.com\/es\/mujeres-arquitectas-famosas-edificios\/#breadcrumb","itemListElement":[{"@type":"ListItem","position":1,"name":"Inici","item":"https:\/\/www.grupefebe.com\/es\/"},{"@type":"ListItem","position":2,"name":"7 edificios y dise\u00f1os ic\u00f3nicos creados por mujeres arquitectas que quiz\u00e1s no conoc\u00edas"}]},{"@type":"WebSite","@id":"https:\/\/www.grupefebe.com\/es\/#website","url":"https:\/\/www.grupefebe.com\/es\/","name":"Grup Efeb\u00e9","description":"Otro sitio realizado con WordPress","publisher":{"@id":"https:\/\/www.grupefebe.com\/es\/#organization"},"potentialAction":[{"@type":"SearchAction","target":{"@type":"EntryPoint","urlTemplate":"https:\/\/www.grupefebe.com\/es\/?s={search_term_string}"},"query-input":{"@type":"PropertyValueSpecification","valueRequired":true,"valueName":"search_term_string"}}],"inLanguage":"es"},{"@type":"Organization","@id":"https:\/\/www.grupefebe.com\/es\/#organization","name":"Grup Efeb\u00e9","url":"https:\/\/www.grupefebe.com\/es\/","logo":{"@type":"ImageObject","inLanguage":"es","@id":"https:\/\/www.grupefebe.com\/es\/#\/schema\/logo\/image\/","url":"https:\/\/grupefebe.com\/custom\/uploads\/2021\/01\/logo-efebe.png","contentUrl":"https:\/\/grupefebe.com\/custom\/uploads\/2021\/01\/logo-efebe.png","width":524,"height":135,"caption":"Grup Efeb\u00e9"},"image":{"@id":"https:\/\/www.grupefebe.com\/es\/#\/schema\/logo\/image\/"},"sameAs":["https:\/\/www.facebook.com\/grup.efebe","https:\/\/x.com\/grup_efebe","https:\/\/www.instagram.com\/grup_efebe\/","https:\/\/www.linkedin.com\/company\/grupefebe","https:\/\/www.youtube.com\/channel\/UCj11-LAuLhPfqrL2649Xzrw"]},{"@type":"Person","@id":"https:\/\/www.grupefebe.com\/es\/#\/schema\/person\/76402b3180eef131413100afc3282997","name":"Grup Efeb\u00e9","image":{"@type":"ImageObject","inLanguage":"es","@id":"https:\/\/www.grupefebe.com\/es\/#\/schema\/person\/image\/","url":"https:\/\/secure.gravatar.com\/avatar\/913bc6aa90480101061296ab9cad4bd4ccfb82c623a8820f3fd577558c1651be?s=96&d=mm&r=g","contentUrl":"https:\/\/secure.gravatar.com\/avatar\/913bc6aa90480101061296ab9cad4bd4ccfb82c623a8820f3fd577558c1651be?s=96&d=mm&r=g","caption":"Grup Efeb\u00e9"},"url":"https:\/\/www.grupefebe.com\/es\/author\/julia\/"}]}},"_links":{"self":[{"href":"https:\/\/www.grupefebe.com\/es\/wp-json\/wp\/v2\/posts\/28176","targetHints":{"allow":["GET"]}}],"collection":[{"href":"https:\/\/www.grupefebe.com\/es\/wp-json\/wp\/v2\/posts"}],"about":[{"href":"https:\/\/www.grupefebe.com\/es\/wp-json\/wp\/v2\/types\/post"}],"author":[{"embeddable":true,"href":"https:\/\/www.grupefebe.com\/es\/wp-json\/wp\/v2\/users\/2"}],"replies":[{"embeddable":true,"href":"https:\/\/www.grupefebe.com\/es\/wp-json\/wp\/v2\/comments?post=28176"}],"version-history":[{"count":3,"href":"https:\/\/www.grupefebe.com\/es\/wp-json\/wp\/v2\/posts\/28176\/revisions"}],"predecessor-version":[{"id":28221,"href":"https:\/\/www.grupefebe.com\/es\/wp-json\/wp\/v2\/posts\/28176\/revisions\/28221"}],"wp:featuredmedia":[{"embeddable":true,"href":"https:\/\/www.grupefebe.com\/es\/wp-json\/wp\/v2\/media\/28178"}],"wp:attachment":[{"href":"https:\/\/www.grupefebe.com\/es\/wp-json\/wp\/v2\/media?parent=28176"}],"wp:term":[{"taxonomy":"category","embeddable":true,"href":"https:\/\/www.grupefebe.com\/es\/wp-json\/wp\/v2\/categories?post=28176"}],"curies":[{"name":"wp","href":"https:\/\/api.w.org\/{rel}","templated":true}]}}