{"id":28093,"date":"2026-01-27T08:50:34","date_gmt":"2026-01-27T08:50:34","guid":{"rendered":"https:\/\/grupefebe.com\/prepara-les-teves-terrasses-consells-per-a-les-compres-de-mobiliari-de-terrasses-a-residencies\/"},"modified":"2026-01-27T09:28:12","modified_gmt":"2026-01-27T09:28:12","slug":"prepara-tus-terrazas-consejos-para-las-compras-de-mobiliario-de-terrazas-en-residencias","status":"publish","type":"post","link":"https:\/\/www.grupefebe.com\/es\/prepara-tus-terrazas-consejos-para-las-compras-de-mobiliario-de-terrazas-en-residencias\/","title":{"rendered":"Prepara tus terrazas: consejos para las compras de mobiliario de terrazas en residencias"},"content":{"rendered":"<p data-start=\"874\" data-end=\"1200\">El verano se acerca y las terrazas de las residencias se convierten en el lugar donde los residentes disfrutan del aire libre y las actividades sociales. Por ello, planificar con antelaci\u00f3n las <strong data-start=\"1062\" data-end=\"1099\">compras de mobiliario de terrazas<\/strong> es fundamental: as\u00ed garantizar\u00e1s que los espacios sean c\u00f3modos, seguros y adaptados a cada necesidad.<\/p>\n<p data-start=\"874\" data-end=\"1200\"><img loading=\"lazy\" decoding=\"async\" class=\"alignnone size-large wp-image-28088\" src=\"https:\/\/grupefebe.com\/custom\/uploads\/2026\/01\/terrasses-residencies-1024x576.jpg\" alt=\"compras para el verano\" width=\"1024\" height=\"576\" srcset=\"https:\/\/www.grupefebe.com\/custom\/uploads\/2026\/01\/terrasses-residencies-1024x576.jpg 1024w, https:\/\/www.grupefebe.com\/custom\/uploads\/2026\/01\/terrasses-residencies-300x169.jpg 300w, https:\/\/www.grupefebe.com\/custom\/uploads\/2026\/01\/terrasses-residencies-768x432.jpg 768w, https:\/\/www.grupefebe.com\/custom\/uploads\/2026\/01\/terrasses-residencies-1536x864.jpg 1536w, https:\/\/www.grupefebe.com\/custom\/uploads\/2026\/01\/terrasses-residencies.jpg 1920w\" sizes=\"auto, (max-width: 1024px) 100vw, 1024px\" \/><\/p>\n<h2 data-start=\"1202\" data-end=\"1251\">1. C\u00f3mo empezar: planifica antes de comprar<\/h2>\n<p data-start=\"1252\" data-end=\"1323\">Antes de hacer cualquier compra, dedica unos minutos a analizar el espacio:<\/p>\n<ul data-start=\"1324\" data-end=\"1598\">\n<li data-start=\"1324\" data-end=\"1370\">\n<p data-start=\"1326\" data-end=\"1370\">\u00bfCu\u00e1ntos residentes usar\u00e1n la terraza?<\/p>\n<\/li>\n<li data-start=\"1371\" data-end=\"1456\">\n<p data-start=\"1373\" data-end=\"1456\">\u00bfQu\u00e9 actividades se realizar\u00e1n (desayunos, talleres, lectura, ejercicio ligero)?<\/p>\n<\/li>\n<li data-start=\"1457\" data-end=\"1509\">\n<p data-start=\"1459\" data-end=\"1509\">\u00bfQu\u00e9 zonas necesitan sombra o protecci\u00f3n solar?<\/p>\n<\/li>\n<li data-start=\"1510\" data-end=\"1598\">\n<p data-start=\"1512\" data-end=\"1598\">\u00bfQu\u00e9 seguridad hay que garantizar (movilidad reducida, personas mayores con m\u00e1s fragilidad)?<\/p>\n<\/li>\n<\/ul>\n<p data-start=\"1600\" data-end=\"1750\">Una buena planificaci\u00f3n har\u00e1 que las <strong data-start=\"1635\" data-end=\"1672\">compras de mobiliario de terrazas<\/strong> sean m\u00e1s acertadas y adaptadas a las necesidades reales de la residencia.<\/p>\n<h2 data-start=\"1757\" data-end=\"1808\">2. Tipo de mobiliario recomendado por terrazas<\/h2>\n<h3 data-start=\"1810\" data-end=\"2023\"><strong data-start=\"1810\" data-end=\"1854\">Mesas y sillas resistentes al exterior<\/strong><\/h3>\n<p data-start=\"1810\" data-end=\"2023\">Elige materiales duraderos como aluminio, madera tratada o resina. Las sillas con brazos y asientos c\u00f3modos mejoran la comodidad de los residentes y facilitan el movimiento.<\/p>\n<p data-start=\"1810\" data-end=\"2023\"><img loading=\"lazy\" decoding=\"async\" class=\"alignnone size-full wp-image-13820\" src=\"https:\/\/grupefebe.com\/custom\/uploads\/2023\/03\/mobles114-tube-square-dinning-tables-eugeni-quitllet-sil-tif-n002.jpg\" alt=\"mesa de exterior tube\" width=\"442\" height=\"442\" srcset=\"https:\/\/www.grupefebe.com\/custom\/uploads\/2023\/03\/mobles114-tube-square-dinning-tables-eugeni-quitllet-sil-tif-n002.jpg 442w, https:\/\/www.grupefebe.com\/custom\/uploads\/2023\/03\/mobles114-tube-square-dinning-tables-eugeni-quitllet-sil-tif-n002-300x300.jpg 300w, https:\/\/www.grupefebe.com\/custom\/uploads\/2023\/03\/mobles114-tube-square-dinning-tables-eugeni-quitllet-sil-tif-n002-150x150.jpg 150w\" sizes=\"auto, (max-width: 442px) 100vw, 442px\" \/><\/p>\n<p data-start=\"1810\" data-end=\"2023\"><a href=\"https:\/\/grupefebe.com\/es\/products\/mesa-de-exterior-tube\/\">Mesa exterior Tube<\/a><\/p>\n<h3 data-start=\"2025\" data-end=\"2222\"><strong data-start=\"2025\" data-end=\"2053\">Sof\u00e1s y sillas de relax<\/strong><\/h3>\n<p data-start=\"2025\" data-end=\"2222\">Crear rincones de descanso es esencial. Los sof\u00e1s y butacas con almohadas resistentes al agua permiten que los residentes disfruten de la terraza en cualquier momento.<\/p>\n<p data-start=\"1810\" data-end=\"2023\"><img loading=\"lazy\" decoding=\"async\" class=\"alignnone wp-image-13869\" src=\"https:\/\/grupefebe.com\/custom\/uploads\/2023\/03\/Silla-Babila-Twist_3-1024x703.jpg\" alt=\"Silla Babila Twist\" width=\"630\" height=\"432\" srcset=\"https:\/\/www.grupefebe.com\/custom\/uploads\/2023\/03\/Silla-Babila-Twist_3-1024x703.jpg 1024w, https:\/\/www.grupefebe.com\/custom\/uploads\/2023\/03\/Silla-Babila-Twist_3-300x206.jpg 300w, https:\/\/www.grupefebe.com\/custom\/uploads\/2023\/03\/Silla-Babila-Twist_3-768x527.jpg 768w, https:\/\/www.grupefebe.com\/custom\/uploads\/2023\/03\/Silla-Babila-Twist_3-1536x1054.jpg 1536w, https:\/\/www.grupefebe.com\/custom\/uploads\/2023\/03\/Silla-Babila-Twist_3.jpg 1600w\" sizes=\"auto, (max-width: 630px) 100vw, 630px\" \/><\/p>\n<p data-start=\"1810\" data-end=\"2023\"><a href=\"https:\/\/grupefebe.com\/es\/products\/silla-babila-twist\/\">Mesa Babila Twist<\/a><\/p>\n<h3 data-start=\"2224\" data-end=\"2427\"><strong data-start=\"2224\" data-end=\"2259\">Para soles, sombrillas y toldos<\/strong><\/h3>\n<p data-start=\"2224\" data-end=\"2427\">La protecci\u00f3n solar es clave. Con parasoles o toldos m\u00f3viles, los residentes pueden disfrutar de la terraza sin riesgos para el sol y manteniendo la temperatura agradable.<\/p>\n<p data-start=\"2224\" data-end=\"2427\"><img loading=\"lazy\" decoding=\"async\" class=\"alignnone wp-image-13736\" src=\"https:\/\/grupefebe.com\/custom\/uploads\/2023\/03\/spao10c2001821p-101o10-1024x947.jpg\" alt=\"\" width=\"619\" height=\"572\" srcset=\"https:\/\/www.grupefebe.com\/custom\/uploads\/2023\/03\/spao10c2001821p-101o10-1024x947.jpg 1024w, https:\/\/www.grupefebe.com\/custom\/uploads\/2023\/03\/spao10c2001821p-101o10-300x278.jpg 300w, https:\/\/www.grupefebe.com\/custom\/uploads\/2023\/03\/spao10c2001821p-101o10-768x710.jpg 768w, https:\/\/www.grupefebe.com\/custom\/uploads\/2023\/03\/spao10c2001821p-101o10-1536x1421.jpg 1536w, https:\/\/www.grupefebe.com\/custom\/uploads\/2023\/03\/spao10c2001821p-101o10-2048x1895.jpg 2048w\" sizes=\"auto, (max-width: 619px) 100vw, 619px\" \/><\/p>\n<p data-start=\"2224\" data-end=\"2427\"><a href=\"https:\/\/grupefebe.com\/es\/products\/parasol-eolo-pureti\/\">Parasol Eolo Pureti<\/a><\/p>\n<h3 data-start=\"2429\" data-end=\"2644\"><strong data-start=\"2429\" data-end=\"2464\">Requisito modular y vers\u00e1til<\/strong><\/h3>\n<p data-start=\"2429\" data-end=\"2644\">Los mobiliarios modulares se adaptan a diferentes actividades: talleres, desayunos o momentos de relax. As\u00ed la terraza se puede reorganizar f\u00e1cilmente seg\u00fan las necesidades diarias.<\/p>\n<p data-start=\"2429\" data-end=\"2644\"><img loading=\"lazy\" decoding=\"async\" class=\"alignnone wp-image-13769\" src=\"https:\/\/grupefebe.com\/custom\/uploads\/2023\/03\/ypsilon-4790t-still-01-1024x703.jpg\" alt=\"Mesa exterior Ypsilon\" width=\"575\" height=\"395\" srcset=\"https:\/\/www.grupefebe.com\/custom\/uploads\/2023\/03\/ypsilon-4790t-still-01-1024x703.jpg 1024w, https:\/\/www.grupefebe.com\/custom\/uploads\/2023\/03\/ypsilon-4790t-still-01-300x206.jpg 300w, https:\/\/www.grupefebe.com\/custom\/uploads\/2023\/03\/ypsilon-4790t-still-01-768x527.jpg 768w, https:\/\/www.grupefebe.com\/custom\/uploads\/2023\/03\/ypsilon-4790t-still-01-1536x1054.jpg 1536w, https:\/\/www.grupefebe.com\/custom\/uploads\/2023\/03\/ypsilon-4790t-still-01.jpg 1600w\" sizes=\"auto, (max-width: 575px) 100vw, 575px\" \/><\/p>\n<p data-start=\"2429\" data-end=\"2644\"><a href=\"https:\/\/grupefebe.com\/es\/products\/mesa-exterior-ypsilon\/\">Mesa exterior Ypsilon<\/a><\/p>\n<h3 data-start=\"2429\" data-end=\"2644\"><strong data-start=\"2646\" data-end=\"2675\">Accesorios complementarios<\/strong><\/h3>\n<p data-start=\"2429\" data-end=\"2644\">Elementos como almohadas extra, jardineras con plantas, peque\u00f1os tendederos o estufas exteriores pueden marcar la diferencia y hacer el espacio m\u00e1s acogedor y completo.<\/p>\n<p data-start=\"2429\" data-end=\"2644\"><img loading=\"lazy\" decoding=\"async\" class=\"alignnone wp-image-13728\" src=\"https:\/\/grupefebe.com\/custom\/uploads\/2023\/03\/giravolta-1799-still-03-1024x703.jpg\" alt=\"L\u00e1mpara sin cables Giravolta\" width=\"577\" height=\"396\" srcset=\"https:\/\/www.grupefebe.com\/custom\/uploads\/2023\/03\/giravolta-1799-still-03-1024x703.jpg 1024w, https:\/\/www.grupefebe.com\/custom\/uploads\/2023\/03\/giravolta-1799-still-03-300x206.jpg 300w, https:\/\/www.grupefebe.com\/custom\/uploads\/2023\/03\/giravolta-1799-still-03-768x527.jpg 768w, https:\/\/www.grupefebe.com\/custom\/uploads\/2023\/03\/giravolta-1799-still-03-1536x1054.jpg 1536w, https:\/\/www.grupefebe.com\/custom\/uploads\/2023\/03\/giravolta-1799-still-03.jpg 1600w\" sizes=\"auto, (max-width: 577px) 100vw, 577px\" \/><\/p>\n<p data-start=\"2429\" data-end=\"2644\"><a href=\"https:\/\/grupefebe.com\/es\/products\/lampara-sin-cables-giravolta\/\">L\u00e1mpara sin cables Giravolta<\/a><\/p>\n<h2 data-start=\"2842\" data-end=\"2893\">3. Seguridad y accesibilidad: imprescindible<\/h2>\n<p data-start=\"2894\" data-end=\"3104\">La seguridad siempre debe ser la prioridad. Elige mobiliario estable, sin esquinas afiladas y f\u00e1cil de limpiar. Tambi\u00e9n comprueba que los materiales sean antideslizantes y que cumplan las normativas vigentes.<\/p>\n<p data-start=\"3106\" data-end=\"3292\">Si la terraza est\u00e1 pensada para personas con movilidad reducida, aseg\u00farate de que haya espacio suficiente para mover sillas de ruedas o andadores y que el mobiliario no dificulte el paso.<\/p>\n<h2 data-start=\"3299\" data-end=\"3364\">4. C\u00f3mo optimizar las <strong data-start=\"3325\" data-end=\"3362\">compras de mobiliario de terrazas<\/strong><\/h2>\n<p data-start=\"3365\" data-end=\"3395\">Planificar con tiempo permite:<\/p>\n<ul data-start=\"3396\" data-end=\"3537\">\n<li data-start=\"3396\" data-end=\"3439\">\n<p data-start=\"3398\" data-end=\"3439\">Comparar precios y calidad sin prisa.<\/p>\n<\/li>\n<li data-start=\"3440\" data-end=\"3489\">\n<p data-start=\"3442\" data-end=\"3489\">Escoger opciones duraderas y f\u00e1ciles de mantener.<\/p>\n<\/li>\n<li data-start=\"3490\" data-end=\"3537\">\n<p data-start=\"3492\" data-end=\"3537\">Coordinar la instalaci\u00f3n antes del verano.<\/p>\n<\/li>\n<\/ul>\n<p data-start=\"3539\" data-end=\"3773\">Recuerda revisar cat\u00e1logos de fabricantes especializados y preguntar por mobiliarios que combinen seguridad, durabilidad y confort. Este tipo de planificaci\u00f3n es clave para aprovechar bien el espacio y hacer que los residentes se sientan c\u00f3modos.<\/p>\n<p data-start=\"3539\" data-end=\"3773\"><img loading=\"lazy\" decoding=\"async\" class=\"alignnone size-full wp-image-13760\" src=\"https:\/\/grupefebe.com\/custom\/uploads\/2023\/03\/Silla_dock_3.jpg\" alt=\"Silla Dock con brazos apilable\" width=\"696\" height=\"927\" srcset=\"https:\/\/www.grupefebe.com\/custom\/uploads\/2023\/03\/Silla_dock_3.jpg 696w, https:\/\/www.grupefebe.com\/custom\/uploads\/2023\/03\/Silla_dock_3-225x300.jpg 225w\" sizes=\"auto, (max-width: 696px) 100vw, 696px\" \/><\/p>\n<h2 data-start=\"3780\" data-end=\"3826\">5. Beneficios de una terraza bien equipada<\/h2>\n<p data-start=\"3827\" data-end=\"3887\">Invertir en mobiliario de calidad aporta muchas ventajas:<\/p>\n<ul data-start=\"3888\" data-end=\"4145\">\n<li data-start=\"3888\" data-end=\"3970\">\n<p data-start=\"3890\" data-end=\"3970\"><strong data-start=\"3890\" data-end=\"3913\">Confort y bienestar:<\/strong> los residentes pueden disfrutar de momentos al aire libre.<\/p>\n<\/li>\n<li data-start=\"3971\" data-end=\"4049\">\n<p data-start=\"3973\" data-end=\"4049\"><strong data-start=\"3973\" data-end=\"3991\">Socializaci\u00f3n:<\/strong> facilita actividades en grupo y encuentros entre residentes.<\/p>\n<\/li>\n<li data-start=\"4050\" data-end=\"4145\">\n<p data-start=\"4052\" data-end=\"4145\"><strong data-start=\"4052\" data-end=\"4081\">Est\u00e9tica y funcionalidad:<\/strong> espacios atractivos y organizados mejoran la experiencia diaria.<\/p>\n<\/li>\n<\/ul>\n<p data-start=\"4147\" data-end=\"4318\">Adem\u00e1s, con zonas adecuadas y mobiliarios adaptados, la terraza se convierte en un espacio seguro y flexible, capaz de satisfacer diferentes actividades a lo largo de todo el verano.<\/p>\n<h2 data-start=\"4325\" data-end=\"4385\">\u00bfQuieres que tu terraza sea perfecta este verano?<\/h2>\n<p data-start=\"4386\" data-end=\"4720\">En Efeb\u00e9 te ayudamos a preparar los espacios exteriores de tu residencia. Descubre nuestro<a href=\"https:\/\/grupefebe.com\/es\/tienda\/\"> <strong data-start=\"4472\" data-end=\"4515\">cat\u00e1logo amplio de mobiliario de terrazas<\/strong><\/a> con soluciones resistentes, c\u00f3modas y adaptadas a cada tipo de residencia. Podemos asesorarte para que elijas las opciones m\u00e1s adecuadas y para que los espacios exteriores sean seguros, acogedores y funcionales.<\/p>\n<p data-start=\"4722\" data-end=\"4852\">No esperes en el \u00faltimo momento: prepara la terraza con Efeb\u00e9 y convi\u00e9rtela en el espacio preferido de tus residentes este verano.<\/p>\n","protected":false},"excerpt":{"rendered":"<p>El verano se acerca y las terrazas de las residencias se convierten en el lugar donde los residentes disfrutan del [&hellip;]<\/p>\n","protected":false},"author":2,"featured_media":14141,"comment_status":"closed","ping_status":"closed","sticky":false,"template":"","format":"standard","meta":{"_acf_changed":false,"footnotes":"","_links_to":"","_links_to_target":""},"categories":[202],"class_list":["post-28093","post","type-post","status-publish","format-standard","has-post-thumbnail","hentry","category-residencias-mayores"],"acf":[],"yoast_head":"<!-- This site is optimized with the Yoast SEO plugin v25.9 - https:\/\/yoast.com\/wordpress\/plugins\/seo\/ -->\n<title>Gu\u00eda de compras de mobiliario de terrazas | Grupo Efeb\u00e9<\/title>\n<meta name=\"description\" content=\"Planifica las compras de mobiliario de terrazas para residencias. Consejos para espacios exteriores antes del verano.\" \/>\n<meta name=\"robots\" content=\"index, follow, max-snippet:-1, max-image-preview:large, max-video-preview:-1\" \/>\n<link rel=\"canonical\" href=\"https:\/\/www.grupefebe.com\/es\/prepara-tus-terrazas-consejos-para-las-compras-de-mobiliario-de-terrazas-en-residencias\/\" \/>\n<meta property=\"og:locale\" content=\"es_ES\" \/>\n<meta property=\"og:type\" content=\"article\" \/>\n<meta property=\"og:title\" content=\"Gu\u00eda de compras de mobiliario de terrazas | Grupo Efeb\u00e9\" \/>\n<meta property=\"og:description\" content=\"Planifica las compras de mobiliario de terrazas para residencias. Consejos para espacios exteriores antes del verano.\" \/>\n<meta property=\"og:url\" content=\"https:\/\/www.grupefebe.com\/es\/prepara-tus-terrazas-consejos-para-las-compras-de-mobiliario-de-terrazas-en-residencias\/\" \/>\n<meta property=\"og:site_name\" content=\"Grupo Efeb\u00e9\" \/>\n<meta property=\"article:publisher\" content=\"https:\/\/www.facebook.com\/grup.efebe\" \/>\n<meta property=\"article:published_time\" content=\"2026-01-27T08:50:34+00:00\" \/>\n<meta property=\"article:modified_time\" content=\"2026-01-27T09:28:12+00:00\" \/>\n<meta property=\"og:image\" content=\"https:\/\/www.grupefebe.com\/custom\/uploads\/2023\/05\/quatrofold-ezpeleta.jpg\" \/>\n\t<meta property=\"og:image:width\" content=\"952\" \/>\n\t<meta property=\"og:image:height\" content=\"635\" \/>\n\t<meta property=\"og:image:type\" content=\"image\/jpeg\" \/>\n<meta name=\"author\" content=\"Grup Efeb\u00e9\" \/>\n<meta name=\"twitter:card\" content=\"summary_large_image\" \/>\n<meta name=\"twitter:creator\" content=\"@grup_efebe\" \/>\n<meta name=\"twitter:site\" content=\"@grup_efebe\" \/>\n<meta name=\"twitter:label1\" content=\"Escrito por\" \/>\n\t<meta name=\"twitter:data1\" content=\"Grup Efeb\u00e9\" \/>\n\t<meta name=\"twitter:label2\" content=\"Tiempo de lectura\" \/>\n\t<meta name=\"twitter:data2\" content=\"5 minutos\" \/>\n<script type=\"application\/ld+json\" class=\"yoast-schema-graph\">{\"@context\":\"https:\/\/schema.org\",\"@graph\":[{\"@type\":\"Article\",\"@id\":\"https:\/\/www.grupefebe.com\/es\/prepara-tus-terrazas-consejos-para-las-compras-de-mobiliario-de-terrazas-en-residencias\/#article\",\"isPartOf\":{\"@id\":\"https:\/\/www.grupefebe.com\/es\/prepara-tus-terrazas-consejos-para-las-compras-de-mobiliario-de-terrazas-en-residencias\/\"},\"author\":{\"name\":\"Grup Efeb\u00e9\",\"@id\":\"https:\/\/www.grupefebe.com\/es\/#\/schema\/person\/76402b3180eef131413100afc3282997\"},\"headline\":\"Prepara tus terrazas: consejos para las compras de mobiliario de terrazas en residencias\",\"datePublished\":\"2026-01-27T08:50:34+00:00\",\"dateModified\":\"2026-01-27T09:28:12+00:00\",\"mainEntityOfPage\":{\"@id\":\"https:\/\/www.grupefebe.com\/es\/prepara-tus-terrazas-consejos-para-las-compras-de-mobiliario-de-terrazas-en-residencias\/\"},\"wordCount\":636,\"publisher\":{\"@id\":\"https:\/\/www.grupefebe.com\/es\/#organization\"},\"image\":{\"@id\":\"https:\/\/www.grupefebe.com\/es\/prepara-tus-terrazas-consejos-para-las-compras-de-mobiliario-de-terrazas-en-residencias\/#primaryimage\"},\"thumbnailUrl\":\"https:\/\/www.grupefebe.com\/custom\/uploads\/2023\/05\/quatrofold-ezpeleta.jpg\",\"articleSection\":[\"Residencias para mayores\"],\"inLanguage\":\"es\"},{\"@type\":\"WebPage\",\"@id\":\"https:\/\/www.grupefebe.com\/es\/prepara-tus-terrazas-consejos-para-las-compras-de-mobiliario-de-terrazas-en-residencias\/\",\"url\":\"https:\/\/www.grupefebe.com\/es\/prepara-tus-terrazas-consejos-para-las-compras-de-mobiliario-de-terrazas-en-residencias\/\",\"name\":\"Gu\u00eda de compras de mobiliario de terrazas | Grupo Efeb\u00e9\",\"isPartOf\":{\"@id\":\"https:\/\/www.grupefebe.com\/es\/#website\"},\"primaryImageOfPage\":{\"@id\":\"https:\/\/www.grupefebe.com\/es\/prepara-tus-terrazas-consejos-para-las-compras-de-mobiliario-de-terrazas-en-residencias\/#primaryimage\"},\"image\":{\"@id\":\"https:\/\/www.grupefebe.com\/es\/prepara-tus-terrazas-consejos-para-las-compras-de-mobiliario-de-terrazas-en-residencias\/#primaryimage\"},\"thumbnailUrl\":\"https:\/\/www.grupefebe.com\/custom\/uploads\/2023\/05\/quatrofold-ezpeleta.jpg\",\"datePublished\":\"2026-01-27T08:50:34+00:00\",\"dateModified\":\"2026-01-27T09:28:12+00:00\",\"description\":\"Planifica las compras de mobiliario de terrazas para residencias. Consejos para espacios exteriores antes del verano.\",\"breadcrumb\":{\"@id\":\"https:\/\/www.grupefebe.com\/es\/prepara-tus-terrazas-consejos-para-las-compras-de-mobiliario-de-terrazas-en-residencias\/#breadcrumb\"},\"inLanguage\":\"es\",\"potentialAction\":[{\"@type\":\"ReadAction\",\"target\":[\"https:\/\/www.grupefebe.com\/es\/prepara-tus-terrazas-consejos-para-las-compras-de-mobiliario-de-terrazas-en-residencias\/\"]}]},{\"@type\":\"ImageObject\",\"inLanguage\":\"es\",\"@id\":\"https:\/\/www.grupefebe.com\/es\/prepara-tus-terrazas-consejos-para-las-compras-de-mobiliario-de-terrazas-en-residencias\/#primaryimage\",\"url\":\"https:\/\/www.grupefebe.com\/custom\/uploads\/2023\/05\/quatrofold-ezpeleta.jpg\",\"contentUrl\":\"https:\/\/www.grupefebe.com\/custom\/uploads\/2023\/05\/quatrofold-ezpeleta.jpg\",\"width\":952,\"height\":635,\"caption\":\"Tablas de exterior- Mesa abatible Quatro Fold\"},{\"@type\":\"BreadcrumbList\",\"@id\":\"https:\/\/www.grupefebe.com\/es\/prepara-tus-terrazas-consejos-para-las-compras-de-mobiliario-de-terrazas-en-residencias\/#breadcrumb\",\"itemListElement\":[{\"@type\":\"ListItem\",\"position\":1,\"name\":\"Inici\",\"item\":\"https:\/\/www.grupefebe.com\/es\/\"},{\"@type\":\"ListItem\",\"position\":2,\"name\":\"Prepara tus terrazas: consejos para las compras de mobiliario de terrazas en residencias\"}]},{\"@type\":\"WebSite\",\"@id\":\"https:\/\/www.grupefebe.com\/es\/#website\",\"url\":\"https:\/\/www.grupefebe.com\/es\/\",\"name\":\"Grup Efeb\u00e9\",\"description\":\"Otro sitio realizado con WordPress\",\"publisher\":{\"@id\":\"https:\/\/www.grupefebe.com\/es\/#organization\"},\"potentialAction\":[{\"@type\":\"SearchAction\",\"target\":{\"@type\":\"EntryPoint\",\"urlTemplate\":\"https:\/\/www.grupefebe.com\/es\/?s={search_term_string}\"},\"query-input\":{\"@type\":\"PropertyValueSpecification\",\"valueRequired\":true,\"valueName\":\"search_term_string\"}}],\"inLanguage\":\"es\"},{\"@type\":\"Organization\",\"@id\":\"https:\/\/www.grupefebe.com\/es\/#organization\",\"name\":\"Grup Efeb\u00e9\",\"url\":\"https:\/\/www.grupefebe.com\/es\/\",\"logo\":{\"@type\":\"ImageObject\",\"inLanguage\":\"es\",\"@id\":\"https:\/\/www.grupefebe.com\/es\/#\/schema\/logo\/image\/\",\"url\":\"https:\/\/grupefebe.com\/custom\/uploads\/2021\/01\/logo-efebe.png\",\"contentUrl\":\"https:\/\/grupefebe.com\/custom\/uploads\/2021\/01\/logo-efebe.png\",\"width\":524,\"height\":135,\"caption\":\"Grup Efeb\u00e9\"},\"image\":{\"@id\":\"https:\/\/www.grupefebe.com\/es\/#\/schema\/logo\/image\/\"},\"sameAs\":[\"https:\/\/www.facebook.com\/grup.efebe\",\"https:\/\/x.com\/grup_efebe\",\"https:\/\/www.instagram.com\/grup_efebe\/\",\"https:\/\/www.linkedin.com\/company\/grupefebe\",\"https:\/\/www.youtube.com\/channel\/UCj11-LAuLhPfqrL2649Xzrw\"]},{\"@type\":\"Person\",\"@id\":\"https:\/\/www.grupefebe.com\/es\/#\/schema\/person\/76402b3180eef131413100afc3282997\",\"name\":\"Grup Efeb\u00e9\",\"image\":{\"@type\":\"ImageObject\",\"inLanguage\":\"es\",\"@id\":\"https:\/\/www.grupefebe.com\/es\/#\/schema\/person\/image\/\",\"url\":\"https:\/\/secure.gravatar.com\/avatar\/913bc6aa90480101061296ab9cad4bd4ccfb82c623a8820f3fd577558c1651be?s=96&d=mm&r=g\",\"contentUrl\":\"https:\/\/secure.gravatar.com\/avatar\/913bc6aa90480101061296ab9cad4bd4ccfb82c623a8820f3fd577558c1651be?s=96&d=mm&r=g\",\"caption\":\"Grup Efeb\u00e9\"},\"url\":\"https:\/\/www.grupefebe.com\/es\/author\/julia\/\"}]}<\/script>\n<!-- \/ Yoast SEO plugin. -->","yoast_head_json":{"title":"Gu\u00eda de compras de mobiliario de terrazas | Grupo Efeb\u00e9","description":"Planifica las compras de mobiliario de terrazas para residencias. Consejos para espacios exteriores antes del verano.","robots":{"index":"index","follow":"follow","max-snippet":"max-snippet:-1","max-image-preview":"max-image-preview:large","max-video-preview":"max-video-preview:-1"},"canonical":"https:\/\/www.grupefebe.com\/es\/prepara-tus-terrazas-consejos-para-las-compras-de-mobiliario-de-terrazas-en-residencias\/","og_locale":"es_ES","og_type":"article","og_title":"Gu\u00eda de compras de mobiliario de terrazas | Grupo Efeb\u00e9","og_description":"Planifica las compras de mobiliario de terrazas para residencias. Consejos para espacios exteriores antes del verano.","og_url":"https:\/\/www.grupefebe.com\/es\/prepara-tus-terrazas-consejos-para-las-compras-de-mobiliario-de-terrazas-en-residencias\/","og_site_name":"Grupo Efeb\u00e9","article_publisher":"https:\/\/www.facebook.com\/grup.efebe","article_published_time":"2026-01-27T08:50:34+00:00","article_modified_time":"2026-01-27T09:28:12+00:00","og_image":[{"width":952,"height":635,"url":"https:\/\/www.grupefebe.com\/custom\/uploads\/2023\/05\/quatrofold-ezpeleta.jpg","type":"image\/jpeg"}],"author":"Grup Efeb\u00e9","twitter_card":"summary_large_image","twitter_creator":"@grup_efebe","twitter_site":"@grup_efebe","twitter_misc":{"Escrito por":"Grup Efeb\u00e9","Tiempo de lectura":"5 minutos"},"schema":{"@context":"https:\/\/schema.org","@graph":[{"@type":"Article","@id":"https:\/\/www.grupefebe.com\/es\/prepara-tus-terrazas-consejos-para-las-compras-de-mobiliario-de-terrazas-en-residencias\/#article","isPartOf":{"@id":"https:\/\/www.grupefebe.com\/es\/prepara-tus-terrazas-consejos-para-las-compras-de-mobiliario-de-terrazas-en-residencias\/"},"author":{"name":"Grup Efeb\u00e9","@id":"https:\/\/www.grupefebe.com\/es\/#\/schema\/person\/76402b3180eef131413100afc3282997"},"headline":"Prepara tus terrazas: consejos para las compras de mobiliario de terrazas en residencias","datePublished":"2026-01-27T08:50:34+00:00","dateModified":"2026-01-27T09:28:12+00:00","mainEntityOfPage":{"@id":"https:\/\/www.grupefebe.com\/es\/prepara-tus-terrazas-consejos-para-las-compras-de-mobiliario-de-terrazas-en-residencias\/"},"wordCount":636,"publisher":{"@id":"https:\/\/www.grupefebe.com\/es\/#organization"},"image":{"@id":"https:\/\/www.grupefebe.com\/es\/prepara-tus-terrazas-consejos-para-las-compras-de-mobiliario-de-terrazas-en-residencias\/#primaryimage"},"thumbnailUrl":"https:\/\/www.grupefebe.com\/custom\/uploads\/2023\/05\/quatrofold-ezpeleta.jpg","articleSection":["Residencias para mayores"],"inLanguage":"es"},{"@type":"WebPage","@id":"https:\/\/www.grupefebe.com\/es\/prepara-tus-terrazas-consejos-para-las-compras-de-mobiliario-de-terrazas-en-residencias\/","url":"https:\/\/www.grupefebe.com\/es\/prepara-tus-terrazas-consejos-para-las-compras-de-mobiliario-de-terrazas-en-residencias\/","name":"Gu\u00eda de compras de mobiliario de terrazas | Grupo Efeb\u00e9","isPartOf":{"@id":"https:\/\/www.grupefebe.com\/es\/#website"},"primaryImageOfPage":{"@id":"https:\/\/www.grupefebe.com\/es\/prepara-tus-terrazas-consejos-para-las-compras-de-mobiliario-de-terrazas-en-residencias\/#primaryimage"},"image":{"@id":"https:\/\/www.grupefebe.com\/es\/prepara-tus-terrazas-consejos-para-las-compras-de-mobiliario-de-terrazas-en-residencias\/#primaryimage"},"thumbnailUrl":"https:\/\/www.grupefebe.com\/custom\/uploads\/2023\/05\/quatrofold-ezpeleta.jpg","datePublished":"2026-01-27T08:50:34+00:00","dateModified":"2026-01-27T09:28:12+00:00","description":"Planifica las compras de mobiliario de terrazas para residencias. Consejos para espacios exteriores antes del verano.","breadcrumb":{"@id":"https:\/\/www.grupefebe.com\/es\/prepara-tus-terrazas-consejos-para-las-compras-de-mobiliario-de-terrazas-en-residencias\/#breadcrumb"},"inLanguage":"es","potentialAction":[{"@type":"ReadAction","target":["https:\/\/www.grupefebe.com\/es\/prepara-tus-terrazas-consejos-para-las-compras-de-mobiliario-de-terrazas-en-residencias\/"]}]},{"@type":"ImageObject","inLanguage":"es","@id":"https:\/\/www.grupefebe.com\/es\/prepara-tus-terrazas-consejos-para-las-compras-de-mobiliario-de-terrazas-en-residencias\/#primaryimage","url":"https:\/\/www.grupefebe.com\/custom\/uploads\/2023\/05\/quatrofold-ezpeleta.jpg","contentUrl":"https:\/\/www.grupefebe.com\/custom\/uploads\/2023\/05\/quatrofold-ezpeleta.jpg","width":952,"height":635,"caption":"Tablas de exterior- Mesa abatible Quatro Fold"},{"@type":"BreadcrumbList","@id":"https:\/\/www.grupefebe.com\/es\/prepara-tus-terrazas-consejos-para-las-compras-de-mobiliario-de-terrazas-en-residencias\/#breadcrumb","itemListElement":[{"@type":"ListItem","position":1,"name":"Inici","item":"https:\/\/www.grupefebe.com\/es\/"},{"@type":"ListItem","position":2,"name":"Prepara tus terrazas: consejos para las compras de mobiliario de terrazas en residencias"}]},{"@type":"WebSite","@id":"https:\/\/www.grupefebe.com\/es\/#website","url":"https:\/\/www.grupefebe.com\/es\/","name":"Grup Efeb\u00e9","description":"Otro sitio realizado con WordPress","publisher":{"@id":"https:\/\/www.grupefebe.com\/es\/#organization"},"potentialAction":[{"@type":"SearchAction","target":{"@type":"EntryPoint","urlTemplate":"https:\/\/www.grupefebe.com\/es\/?s={search_term_string}"},"query-input":{"@type":"PropertyValueSpecification","valueRequired":true,"valueName":"search_term_string"}}],"inLanguage":"es"},{"@type":"Organization","@id":"https:\/\/www.grupefebe.com\/es\/#organization","name":"Grup Efeb\u00e9","url":"https:\/\/www.grupefebe.com\/es\/","logo":{"@type":"ImageObject","inLanguage":"es","@id":"https:\/\/www.grupefebe.com\/es\/#\/schema\/logo\/image\/","url":"https:\/\/grupefebe.com\/custom\/uploads\/2021\/01\/logo-efebe.png","contentUrl":"https:\/\/grupefebe.com\/custom\/uploads\/2021\/01\/logo-efebe.png","width":524,"height":135,"caption":"Grup Efeb\u00e9"},"image":{"@id":"https:\/\/www.grupefebe.com\/es\/#\/schema\/logo\/image\/"},"sameAs":["https:\/\/www.facebook.com\/grup.efebe","https:\/\/x.com\/grup_efebe","https:\/\/www.instagram.com\/grup_efebe\/","https:\/\/www.linkedin.com\/company\/grupefebe","https:\/\/www.youtube.com\/channel\/UCj11-LAuLhPfqrL2649Xzrw"]},{"@type":"Person","@id":"https:\/\/www.grupefebe.com\/es\/#\/schema\/person\/76402b3180eef131413100afc3282997","name":"Grup Efeb\u00e9","image":{"@type":"ImageObject","inLanguage":"es","@id":"https:\/\/www.grupefebe.com\/es\/#\/schema\/person\/image\/","url":"https:\/\/secure.gravatar.com\/avatar\/913bc6aa90480101061296ab9cad4bd4ccfb82c623a8820f3fd577558c1651be?s=96&d=mm&r=g","contentUrl":"https:\/\/secure.gravatar.com\/avatar\/913bc6aa90480101061296ab9cad4bd4ccfb82c623a8820f3fd577558c1651be?s=96&d=mm&r=g","caption":"Grup Efeb\u00e9"},"url":"https:\/\/www.grupefebe.com\/es\/author\/julia\/"}]}},"_links":{"self":[{"href":"https:\/\/www.grupefebe.com\/es\/wp-json\/wp\/v2\/posts\/28093","targetHints":{"allow":["GET"]}}],"collection":[{"href":"https:\/\/www.grupefebe.com\/es\/wp-json\/wp\/v2\/posts"}],"about":[{"href":"https:\/\/www.grupefebe.com\/es\/wp-json\/wp\/v2\/types\/post"}],"author":[{"embeddable":true,"href":"https:\/\/www.grupefebe.com\/es\/wp-json\/wp\/v2\/users\/2"}],"replies":[{"embeddable":true,"href":"https:\/\/www.grupefebe.com\/es\/wp-json\/wp\/v2\/comments?post=28093"}],"version-history":[{"count":2,"href":"https:\/\/www.grupefebe.com\/es\/wp-json\/wp\/v2\/posts\/28093\/revisions"}],"predecessor-version":[{"id":28102,"href":"https:\/\/www.grupefebe.com\/es\/wp-json\/wp\/v2\/posts\/28093\/revisions\/28102"}],"wp:featuredmedia":[{"embeddable":true,"href":"https:\/\/www.grupefebe.com\/es\/wp-json\/wp\/v2\/media\/14141"}],"wp:attachment":[{"href":"https:\/\/www.grupefebe.com\/es\/wp-json\/wp\/v2\/media?parent=28093"}],"wp:term":[{"taxonomy":"category","embeddable":true,"href":"https:\/\/www.grupefebe.com\/es\/wp-json\/wp\/v2\/categories?post=28093"}],"curies":[{"name":"wp","href":"https:\/\/api.w.org\/{rel}","templated":true}]}}