{"id":27883,"date":"2025-10-20T11:31:45","date_gmt":"2025-10-20T11:31:45","guid":{"rendered":"https:\/\/grupefebe.com\/efebe-en-la-barcelona-design-week-2025-diseno-acustico-para-mejorar-el-bienestar-en-los-espacios\/"},"modified":"2025-10-20T11:31:45","modified_gmt":"2025-10-20T11:31:45","slug":"efebe-en-la-barcelona-design-week-2025-diseno-acustico-para-mejorar-el-bienestar-en-los-espacios","status":"publish","type":"post","link":"https:\/\/www.grupefebe.com\/es\/efebe-en-la-barcelona-design-week-2025-diseno-acustico-para-mejorar-el-bienestar-en-los-espacios\/","title":{"rendered":"Efeb\u00e9 en la Barcelona Design Week 2025: dise\u00f1o ac\u00fastico para mejorar el bienestar en los espacios"},"content":{"rendered":"<p data-start=\"660\" data-end=\"997\">El <strong data-start=\"663\" data-end=\"679\">16 de octubre<\/strong>, el <strong data-start=\"684\" data-end=\"704\">showroom de Efeb\u00e9<\/strong> acogi\u00f3 una actividad muy especial dentro de la <a href=\"https:\/\/barcelonadesignweek.com\/\"><strong data-start=\"752\" data-end=\"782\">Barcelona Design Week 2025<\/strong><\/a>.<br data-start=\"783\" data-end=\"786\">La jornada reuni\u00f3 a profesionales del dise\u00f1o, la arquitectura y el facility management para reflexionar sobre el <strong data-start=\"899\" data-end=\"918\">dise\u00f1o ac\u00fastico<\/strong> y su papel en la creaci\u00f3n de espacios saludables, funcionales y confortables.<\/p>\n<h2 data-start=\"999\" data-end=\"1048\">El ruido, un reto cada vez m\u00e1s presente<\/h2>\n<p data-start=\"1050\" data-end=\"1375\">Seg\u00fan <a href=\"https:\/\/www.who.int\/europe\/publications\/i\/item\/9789289053563\"><strong data-start=\"1059\" data-end=\"1095\">la Organizaci\u00f3n Mundial de la Salud<\/strong><\/a>, el ruido es uno de los principales factores ambientales que afecta a la salud.<br data-start=\"1168\" data-end=\"1171\">Puede generar estr\u00e9s, fatiga mental y dificultades de concentraci\u00f3n.<\/p>\n<p data-start=\"1377\" data-end=\"1650\">Por ello, el <strong data-start=\"1390\" data-end=\"1409\">dise\u00f1o ac\u00fastico<\/strong> se ha convertido en una herramienta clave para mejorar el confort y el bienestar en oficinas, escuelas y residencias.<br data-start=\"1514\" data-end=\"1517\">En Efeb\u00e9, hace m\u00e1s de 25 a\u00f1os que trabajamos para crear <strong data-start=\"1568\" data-end=\"1589\">espacios saludables<\/strong> que combinan <strong data-start=\"1603\" data-end=\"1647\">est\u00e9tica, sostenibilidad y funcionalidad<\/strong>.<\/p>\n<h3 data-start=\"1652\" data-end=\"1699\"><img loading=\"lazy\" decoding=\"async\" class=\" wp-image-27873 alignleft\" src=\"https:\/\/grupefebe.com\/custom\/uploads\/2025\/10\/acustica-768x1024.jpeg\" alt=\"presentaci\u00f3n de dise\u00f1o\" width=\"458\" height=\"611\" srcset=\"https:\/\/www.grupefebe.com\/custom\/uploads\/2025\/10\/acustica-768x1024.jpeg 768w, https:\/\/www.grupefebe.com\/custom\/uploads\/2025\/10\/acustica-225x300.jpeg 225w, https:\/\/www.grupefebe.com\/custom\/uploads\/2025\/10\/acustica-1152x1536.jpeg 1152w, https:\/\/www.grupefebe.com\/custom\/uploads\/2025\/10\/acustica.jpeg 1536w\" sizes=\"auto, (max-width: 458px) 100vw, 458px\" \/>Tres voces para entender el confort ac\u00fastico<\/h3>\n<p data-start=\"1701\" data-end=\"1795\">Durante la sesi\u00f3n, tres profesionales de Efeb\u00e9 compartieron conocimiento y experiencias reales.<\/p>\n<ul data-start=\"1797\" data-end=\"2473\">\n<li data-start=\"1797\" data-end=\"1945\">\n<p data-start=\"1799\" data-end=\"1945\"><strong data-start=\"1799\" data-end=\"1813\">Aina Valls<\/strong>, responsable de marketing, present\u00f3 la jornada y destac\u00f3 la importancia de la ac\u00fastica dentro del dise\u00f1o integral de espacios.<\/p>\n<\/li>\n<li data-start=\"1946\" data-end=\"2270\">\n<p data-start=\"1948\" data-end=\"2270\"><strong data-start=\"1948\" data-end=\"1970\">Adriana Villaverde<\/strong>, arquitecta especializada en escuelas, mostr\u00f3 <strong data-start=\"2021\" data-end=\"2037\">casos de \u00e9xito<\/strong> donde se han aplicado soluciones ac\u00fasticas para reducir el ruido y mejorar la concentraci\u00f3n. Habl\u00f3, por ejemplo, del <strong data-start=\"2154\" data-end=\"2193\">Aula FluAp de La Salle Santa Coloma<\/strong>, del <strong data-start=\"2199\" data-end=\"2235\">comedor de Escol\u00e0pies Sant Mart\u00ed<\/strong> y de la <strong data-start=\"2243\" data-end=\"2267\">Escola Pia de Sarri\u00e0<\/strong>. <\/p>\n<\/li>\n<li data-start=\"2271\" data-end=\"2473\">\n<p data-start=\"2273\" data-end=\"2473\"><strong data-start=\"2273\" data-end=\"2290\">\u00c1ngel G\u00f3mez, dise\u00f1adora<\/strong> y experta en equipamiento de oficinas, present\u00f3 las \u00faltimas <strong data-start=\"2366\" data-end=\"2412\">tendencias ac\u00fasticas en el sector laboral<\/strong>, como las <strong data-start=\"2422\" data-end=\"2455\">cabinas ac\u00fasticas modulables<\/strong> de Mute Design.<\/p>\n<\/li>\n<\/ul>\n<p data-start=\"2475\" data-end=\"2659\">Estas soluciones, pensadas inicialmente para oficinas, se convierten cada vez en m\u00e1s \u00fatiles en otros \u00e1mbitos, como las <strong data-start=\"2587\" data-end=\"2612\">bibliotecas escolares<\/strong> o los <strong data-start=\"2619\" data-end=\"2656\">espacios de concentraci\u00f3n compartidos<\/strong>.<\/p>\n<h2 data-start=\"2661\" data-end=\"2712\">Aislar, insonorizar y reducir la reverberaci\u00f3n<\/h2>\n<p data-start=\"2714\" data-end=\"2877\">El <strong data-start=\"2717\" data-end=\"2736\">dise\u00f1o ac\u00fastico<\/strong> no consiste s\u00f3lo en eliminar ruido.<br data-start=\"2775\" data-end=\"2778\">El objetivo es <strong data-start=\"2792\" data-end=\"2831\">gestionarlo de manera inteligente<\/strong> para mejorar la calidad sonora del espacio.<\/p>\n<p data-start=\"2879\" data-end=\"3161\">Por ello, durante la jornada se explicaron tres conceptos b\u00e1sicos:<br data-start=\"2945\" data-end=\"2948\">\ud83d\udc49 <strong data-start=\"2951\" data-end=\"2961\">Aislar<\/strong>, para evitar que el ruido pase de un espacio a otro.<br data-start=\"3016\" data-end=\"3019\">\ud83d\udc49 <strong data-start=\"3022\" data-end=\"3038\">Insonorizar<\/strong>, para controlar las fuentes de ruido internas.<br data-start=\"3083\" data-end=\"3086\">\ud83d\udc49 <strong data-start=\"3089\" data-end=\"3115\">Reducir la reverberaci\u00f3n<\/strong>, para conseguir una mejor claridad del sonido.<\/p>\n<p data-start=\"3163\" data-end=\"3340\">Los asistentes pudieron ver y tocar <strong data-start=\"3202\" data-end=\"3241\">muestras reales de materiales ac\u00fasticos<\/strong>, como paneles fonoabsorbentes, revestimientos textiles y estructuras de madera con propiedades sonoras.<\/p>\n<h3 data-start=\"3342\" data-end=\"3388\">Las oficinas, motor de innovaci\u00f3n ac\u00fastica<\/h3>\n<p data-start=\"3390\" data-end=\"3574\">Las <strong data-start=\"3394\" data-end=\"3406\">oficinas<\/strong> son actualmente un <strong data-start=\"3425\" data-end=\"3460\">laboratorio de innovaci\u00f3n ac\u00fastica<\/strong>.<br data-start=\"3461\" data-end=\"3464\">Este sector lidera tendencias que luego llegan a otros \u00e1mbitos, como la educaci\u00f3n o la atenci\u00f3n residencial.<\/p>\n<p data-start=\"3576\" data-end=\"3833\">De hecho, soluciones como las cabinas ac\u00fasticas o los paneles modulables se est\u00e1n adaptando r\u00e1pidamente a las necesidades de las escuelas.<br data-start=\"3707\" data-end=\"3710\">As\u00ed, espacios como las bibliotecas o las aulas polivalentes pueden ofrecer zonas de concentraci\u00f3n m\u00e1s confortables y privadas.<\/p>\n<p data-start=\"3576\" data-end=\"3833\"><img loading=\"lazy\" decoding=\"async\" class=\"alignnone wp-image-27875\" src=\"https:\/\/grupefebe.com\/custom\/uploads\/2025\/10\/equip-efebe-bdw2025-768x1024.jpeg\" alt=\"equipo de dise\u00f1o en barcelona\" width=\"395\" height=\"527\" srcset=\"https:\/\/www.grupefebe.com\/custom\/uploads\/2025\/10\/equip-efebe-bdw2025-768x1024.jpeg 768w, https:\/\/www.grupefebe.com\/custom\/uploads\/2025\/10\/equip-efebe-bdw2025-225x300.jpeg 225w, https:\/\/www.grupefebe.com\/custom\/uploads\/2025\/10\/equip-efebe-bdw2025-1152x1536.jpeg 1152w, https:\/\/www.grupefebe.com\/custom\/uploads\/2025\/10\/equip-efebe-bdw2025.jpeg 1536w\" sizes=\"auto, (max-width: 395px) 100vw, 395px\" \/>    <img loading=\"lazy\" decoding=\"async\" class=\"alignnone wp-image-27876\" src=\"https:\/\/grupefebe.com\/custom\/uploads\/2025\/10\/IMG_1491-768x1024.jpeg\" alt=\"exposici\u00f3n de materiales ac\u00fasticos\" width=\"394\" height=\"525\" srcset=\"https:\/\/www.grupefebe.com\/custom\/uploads\/2025\/10\/IMG_1491-768x1024.jpeg 768w, https:\/\/www.grupefebe.com\/custom\/uploads\/2025\/10\/IMG_1491-225x300.jpeg 225w, https:\/\/www.grupefebe.com\/custom\/uploads\/2025\/10\/IMG_1491-1152x1536.jpeg 1152w, https:\/\/www.grupefebe.com\/custom\/uploads\/2025\/10\/IMG_1491.jpeg 1536w\" sizes=\"auto, (max-width: 394px) 100vw, 394px\" \/><\/p>\n<h2 data-start=\"3835\" data-end=\"3879\">Un paso m\u00e1s hacia espacios m\u00e1s saludables<\/h2>\n<p data-start=\"3881\" data-end=\"4231\">En resumen, la participaci\u00f3n de Efeb\u00e9 en la <strong data-start=\"3920\" data-end=\"3950\">Barcelona Design Week 2025<\/strong> demostr\u00f3 que el <strong data-start=\"3971\" data-end=\"3990\">dise\u00f1o ac\u00fastico<\/strong> es esencial para mejorar la salud y el bienestar en cualquier entorno.<br data-start=\"4059\" data-end=\"4062\">La ac\u00fastica ya no es s\u00f3lo una cuesti\u00f3n t\u00e9cnica: es una herramienta de <strong data-start=\"4124\" data-end=\"4145\">dise\u00f1o emocional<\/strong> que influye directamente en la productividad y la calidad de vida de las personas.<\/p>\n<p data-start=\"4233\" data-end=\"4381\">En Efeb\u00e9 continuaremos trabajando para crear <strong data-start=\"4274\" data-end=\"4321\">espacios sostenibles, funcionales y saludables<\/strong> que respondan a las necesidades del presente y del futuro.<\/p>\n<p data-start=\"4383\" data-end=\"4505\">\ud83d\udccd <em data-start=\"4386\" data-end=\"4503\">Descubre m\u00e1s sobre nuestros proyectos y soluciones ac\u00fasticas a <a class=\"decorated-link\" href=\"https:\/\/www.grupefebe.com\" target=\"_new\" rel=\"noopener\" data-start=\"4455\" data-end=\"4501\">www.grupefebe.com<\/a><\/em><\/p>\n","protected":false},"excerpt":{"rendered":"<p>El 16 de octubre, el showroom de Efeb\u00e9 acogi\u00f3 una actividad muy especial dentro de la Barcelona Design Week 2025.La [&hellip;]<\/p>\n","protected":false},"author":2,"featured_media":27882,"comment_status":"closed","ping_status":"closed","sticky":false,"template":"","format":"standard","meta":{"_acf_changed":false,"footnotes":"","_links_to":"","_links_to_target":""},"categories":[203],"class_list":["post-27883","post","type-post","status-publish","format-standard","has-post-thumbnail","hentry","category-escuelas"],"acf":[],"yoast_head":"<!-- This site is optimized with the Yoast SEO plugin v25.9 - https:\/\/yoast.com\/wordpress\/plugins\/seo\/ -->\n<title>BDW 2025: dise\u00f1o ac\u00fastico para mejorar el bienestar en los espacios | Grupo Efeb\u00e9<\/title>\n<meta name=\"description\" content=\"Efeb\u00e9 participa en la Barcelona Design Week 2025 con una jornada dedicada al dise\u00f1o ac\u00fastico en escuelas y oficinas.\" \/>\n<meta name=\"robots\" content=\"index, follow, max-snippet:-1, max-image-preview:large, max-video-preview:-1\" \/>\n<link rel=\"canonical\" href=\"https:\/\/www.grupefebe.com\/es\/efebe-en-la-barcelona-design-week-2025-diseno-acustico-para-mejorar-el-bienestar-en-los-espacios\/\" \/>\n<meta property=\"og:locale\" content=\"es_ES\" \/>\n<meta property=\"og:type\" content=\"article\" \/>\n<meta property=\"og:title\" content=\"BDW 2025: dise\u00f1o ac\u00fastico para mejorar el bienestar en los espacios | Grupo Efeb\u00e9\" \/>\n<meta property=\"og:description\" content=\"Efeb\u00e9 participa en la Barcelona Design Week 2025 con una jornada dedicada al dise\u00f1o ac\u00fastico en escuelas y oficinas.\" \/>\n<meta property=\"og:url\" content=\"https:\/\/www.grupefebe.com\/es\/efebe-en-la-barcelona-design-week-2025-diseno-acustico-para-mejorar-el-bienestar-en-los-espacios\/\" \/>\n<meta property=\"og:site_name\" content=\"Grupo Efeb\u00e9\" \/>\n<meta property=\"article:publisher\" content=\"https:\/\/www.facebook.com\/grup.efebe\" \/>\n<meta property=\"article:published_time\" content=\"2025-10-20T11:31:45+00:00\" \/>\n<meta property=\"og:image\" content=\"https:\/\/www.grupefebe.com\/custom\/uploads\/2025\/10\/disseny-acustic-barcelona-design-week-2025.jpeg\" \/>\n\t<meta property=\"og:image:width\" content=\"2048\" \/>\n\t<meta property=\"og:image:height\" content=\"1536\" \/>\n\t<meta property=\"og:image:type\" content=\"image\/jpeg\" \/>\n<meta name=\"author\" content=\"Grup Efeb\u00e9\" \/>\n<meta name=\"twitter:card\" content=\"summary_large_image\" \/>\n<meta name=\"twitter:creator\" content=\"@grup_efebe\" \/>\n<meta name=\"twitter:site\" content=\"@grup_efebe\" \/>\n<meta name=\"twitter:label1\" content=\"Escrito por\" \/>\n\t<meta name=\"twitter:data1\" content=\"Grup Efeb\u00e9\" \/>\n\t<meta name=\"twitter:label2\" content=\"Tiempo de lectura\" \/>\n\t<meta name=\"twitter:data2\" content=\"3 minutos\" \/>\n<script type=\"application\/ld+json\" class=\"yoast-schema-graph\">{\"@context\":\"https:\/\/schema.org\",\"@graph\":[{\"@type\":\"Article\",\"@id\":\"https:\/\/www.grupefebe.com\/es\/efebe-en-la-barcelona-design-week-2025-diseno-acustico-para-mejorar-el-bienestar-en-los-espacios\/#article\",\"isPartOf\":{\"@id\":\"https:\/\/www.grupefebe.com\/es\/efebe-en-la-barcelona-design-week-2025-diseno-acustico-para-mejorar-el-bienestar-en-los-espacios\/\"},\"author\":{\"name\":\"Grup Efeb\u00e9\",\"@id\":\"https:\/\/www.grupefebe.com\/es\/#\/schema\/person\/76402b3180eef131413100afc3282997\"},\"headline\":\"Efeb\u00e9 en la Barcelona Design Week 2025: dise\u00f1o ac\u00fastico para mejorar el bienestar en los espacios\",\"datePublished\":\"2025-10-20T11:31:45+00:00\",\"mainEntityOfPage\":{\"@id\":\"https:\/\/www.grupefebe.com\/es\/efebe-en-la-barcelona-design-week-2025-diseno-acustico-para-mejorar-el-bienestar-en-los-espacios\/\"},\"wordCount\":603,\"publisher\":{\"@id\":\"https:\/\/www.grupefebe.com\/es\/#organization\"},\"image\":{\"@id\":\"https:\/\/www.grupefebe.com\/es\/efebe-en-la-barcelona-design-week-2025-diseno-acustico-para-mejorar-el-bienestar-en-los-espacios\/#primaryimage\"},\"thumbnailUrl\":\"https:\/\/www.grupefebe.com\/custom\/uploads\/2025\/10\/disseny-acustic-barcelona-design-week-2025.jpeg\",\"articleSection\":[\"Escuelas\"],\"inLanguage\":\"es\"},{\"@type\":\"WebPage\",\"@id\":\"https:\/\/www.grupefebe.com\/es\/efebe-en-la-barcelona-design-week-2025-diseno-acustico-para-mejorar-el-bienestar-en-los-espacios\/\",\"url\":\"https:\/\/www.grupefebe.com\/es\/efebe-en-la-barcelona-design-week-2025-diseno-acustico-para-mejorar-el-bienestar-en-los-espacios\/\",\"name\":\"BDW 2025: dise\u00f1o ac\u00fastico para mejorar el bienestar en los espacios | Grupo Efeb\u00e9\",\"isPartOf\":{\"@id\":\"https:\/\/www.grupefebe.com\/es\/#website\"},\"primaryImageOfPage\":{\"@id\":\"https:\/\/www.grupefebe.com\/es\/efebe-en-la-barcelona-design-week-2025-diseno-acustico-para-mejorar-el-bienestar-en-los-espacios\/#primaryimage\"},\"image\":{\"@id\":\"https:\/\/www.grupefebe.com\/es\/efebe-en-la-barcelona-design-week-2025-diseno-acustico-para-mejorar-el-bienestar-en-los-espacios\/#primaryimage\"},\"thumbnailUrl\":\"https:\/\/www.grupefebe.com\/custom\/uploads\/2025\/10\/disseny-acustic-barcelona-design-week-2025.jpeg\",\"datePublished\":\"2025-10-20T11:31:45+00:00\",\"description\":\"Efeb\u00e9 participa en la Barcelona Design Week 2025 con una jornada dedicada al dise\u00f1o ac\u00fastico en escuelas y oficinas.\",\"breadcrumb\":{\"@id\":\"https:\/\/www.grupefebe.com\/es\/efebe-en-la-barcelona-design-week-2025-diseno-acustico-para-mejorar-el-bienestar-en-los-espacios\/#breadcrumb\"},\"inLanguage\":\"es\",\"potentialAction\":[{\"@type\":\"ReadAction\",\"target\":[\"https:\/\/www.grupefebe.com\/es\/efebe-en-la-barcelona-design-week-2025-diseno-acustico-para-mejorar-el-bienestar-en-los-espacios\/\"]}]},{\"@type\":\"ImageObject\",\"inLanguage\":\"es\",\"@id\":\"https:\/\/www.grupefebe.com\/es\/efebe-en-la-barcelona-design-week-2025-diseno-acustico-para-mejorar-el-bienestar-en-los-espacios\/#primaryimage\",\"url\":\"https:\/\/www.grupefebe.com\/custom\/uploads\/2025\/10\/disseny-acustic-barcelona-design-week-2025.jpeg\",\"contentUrl\":\"https:\/\/www.grupefebe.com\/custom\/uploads\/2025\/10\/disseny-acustic-barcelona-design-week-2025.jpeg\",\"width\":2048,\"height\":1536,\"caption\":\"materiales para el dise\u00f1o ac\u00fastico\"},{\"@type\":\"BreadcrumbList\",\"@id\":\"https:\/\/www.grupefebe.com\/es\/efebe-en-la-barcelona-design-week-2025-diseno-acustico-para-mejorar-el-bienestar-en-los-espacios\/#breadcrumb\",\"itemListElement\":[{\"@type\":\"ListItem\",\"position\":1,\"name\":\"Inici\",\"item\":\"https:\/\/www.grupefebe.com\/es\/\"},{\"@type\":\"ListItem\",\"position\":2,\"name\":\"Efeb\u00e9 en la Barcelona Design Week 2025: dise\u00f1o ac\u00fastico para mejorar el bienestar en los espacios\"}]},{\"@type\":\"WebSite\",\"@id\":\"https:\/\/www.grupefebe.com\/es\/#website\",\"url\":\"https:\/\/www.grupefebe.com\/es\/\",\"name\":\"Grup Efeb\u00e9\",\"description\":\"Otro sitio realizado con WordPress\",\"publisher\":{\"@id\":\"https:\/\/www.grupefebe.com\/es\/#organization\"},\"potentialAction\":[{\"@type\":\"SearchAction\",\"target\":{\"@type\":\"EntryPoint\",\"urlTemplate\":\"https:\/\/www.grupefebe.com\/es\/?s={search_term_string}\"},\"query-input\":{\"@type\":\"PropertyValueSpecification\",\"valueRequired\":true,\"valueName\":\"search_term_string\"}}],\"inLanguage\":\"es\"},{\"@type\":\"Organization\",\"@id\":\"https:\/\/www.grupefebe.com\/es\/#organization\",\"name\":\"Grup Efeb\u00e9\",\"url\":\"https:\/\/www.grupefebe.com\/es\/\",\"logo\":{\"@type\":\"ImageObject\",\"inLanguage\":\"es\",\"@id\":\"https:\/\/www.grupefebe.com\/es\/#\/schema\/logo\/image\/\",\"url\":\"https:\/\/grupefebe.com\/custom\/uploads\/2021\/01\/logo-efebe.png\",\"contentUrl\":\"https:\/\/grupefebe.com\/custom\/uploads\/2021\/01\/logo-efebe.png\",\"width\":524,\"height\":135,\"caption\":\"Grup Efeb\u00e9\"},\"image\":{\"@id\":\"https:\/\/www.grupefebe.com\/es\/#\/schema\/logo\/image\/\"},\"sameAs\":[\"https:\/\/www.facebook.com\/grup.efebe\",\"https:\/\/x.com\/grup_efebe\",\"https:\/\/www.instagram.com\/grup_efebe\/\",\"https:\/\/www.linkedin.com\/company\/grupefebe\",\"https:\/\/www.youtube.com\/channel\/UCj11-LAuLhPfqrL2649Xzrw\"]},{\"@type\":\"Person\",\"@id\":\"https:\/\/www.grupefebe.com\/es\/#\/schema\/person\/76402b3180eef131413100afc3282997\",\"name\":\"Grup Efeb\u00e9\",\"image\":{\"@type\":\"ImageObject\",\"inLanguage\":\"es\",\"@id\":\"https:\/\/www.grupefebe.com\/es\/#\/schema\/person\/image\/\",\"url\":\"https:\/\/secure.gravatar.com\/avatar\/913bc6aa90480101061296ab9cad4bd4ccfb82c623a8820f3fd577558c1651be?s=96&d=mm&r=g\",\"contentUrl\":\"https:\/\/secure.gravatar.com\/avatar\/913bc6aa90480101061296ab9cad4bd4ccfb82c623a8820f3fd577558c1651be?s=96&d=mm&r=g\",\"caption\":\"Grup Efeb\u00e9\"},\"url\":\"https:\/\/www.grupefebe.com\/es\/author\/julia\/\"}]}<\/script>\n<!-- \/ Yoast SEO plugin. -->","yoast_head_json":{"title":"BDW 2025: dise\u00f1o ac\u00fastico para mejorar el bienestar en los espacios | Grupo Efeb\u00e9","description":"Efeb\u00e9 participa en la Barcelona Design Week 2025 con una jornada dedicada al dise\u00f1o ac\u00fastico en escuelas y oficinas.","robots":{"index":"index","follow":"follow","max-snippet":"max-snippet:-1","max-image-preview":"max-image-preview:large","max-video-preview":"max-video-preview:-1"},"canonical":"https:\/\/www.grupefebe.com\/es\/efebe-en-la-barcelona-design-week-2025-diseno-acustico-para-mejorar-el-bienestar-en-los-espacios\/","og_locale":"es_ES","og_type":"article","og_title":"BDW 2025: dise\u00f1o ac\u00fastico para mejorar el bienestar en los espacios | Grupo Efeb\u00e9","og_description":"Efeb\u00e9 participa en la Barcelona Design Week 2025 con una jornada dedicada al dise\u00f1o ac\u00fastico en escuelas y oficinas.","og_url":"https:\/\/www.grupefebe.com\/es\/efebe-en-la-barcelona-design-week-2025-diseno-acustico-para-mejorar-el-bienestar-en-los-espacios\/","og_site_name":"Grupo Efeb\u00e9","article_publisher":"https:\/\/www.facebook.com\/grup.efebe","article_published_time":"2025-10-20T11:31:45+00:00","og_image":[{"width":2048,"height":1536,"url":"https:\/\/www.grupefebe.com\/custom\/uploads\/2025\/10\/disseny-acustic-barcelona-design-week-2025.jpeg","type":"image\/jpeg"}],"author":"Grup Efeb\u00e9","twitter_card":"summary_large_image","twitter_creator":"@grup_efebe","twitter_site":"@grup_efebe","twitter_misc":{"Escrito por":"Grup Efeb\u00e9","Tiempo de lectura":"3 minutos"},"schema":{"@context":"https:\/\/schema.org","@graph":[{"@type":"Article","@id":"https:\/\/www.grupefebe.com\/es\/efebe-en-la-barcelona-design-week-2025-diseno-acustico-para-mejorar-el-bienestar-en-los-espacios\/#article","isPartOf":{"@id":"https:\/\/www.grupefebe.com\/es\/efebe-en-la-barcelona-design-week-2025-diseno-acustico-para-mejorar-el-bienestar-en-los-espacios\/"},"author":{"name":"Grup Efeb\u00e9","@id":"https:\/\/www.grupefebe.com\/es\/#\/schema\/person\/76402b3180eef131413100afc3282997"},"headline":"Efeb\u00e9 en la Barcelona Design Week 2025: dise\u00f1o ac\u00fastico para mejorar el bienestar en los espacios","datePublished":"2025-10-20T11:31:45+00:00","mainEntityOfPage":{"@id":"https:\/\/www.grupefebe.com\/es\/efebe-en-la-barcelona-design-week-2025-diseno-acustico-para-mejorar-el-bienestar-en-los-espacios\/"},"wordCount":603,"publisher":{"@id":"https:\/\/www.grupefebe.com\/es\/#organization"},"image":{"@id":"https:\/\/www.grupefebe.com\/es\/efebe-en-la-barcelona-design-week-2025-diseno-acustico-para-mejorar-el-bienestar-en-los-espacios\/#primaryimage"},"thumbnailUrl":"https:\/\/www.grupefebe.com\/custom\/uploads\/2025\/10\/disseny-acustic-barcelona-design-week-2025.jpeg","articleSection":["Escuelas"],"inLanguage":"es"},{"@type":"WebPage","@id":"https:\/\/www.grupefebe.com\/es\/efebe-en-la-barcelona-design-week-2025-diseno-acustico-para-mejorar-el-bienestar-en-los-espacios\/","url":"https:\/\/www.grupefebe.com\/es\/efebe-en-la-barcelona-design-week-2025-diseno-acustico-para-mejorar-el-bienestar-en-los-espacios\/","name":"BDW 2025: dise\u00f1o ac\u00fastico para mejorar el bienestar en los espacios | Grupo Efeb\u00e9","isPartOf":{"@id":"https:\/\/www.grupefebe.com\/es\/#website"},"primaryImageOfPage":{"@id":"https:\/\/www.grupefebe.com\/es\/efebe-en-la-barcelona-design-week-2025-diseno-acustico-para-mejorar-el-bienestar-en-los-espacios\/#primaryimage"},"image":{"@id":"https:\/\/www.grupefebe.com\/es\/efebe-en-la-barcelona-design-week-2025-diseno-acustico-para-mejorar-el-bienestar-en-los-espacios\/#primaryimage"},"thumbnailUrl":"https:\/\/www.grupefebe.com\/custom\/uploads\/2025\/10\/disseny-acustic-barcelona-design-week-2025.jpeg","datePublished":"2025-10-20T11:31:45+00:00","description":"Efeb\u00e9 participa en la Barcelona Design Week 2025 con una jornada dedicada al dise\u00f1o ac\u00fastico en escuelas y oficinas.","breadcrumb":{"@id":"https:\/\/www.grupefebe.com\/es\/efebe-en-la-barcelona-design-week-2025-diseno-acustico-para-mejorar-el-bienestar-en-los-espacios\/#breadcrumb"},"inLanguage":"es","potentialAction":[{"@type":"ReadAction","target":["https:\/\/www.grupefebe.com\/es\/efebe-en-la-barcelona-design-week-2025-diseno-acustico-para-mejorar-el-bienestar-en-los-espacios\/"]}]},{"@type":"ImageObject","inLanguage":"es","@id":"https:\/\/www.grupefebe.com\/es\/efebe-en-la-barcelona-design-week-2025-diseno-acustico-para-mejorar-el-bienestar-en-los-espacios\/#primaryimage","url":"https:\/\/www.grupefebe.com\/custom\/uploads\/2025\/10\/disseny-acustic-barcelona-design-week-2025.jpeg","contentUrl":"https:\/\/www.grupefebe.com\/custom\/uploads\/2025\/10\/disseny-acustic-barcelona-design-week-2025.jpeg","width":2048,"height":1536,"caption":"materiales para el dise\u00f1o ac\u00fastico"},{"@type":"BreadcrumbList","@id":"https:\/\/www.grupefebe.com\/es\/efebe-en-la-barcelona-design-week-2025-diseno-acustico-para-mejorar-el-bienestar-en-los-espacios\/#breadcrumb","itemListElement":[{"@type":"ListItem","position":1,"name":"Inici","item":"https:\/\/www.grupefebe.com\/es\/"},{"@type":"ListItem","position":2,"name":"Efeb\u00e9 en la Barcelona Design Week 2025: dise\u00f1o ac\u00fastico para mejorar el bienestar en los espacios"}]},{"@type":"WebSite","@id":"https:\/\/www.grupefebe.com\/es\/#website","url":"https:\/\/www.grupefebe.com\/es\/","name":"Grup Efeb\u00e9","description":"Otro sitio realizado con WordPress","publisher":{"@id":"https:\/\/www.grupefebe.com\/es\/#organization"},"potentialAction":[{"@type":"SearchAction","target":{"@type":"EntryPoint","urlTemplate":"https:\/\/www.grupefebe.com\/es\/?s={search_term_string}"},"query-input":{"@type":"PropertyValueSpecification","valueRequired":true,"valueName":"search_term_string"}}],"inLanguage":"es"},{"@type":"Organization","@id":"https:\/\/www.grupefebe.com\/es\/#organization","name":"Grup Efeb\u00e9","url":"https:\/\/www.grupefebe.com\/es\/","logo":{"@type":"ImageObject","inLanguage":"es","@id":"https:\/\/www.grupefebe.com\/es\/#\/schema\/logo\/image\/","url":"https:\/\/grupefebe.com\/custom\/uploads\/2021\/01\/logo-efebe.png","contentUrl":"https:\/\/grupefebe.com\/custom\/uploads\/2021\/01\/logo-efebe.png","width":524,"height":135,"caption":"Grup Efeb\u00e9"},"image":{"@id":"https:\/\/www.grupefebe.com\/es\/#\/schema\/logo\/image\/"},"sameAs":["https:\/\/www.facebook.com\/grup.efebe","https:\/\/x.com\/grup_efebe","https:\/\/www.instagram.com\/grup_efebe\/","https:\/\/www.linkedin.com\/company\/grupefebe","https:\/\/www.youtube.com\/channel\/UCj11-LAuLhPfqrL2649Xzrw"]},{"@type":"Person","@id":"https:\/\/www.grupefebe.com\/es\/#\/schema\/person\/76402b3180eef131413100afc3282997","name":"Grup Efeb\u00e9","image":{"@type":"ImageObject","inLanguage":"es","@id":"https:\/\/www.grupefebe.com\/es\/#\/schema\/person\/image\/","url":"https:\/\/secure.gravatar.com\/avatar\/913bc6aa90480101061296ab9cad4bd4ccfb82c623a8820f3fd577558c1651be?s=96&d=mm&r=g","contentUrl":"https:\/\/secure.gravatar.com\/avatar\/913bc6aa90480101061296ab9cad4bd4ccfb82c623a8820f3fd577558c1651be?s=96&d=mm&r=g","caption":"Grup Efeb\u00e9"},"url":"https:\/\/www.grupefebe.com\/es\/author\/julia\/"}]}},"_links":{"self":[{"href":"https:\/\/www.grupefebe.com\/es\/wp-json\/wp\/v2\/posts\/27883","targetHints":{"allow":["GET"]}}],"collection":[{"href":"https:\/\/www.grupefebe.com\/es\/wp-json\/wp\/v2\/posts"}],"about":[{"href":"https:\/\/www.grupefebe.com\/es\/wp-json\/wp\/v2\/types\/post"}],"author":[{"embeddable":true,"href":"https:\/\/www.grupefebe.com\/es\/wp-json\/wp\/v2\/users\/2"}],"replies":[{"embeddable":true,"href":"https:\/\/www.grupefebe.com\/es\/wp-json\/wp\/v2\/comments?post=27883"}],"version-history":[{"count":0,"href":"https:\/\/www.grupefebe.com\/es\/wp-json\/wp\/v2\/posts\/27883\/revisions"}],"wp:featuredmedia":[{"embeddable":true,"href":"https:\/\/www.grupefebe.com\/es\/wp-json\/wp\/v2\/media\/27882"}],"wp:attachment":[{"href":"https:\/\/www.grupefebe.com\/es\/wp-json\/wp\/v2\/media?parent=27883"}],"wp:term":[{"taxonomy":"category","embeddable":true,"href":"https:\/\/www.grupefebe.com\/es\/wp-json\/wp\/v2\/categories?post=27883"}],"curies":[{"name":"wp","href":"https:\/\/api.w.org\/{rel}","templated":true}]}}