{"id":2201,"date":"2007-02-15T08:45:50","date_gmt":"2007-02-15T08:45:50","guid":{"rendered":"https:\/\/www.grupefebe.com\/?p=2201"},"modified":"2020-11-03T08:46:33","modified_gmt":"2020-11-03T08:46:33","slug":"proyecto-de-ampliacion-de-la-sede-de-la-real-academia-de-farmacia-en-el-antiguo-hospital-de-la-santa-cruz","status":"publish","type":"post","link":"https:\/\/www.grupefebe.com\/es\/proyecto-de-ampliacion-de-la-sede-de-la-real-academia-de-farmacia-en-el-antiguo-hospital-de-la-santa-cruz\/","title":{"rendered":"Proyecto de ampliaci\u00f3n de la sede de la Real Academia de Farmacia en el antiguo Hospital de la Santa Cruz"},"content":{"rendered":"<p>La Real Academia de Farmacia de Catalu\u00f1a se encuentra en las dependencias del que antes era la farmacia del antiguo Hospital de Santa Cruz.<\/p>\n<p>A d\u00eda de hoy, la Real Academia de Farmacia conserva bastante bien tanto el espacio como el mobiliario de un edificio datado del a\u00f1o 1400. No obstante, es imprescindible hacer una reforma \u00a0del emplazamiento para adaptarlo a las nuevas necesidades previendo una ampliaci\u00f3n en espacios de la biblioteca provincial.<\/p>\n<p>EFEB\u00c9 se desplaza a la calle del Hospital de Barcelona para llevar a cabo un proyecto de reforma y ejecutar, m\u00e1s tarde, las obras de ampliaci\u00f3n de la sede.<\/p>\n<p>Nuevamente, nuestro equipo consigue hacer un espacio m\u00e1s confortable sin alterar su esencia hist\u00f3rica.<\/p>\n","protected":false},"excerpt":{"rendered":"<p>La Real Academia de Farmacia de Catalu\u00f1a se encuentra en las dependencias del que antes era la farmacia del antiguo [&hellip;]<\/p>\n","protected":false},"author":1,"featured_media":2199,"comment_status":"closed","ping_status":"closed","sticky":false,"template":"","format":"standard","meta":{"_acf_changed":false,"footnotes":"","_links_to":"","_links_to_target":""},"categories":[201],"class_list":["post-2201","post","type-post","status-publish","format-standard","has-post-thumbnail","hentry","category-otros-sectores"],"acf":[],"yoast_head":"<!-- This site is optimized with the Yoast SEO plugin v25.9 - https:\/\/yoast.com\/wordpress\/plugins\/seo\/ -->\n<title>Proyecto de ampliaci\u00f3n de la sede de la Real Academia de Farmacia en el antiguo Hospital de la Santa Cruz | Grupo Efeb\u00e9<\/title>\n<meta name=\"robots\" content=\"index, follow, max-snippet:-1, max-image-preview:large, max-video-preview:-1\" \/>\n<link rel=\"canonical\" href=\"https:\/\/www.grupefebe.com\/es\/proyecto-de-ampliacion-de-la-sede-de-la-real-academia-de-farmacia-en-el-antiguo-hospital-de-la-santa-cruz\/\" \/>\n<meta property=\"og:locale\" content=\"es_ES\" \/>\n<meta property=\"og:type\" content=\"article\" \/>\n<meta property=\"og:title\" content=\"Proyecto de ampliaci\u00f3n de la sede de la Real Academia de Farmacia en el antiguo Hospital de la Santa Cruz | Grupo Efeb\u00e9\" \/>\n<meta property=\"og:description\" content=\"La Real Academia de Farmacia de Catalu\u00f1a se encuentra en las dependencias del que antes era la farmacia del antiguo [&hellip;]\" \/>\n<meta property=\"og:url\" content=\"https:\/\/www.grupefebe.com\/es\/proyecto-de-ampliacion-de-la-sede-de-la-real-academia-de-farmacia-en-el-antiguo-hospital-de-la-santa-cruz\/\" \/>\n<meta property=\"og:site_name\" content=\"Grupo Efeb\u00e9\" \/>\n<meta property=\"article:publisher\" content=\"https:\/\/www.facebook.com\/grup.efebe\" \/>\n<meta property=\"article:published_time\" content=\"2007-02-15T08:45:50+00:00\" \/>\n<meta property=\"article:modified_time\" content=\"2020-11-03T08:46:33+00:00\" \/>\n<meta property=\"og:image\" content=\"https:\/\/mail.grupefebe.com\/custom\/uploads\/2020\/11\/projecte-dampliacio-la-seu-la-reial-academia-farmacia-lantic-hospital-la-santa-creu-1.png\" \/>\n\t<meta property=\"og:image:width\" content=\"353\" \/>\n\t<meta property=\"og:image:height\" content=\"333\" \/>\n\t<meta property=\"og:image:type\" content=\"image\/png\" \/>\n<meta name=\"author\" content=\"efebe\" \/>\n<meta name=\"twitter:card\" content=\"summary_large_image\" \/>\n<meta name=\"twitter:creator\" content=\"@grup_efebe\" \/>\n<meta name=\"twitter:site\" content=\"@grup_efebe\" \/>\n<meta name=\"twitter:label1\" content=\"Escrito por\" \/>\n\t<meta name=\"twitter:data1\" content=\"efebe\" \/>\n\t<meta name=\"twitter:label2\" content=\"Tiempo de lectura\" \/>\n\t<meta name=\"twitter:data2\" content=\"1 minuto\" \/>\n<script type=\"application\/ld+json\" class=\"yoast-schema-graph\">{\"@context\":\"https:\/\/schema.org\",\"@graph\":[{\"@type\":\"Article\",\"@id\":\"https:\/\/www.grupefebe.com\/es\/proyecto-de-ampliacion-de-la-sede-de-la-real-academia-de-farmacia-en-el-antiguo-hospital-de-la-santa-cruz\/#article\",\"isPartOf\":{\"@id\":\"https:\/\/www.grupefebe.com\/es\/proyecto-de-ampliacion-de-la-sede-de-la-real-academia-de-farmacia-en-el-antiguo-hospital-de-la-santa-cruz\/\"},\"author\":{\"name\":\"efebe\",\"@id\":\"https:\/\/mail.grupefebe.com\/es\/#\/schema\/person\/ea29ae2644736bcdb432a0b7f0d814cd\"},\"headline\":\"Proyecto de ampliaci\u00f3n de la sede de la Real Academia de Farmacia en el antiguo Hospital de la Santa Cruz\",\"datePublished\":\"2007-02-15T08:45:50+00:00\",\"dateModified\":\"2020-11-03T08:46:33+00:00\",\"mainEntityOfPage\":{\"@id\":\"https:\/\/www.grupefebe.com\/es\/proyecto-de-ampliacion-de-la-sede-de-la-real-academia-de-farmacia-en-el-antiguo-hospital-de-la-santa-cruz\/\"},\"wordCount\":144,\"publisher\":{\"@id\":\"https:\/\/mail.grupefebe.com\/es\/#organization\"},\"image\":{\"@id\":\"https:\/\/www.grupefebe.com\/es\/proyecto-de-ampliacion-de-la-sede-de-la-real-academia-de-farmacia-en-el-antiguo-hospital-de-la-santa-cruz\/#primaryimage\"},\"thumbnailUrl\":\"https:\/\/www.grupefebe.com\/custom\/uploads\/2020\/11\/projecte-dampliacio-la-seu-la-reial-academia-farmacia-lantic-hospital-la-santa-creu-1.png\",\"articleSection\":[\"Otros Sectores\"],\"inLanguage\":\"es\"},{\"@type\":\"WebPage\",\"@id\":\"https:\/\/www.grupefebe.com\/es\/proyecto-de-ampliacion-de-la-sede-de-la-real-academia-de-farmacia-en-el-antiguo-hospital-de-la-santa-cruz\/\",\"url\":\"https:\/\/www.grupefebe.com\/es\/proyecto-de-ampliacion-de-la-sede-de-la-real-academia-de-farmacia-en-el-antiguo-hospital-de-la-santa-cruz\/\",\"name\":\"Proyecto de ampliaci\u00f3n de la sede de la Real Academia de Farmacia en el antiguo Hospital de la Santa Cruz | Grupo Efeb\u00e9\",\"isPartOf\":{\"@id\":\"https:\/\/mail.grupefebe.com\/es\/#website\"},\"primaryImageOfPage\":{\"@id\":\"https:\/\/www.grupefebe.com\/es\/proyecto-de-ampliacion-de-la-sede-de-la-real-academia-de-farmacia-en-el-antiguo-hospital-de-la-santa-cruz\/#primaryimage\"},\"image\":{\"@id\":\"https:\/\/www.grupefebe.com\/es\/proyecto-de-ampliacion-de-la-sede-de-la-real-academia-de-farmacia-en-el-antiguo-hospital-de-la-santa-cruz\/#primaryimage\"},\"thumbnailUrl\":\"https:\/\/www.grupefebe.com\/custom\/uploads\/2020\/11\/projecte-dampliacio-la-seu-la-reial-academia-farmacia-lantic-hospital-la-santa-creu-1.png\",\"datePublished\":\"2007-02-15T08:45:50+00:00\",\"dateModified\":\"2020-11-03T08:46:33+00:00\",\"breadcrumb\":{\"@id\":\"https:\/\/www.grupefebe.com\/es\/proyecto-de-ampliacion-de-la-sede-de-la-real-academia-de-farmacia-en-el-antiguo-hospital-de-la-santa-cruz\/#breadcrumb\"},\"inLanguage\":\"es\",\"potentialAction\":[{\"@type\":\"ReadAction\",\"target\":[\"https:\/\/www.grupefebe.com\/es\/proyecto-de-ampliacion-de-la-sede-de-la-real-academia-de-farmacia-en-el-antiguo-hospital-de-la-santa-cruz\/\"]}]},{\"@type\":\"ImageObject\",\"inLanguage\":\"es\",\"@id\":\"https:\/\/www.grupefebe.com\/es\/proyecto-de-ampliacion-de-la-sede-de-la-real-academia-de-farmacia-en-el-antiguo-hospital-de-la-santa-cruz\/#primaryimage\",\"url\":\"https:\/\/www.grupefebe.com\/custom\/uploads\/2020\/11\/projecte-dampliacio-la-seu-la-reial-academia-farmacia-lantic-hospital-la-santa-creu-1.png\",\"contentUrl\":\"https:\/\/www.grupefebe.com\/custom\/uploads\/2020\/11\/projecte-dampliacio-la-seu-la-reial-academia-farmacia-lantic-hospital-la-santa-creu-1.png\",\"width\":353,\"height\":333},{\"@type\":\"BreadcrumbList\",\"@id\":\"https:\/\/www.grupefebe.com\/es\/proyecto-de-ampliacion-de-la-sede-de-la-real-academia-de-farmacia-en-el-antiguo-hospital-de-la-santa-cruz\/#breadcrumb\",\"itemListElement\":[{\"@type\":\"ListItem\",\"position\":1,\"name\":\"Inici\",\"item\":\"https:\/\/mail.grupefebe.com\/es\/\"},{\"@type\":\"ListItem\",\"position\":2,\"name\":\"Proyecto de ampliaci\u00f3n de la sede de la Real Academia de Farmacia en el antiguo Hospital de la Santa Cruz\"}]},{\"@type\":\"WebSite\",\"@id\":\"https:\/\/mail.grupefebe.com\/es\/#website\",\"url\":\"https:\/\/mail.grupefebe.com\/es\/\",\"name\":\"Grup Efeb\u00e9\",\"description\":\"Otro sitio realizado con WordPress\",\"publisher\":{\"@id\":\"https:\/\/mail.grupefebe.com\/es\/#organization\"},\"potentialAction\":[{\"@type\":\"SearchAction\",\"target\":{\"@type\":\"EntryPoint\",\"urlTemplate\":\"https:\/\/mail.grupefebe.com\/es\/?s={search_term_string}\"},\"query-input\":{\"@type\":\"PropertyValueSpecification\",\"valueRequired\":true,\"valueName\":\"search_term_string\"}}],\"inLanguage\":\"es\"},{\"@type\":\"Organization\",\"@id\":\"https:\/\/mail.grupefebe.com\/es\/#organization\",\"name\":\"Grup Efeb\u00e9\",\"url\":\"https:\/\/mail.grupefebe.com\/es\/\",\"logo\":{\"@type\":\"ImageObject\",\"inLanguage\":\"es\",\"@id\":\"https:\/\/mail.grupefebe.com\/es\/#\/schema\/logo\/image\/\",\"url\":\"https:\/\/grupefebe.com\/custom\/uploads\/2021\/01\/logo-efebe.png\",\"contentUrl\":\"https:\/\/grupefebe.com\/custom\/uploads\/2021\/01\/logo-efebe.png\",\"width\":524,\"height\":135,\"caption\":\"Grup Efeb\u00e9\"},\"image\":{\"@id\":\"https:\/\/mail.grupefebe.com\/es\/#\/schema\/logo\/image\/\"},\"sameAs\":[\"https:\/\/www.facebook.com\/grup.efebe\",\"https:\/\/x.com\/grup_efebe\",\"https:\/\/www.instagram.com\/grup_efebe\/\",\"https:\/\/www.linkedin.com\/company\/grupefebe\",\"https:\/\/www.youtube.com\/channel\/UCj11-LAuLhPfqrL2649Xzrw\"]},{\"@type\":\"Person\",\"@id\":\"https:\/\/mail.grupefebe.com\/es\/#\/schema\/person\/ea29ae2644736bcdb432a0b7f0d814cd\",\"name\":\"efebe\",\"image\":{\"@type\":\"ImageObject\",\"inLanguage\":\"es\",\"@id\":\"https:\/\/mail.grupefebe.com\/es\/#\/schema\/person\/image\/\",\"url\":\"https:\/\/secure.gravatar.com\/avatar\/fe57a3f139ea81c65a338e37a8064b4e80844f839737532820c9107eb9e1966f?s=96&d=mm&r=g\",\"contentUrl\":\"https:\/\/secure.gravatar.com\/avatar\/fe57a3f139ea81c65a338e37a8064b4e80844f839737532820c9107eb9e1966f?s=96&d=mm&r=g\",\"caption\":\"efebe\"},\"url\":\"https:\/\/www.grupefebe.com\/es\/author\/efebe\/\"}]}<\/script>\n<!-- \/ Yoast SEO plugin. -->","yoast_head_json":{"title":"Proyecto de ampliaci\u00f3n de la sede de la Real Academia de Farmacia en el antiguo Hospital de la Santa Cruz | Grupo Efeb\u00e9","robots":{"index":"index","follow":"follow","max-snippet":"max-snippet:-1","max-image-preview":"max-image-preview:large","max-video-preview":"max-video-preview:-1"},"canonical":"https:\/\/www.grupefebe.com\/es\/proyecto-de-ampliacion-de-la-sede-de-la-real-academia-de-farmacia-en-el-antiguo-hospital-de-la-santa-cruz\/","og_locale":"es_ES","og_type":"article","og_title":"Proyecto de ampliaci\u00f3n de la sede de la Real Academia de Farmacia en el antiguo Hospital de la Santa Cruz | Grupo Efeb\u00e9","og_description":"La Real Academia de Farmacia de Catalu\u00f1a se encuentra en las dependencias del que antes era la farmacia del antiguo [&hellip;]","og_url":"https:\/\/www.grupefebe.com\/es\/proyecto-de-ampliacion-de-la-sede-de-la-real-academia-de-farmacia-en-el-antiguo-hospital-de-la-santa-cruz\/","og_site_name":"Grupo Efeb\u00e9","article_publisher":"https:\/\/www.facebook.com\/grup.efebe","article_published_time":"2007-02-15T08:45:50+00:00","article_modified_time":"2020-11-03T08:46:33+00:00","og_image":[{"width":353,"height":333,"url":"https:\/\/mail.grupefebe.com\/custom\/uploads\/2020\/11\/projecte-dampliacio-la-seu-la-reial-academia-farmacia-lantic-hospital-la-santa-creu-1.png","type":"image\/png"}],"author":"efebe","twitter_card":"summary_large_image","twitter_creator":"@grup_efebe","twitter_site":"@grup_efebe","twitter_misc":{"Escrito por":"efebe","Tiempo de lectura":"1 minuto"},"schema":{"@context":"https:\/\/schema.org","@graph":[{"@type":"Article","@id":"https:\/\/www.grupefebe.com\/es\/proyecto-de-ampliacion-de-la-sede-de-la-real-academia-de-farmacia-en-el-antiguo-hospital-de-la-santa-cruz\/#article","isPartOf":{"@id":"https:\/\/www.grupefebe.com\/es\/proyecto-de-ampliacion-de-la-sede-de-la-real-academia-de-farmacia-en-el-antiguo-hospital-de-la-santa-cruz\/"},"author":{"name":"efebe","@id":"https:\/\/mail.grupefebe.com\/es\/#\/schema\/person\/ea29ae2644736bcdb432a0b7f0d814cd"},"headline":"Proyecto de ampliaci\u00f3n de la sede de la Real Academia de Farmacia en el antiguo Hospital de la Santa Cruz","datePublished":"2007-02-15T08:45:50+00:00","dateModified":"2020-11-03T08:46:33+00:00","mainEntityOfPage":{"@id":"https:\/\/www.grupefebe.com\/es\/proyecto-de-ampliacion-de-la-sede-de-la-real-academia-de-farmacia-en-el-antiguo-hospital-de-la-santa-cruz\/"},"wordCount":144,"publisher":{"@id":"https:\/\/mail.grupefebe.com\/es\/#organization"},"image":{"@id":"https:\/\/www.grupefebe.com\/es\/proyecto-de-ampliacion-de-la-sede-de-la-real-academia-de-farmacia-en-el-antiguo-hospital-de-la-santa-cruz\/#primaryimage"},"thumbnailUrl":"https:\/\/www.grupefebe.com\/custom\/uploads\/2020\/11\/projecte-dampliacio-la-seu-la-reial-academia-farmacia-lantic-hospital-la-santa-creu-1.png","articleSection":["Otros Sectores"],"inLanguage":"es"},{"@type":"WebPage","@id":"https:\/\/www.grupefebe.com\/es\/proyecto-de-ampliacion-de-la-sede-de-la-real-academia-de-farmacia-en-el-antiguo-hospital-de-la-santa-cruz\/","url":"https:\/\/www.grupefebe.com\/es\/proyecto-de-ampliacion-de-la-sede-de-la-real-academia-de-farmacia-en-el-antiguo-hospital-de-la-santa-cruz\/","name":"Proyecto de ampliaci\u00f3n de la sede de la Real Academia de Farmacia en el antiguo Hospital de la Santa Cruz | Grupo Efeb\u00e9","isPartOf":{"@id":"https:\/\/mail.grupefebe.com\/es\/#website"},"primaryImageOfPage":{"@id":"https:\/\/www.grupefebe.com\/es\/proyecto-de-ampliacion-de-la-sede-de-la-real-academia-de-farmacia-en-el-antiguo-hospital-de-la-santa-cruz\/#primaryimage"},"image":{"@id":"https:\/\/www.grupefebe.com\/es\/proyecto-de-ampliacion-de-la-sede-de-la-real-academia-de-farmacia-en-el-antiguo-hospital-de-la-santa-cruz\/#primaryimage"},"thumbnailUrl":"https:\/\/www.grupefebe.com\/custom\/uploads\/2020\/11\/projecte-dampliacio-la-seu-la-reial-academia-farmacia-lantic-hospital-la-santa-creu-1.png","datePublished":"2007-02-15T08:45:50+00:00","dateModified":"2020-11-03T08:46:33+00:00","breadcrumb":{"@id":"https:\/\/www.grupefebe.com\/es\/proyecto-de-ampliacion-de-la-sede-de-la-real-academia-de-farmacia-en-el-antiguo-hospital-de-la-santa-cruz\/#breadcrumb"},"inLanguage":"es","potentialAction":[{"@type":"ReadAction","target":["https:\/\/www.grupefebe.com\/es\/proyecto-de-ampliacion-de-la-sede-de-la-real-academia-de-farmacia-en-el-antiguo-hospital-de-la-santa-cruz\/"]}]},{"@type":"ImageObject","inLanguage":"es","@id":"https:\/\/www.grupefebe.com\/es\/proyecto-de-ampliacion-de-la-sede-de-la-real-academia-de-farmacia-en-el-antiguo-hospital-de-la-santa-cruz\/#primaryimage","url":"https:\/\/www.grupefebe.com\/custom\/uploads\/2020\/11\/projecte-dampliacio-la-seu-la-reial-academia-farmacia-lantic-hospital-la-santa-creu-1.png","contentUrl":"https:\/\/www.grupefebe.com\/custom\/uploads\/2020\/11\/projecte-dampliacio-la-seu-la-reial-academia-farmacia-lantic-hospital-la-santa-creu-1.png","width":353,"height":333},{"@type":"BreadcrumbList","@id":"https:\/\/www.grupefebe.com\/es\/proyecto-de-ampliacion-de-la-sede-de-la-real-academia-de-farmacia-en-el-antiguo-hospital-de-la-santa-cruz\/#breadcrumb","itemListElement":[{"@type":"ListItem","position":1,"name":"Inici","item":"https:\/\/mail.grupefebe.com\/es\/"},{"@type":"ListItem","position":2,"name":"Proyecto de ampliaci\u00f3n de la sede de la Real Academia de Farmacia en el antiguo Hospital de la Santa Cruz"}]},{"@type":"WebSite","@id":"https:\/\/mail.grupefebe.com\/es\/#website","url":"https:\/\/mail.grupefebe.com\/es\/","name":"Grup Efeb\u00e9","description":"Otro sitio realizado con WordPress","publisher":{"@id":"https:\/\/mail.grupefebe.com\/es\/#organization"},"potentialAction":[{"@type":"SearchAction","target":{"@type":"EntryPoint","urlTemplate":"https:\/\/mail.grupefebe.com\/es\/?s={search_term_string}"},"query-input":{"@type":"PropertyValueSpecification","valueRequired":true,"valueName":"search_term_string"}}],"inLanguage":"es"},{"@type":"Organization","@id":"https:\/\/mail.grupefebe.com\/es\/#organization","name":"Grup Efeb\u00e9","url":"https:\/\/mail.grupefebe.com\/es\/","logo":{"@type":"ImageObject","inLanguage":"es","@id":"https:\/\/mail.grupefebe.com\/es\/#\/schema\/logo\/image\/","url":"https:\/\/grupefebe.com\/custom\/uploads\/2021\/01\/logo-efebe.png","contentUrl":"https:\/\/grupefebe.com\/custom\/uploads\/2021\/01\/logo-efebe.png","width":524,"height":135,"caption":"Grup Efeb\u00e9"},"image":{"@id":"https:\/\/mail.grupefebe.com\/es\/#\/schema\/logo\/image\/"},"sameAs":["https:\/\/www.facebook.com\/grup.efebe","https:\/\/x.com\/grup_efebe","https:\/\/www.instagram.com\/grup_efebe\/","https:\/\/www.linkedin.com\/company\/grupefebe","https:\/\/www.youtube.com\/channel\/UCj11-LAuLhPfqrL2649Xzrw"]},{"@type":"Person","@id":"https:\/\/mail.grupefebe.com\/es\/#\/schema\/person\/ea29ae2644736bcdb432a0b7f0d814cd","name":"efebe","image":{"@type":"ImageObject","inLanguage":"es","@id":"https:\/\/mail.grupefebe.com\/es\/#\/schema\/person\/image\/","url":"https:\/\/secure.gravatar.com\/avatar\/fe57a3f139ea81c65a338e37a8064b4e80844f839737532820c9107eb9e1966f?s=96&d=mm&r=g","contentUrl":"https:\/\/secure.gravatar.com\/avatar\/fe57a3f139ea81c65a338e37a8064b4e80844f839737532820c9107eb9e1966f?s=96&d=mm&r=g","caption":"efebe"},"url":"https:\/\/www.grupefebe.com\/es\/author\/efebe\/"}]}},"_links":{"self":[{"href":"https:\/\/www.grupefebe.com\/es\/wp-json\/wp\/v2\/posts\/2201","targetHints":{"allow":["GET"]}}],"collection":[{"href":"https:\/\/www.grupefebe.com\/es\/wp-json\/wp\/v2\/posts"}],"about":[{"href":"https:\/\/www.grupefebe.com\/es\/wp-json\/wp\/v2\/types\/post"}],"author":[{"embeddable":true,"href":"https:\/\/www.grupefebe.com\/es\/wp-json\/wp\/v2\/users\/1"}],"replies":[{"embeddable":true,"href":"https:\/\/www.grupefebe.com\/es\/wp-json\/wp\/v2\/comments?post=2201"}],"version-history":[{"count":1,"href":"https:\/\/www.grupefebe.com\/es\/wp-json\/wp\/v2\/posts\/2201\/revisions"}],"predecessor-version":[{"id":2202,"href":"https:\/\/www.grupefebe.com\/es\/wp-json\/wp\/v2\/posts\/2201\/revisions\/2202"}],"wp:featuredmedia":[{"embeddable":true,"href":"https:\/\/www.grupefebe.com\/es\/wp-json\/wp\/v2\/media\/2199"}],"wp:attachment":[{"href":"https:\/\/www.grupefebe.com\/es\/wp-json\/wp\/v2\/media?parent=2201"}],"wp:term":[{"taxonomy":"category","embeddable":true,"href":"https:\/\/www.grupefebe.com\/es\/wp-json\/wp\/v2\/categories?post=2201"}],"curies":[{"name":"wp","href":"https:\/\/api.w.org\/{rel}","templated":true}]}}