{"id":2184,"date":"2004-02-01T08:33:46","date_gmt":"2004-02-01T08:33:46","guid":{"rendered":"https:\/\/www.grupefebe.com\/?p=2184"},"modified":"2022-07-13T09:33:09","modified_gmt":"2022-07-13T09:33:09","slug":"redisenando-las-oficinas-de-graficas-orient","status":"publish","type":"post","link":"https:\/\/www.grupefebe.com\/es\/redisenando-las-oficinas-de-graficas-orient\/","title":{"rendered":"Redise\u00f1ando las oficinas de Gr\u00e1ficas Orient"},"content":{"rendered":"<p>Gr\u00e1ficas Orient es una empresa catalana que detecta la necesidad de crear un espacio creativo en sus oficinas. Este nuevo entorno de trabajo sirve para atender a los profesionales del dise\u00f1o antes de proceder a la edici\u00f3n e impresi\u00f3n de los originales.<\/p>\n<p><a href=\"https:\/\/www.grupefebe.com\/\">EFEB\u00c9<\/a> se desplaza a la sede de Gr\u00e1ficas Orient, situado en Hospitalet de Llobregat. All\u00ed el equipo empieza a dise\u00f1ar y construir un edificio aislado realizado en madera en un patio interior que comunica con el espacio de las oficinas y con una edificaci\u00f3n posterior.<\/p>\n<p>Esta edificaci\u00f3n posterior cumple con la funci\u00f3n de la sala de reuniones del consejo, museo y sala de exposiciones. Pero su estructura no es la m\u00e1s adecuada en cuanto a par\u00e1metros lum\u00ednicos. Nuestro equipo act\u00faa sobre este espacio para tal que se filtre la luz natural en toda su superficie.<\/p>\n<p>En conclusi\u00f3n, conseguimos un espacio unificado y confortable a la vez para Gr\u00e1ficas Orient.<\/p>\n","protected":false},"excerpt":{"rendered":"<p>Gr\u00e1ficas Orient es una empresa catalana que detecta la necesidad de crear un espacio creativo en sus oficinas. Este nuevo [&hellip;]<\/p>\n","protected":false},"author":1,"featured_media":11326,"comment_status":"closed","ping_status":"closed","sticky":false,"template":"","format":"standard","meta":{"_acf_changed":false,"footnotes":"","_links_to":"","_links_to_target":""},"categories":[200],"class_list":["post-2184","post","type-post","status-publish","format-standard","has-post-thumbnail","hentry","category-oficinas"],"acf":[],"yoast_head":"<!-- This site is optimized with the Yoast SEO plugin v25.9 - https:\/\/yoast.com\/wordpress\/plugins\/seo\/ -->\n<title>Redise\u00f1ando las oficinas de Gr\u00e1ficas Orient | Grupo Efeb\u00e9<\/title>\n<meta name=\"description\" content=\"EFEB\u00c9 se desplaza a la sede de Gr\u00e1ficas Orient para dise\u00f1ar y construir un edificio aislado. \u00a1Desc\u00fabrelo en el blog de Grup Efeb\u00e9!\" \/>\n<meta name=\"robots\" content=\"index, follow, max-snippet:-1, max-image-preview:large, max-video-preview:-1\" \/>\n<link rel=\"canonical\" href=\"https:\/\/www.grupefebe.com\/es\/redisenando-las-oficinas-de-graficas-orient\/\" \/>\n<meta property=\"og:locale\" content=\"es_ES\" \/>\n<meta property=\"og:type\" content=\"article\" \/>\n<meta property=\"og:title\" content=\"Redise\u00f1ando las oficinas de Gr\u00e1ficas Orient | Grupo Efeb\u00e9\" \/>\n<meta property=\"og:description\" content=\"EFEB\u00c9 se desplaza a la sede de Gr\u00e1ficas Orient para dise\u00f1ar y construir un edificio aislado. \u00a1Desc\u00fabrelo en el blog de Grup Efeb\u00e9!\" \/>\n<meta property=\"og:url\" content=\"https:\/\/www.grupefebe.com\/es\/redisenando-las-oficinas-de-graficas-orient\/\" \/>\n<meta property=\"og:site_name\" content=\"Grupo Efeb\u00e9\" \/>\n<meta property=\"article:publisher\" content=\"https:\/\/www.facebook.com\/grup.efebe\" \/>\n<meta property=\"article:published_time\" content=\"2004-02-01T08:33:46+00:00\" \/>\n<meta property=\"article:modified_time\" content=\"2022-07-13T09:33:09+00:00\" \/>\n<meta property=\"og:image\" content=\"https:\/\/www.grupefebe.com\/custom\/uploads\/2004\/02\/Grafiques-orient-scaled.jpg\" \/>\n\t<meta property=\"og:image:width\" content=\"2560\" \/>\n\t<meta property=\"og:image:height\" content=\"1920\" \/>\n\t<meta property=\"og:image:type\" content=\"image\/jpeg\" \/>\n<meta name=\"author\" content=\"efebe\" \/>\n<meta name=\"twitter:card\" content=\"summary_large_image\" \/>\n<meta name=\"twitter:creator\" content=\"@grup_efebe\" \/>\n<meta name=\"twitter:site\" content=\"@grup_efebe\" \/>\n<meta name=\"twitter:label1\" content=\"Escrito por\" \/>\n\t<meta name=\"twitter:data1\" content=\"efebe\" \/>\n\t<meta name=\"twitter:label2\" content=\"Tiempo de lectura\" \/>\n\t<meta name=\"twitter:data2\" content=\"1 minuto\" \/>\n<script type=\"application\/ld+json\" class=\"yoast-schema-graph\">{\"@context\":\"https:\/\/schema.org\",\"@graph\":[{\"@type\":\"Article\",\"@id\":\"https:\/\/www.grupefebe.com\/es\/redisenando-las-oficinas-de-graficas-orient\/#article\",\"isPartOf\":{\"@id\":\"https:\/\/www.grupefebe.com\/es\/redisenando-las-oficinas-de-graficas-orient\/\"},\"author\":{\"name\":\"efebe\",\"@id\":\"https:\/\/mail.grupefebe.com\/es\/#\/schema\/person\/ea29ae2644736bcdb432a0b7f0d814cd\"},\"headline\":\"Redise\u00f1ando las oficinas de Gr\u00e1ficas Orient\",\"datePublished\":\"2004-02-01T08:33:46+00:00\",\"dateModified\":\"2022-07-13T09:33:09+00:00\",\"mainEntityOfPage\":{\"@id\":\"https:\/\/www.grupefebe.com\/es\/redisenando-las-oficinas-de-graficas-orient\/\"},\"wordCount\":174,\"publisher\":{\"@id\":\"https:\/\/mail.grupefebe.com\/es\/#organization\"},\"image\":{\"@id\":\"https:\/\/www.grupefebe.com\/es\/redisenando-las-oficinas-de-graficas-orient\/#primaryimage\"},\"thumbnailUrl\":\"https:\/\/www.grupefebe.com\/custom\/uploads\/2004\/02\/Grafiques-orient-scaled.jpg\",\"articleSection\":[\"Oficinas\"],\"inLanguage\":\"es\"},{\"@type\":\"WebPage\",\"@id\":\"https:\/\/www.grupefebe.com\/es\/redisenando-las-oficinas-de-graficas-orient\/\",\"url\":\"https:\/\/www.grupefebe.com\/es\/redisenando-las-oficinas-de-graficas-orient\/\",\"name\":\"Redise\u00f1ando las oficinas de Gr\u00e1ficas Orient | Grupo Efeb\u00e9\",\"isPartOf\":{\"@id\":\"https:\/\/mail.grupefebe.com\/es\/#website\"},\"primaryImageOfPage\":{\"@id\":\"https:\/\/www.grupefebe.com\/es\/redisenando-las-oficinas-de-graficas-orient\/#primaryimage\"},\"image\":{\"@id\":\"https:\/\/www.grupefebe.com\/es\/redisenando-las-oficinas-de-graficas-orient\/#primaryimage\"},\"thumbnailUrl\":\"https:\/\/www.grupefebe.com\/custom\/uploads\/2004\/02\/Grafiques-orient-scaled.jpg\",\"datePublished\":\"2004-02-01T08:33:46+00:00\",\"dateModified\":\"2022-07-13T09:33:09+00:00\",\"description\":\"EFEB\u00c9 se desplaza a la sede de Gr\u00e1ficas Orient para dise\u00f1ar y construir un edificio aislado. \u00a1Desc\u00fabrelo en el blog de Grup Efeb\u00e9!\",\"breadcrumb\":{\"@id\":\"https:\/\/www.grupefebe.com\/es\/redisenando-las-oficinas-de-graficas-orient\/#breadcrumb\"},\"inLanguage\":\"es\",\"potentialAction\":[{\"@type\":\"ReadAction\",\"target\":[\"https:\/\/www.grupefebe.com\/es\/redisenando-las-oficinas-de-graficas-orient\/\"]}]},{\"@type\":\"ImageObject\",\"inLanguage\":\"es\",\"@id\":\"https:\/\/www.grupefebe.com\/es\/redisenando-las-oficinas-de-graficas-orient\/#primaryimage\",\"url\":\"https:\/\/www.grupefebe.com\/custom\/uploads\/2004\/02\/Grafiques-orient-scaled.jpg\",\"contentUrl\":\"https:\/\/www.grupefebe.com\/custom\/uploads\/2004\/02\/Grafiques-orient-scaled.jpg\",\"width\":2560,\"height\":1920,\"caption\":\"Gr\u00e1ficas Orient\"},{\"@type\":\"BreadcrumbList\",\"@id\":\"https:\/\/www.grupefebe.com\/es\/redisenando-las-oficinas-de-graficas-orient\/#breadcrumb\",\"itemListElement\":[{\"@type\":\"ListItem\",\"position\":1,\"name\":\"Inici\",\"item\":\"https:\/\/mail.grupefebe.com\/es\/\"},{\"@type\":\"ListItem\",\"position\":2,\"name\":\"Redise\u00f1ando las oficinas de Gr\u00e1ficas Orient\"}]},{\"@type\":\"WebSite\",\"@id\":\"https:\/\/mail.grupefebe.com\/es\/#website\",\"url\":\"https:\/\/mail.grupefebe.com\/es\/\",\"name\":\"Grup Efeb\u00e9\",\"description\":\"Otro sitio realizado con WordPress\",\"publisher\":{\"@id\":\"https:\/\/mail.grupefebe.com\/es\/#organization\"},\"potentialAction\":[{\"@type\":\"SearchAction\",\"target\":{\"@type\":\"EntryPoint\",\"urlTemplate\":\"https:\/\/mail.grupefebe.com\/es\/?s={search_term_string}\"},\"query-input\":{\"@type\":\"PropertyValueSpecification\",\"valueRequired\":true,\"valueName\":\"search_term_string\"}}],\"inLanguage\":\"es\"},{\"@type\":\"Organization\",\"@id\":\"https:\/\/mail.grupefebe.com\/es\/#organization\",\"name\":\"Grup Efeb\u00e9\",\"url\":\"https:\/\/mail.grupefebe.com\/es\/\",\"logo\":{\"@type\":\"ImageObject\",\"inLanguage\":\"es\",\"@id\":\"https:\/\/mail.grupefebe.com\/es\/#\/schema\/logo\/image\/\",\"url\":\"https:\/\/grupefebe.com\/custom\/uploads\/2021\/01\/logo-efebe.png\",\"contentUrl\":\"https:\/\/grupefebe.com\/custom\/uploads\/2021\/01\/logo-efebe.png\",\"width\":524,\"height\":135,\"caption\":\"Grup Efeb\u00e9\"},\"image\":{\"@id\":\"https:\/\/mail.grupefebe.com\/es\/#\/schema\/logo\/image\/\"},\"sameAs\":[\"https:\/\/www.facebook.com\/grup.efebe\",\"https:\/\/x.com\/grup_efebe\",\"https:\/\/www.instagram.com\/grup_efebe\/\",\"https:\/\/www.linkedin.com\/company\/grupefebe\",\"https:\/\/www.youtube.com\/channel\/UCj11-LAuLhPfqrL2649Xzrw\"]},{\"@type\":\"Person\",\"@id\":\"https:\/\/mail.grupefebe.com\/es\/#\/schema\/person\/ea29ae2644736bcdb432a0b7f0d814cd\",\"name\":\"efebe\",\"image\":{\"@type\":\"ImageObject\",\"inLanguage\":\"es\",\"@id\":\"https:\/\/mail.grupefebe.com\/es\/#\/schema\/person\/image\/\",\"url\":\"https:\/\/secure.gravatar.com\/avatar\/fe57a3f139ea81c65a338e37a8064b4e80844f839737532820c9107eb9e1966f?s=96&d=mm&r=g\",\"contentUrl\":\"https:\/\/secure.gravatar.com\/avatar\/fe57a3f139ea81c65a338e37a8064b4e80844f839737532820c9107eb9e1966f?s=96&d=mm&r=g\",\"caption\":\"efebe\"},\"url\":\"https:\/\/www.grupefebe.com\/es\/author\/efebe\/\"}]}<\/script>\n<!-- \/ Yoast SEO plugin. -->","yoast_head_json":{"title":"Redise\u00f1ando las oficinas de Gr\u00e1ficas Orient | Grupo Efeb\u00e9","description":"EFEB\u00c9 se desplaza a la sede de Gr\u00e1ficas Orient para dise\u00f1ar y construir un edificio aislado. \u00a1Desc\u00fabrelo en el blog de Grup Efeb\u00e9!","robots":{"index":"index","follow":"follow","max-snippet":"max-snippet:-1","max-image-preview":"max-image-preview:large","max-video-preview":"max-video-preview:-1"},"canonical":"https:\/\/www.grupefebe.com\/es\/redisenando-las-oficinas-de-graficas-orient\/","og_locale":"es_ES","og_type":"article","og_title":"Redise\u00f1ando las oficinas de Gr\u00e1ficas Orient | Grupo Efeb\u00e9","og_description":"EFEB\u00c9 se desplaza a la sede de Gr\u00e1ficas Orient para dise\u00f1ar y construir un edificio aislado. \u00a1Desc\u00fabrelo en el blog de Grup Efeb\u00e9!","og_url":"https:\/\/www.grupefebe.com\/es\/redisenando-las-oficinas-de-graficas-orient\/","og_site_name":"Grupo Efeb\u00e9","article_publisher":"https:\/\/www.facebook.com\/grup.efebe","article_published_time":"2004-02-01T08:33:46+00:00","article_modified_time":"2022-07-13T09:33:09+00:00","og_image":[{"width":2560,"height":1920,"url":"https:\/\/www.grupefebe.com\/custom\/uploads\/2004\/02\/Grafiques-orient-scaled.jpg","type":"image\/jpeg"}],"author":"efebe","twitter_card":"summary_large_image","twitter_creator":"@grup_efebe","twitter_site":"@grup_efebe","twitter_misc":{"Escrito por":"efebe","Tiempo de lectura":"1 minuto"},"schema":{"@context":"https:\/\/schema.org","@graph":[{"@type":"Article","@id":"https:\/\/www.grupefebe.com\/es\/redisenando-las-oficinas-de-graficas-orient\/#article","isPartOf":{"@id":"https:\/\/www.grupefebe.com\/es\/redisenando-las-oficinas-de-graficas-orient\/"},"author":{"name":"efebe","@id":"https:\/\/mail.grupefebe.com\/es\/#\/schema\/person\/ea29ae2644736bcdb432a0b7f0d814cd"},"headline":"Redise\u00f1ando las oficinas de Gr\u00e1ficas Orient","datePublished":"2004-02-01T08:33:46+00:00","dateModified":"2022-07-13T09:33:09+00:00","mainEntityOfPage":{"@id":"https:\/\/www.grupefebe.com\/es\/redisenando-las-oficinas-de-graficas-orient\/"},"wordCount":174,"publisher":{"@id":"https:\/\/mail.grupefebe.com\/es\/#organization"},"image":{"@id":"https:\/\/www.grupefebe.com\/es\/redisenando-las-oficinas-de-graficas-orient\/#primaryimage"},"thumbnailUrl":"https:\/\/www.grupefebe.com\/custom\/uploads\/2004\/02\/Grafiques-orient-scaled.jpg","articleSection":["Oficinas"],"inLanguage":"es"},{"@type":"WebPage","@id":"https:\/\/www.grupefebe.com\/es\/redisenando-las-oficinas-de-graficas-orient\/","url":"https:\/\/www.grupefebe.com\/es\/redisenando-las-oficinas-de-graficas-orient\/","name":"Redise\u00f1ando las oficinas de Gr\u00e1ficas Orient | Grupo Efeb\u00e9","isPartOf":{"@id":"https:\/\/mail.grupefebe.com\/es\/#website"},"primaryImageOfPage":{"@id":"https:\/\/www.grupefebe.com\/es\/redisenando-las-oficinas-de-graficas-orient\/#primaryimage"},"image":{"@id":"https:\/\/www.grupefebe.com\/es\/redisenando-las-oficinas-de-graficas-orient\/#primaryimage"},"thumbnailUrl":"https:\/\/www.grupefebe.com\/custom\/uploads\/2004\/02\/Grafiques-orient-scaled.jpg","datePublished":"2004-02-01T08:33:46+00:00","dateModified":"2022-07-13T09:33:09+00:00","description":"EFEB\u00c9 se desplaza a la sede de Gr\u00e1ficas Orient para dise\u00f1ar y construir un edificio aislado. \u00a1Desc\u00fabrelo en el blog de Grup Efeb\u00e9!","breadcrumb":{"@id":"https:\/\/www.grupefebe.com\/es\/redisenando-las-oficinas-de-graficas-orient\/#breadcrumb"},"inLanguage":"es","potentialAction":[{"@type":"ReadAction","target":["https:\/\/www.grupefebe.com\/es\/redisenando-las-oficinas-de-graficas-orient\/"]}]},{"@type":"ImageObject","inLanguage":"es","@id":"https:\/\/www.grupefebe.com\/es\/redisenando-las-oficinas-de-graficas-orient\/#primaryimage","url":"https:\/\/www.grupefebe.com\/custom\/uploads\/2004\/02\/Grafiques-orient-scaled.jpg","contentUrl":"https:\/\/www.grupefebe.com\/custom\/uploads\/2004\/02\/Grafiques-orient-scaled.jpg","width":2560,"height":1920,"caption":"Gr\u00e1ficas Orient"},{"@type":"BreadcrumbList","@id":"https:\/\/www.grupefebe.com\/es\/redisenando-las-oficinas-de-graficas-orient\/#breadcrumb","itemListElement":[{"@type":"ListItem","position":1,"name":"Inici","item":"https:\/\/mail.grupefebe.com\/es\/"},{"@type":"ListItem","position":2,"name":"Redise\u00f1ando las oficinas de Gr\u00e1ficas Orient"}]},{"@type":"WebSite","@id":"https:\/\/mail.grupefebe.com\/es\/#website","url":"https:\/\/mail.grupefebe.com\/es\/","name":"Grup Efeb\u00e9","description":"Otro sitio realizado con WordPress","publisher":{"@id":"https:\/\/mail.grupefebe.com\/es\/#organization"},"potentialAction":[{"@type":"SearchAction","target":{"@type":"EntryPoint","urlTemplate":"https:\/\/mail.grupefebe.com\/es\/?s={search_term_string}"},"query-input":{"@type":"PropertyValueSpecification","valueRequired":true,"valueName":"search_term_string"}}],"inLanguage":"es"},{"@type":"Organization","@id":"https:\/\/mail.grupefebe.com\/es\/#organization","name":"Grup Efeb\u00e9","url":"https:\/\/mail.grupefebe.com\/es\/","logo":{"@type":"ImageObject","inLanguage":"es","@id":"https:\/\/mail.grupefebe.com\/es\/#\/schema\/logo\/image\/","url":"https:\/\/grupefebe.com\/custom\/uploads\/2021\/01\/logo-efebe.png","contentUrl":"https:\/\/grupefebe.com\/custom\/uploads\/2021\/01\/logo-efebe.png","width":524,"height":135,"caption":"Grup Efeb\u00e9"},"image":{"@id":"https:\/\/mail.grupefebe.com\/es\/#\/schema\/logo\/image\/"},"sameAs":["https:\/\/www.facebook.com\/grup.efebe","https:\/\/x.com\/grup_efebe","https:\/\/www.instagram.com\/grup_efebe\/","https:\/\/www.linkedin.com\/company\/grupefebe","https:\/\/www.youtube.com\/channel\/UCj11-LAuLhPfqrL2649Xzrw"]},{"@type":"Person","@id":"https:\/\/mail.grupefebe.com\/es\/#\/schema\/person\/ea29ae2644736bcdb432a0b7f0d814cd","name":"efebe","image":{"@type":"ImageObject","inLanguage":"es","@id":"https:\/\/mail.grupefebe.com\/es\/#\/schema\/person\/image\/","url":"https:\/\/secure.gravatar.com\/avatar\/fe57a3f139ea81c65a338e37a8064b4e80844f839737532820c9107eb9e1966f?s=96&d=mm&r=g","contentUrl":"https:\/\/secure.gravatar.com\/avatar\/fe57a3f139ea81c65a338e37a8064b4e80844f839737532820c9107eb9e1966f?s=96&d=mm&r=g","caption":"efebe"},"url":"https:\/\/www.grupefebe.com\/es\/author\/efebe\/"}]}},"_links":{"self":[{"href":"https:\/\/www.grupefebe.com\/es\/wp-json\/wp\/v2\/posts\/2184","targetHints":{"allow":["GET"]}}],"collection":[{"href":"https:\/\/www.grupefebe.com\/es\/wp-json\/wp\/v2\/posts"}],"about":[{"href":"https:\/\/www.grupefebe.com\/es\/wp-json\/wp\/v2\/types\/post"}],"author":[{"embeddable":true,"href":"https:\/\/www.grupefebe.com\/es\/wp-json\/wp\/v2\/users\/1"}],"replies":[{"embeddable":true,"href":"https:\/\/www.grupefebe.com\/es\/wp-json\/wp\/v2\/comments?post=2184"}],"version-history":[{"count":4,"href":"https:\/\/www.grupefebe.com\/es\/wp-json\/wp\/v2\/posts\/2184\/revisions"}],"predecessor-version":[{"id":11338,"href":"https:\/\/www.grupefebe.com\/es\/wp-json\/wp\/v2\/posts\/2184\/revisions\/11338"}],"wp:featuredmedia":[{"embeddable":true,"href":"https:\/\/www.grupefebe.com\/es\/wp-json\/wp\/v2\/media\/11326"}],"wp:attachment":[{"href":"https:\/\/www.grupefebe.com\/es\/wp-json\/wp\/v2\/media?parent=2184"}],"wp:term":[{"taxonomy":"category","embeddable":true,"href":"https:\/\/www.grupefebe.com\/es\/wp-json\/wp\/v2\/categories?post=2184"}],"curies":[{"name":"wp","href":"https:\/\/api.w.org\/{rel}","templated":true}]}}