{"id":14808,"date":"2024-03-08T10:38:50","date_gmt":"2024-03-08T10:38:50","guid":{"rendered":"https:\/\/grupefebe.com\/?p=14808"},"modified":"2024-03-08T10:38:50","modified_gmt":"2024-03-08T10:38:50","slug":"empoderamiento-femenino-en-la-construccion","status":"publish","type":"post","link":"https:\/\/www.grupefebe.com\/es\/empoderamiento-femenino-en-la-construccion\/","title":{"rendered":"Empoderamiento femenino en la construcci\u00f3n: Un compromiso de Grup Efeb\u00e9 en el D\u00eda Internacional de la Mujer"},"content":{"rendered":"<p>Hoy, 8 de marzo, se celebra el <strong>D\u00eda Internacional de la Mujer<\/strong>, una fecha crucial para reflexionar sobre los avances y los desaf\u00edos que a\u00fan enfrenta la igualdad de g\u00e9nero en todo el mundo. En Grup Efeb\u00e9, nos unimos a esta celebraci\u00f3n con un firme compromiso hacia el empoderamiento femenino, especialmente en un sector tradicionalmente dominado por hombres:<strong> la construcci\u00f3n<\/strong>.<\/p>\n<h3><strong>El lema del 8 de marzo de 2024: \u00abFinanciar los derechos de las mujeres: acelerar la igualdad\u00bb<\/strong><\/h3>\n<p>En consonancia con el lema de este a\u00f1o de la <a href=\"https:\/\/lac.unwomen.org\/es\/stories\/noticia\/2024\/01\/dia-internacional-de-la-mujer-2024\">ONU<\/a> y <a href=\"https:\/\/www.un.org\/es\/observances\/womens-day\">Naciones Unidas<\/a>, nos comprometemos a impulsar la igualdad de g\u00e9nero en todas nuestras operaciones. Reconocemos que la financiaci\u00f3n adecuada es fundamental para acelerar el progreso hacia la igualdad de g\u00e9nero y estamos listos para asumir ese desaf\u00edo.<\/p>\n<p><img loading=\"lazy\" decoding=\"async\" class=\" wp-image-14812 alignright\" src=\"https:\/\/grupefebe.com\/custom\/uploads\/2024\/03\/DSF6381-scaled-1-1024x717.jpeg\" alt=\"mujer paleta\" width=\"443\" height=\"310\" srcset=\"https:\/\/www.grupefebe.com\/custom\/uploads\/2024\/03\/DSF6381-scaled-1-1024x717.jpeg 1024w, https:\/\/www.grupefebe.com\/custom\/uploads\/2024\/03\/DSF6381-scaled-1-300x210.jpeg 300w, https:\/\/www.grupefebe.com\/custom\/uploads\/2024\/03\/DSF6381-scaled-1-768x538.jpeg 768w, https:\/\/www.grupefebe.com\/custom\/uploads\/2024\/03\/DSF6381-scaled-1-1536x1076.jpeg 1536w, https:\/\/www.grupefebe.com\/custom\/uploads\/2024\/03\/DSF6381-scaled-1-2048x1434.jpeg 2048w\" sizes=\"auto, (max-width: 443px) 100vw, 443px\" \/><\/p>\n<h3><strong>Iniciativas de Grup Efeb\u00e9 para el empoderamiento femenino en la construcci\u00f3n<\/strong><\/h3>\n<p>Nuestra empresa ha estado liderando un<strong> <a href=\"https:\/\/grupefebe.com\/es\/una-nueva-oportunidad-de-insercion-laboral-en-la-construccion-para-mujeres-en-riesgo-de-exclusion-social\/\">proyecto de inserci\u00f3n laboral<\/a> dirigido a mujeres<\/strong> en riesgo de exclusi\u00f3n social en el sector de la construcci\u00f3n. En colaboraci\u00f3n con la <a href=\"https:\/\/www.fundacioared.org\/\">Fundaci\u00f3n Ared<\/a> y la <a href=\"https:\/\/www.fundacionlaboral.org\/\">Fundaci\u00f3n Laboral de la Construcci\u00f3n<\/a>, hemos ofrecido formaci\u00f3n y oportunidades de <strong>empleo a mujeres<\/strong> que buscan romper estigmas y construir un futuro mejor para s\u00ed mismas.<\/p>\n<h3><strong>Superando barreras en la industria de la construcci\u00f3n<\/strong><\/h3>\n<p>El sector de la construcci\u00f3n ha sido hist\u00f3ricamente dominado por hombres, pero estamos viendo un cambio significativo. Cada vez m\u00e1s mujeres est\u00e1n ingresando a esta industria, y Grup Efeb\u00e9 est\u00e1 orgulloso de ser parte de esta transformaci\u00f3n.<\/p>\n<h3><strong>Cifras alentadoras<\/strong><\/h3>\n<p>Seg\u00fan datos del <a href=\"https:\/\/www.observatoriodelaconstruccion.com\/\">Observatorio Industrial de la Construcci\u00f3n<\/a>, el n\u00famero de mujeres afiliadas a la Seguridad Social en el sector de la construcci\u00f3n en Espa\u00f1a ha experimentado un aumento significativo en los \u00faltimos a\u00f1os. En 2022, estas cifras alcanzaron un total de <strong>147,337 trabajadoras<\/strong>, lo que representa un incremento de 7,711 mujeres con respecto al a\u00f1o anterior. Este aumento refleja un cambio positivo en la industria, ya que el porcentaje de mujeres empleadas en el sector ha llegado al 11.1% del total de trabajadores. Adem\u00e1s, es alentador observar que el <strong>21% de los contratos<\/strong> de las mujeres en la construcci\u00f3n son indefinidos, lo que demuestra un mayor compromiso con la estabilidad laboral y el crecimiento profesional. En Grup Efeb\u00e9, estamos comprometidos a seguir fomentando este crecimiento y proporcionando oportunidades equitativas para todos.<\/p>\n<p><img loading=\"lazy\" decoding=\"async\" class=\" wp-image-14814 aligncenter\" src=\"https:\/\/grupefebe.com\/custom\/uploads\/2024\/03\/DSF6302-scaled-1-1024x683.jpeg\" alt=\"instalaci\u00f3n pavimento\" width=\"780\" height=\"520\" srcset=\"https:\/\/www.grupefebe.com\/custom\/uploads\/2024\/03\/DSF6302-scaled-1-1024x683.jpeg 1024w, https:\/\/www.grupefebe.com\/custom\/uploads\/2024\/03\/DSF6302-scaled-1-300x200.jpeg 300w, https:\/\/www.grupefebe.com\/custom\/uploads\/2024\/03\/DSF6302-scaled-1-768x512.jpeg 768w, https:\/\/www.grupefebe.com\/custom\/uploads\/2024\/03\/DSF6302-scaled-1-1536x1024.jpeg 1536w, https:\/\/www.grupefebe.com\/custom\/uploads\/2024\/03\/DSF6302-scaled-1-2048x1366.jpeg 2048w\" sizes=\"auto, (max-width: 780px) 100vw, 780px\" \/><\/p>\n<p>En el D\u00eda Internacional de la Mujer, reafirmamos nuestro compromiso de promover la igualdad de g\u00e9nero y el<strong> empoderamiento femenino en la construcci\u00f3n<\/strong>. Seguiremos trabajando para eliminar barreras y crear un entorno inclusivo donde todas las personas, independientemente de su g\u00e9nero, tengan la oportunidad de prosperar y alcanzar su m\u00e1ximo potencial.<\/p>\n","protected":false},"excerpt":{"rendered":"<p>Hoy, 8 de marzo, se celebra el D\u00eda Internacional de la Mujer, una fecha crucial para reflexionar sobre los avances [&hellip;]<\/p>\n","protected":false},"author":2,"featured_media":14810,"comment_status":"closed","ping_status":"closed","sticky":false,"template":"","format":"standard","meta":{"_acf_changed":false,"footnotes":"","_links_to":"","_links_to_target":""},"categories":[201],"class_list":["post-14808","post","type-post","status-publish","format-standard","has-post-thumbnail","hentry","category-otros-sectores"],"acf":[],"yoast_head":"<!-- This site is optimized with the Yoast SEO plugin v25.9 - https:\/\/yoast.com\/wordpress\/plugins\/seo\/ -->\n<title>Empoderamiento femenino en la construcci\u00f3n | 8 de marzo | Efeb\u00e9<\/title>\n<meta name=\"description\" content=\"Empoderamiento femenino en la construcci\u00f3n: Un compromiso de Grup Efeb\u00e9 en el D\u00eda Internacional de la Mujer.\" \/>\n<meta name=\"robots\" content=\"index, follow, max-snippet:-1, max-image-preview:large, max-video-preview:-1\" \/>\n<link rel=\"canonical\" href=\"https:\/\/www.grupefebe.com\/es\/empoderamiento-femenino-en-la-construccion\/\" \/>\n<meta property=\"og:locale\" content=\"es_ES\" \/>\n<meta property=\"og:type\" content=\"article\" \/>\n<meta property=\"og:title\" content=\"Empoderamiento femenino en la construcci\u00f3n | 8 de marzo | Efeb\u00e9\" \/>\n<meta property=\"og:description\" content=\"Empoderamiento femenino en la construcci\u00f3n: Un compromiso de Grup Efeb\u00e9 en el D\u00eda Internacional de la Mujer.\" \/>\n<meta property=\"og:url\" content=\"https:\/\/www.grupefebe.com\/es\/empoderamiento-femenino-en-la-construccion\/\" \/>\n<meta property=\"og:site_name\" content=\"Grupo Efeb\u00e9\" \/>\n<meta property=\"article:publisher\" content=\"https:\/\/www.facebook.com\/grup.efebe\" \/>\n<meta property=\"article:published_time\" content=\"2024-03-08T10:38:50+00:00\" \/>\n<meta property=\"og:image\" content=\"https:\/\/www.grupefebe.com\/custom\/uploads\/2024\/03\/DSF6533-scaled-1.jpeg\" \/>\n\t<meta property=\"og:image:width\" content=\"2560\" \/>\n\t<meta property=\"og:image:height\" content=\"1695\" \/>\n\t<meta property=\"og:image:type\" content=\"image\/jpeg\" \/>\n<meta name=\"author\" content=\"Grup Efeb\u00e9\" \/>\n<meta name=\"twitter:card\" content=\"summary_large_image\" \/>\n<meta name=\"twitter:creator\" content=\"@grup_efebe\" \/>\n<meta name=\"twitter:site\" content=\"@grup_efebe\" \/>\n<meta name=\"twitter:label1\" content=\"Escrito por\" \/>\n\t<meta name=\"twitter:data1\" content=\"Grup Efeb\u00e9\" \/>\n\t<meta name=\"twitter:label2\" content=\"Tiempo de lectura\" \/>\n\t<meta name=\"twitter:data2\" content=\"3 minutos\" \/>\n<script type=\"application\/ld+json\" class=\"yoast-schema-graph\">{\"@context\":\"https:\/\/schema.org\",\"@graph\":[{\"@type\":\"Article\",\"@id\":\"https:\/\/www.grupefebe.com\/es\/empoderamiento-femenino-en-la-construccion\/#article\",\"isPartOf\":{\"@id\":\"https:\/\/www.grupefebe.com\/es\/empoderamiento-femenino-en-la-construccion\/\"},\"author\":{\"name\":\"Grup Efeb\u00e9\",\"@id\":\"https:\/\/www.grupefebe.com\/es\/#\/schema\/person\/76402b3180eef131413100afc3282997\"},\"headline\":\"Empoderamiento femenino en la construcci\u00f3n: Un compromiso de Grup Efeb\u00e9 en el D\u00eda Internacional de la Mujer\",\"datePublished\":\"2024-03-08T10:38:50+00:00\",\"mainEntityOfPage\":{\"@id\":\"https:\/\/www.grupefebe.com\/es\/empoderamiento-femenino-en-la-construccion\/\"},\"wordCount\":476,\"publisher\":{\"@id\":\"https:\/\/www.grupefebe.com\/es\/#organization\"},\"image\":{\"@id\":\"https:\/\/www.grupefebe.com\/es\/empoderamiento-femenino-en-la-construccion\/#primaryimage\"},\"thumbnailUrl\":\"https:\/\/www.grupefebe.com\/custom\/uploads\/2024\/03\/DSF6533-scaled-1.jpeg\",\"articleSection\":[\"Otros Sectores\"],\"inLanguage\":\"es\"},{\"@type\":\"WebPage\",\"@id\":\"https:\/\/www.grupefebe.com\/es\/empoderamiento-femenino-en-la-construccion\/\",\"url\":\"https:\/\/www.grupefebe.com\/es\/empoderamiento-femenino-en-la-construccion\/\",\"name\":\"Empoderamiento femenino en la construcci\u00f3n | 8 de marzo | Efeb\u00e9\",\"isPartOf\":{\"@id\":\"https:\/\/www.grupefebe.com\/es\/#website\"},\"primaryImageOfPage\":{\"@id\":\"https:\/\/www.grupefebe.com\/es\/empoderamiento-femenino-en-la-construccion\/#primaryimage\"},\"image\":{\"@id\":\"https:\/\/www.grupefebe.com\/es\/empoderamiento-femenino-en-la-construccion\/#primaryimage\"},\"thumbnailUrl\":\"https:\/\/www.grupefebe.com\/custom\/uploads\/2024\/03\/DSF6533-scaled-1.jpeg\",\"datePublished\":\"2024-03-08T10:38:50+00:00\",\"description\":\"Empoderamiento femenino en la construcci\u00f3n: Un compromiso de Grup Efeb\u00e9 en el D\u00eda Internacional de la Mujer.\",\"breadcrumb\":{\"@id\":\"https:\/\/www.grupefebe.com\/es\/empoderamiento-femenino-en-la-construccion\/#breadcrumb\"},\"inLanguage\":\"es\",\"potentialAction\":[{\"@type\":\"ReadAction\",\"target\":[\"https:\/\/www.grupefebe.com\/es\/empoderamiento-femenino-en-la-construccion\/\"]}]},{\"@type\":\"ImageObject\",\"inLanguage\":\"es\",\"@id\":\"https:\/\/www.grupefebe.com\/es\/empoderamiento-femenino-en-la-construccion\/#primaryimage\",\"url\":\"https:\/\/www.grupefebe.com\/custom\/uploads\/2024\/03\/DSF6533-scaled-1.jpeg\",\"contentUrl\":\"https:\/\/www.grupefebe.com\/custom\/uploads\/2024\/03\/DSF6533-scaled-1.jpeg\",\"width\":2560,\"height\":1695,\"caption\":\"mujer alba\u00f1il\"},{\"@type\":\"BreadcrumbList\",\"@id\":\"https:\/\/www.grupefebe.com\/es\/empoderamiento-femenino-en-la-construccion\/#breadcrumb\",\"itemListElement\":[{\"@type\":\"ListItem\",\"position\":1,\"name\":\"Inici\",\"item\":\"https:\/\/www.grupefebe.com\/es\/\"},{\"@type\":\"ListItem\",\"position\":2,\"name\":\"Empoderamiento femenino en la construcci\u00f3n: Un compromiso de Grup Efeb\u00e9 en el D\u00eda Internacional de la Mujer\"}]},{\"@type\":\"WebSite\",\"@id\":\"https:\/\/www.grupefebe.com\/es\/#website\",\"url\":\"https:\/\/www.grupefebe.com\/es\/\",\"name\":\"Grup Efeb\u00e9\",\"description\":\"Otro sitio realizado con WordPress\",\"publisher\":{\"@id\":\"https:\/\/www.grupefebe.com\/es\/#organization\"},\"potentialAction\":[{\"@type\":\"SearchAction\",\"target\":{\"@type\":\"EntryPoint\",\"urlTemplate\":\"https:\/\/www.grupefebe.com\/es\/?s={search_term_string}\"},\"query-input\":{\"@type\":\"PropertyValueSpecification\",\"valueRequired\":true,\"valueName\":\"search_term_string\"}}],\"inLanguage\":\"es\"},{\"@type\":\"Organization\",\"@id\":\"https:\/\/www.grupefebe.com\/es\/#organization\",\"name\":\"Grup Efeb\u00e9\",\"url\":\"https:\/\/www.grupefebe.com\/es\/\",\"logo\":{\"@type\":\"ImageObject\",\"inLanguage\":\"es\",\"@id\":\"https:\/\/www.grupefebe.com\/es\/#\/schema\/logo\/image\/\",\"url\":\"https:\/\/grupefebe.com\/custom\/uploads\/2021\/01\/logo-efebe.png\",\"contentUrl\":\"https:\/\/grupefebe.com\/custom\/uploads\/2021\/01\/logo-efebe.png\",\"width\":524,\"height\":135,\"caption\":\"Grup Efeb\u00e9\"},\"image\":{\"@id\":\"https:\/\/www.grupefebe.com\/es\/#\/schema\/logo\/image\/\"},\"sameAs\":[\"https:\/\/www.facebook.com\/grup.efebe\",\"https:\/\/x.com\/grup_efebe\",\"https:\/\/www.instagram.com\/grup_efebe\/\",\"https:\/\/www.linkedin.com\/company\/grupefebe\",\"https:\/\/www.youtube.com\/channel\/UCj11-LAuLhPfqrL2649Xzrw\"]},{\"@type\":\"Person\",\"@id\":\"https:\/\/www.grupefebe.com\/es\/#\/schema\/person\/76402b3180eef131413100afc3282997\",\"name\":\"Grup Efeb\u00e9\",\"image\":{\"@type\":\"ImageObject\",\"inLanguage\":\"es\",\"@id\":\"https:\/\/www.grupefebe.com\/es\/#\/schema\/person\/image\/\",\"url\":\"https:\/\/secure.gravatar.com\/avatar\/913bc6aa90480101061296ab9cad4bd4ccfb82c623a8820f3fd577558c1651be?s=96&d=mm&r=g\",\"contentUrl\":\"https:\/\/secure.gravatar.com\/avatar\/913bc6aa90480101061296ab9cad4bd4ccfb82c623a8820f3fd577558c1651be?s=96&d=mm&r=g\",\"caption\":\"Grup Efeb\u00e9\"},\"url\":\"https:\/\/www.grupefebe.com\/es\/author\/julia\/\"}]}<\/script>\n<!-- \/ Yoast SEO plugin. -->","yoast_head_json":{"title":"Empoderamiento femenino en la construcci\u00f3n | 8 de marzo | Efeb\u00e9","description":"Empoderamiento femenino en la construcci\u00f3n: Un compromiso de Grup Efeb\u00e9 en el D\u00eda Internacional de la Mujer.","robots":{"index":"index","follow":"follow","max-snippet":"max-snippet:-1","max-image-preview":"max-image-preview:large","max-video-preview":"max-video-preview:-1"},"canonical":"https:\/\/www.grupefebe.com\/es\/empoderamiento-femenino-en-la-construccion\/","og_locale":"es_ES","og_type":"article","og_title":"Empoderamiento femenino en la construcci\u00f3n | 8 de marzo | Efeb\u00e9","og_description":"Empoderamiento femenino en la construcci\u00f3n: Un compromiso de Grup Efeb\u00e9 en el D\u00eda Internacional de la Mujer.","og_url":"https:\/\/www.grupefebe.com\/es\/empoderamiento-femenino-en-la-construccion\/","og_site_name":"Grupo Efeb\u00e9","article_publisher":"https:\/\/www.facebook.com\/grup.efebe","article_published_time":"2024-03-08T10:38:50+00:00","og_image":[{"width":2560,"height":1695,"url":"https:\/\/www.grupefebe.com\/custom\/uploads\/2024\/03\/DSF6533-scaled-1.jpeg","type":"image\/jpeg"}],"author":"Grup Efeb\u00e9","twitter_card":"summary_large_image","twitter_creator":"@grup_efebe","twitter_site":"@grup_efebe","twitter_misc":{"Escrito por":"Grup Efeb\u00e9","Tiempo de lectura":"3 minutos"},"schema":{"@context":"https:\/\/schema.org","@graph":[{"@type":"Article","@id":"https:\/\/www.grupefebe.com\/es\/empoderamiento-femenino-en-la-construccion\/#article","isPartOf":{"@id":"https:\/\/www.grupefebe.com\/es\/empoderamiento-femenino-en-la-construccion\/"},"author":{"name":"Grup Efeb\u00e9","@id":"https:\/\/www.grupefebe.com\/es\/#\/schema\/person\/76402b3180eef131413100afc3282997"},"headline":"Empoderamiento femenino en la construcci\u00f3n: Un compromiso de Grup Efeb\u00e9 en el D\u00eda Internacional de la Mujer","datePublished":"2024-03-08T10:38:50+00:00","mainEntityOfPage":{"@id":"https:\/\/www.grupefebe.com\/es\/empoderamiento-femenino-en-la-construccion\/"},"wordCount":476,"publisher":{"@id":"https:\/\/www.grupefebe.com\/es\/#organization"},"image":{"@id":"https:\/\/www.grupefebe.com\/es\/empoderamiento-femenino-en-la-construccion\/#primaryimage"},"thumbnailUrl":"https:\/\/www.grupefebe.com\/custom\/uploads\/2024\/03\/DSF6533-scaled-1.jpeg","articleSection":["Otros Sectores"],"inLanguage":"es"},{"@type":"WebPage","@id":"https:\/\/www.grupefebe.com\/es\/empoderamiento-femenino-en-la-construccion\/","url":"https:\/\/www.grupefebe.com\/es\/empoderamiento-femenino-en-la-construccion\/","name":"Empoderamiento femenino en la construcci\u00f3n | 8 de marzo | Efeb\u00e9","isPartOf":{"@id":"https:\/\/www.grupefebe.com\/es\/#website"},"primaryImageOfPage":{"@id":"https:\/\/www.grupefebe.com\/es\/empoderamiento-femenino-en-la-construccion\/#primaryimage"},"image":{"@id":"https:\/\/www.grupefebe.com\/es\/empoderamiento-femenino-en-la-construccion\/#primaryimage"},"thumbnailUrl":"https:\/\/www.grupefebe.com\/custom\/uploads\/2024\/03\/DSF6533-scaled-1.jpeg","datePublished":"2024-03-08T10:38:50+00:00","description":"Empoderamiento femenino en la construcci\u00f3n: Un compromiso de Grup Efeb\u00e9 en el D\u00eda Internacional de la Mujer.","breadcrumb":{"@id":"https:\/\/www.grupefebe.com\/es\/empoderamiento-femenino-en-la-construccion\/#breadcrumb"},"inLanguage":"es","potentialAction":[{"@type":"ReadAction","target":["https:\/\/www.grupefebe.com\/es\/empoderamiento-femenino-en-la-construccion\/"]}]},{"@type":"ImageObject","inLanguage":"es","@id":"https:\/\/www.grupefebe.com\/es\/empoderamiento-femenino-en-la-construccion\/#primaryimage","url":"https:\/\/www.grupefebe.com\/custom\/uploads\/2024\/03\/DSF6533-scaled-1.jpeg","contentUrl":"https:\/\/www.grupefebe.com\/custom\/uploads\/2024\/03\/DSF6533-scaled-1.jpeg","width":2560,"height":1695,"caption":"mujer alba\u00f1il"},{"@type":"BreadcrumbList","@id":"https:\/\/www.grupefebe.com\/es\/empoderamiento-femenino-en-la-construccion\/#breadcrumb","itemListElement":[{"@type":"ListItem","position":1,"name":"Inici","item":"https:\/\/www.grupefebe.com\/es\/"},{"@type":"ListItem","position":2,"name":"Empoderamiento femenino en la construcci\u00f3n: Un compromiso de Grup Efeb\u00e9 en el D\u00eda Internacional de la Mujer"}]},{"@type":"WebSite","@id":"https:\/\/www.grupefebe.com\/es\/#website","url":"https:\/\/www.grupefebe.com\/es\/","name":"Grup Efeb\u00e9","description":"Otro sitio realizado con WordPress","publisher":{"@id":"https:\/\/www.grupefebe.com\/es\/#organization"},"potentialAction":[{"@type":"SearchAction","target":{"@type":"EntryPoint","urlTemplate":"https:\/\/www.grupefebe.com\/es\/?s={search_term_string}"},"query-input":{"@type":"PropertyValueSpecification","valueRequired":true,"valueName":"search_term_string"}}],"inLanguage":"es"},{"@type":"Organization","@id":"https:\/\/www.grupefebe.com\/es\/#organization","name":"Grup Efeb\u00e9","url":"https:\/\/www.grupefebe.com\/es\/","logo":{"@type":"ImageObject","inLanguage":"es","@id":"https:\/\/www.grupefebe.com\/es\/#\/schema\/logo\/image\/","url":"https:\/\/grupefebe.com\/custom\/uploads\/2021\/01\/logo-efebe.png","contentUrl":"https:\/\/grupefebe.com\/custom\/uploads\/2021\/01\/logo-efebe.png","width":524,"height":135,"caption":"Grup Efeb\u00e9"},"image":{"@id":"https:\/\/www.grupefebe.com\/es\/#\/schema\/logo\/image\/"},"sameAs":["https:\/\/www.facebook.com\/grup.efebe","https:\/\/x.com\/grup_efebe","https:\/\/www.instagram.com\/grup_efebe\/","https:\/\/www.linkedin.com\/company\/grupefebe","https:\/\/www.youtube.com\/channel\/UCj11-LAuLhPfqrL2649Xzrw"]},{"@type":"Person","@id":"https:\/\/www.grupefebe.com\/es\/#\/schema\/person\/76402b3180eef131413100afc3282997","name":"Grup Efeb\u00e9","image":{"@type":"ImageObject","inLanguage":"es","@id":"https:\/\/www.grupefebe.com\/es\/#\/schema\/person\/image\/","url":"https:\/\/secure.gravatar.com\/avatar\/913bc6aa90480101061296ab9cad4bd4ccfb82c623a8820f3fd577558c1651be?s=96&d=mm&r=g","contentUrl":"https:\/\/secure.gravatar.com\/avatar\/913bc6aa90480101061296ab9cad4bd4ccfb82c623a8820f3fd577558c1651be?s=96&d=mm&r=g","caption":"Grup Efeb\u00e9"},"url":"https:\/\/www.grupefebe.com\/es\/author\/julia\/"}]}},"_links":{"self":[{"href":"https:\/\/www.grupefebe.com\/es\/wp-json\/wp\/v2\/posts\/14808","targetHints":{"allow":["GET"]}}],"collection":[{"href":"https:\/\/www.grupefebe.com\/es\/wp-json\/wp\/v2\/posts"}],"about":[{"href":"https:\/\/www.grupefebe.com\/es\/wp-json\/wp\/v2\/types\/post"}],"author":[{"embeddable":true,"href":"https:\/\/www.grupefebe.com\/es\/wp-json\/wp\/v2\/users\/2"}],"replies":[{"embeddable":true,"href":"https:\/\/www.grupefebe.com\/es\/wp-json\/wp\/v2\/comments?post=14808"}],"version-history":[{"count":4,"href":"https:\/\/www.grupefebe.com\/es\/wp-json\/wp\/v2\/posts\/14808\/revisions"}],"predecessor-version":[{"id":14818,"href":"https:\/\/www.grupefebe.com\/es\/wp-json\/wp\/v2\/posts\/14808\/revisions\/14818"}],"wp:featuredmedia":[{"embeddable":true,"href":"https:\/\/www.grupefebe.com\/es\/wp-json\/wp\/v2\/media\/14810"}],"wp:attachment":[{"href":"https:\/\/www.grupefebe.com\/es\/wp-json\/wp\/v2\/media?parent=14808"}],"wp:term":[{"taxonomy":"category","embeddable":true,"href":"https:\/\/www.grupefebe.com\/es\/wp-json\/wp\/v2\/categories?post=14808"}],"curies":[{"name":"wp","href":"https:\/\/api.w.org\/{rel}","templated":true}]}}