{"id":14617,"date":"2023-10-30T15:37:29","date_gmt":"2023-10-30T15:37:29","guid":{"rendered":"https:\/\/grupefebe.com\/festa-25e-aniversari-del-grup-efebe\/"},"modified":"2023-10-30T15:53:23","modified_gmt":"2023-10-30T15:53:23","slug":"fiesta-25o-aniversario-de-grup-efebe","status":"publish","type":"post","link":"https:\/\/www.grupefebe.com\/es\/fiesta-25o-aniversario-de-grup-efebe\/","title":{"rendered":"Fiesta 25\u00ba aniversario de Grup Efeb\u00e9"},"content":{"rendered":"<p>El pasado 19 de octubre tuvimos la oportunidad de unirnos en un acontecimiento especial para celebrar nuestro 25.\u00ba aniversario en el Convent dels \u00c0ngels de Barcelona con las personas que nos han acompa\u00f1ado durante todo este tiempo: compa\u00f1eras, compa\u00f1eros, familia, clientes, colaboradores y proveedores.<\/p>\n<p>La velada fue todav\u00eda m\u00e1s especial por el hecho que formaba parte de la agenda de actos de la Barcelona Design Week, la cual coincid\u00eda con su 50.\u00ba aniversario.<\/p>\n<h4>Un discurso apasionado de la directora Anna Fornt<\/h4>\n<p>Anna Fornt, directora de Grup Efeb\u00e9, tom\u00f3 la palabra para expresar su gratitud a todos los presentes. Agradeci\u00f3 a los clientes, proveedores, trabajadores, colaboradores y amigos que han estado parte esencial de nuestro viaje. Destac\u00f3 la importancia de las personas en esta aventura y subray\u00f3 la esencia del compromiso, la coherencia y la transformaci\u00f3n sostenible que definen Efeb\u00e9.<\/p>\n<p>Anna Fornt tambi\u00e9n subray\u00f3 el papel clave del equipo de Efeb\u00e9 y reconoci\u00f3 los socios de larga duraci\u00f3n que han cre\u00eddo en el proyecto desde sus inicios. Comparti\u00f3 sus reflexiones sobre el significado de estos 25 a\u00f1os e hizo \u00e9nfasis en la importancia de un trabajo que no solo aporta valor econ\u00f3mico, sino tambi\u00e9n social y medioambiental.<\/p>\n<p><img loading=\"lazy\" decoding=\"async\" class=\"aligncenter wp-image-14613\" src=\"https:\/\/grupefebe.com\/custom\/uploads\/2023\/10\/075-25-ANYS-EFEBE.jpg\" alt=\"\" width=\"900\" height=\"599\" srcset=\"https:\/\/www.grupefebe.com\/custom\/uploads\/2023\/10\/075-25-ANYS-EFEBE.jpg 1238w, https:\/\/www.grupefebe.com\/custom\/uploads\/2023\/10\/075-25-ANYS-EFEBE-300x200.jpg 300w, https:\/\/www.grupefebe.com\/custom\/uploads\/2023\/10\/075-25-ANYS-EFEBE-1024x682.jpg 1024w, https:\/\/www.grupefebe.com\/custom\/uploads\/2023\/10\/075-25-ANYS-EFEBE-768x511.jpg 768w\" sizes=\"auto, (max-width: 900px) 100vw, 900px\" \/><\/p>\n<h4>Reconociendo los valores esenciales de Efeb\u00e9<\/h4>\n<p>Durante el evento, tuvimos la oportunidad de entregar premios a personas y entidades que personifican los valores esenciales de Efeb\u00e9. Se entregaron los siguientes premios:<\/p>\n<ul>\n<li>COMPROMISO: Sr. Xavier Molins Amat, presidente de la <a href=\"https:\/\/www.fundacioanaribot.org\/\" target=\"_blank\" rel=\"noopener\">Fundaci\u00f3 Ana Ribot<\/a> por su dedicaci\u00f3n a la atenci\u00f3n y cuidado de personas mayores con deterioro cognitivo en la zona del Baix Llobregat.<\/li>\n<li>\u00a0HONESTIDAD: A Aitor Medrano, director de Responsabilidad Social Corporativa de <a href=\"https:\/\/www.transperfect.com\/es\/home\" target=\"_blank\" rel=\"noopener\">Transperfect Barcelona<\/a>, por confiar en nuestras soluciones innovadoras y espacios de trabajo.<\/li>\n<li>\u00a0TRANSFORMACI\u00d3N SOSTENIBLE: A la Sra. Emma Br\u00fajula y la Sra. Anna Moya de <a href=\"https:\/\/escolapiessantmarti.org\/es\/inicio\/\" target=\"_blank\" rel=\"noopener\">Escola\u0300pies Sant Marti\u0301<\/a> por su apuesta por un entorno bien cuidado que tambi\u00e9n educa.<\/li>\n<li>\u00a0EFICIENCIA: A Eva Caro, responsable de contabilidad del <a href=\"https:\/\/gruppapelmatic.com\/\" target=\"_blank\" rel=\"noopener\">Grup Papelmatic<\/a> y primera persona que contratamos en Efeb\u00e9.<\/li>\n<li>\u00a0COHERENCIA: A \u00a0Marta del Rio, arquitecta project manager de <a href=\"https:\/\/grupefebe.com\/es\/grup-efebe\/\">Efeb\u00e9<\/a>, por su compromiso y coherencia.<\/li>\n<\/ul>\n<p>Estos reconocimientos fueron m\u00e1s que simples gestos. Fueron testigos de nuestra voluntad de premiar y compartir los valores que nos definen y que compartimos con aquellos que creen en nuestra misi\u00f3n.<\/p>\n\n\t\t<div class='galeria-blog owl-carousel-blog owl-carousel owl-theme'><img src='https:\/\/www.grupefebe.com\/custom\/uploads\/2023\/10\/109-25-ANYS-EFEBE.jpg'><img src='https:\/\/www.grupefebe.com\/custom\/uploads\/2023\/10\/088-25-ANYS-EFEBE.jpg'><img src='https:\/\/www.grupefebe.com\/custom\/uploads\/2023\/10\/094-25-ANYS-EFEBE.jpg'><img src='https:\/\/www.grupefebe.com\/custom\/uploads\/2023\/10\/087-25-ANYS-EFEBE.jpg'><img src='https:\/\/www.grupefebe.com\/custom\/uploads\/2023\/10\/096-25-ANYS-EFEBE.jpg'><img src='https:\/\/www.grupefebe.com\/custom\/uploads\/2023\/10\/101-25-ANYS-EFEBE.jpg'><\/div>\n<h4>Un brindis para el futuro<\/h4>\n<p>El momento culminante de la noche lleg\u00f3 con un brindis donde la familia Fornt fue invitada para participar, incluyendo Ana Baldrich, esencial en los inicios del proyecto, y otros miembros de la familia que han estado apoyos incondicionales.<\/p>\n<p>Todos los asistentes al acto acompa\u00f1aron el brindis con el deseo de mirar hacia el futuro con confianza, esperando muchos m\u00e1s a\u00f1os de \u00e9xitos, crecimiento y transformaci\u00f3n significativa.<\/p>\n<p>La noche acab\u00f3 con un recordatorio a todos los presentes: el viaje es tan importante como el destino y, en Efeb\u00e9, este viaje se est\u00e1 realizando junto a personas extraordinarias.<\/p>\n\n\t\t<div class='galeria-blog owl-carousel-blog owl-carousel owl-theme'><img src='https:\/\/www.grupefebe.com\/custom\/uploads\/2023\/10\/169-25-ANYS-EFEBE.jpg'><img src='https:\/\/www.grupefebe.com\/custom\/uploads\/2023\/10\/159-25-ANYS-EFEBE.jpg'><img src='https:\/\/www.grupefebe.com\/custom\/uploads\/2023\/10\/157-25-ANYS-EFEBE.jpg'><img src='https:\/\/www.grupefebe.com\/custom\/uploads\/2023\/10\/156-25-ANYS-EFEBE.jpg'><img src='https:\/\/www.grupefebe.com\/custom\/uploads\/2023\/10\/183-25-ANYS-EFEBE.jpg'><img src='https:\/\/www.grupefebe.com\/custom\/uploads\/2023\/10\/138-25-ANYS-EFEBE.jpg'><img src='https:\/\/www.grupefebe.com\/custom\/uploads\/2023\/10\/015-25-ANYS-EFEBE.jpg'><img src='https:\/\/www.grupefebe.com\/custom\/uploads\/2023\/10\/020-25-ANYS-EFEBE.jpg'><img src='https:\/\/www.grupefebe.com\/custom\/uploads\/2023\/10\/033-25-ANYS-EFEBE.jpg'><img src='https:\/\/www.grupefebe.com\/custom\/uploads\/2023\/10\/029-25-ANYS-EFEBE.jpg'><img src='https:\/\/www.grupefebe.com\/custom\/uploads\/2023\/10\/027-25-ANYS-EFEBE.jpg'><img src='https:\/\/www.grupefebe.com\/custom\/uploads\/2023\/10\/037-25-ANYS-EFEBE.jpg'><img src='https:\/\/www.grupefebe.com\/custom\/uploads\/2023\/10\/034-25-ANYS-EFEBE.jpg'><img src='https:\/\/www.grupefebe.com\/custom\/uploads\/2023\/10\/052-25-ANYS-EFEBE.jpg'><img src='https:\/\/www.grupefebe.com\/custom\/uploads\/2023\/10\/067-25-ANYS-EFEBE.jpg'><img src='https:\/\/www.grupefebe.com\/custom\/uploads\/2023\/10\/125-25-ANYS-EFEBE.jpg'><img src='https:\/\/www.grupefebe.com\/custom\/uploads\/2023\/10\/018-25-ANYS-EFEBE.jpg'><img src='https:\/\/www.grupefebe.com\/custom\/uploads\/2023\/10\/135-25-ANYS-EFEBE.jpg'><img src='https:\/\/www.grupefebe.com\/custom\/uploads\/2023\/10\/134-25-ANYS-EFEBE.jpg'><img src='https:\/\/www.grupefebe.com\/custom\/uploads\/2023\/10\/133-25-ANYS-EFEBE.jpg'><img src='https:\/\/www.grupefebe.com\/custom\/uploads\/2023\/10\/218-25-ANYS-EFEBE.jpg'><\/div>\n","protected":false},"excerpt":{"rendered":"<p>El pasado 19 de octubre tuvimos la oportunidad de unirnos en un acontecimiento especial para celebrar nuestro 25.\u00ba aniversario en [&hellip;]<\/p>\n","protected":false},"author":1,"featured_media":14557,"comment_status":"closed","ping_status":"closed","sticky":false,"template":"","format":"standard","meta":{"_acf_changed":false,"footnotes":"","_links_to":"","_links_to_target":""},"categories":[203,200,202],"class_list":["post-14617","post","type-post","status-publish","format-standard","has-post-thumbnail","hentry","category-escuelas","category-oficinas","category-residencias-mayores"],"acf":[],"yoast_head":"<!-- This site is optimized with the Yoast SEO plugin v25.9 - https:\/\/yoast.com\/wordpress\/plugins\/seo\/ -->\n<title>Fiesta 25\u00ba aniversario de Grup Efeb\u00e9 | Grupo Efeb\u00e9<\/title>\n<meta name=\"description\" content=\"El pasado 19 de octubre tuvimos la oportunidad de unirnos en un acontecimiento especial para celebrar 25\u00ba aniversario de Grup Efeb\u00e9\" \/>\n<meta name=\"robots\" content=\"index, follow, max-snippet:-1, max-image-preview:large, max-video-preview:-1\" \/>\n<link rel=\"canonical\" href=\"https:\/\/www.grupefebe.com\/es\/fiesta-25o-aniversario-de-grup-efebe\/\" \/>\n<meta property=\"og:locale\" content=\"es_ES\" \/>\n<meta property=\"og:type\" content=\"article\" \/>\n<meta property=\"og:title\" content=\"Fiesta 25\u00ba aniversario de Grup Efeb\u00e9 | Grupo Efeb\u00e9\" \/>\n<meta property=\"og:description\" content=\"El pasado 19 de octubre tuvimos la oportunidad de unirnos en un acontecimiento especial para celebrar 25\u00ba aniversario de Grup Efeb\u00e9\" \/>\n<meta property=\"og:url\" content=\"https:\/\/www.grupefebe.com\/es\/fiesta-25o-aniversario-de-grup-efebe\/\" \/>\n<meta property=\"og:site_name\" content=\"Grupo Efeb\u00e9\" \/>\n<meta property=\"article:publisher\" content=\"https:\/\/www.facebook.com\/grup.efebe\" \/>\n<meta property=\"article:published_time\" content=\"2023-10-30T15:37:29+00:00\" \/>\n<meta property=\"article:modified_time\" content=\"2023-10-30T15:53:23+00:00\" \/>\n<meta property=\"og:image\" content=\"https:\/\/www.grupefebe.com\/custom\/uploads\/2023\/10\/036-25-ANYS-EFEBE.jpg\" \/>\n\t<meta property=\"og:image:width\" content=\"1441\" \/>\n\t<meta property=\"og:image:height\" content=\"959\" \/>\n\t<meta property=\"og:image:type\" content=\"image\/jpeg\" \/>\n<meta name=\"author\" content=\"efebe\" \/>\n<meta name=\"twitter:card\" content=\"summary_large_image\" \/>\n<meta name=\"twitter:creator\" content=\"@grup_efebe\" \/>\n<meta name=\"twitter:site\" content=\"@grup_efebe\" \/>\n<meta name=\"twitter:label1\" content=\"Escrito por\" \/>\n\t<meta name=\"twitter:data1\" content=\"efebe\" \/>\n\t<meta name=\"twitter:label2\" content=\"Tiempo de lectura\" \/>\n\t<meta name=\"twitter:data2\" content=\"3 minutos\" \/>\n<script type=\"application\/ld+json\" class=\"yoast-schema-graph\">{\"@context\":\"https:\/\/schema.org\",\"@graph\":[{\"@type\":\"Article\",\"@id\":\"https:\/\/www.grupefebe.com\/es\/fiesta-25o-aniversario-de-grup-efebe\/#article\",\"isPartOf\":{\"@id\":\"https:\/\/www.grupefebe.com\/es\/fiesta-25o-aniversario-de-grup-efebe\/\"},\"author\":{\"name\":\"efebe\",\"@id\":\"https:\/\/www.grupefebe.com\/es\/#\/schema\/person\/ea29ae2644736bcdb432a0b7f0d814cd\"},\"headline\":\"Fiesta 25\u00ba aniversario de Grup Efeb\u00e9\",\"datePublished\":\"2023-10-30T15:37:29+00:00\",\"dateModified\":\"2023-10-30T15:53:23+00:00\",\"mainEntityOfPage\":{\"@id\":\"https:\/\/www.grupefebe.com\/es\/fiesta-25o-aniversario-de-grup-efebe\/\"},\"wordCount\":507,\"publisher\":{\"@id\":\"https:\/\/www.grupefebe.com\/es\/#organization\"},\"image\":{\"@id\":\"https:\/\/www.grupefebe.com\/es\/fiesta-25o-aniversario-de-grup-efebe\/#primaryimage\"},\"thumbnailUrl\":\"https:\/\/www.grupefebe.com\/custom\/uploads\/2023\/10\/036-25-ANYS-EFEBE.jpg\",\"articleSection\":[\"Escuelas\",\"Oficinas\",\"Residencias para mayores\"],\"inLanguage\":\"es\"},{\"@type\":\"WebPage\",\"@id\":\"https:\/\/www.grupefebe.com\/es\/fiesta-25o-aniversario-de-grup-efebe\/\",\"url\":\"https:\/\/www.grupefebe.com\/es\/fiesta-25o-aniversario-de-grup-efebe\/\",\"name\":\"Fiesta 25\u00ba aniversario de Grup Efeb\u00e9 | Grupo Efeb\u00e9\",\"isPartOf\":{\"@id\":\"https:\/\/www.grupefebe.com\/es\/#website\"},\"primaryImageOfPage\":{\"@id\":\"https:\/\/www.grupefebe.com\/es\/fiesta-25o-aniversario-de-grup-efebe\/#primaryimage\"},\"image\":{\"@id\":\"https:\/\/www.grupefebe.com\/es\/fiesta-25o-aniversario-de-grup-efebe\/#primaryimage\"},\"thumbnailUrl\":\"https:\/\/www.grupefebe.com\/custom\/uploads\/2023\/10\/036-25-ANYS-EFEBE.jpg\",\"datePublished\":\"2023-10-30T15:37:29+00:00\",\"dateModified\":\"2023-10-30T15:53:23+00:00\",\"description\":\"El pasado 19 de octubre tuvimos la oportunidad de unirnos en un acontecimiento especial para celebrar 25\u00ba aniversario de Grup Efeb\u00e9\",\"breadcrumb\":{\"@id\":\"https:\/\/www.grupefebe.com\/es\/fiesta-25o-aniversario-de-grup-efebe\/#breadcrumb\"},\"inLanguage\":\"es\",\"potentialAction\":[{\"@type\":\"ReadAction\",\"target\":[\"https:\/\/www.grupefebe.com\/es\/fiesta-25o-aniversario-de-grup-efebe\/\"]}]},{\"@type\":\"ImageObject\",\"inLanguage\":\"es\",\"@id\":\"https:\/\/www.grupefebe.com\/es\/fiesta-25o-aniversario-de-grup-efebe\/#primaryimage\",\"url\":\"https:\/\/www.grupefebe.com\/custom\/uploads\/2023\/10\/036-25-ANYS-EFEBE.jpg\",\"contentUrl\":\"https:\/\/www.grupefebe.com\/custom\/uploads\/2023\/10\/036-25-ANYS-EFEBE.jpg\",\"width\":1441,\"height\":959,\"caption\":\"festa 25 anys grup efeb\u00e9\"},{\"@type\":\"BreadcrumbList\",\"@id\":\"https:\/\/www.grupefebe.com\/es\/fiesta-25o-aniversario-de-grup-efebe\/#breadcrumb\",\"itemListElement\":[{\"@type\":\"ListItem\",\"position\":1,\"name\":\"Inici\",\"item\":\"https:\/\/www.grupefebe.com\/es\/\"},{\"@type\":\"ListItem\",\"position\":2,\"name\":\"Fiesta 25\u00ba aniversario de Grup Efeb\u00e9\"}]},{\"@type\":\"WebSite\",\"@id\":\"https:\/\/www.grupefebe.com\/es\/#website\",\"url\":\"https:\/\/www.grupefebe.com\/es\/\",\"name\":\"Grup Efeb\u00e9\",\"description\":\"Otro sitio realizado con WordPress\",\"publisher\":{\"@id\":\"https:\/\/www.grupefebe.com\/es\/#organization\"},\"potentialAction\":[{\"@type\":\"SearchAction\",\"target\":{\"@type\":\"EntryPoint\",\"urlTemplate\":\"https:\/\/www.grupefebe.com\/es\/?s={search_term_string}\"},\"query-input\":{\"@type\":\"PropertyValueSpecification\",\"valueRequired\":true,\"valueName\":\"search_term_string\"}}],\"inLanguage\":\"es\"},{\"@type\":\"Organization\",\"@id\":\"https:\/\/www.grupefebe.com\/es\/#organization\",\"name\":\"Grup Efeb\u00e9\",\"url\":\"https:\/\/www.grupefebe.com\/es\/\",\"logo\":{\"@type\":\"ImageObject\",\"inLanguage\":\"es\",\"@id\":\"https:\/\/www.grupefebe.com\/es\/#\/schema\/logo\/image\/\",\"url\":\"https:\/\/grupefebe.com\/custom\/uploads\/2021\/01\/logo-efebe.png\",\"contentUrl\":\"https:\/\/grupefebe.com\/custom\/uploads\/2021\/01\/logo-efebe.png\",\"width\":524,\"height\":135,\"caption\":\"Grup Efeb\u00e9\"},\"image\":{\"@id\":\"https:\/\/www.grupefebe.com\/es\/#\/schema\/logo\/image\/\"},\"sameAs\":[\"https:\/\/www.facebook.com\/grup.efebe\",\"https:\/\/x.com\/grup_efebe\",\"https:\/\/www.instagram.com\/grup_efebe\/\",\"https:\/\/www.linkedin.com\/company\/grupefebe\",\"https:\/\/www.youtube.com\/channel\/UCj11-LAuLhPfqrL2649Xzrw\"]},{\"@type\":\"Person\",\"@id\":\"https:\/\/www.grupefebe.com\/es\/#\/schema\/person\/ea29ae2644736bcdb432a0b7f0d814cd\",\"name\":\"efebe\",\"image\":{\"@type\":\"ImageObject\",\"inLanguage\":\"es\",\"@id\":\"https:\/\/www.grupefebe.com\/es\/#\/schema\/person\/image\/\",\"url\":\"https:\/\/secure.gravatar.com\/avatar\/fe57a3f139ea81c65a338e37a8064b4e80844f839737532820c9107eb9e1966f?s=96&d=mm&r=g\",\"contentUrl\":\"https:\/\/secure.gravatar.com\/avatar\/fe57a3f139ea81c65a338e37a8064b4e80844f839737532820c9107eb9e1966f?s=96&d=mm&r=g\",\"caption\":\"efebe\"},\"url\":\"https:\/\/www.grupefebe.com\/es\/author\/efebe\/\"}]}<\/script>\n<!-- \/ Yoast SEO plugin. -->","yoast_head_json":{"title":"Fiesta 25\u00ba aniversario de Grup Efeb\u00e9 | Grupo Efeb\u00e9","description":"El pasado 19 de octubre tuvimos la oportunidad de unirnos en un acontecimiento especial para celebrar 25\u00ba aniversario de Grup Efeb\u00e9","robots":{"index":"index","follow":"follow","max-snippet":"max-snippet:-1","max-image-preview":"max-image-preview:large","max-video-preview":"max-video-preview:-1"},"canonical":"https:\/\/www.grupefebe.com\/es\/fiesta-25o-aniversario-de-grup-efebe\/","og_locale":"es_ES","og_type":"article","og_title":"Fiesta 25\u00ba aniversario de Grup Efeb\u00e9 | Grupo Efeb\u00e9","og_description":"El pasado 19 de octubre tuvimos la oportunidad de unirnos en un acontecimiento especial para celebrar 25\u00ba aniversario de Grup Efeb\u00e9","og_url":"https:\/\/www.grupefebe.com\/es\/fiesta-25o-aniversario-de-grup-efebe\/","og_site_name":"Grupo Efeb\u00e9","article_publisher":"https:\/\/www.facebook.com\/grup.efebe","article_published_time":"2023-10-30T15:37:29+00:00","article_modified_time":"2023-10-30T15:53:23+00:00","og_image":[{"width":1441,"height":959,"url":"https:\/\/www.grupefebe.com\/custom\/uploads\/2023\/10\/036-25-ANYS-EFEBE.jpg","type":"image\/jpeg"}],"author":"efebe","twitter_card":"summary_large_image","twitter_creator":"@grup_efebe","twitter_site":"@grup_efebe","twitter_misc":{"Escrito por":"efebe","Tiempo de lectura":"3 minutos"},"schema":{"@context":"https:\/\/schema.org","@graph":[{"@type":"Article","@id":"https:\/\/www.grupefebe.com\/es\/fiesta-25o-aniversario-de-grup-efebe\/#article","isPartOf":{"@id":"https:\/\/www.grupefebe.com\/es\/fiesta-25o-aniversario-de-grup-efebe\/"},"author":{"name":"efebe","@id":"https:\/\/www.grupefebe.com\/es\/#\/schema\/person\/ea29ae2644736bcdb432a0b7f0d814cd"},"headline":"Fiesta 25\u00ba aniversario de Grup Efeb\u00e9","datePublished":"2023-10-30T15:37:29+00:00","dateModified":"2023-10-30T15:53:23+00:00","mainEntityOfPage":{"@id":"https:\/\/www.grupefebe.com\/es\/fiesta-25o-aniversario-de-grup-efebe\/"},"wordCount":507,"publisher":{"@id":"https:\/\/www.grupefebe.com\/es\/#organization"},"image":{"@id":"https:\/\/www.grupefebe.com\/es\/fiesta-25o-aniversario-de-grup-efebe\/#primaryimage"},"thumbnailUrl":"https:\/\/www.grupefebe.com\/custom\/uploads\/2023\/10\/036-25-ANYS-EFEBE.jpg","articleSection":["Escuelas","Oficinas","Residencias para mayores"],"inLanguage":"es"},{"@type":"WebPage","@id":"https:\/\/www.grupefebe.com\/es\/fiesta-25o-aniversario-de-grup-efebe\/","url":"https:\/\/www.grupefebe.com\/es\/fiesta-25o-aniversario-de-grup-efebe\/","name":"Fiesta 25\u00ba aniversario de Grup Efeb\u00e9 | Grupo Efeb\u00e9","isPartOf":{"@id":"https:\/\/www.grupefebe.com\/es\/#website"},"primaryImageOfPage":{"@id":"https:\/\/www.grupefebe.com\/es\/fiesta-25o-aniversario-de-grup-efebe\/#primaryimage"},"image":{"@id":"https:\/\/www.grupefebe.com\/es\/fiesta-25o-aniversario-de-grup-efebe\/#primaryimage"},"thumbnailUrl":"https:\/\/www.grupefebe.com\/custom\/uploads\/2023\/10\/036-25-ANYS-EFEBE.jpg","datePublished":"2023-10-30T15:37:29+00:00","dateModified":"2023-10-30T15:53:23+00:00","description":"El pasado 19 de octubre tuvimos la oportunidad de unirnos en un acontecimiento especial para celebrar 25\u00ba aniversario de Grup Efeb\u00e9","breadcrumb":{"@id":"https:\/\/www.grupefebe.com\/es\/fiesta-25o-aniversario-de-grup-efebe\/#breadcrumb"},"inLanguage":"es","potentialAction":[{"@type":"ReadAction","target":["https:\/\/www.grupefebe.com\/es\/fiesta-25o-aniversario-de-grup-efebe\/"]}]},{"@type":"ImageObject","inLanguage":"es","@id":"https:\/\/www.grupefebe.com\/es\/fiesta-25o-aniversario-de-grup-efebe\/#primaryimage","url":"https:\/\/www.grupefebe.com\/custom\/uploads\/2023\/10\/036-25-ANYS-EFEBE.jpg","contentUrl":"https:\/\/www.grupefebe.com\/custom\/uploads\/2023\/10\/036-25-ANYS-EFEBE.jpg","width":1441,"height":959,"caption":"festa 25 anys grup efeb\u00e9"},{"@type":"BreadcrumbList","@id":"https:\/\/www.grupefebe.com\/es\/fiesta-25o-aniversario-de-grup-efebe\/#breadcrumb","itemListElement":[{"@type":"ListItem","position":1,"name":"Inici","item":"https:\/\/www.grupefebe.com\/es\/"},{"@type":"ListItem","position":2,"name":"Fiesta 25\u00ba aniversario de Grup Efeb\u00e9"}]},{"@type":"WebSite","@id":"https:\/\/www.grupefebe.com\/es\/#website","url":"https:\/\/www.grupefebe.com\/es\/","name":"Grup Efeb\u00e9","description":"Otro sitio realizado con WordPress","publisher":{"@id":"https:\/\/www.grupefebe.com\/es\/#organization"},"potentialAction":[{"@type":"SearchAction","target":{"@type":"EntryPoint","urlTemplate":"https:\/\/www.grupefebe.com\/es\/?s={search_term_string}"},"query-input":{"@type":"PropertyValueSpecification","valueRequired":true,"valueName":"search_term_string"}}],"inLanguage":"es"},{"@type":"Organization","@id":"https:\/\/www.grupefebe.com\/es\/#organization","name":"Grup Efeb\u00e9","url":"https:\/\/www.grupefebe.com\/es\/","logo":{"@type":"ImageObject","inLanguage":"es","@id":"https:\/\/www.grupefebe.com\/es\/#\/schema\/logo\/image\/","url":"https:\/\/grupefebe.com\/custom\/uploads\/2021\/01\/logo-efebe.png","contentUrl":"https:\/\/grupefebe.com\/custom\/uploads\/2021\/01\/logo-efebe.png","width":524,"height":135,"caption":"Grup Efeb\u00e9"},"image":{"@id":"https:\/\/www.grupefebe.com\/es\/#\/schema\/logo\/image\/"},"sameAs":["https:\/\/www.facebook.com\/grup.efebe","https:\/\/x.com\/grup_efebe","https:\/\/www.instagram.com\/grup_efebe\/","https:\/\/www.linkedin.com\/company\/grupefebe","https:\/\/www.youtube.com\/channel\/UCj11-LAuLhPfqrL2649Xzrw"]},{"@type":"Person","@id":"https:\/\/www.grupefebe.com\/es\/#\/schema\/person\/ea29ae2644736bcdb432a0b7f0d814cd","name":"efebe","image":{"@type":"ImageObject","inLanguage":"es","@id":"https:\/\/www.grupefebe.com\/es\/#\/schema\/person\/image\/","url":"https:\/\/secure.gravatar.com\/avatar\/fe57a3f139ea81c65a338e37a8064b4e80844f839737532820c9107eb9e1966f?s=96&d=mm&r=g","contentUrl":"https:\/\/secure.gravatar.com\/avatar\/fe57a3f139ea81c65a338e37a8064b4e80844f839737532820c9107eb9e1966f?s=96&d=mm&r=g","caption":"efebe"},"url":"https:\/\/www.grupefebe.com\/es\/author\/efebe\/"}]}},"_links":{"self":[{"href":"https:\/\/www.grupefebe.com\/es\/wp-json\/wp\/v2\/posts\/14617","targetHints":{"allow":["GET"]}}],"collection":[{"href":"https:\/\/www.grupefebe.com\/es\/wp-json\/wp\/v2\/posts"}],"about":[{"href":"https:\/\/www.grupefebe.com\/es\/wp-json\/wp\/v2\/types\/post"}],"author":[{"embeddable":true,"href":"https:\/\/www.grupefebe.com\/es\/wp-json\/wp\/v2\/users\/1"}],"replies":[{"embeddable":true,"href":"https:\/\/www.grupefebe.com\/es\/wp-json\/wp\/v2\/comments?post=14617"}],"version-history":[{"count":4,"href":"https:\/\/www.grupefebe.com\/es\/wp-json\/wp\/v2\/posts\/14617\/revisions"}],"predecessor-version":[{"id":14622,"href":"https:\/\/www.grupefebe.com\/es\/wp-json\/wp\/v2\/posts\/14617\/revisions\/14622"}],"wp:featuredmedia":[{"embeddable":true,"href":"https:\/\/www.grupefebe.com\/es\/wp-json\/wp\/v2\/media\/14557"}],"wp:attachment":[{"href":"https:\/\/www.grupefebe.com\/es\/wp-json\/wp\/v2\/media?parent=14617"}],"wp:term":[{"taxonomy":"category","embeddable":true,"href":"https:\/\/www.grupefebe.com\/es\/wp-json\/wp\/v2\/categories?post=14617"}],"curies":[{"name":"wp","href":"https:\/\/api.w.org\/{rel}","templated":true}]}}