{"id":14145,"date":"2023-05-11T11:21:39","date_gmt":"2023-05-11T11:21:39","guid":{"rendered":"https:\/\/grupefebe.com\/?p=14145"},"modified":"2023-05-11T11:21:39","modified_gmt":"2023-05-11T11:21:39","slug":"acra-celebra-la-1a-jornada-de-centros-de-dia-un-recurso-desaprovechado","status":"publish","type":"post","link":"https:\/\/www.grupefebe.com\/es\/acra-celebra-la-1a-jornada-de-centros-de-dia-un-recurso-desaprovechado\/","title":{"rendered":"ACRA celebra la 1\u00aa Jornada de centros de d\u00eda: \u00bfUn recurso desaprovechado?"},"content":{"rendered":"<p>El equipo de Grup Efeb\u00e9 participamos en la primera Jornada de Centros de D\u00eda organizada por <a href=\"https:\/\/grupefebe.com\/es\/espacios-seguros-espacios-para-convivir-efebe-somos-colaboradores-de-acra\/\"><strong>ACRA<\/strong><\/a> (Asociaci\u00f3n Catalana de Recursos Asistenciales).<\/p>\n<p>La sesi\u00f3n ha tenido lugar el jueves 11 de mayo en el Caixaforum Macaya, en el centro de Barcelona.<\/p>\n<p>A continuaci\u00f3n, te explicamos c\u00f3mo ha ido la jornada y c\u00f3mo ha sido nuestra participaci\u00f3n.<\/p>\n<h3>Centros de d\u00eda: \u00bfUn recurso desaprovechado?<\/h3>\n<p>La Jornada de Centros de D\u00eda ha empezado con una inauguraci\u00f3n a cargo de Montserrat Llopis, directora general de ACRA.<\/p>\n<p>Posteriormente, se ha dado a las diferentes experiencias presentadas por profesionales como por ejemplo:<\/p>\n<ul>\n<li>Vanesa Pytel, neur\u00f3loga y cap cl\u00ednic de la <strong>Unitat de diagn\u00f2stic ACE Alzheimer CenterBarcelona<\/strong><\/li>\n<li>Nerea Amenabar, directora <strong>Home Health Care Ubikare<\/strong><\/li>\n<li>Aroa Marin, directora del <strong>Centro de d\u00eda Aire<\/strong><\/li>\n<li>Marta del R\u00edo, arquitecta de <strong>Grup Efeb\u00e9<\/strong>, y \u00c0ngels Salda\u00f1a, directora de la <strong>Fundaci\u00f3 Ana Ribot.<\/strong><\/li>\n<\/ul>\n<h3>\u00abAbrimos el centro de d\u00eda\u00bb<\/h3>\n<p>Marta del R\u00edo, arquitecta de <strong>Grup Efeb\u00e9<\/strong>, y \u00c0ngels Salda\u00f1a, directora de la <strong>Fundaci\u00f3n Ana Ribot<\/strong>, han presentado el nuevo proyecto colaborativo de ambas organizaciones.<\/p>\n<p>Hace unos meses la Fundaci\u00f3n Ana Ribot se interes\u00f3 por Grup Efeb\u00e9 para redefinir y ampliar los servicios de la Fundaci\u00f3n. Es por eso que se reunieron miembros de nuestro equipo con personal de Ana Ribot, para realizar diferentes sesiones de cocreaci\u00f3n, para trabajar en equipo este nuevo proyecto.<\/p>\n<p>\u00abAbrimos el centro de d\u00eda\u00bb es la presentaci\u00f3n que han hecho las dos esta ma\u00f1ana en el Caixaforum Macaya. El actual centro de d\u00eda se est\u00e1 transformando y, actualmente, ya ha empezado la primera fase de rehabilitaci\u00f3n de sus espacios.<\/p>\n<p>Para acabar, estos dise\u00f1os hacen referencia a los nuevos servicios del centro asistencial. Dos de las principales novedades es la creaci\u00f3n del <strong>primer centro por la noche en Catalu\u00f1a<\/strong> y de una nueva planta en el edificio, pensada para habilitar <strong>apartamentos de cohousing senior<\/strong>.<\/p>\n<p>&nbsp;<\/p>\n\n\t\t<div class='galeria-blog owl-carousel-blog owl-carousel owl-theme'><img src='https:\/\/www.grupefebe.com\/custom\/uploads\/2023\/04\/cohabitatge-senior-ana-ribot-scaled.jpg'><img src='https:\/\/www.grupefebe.com\/custom\/uploads\/2023\/04\/habitacion-doble-grup-efebe-scaled.jpg'><img src='https:\/\/www.grupefebe.com\/custom\/uploads\/2023\/04\/menjador-residencia-gent-gran-fundacio-ana-ribot.jpg'><\/div>\n","protected":false},"excerpt":{"rendered":"<p>El equipo de Grup Efeb\u00e9 participamos en la primera Jornada de Centros de D\u00eda organizada por ACRA (Asociaci\u00f3n Catalana de [&hellip;]<\/p>\n","protected":false},"author":2,"featured_media":14157,"comment_status":"closed","ping_status":"closed","sticky":false,"template":"","format":"standard","meta":{"_acf_changed":false,"footnotes":"","_links_to":"","_links_to_target":""},"categories":[202],"class_list":["post-14145","post","type-post","status-publish","format-standard","has-post-thumbnail","hentry","category-residencias-mayores"],"acf":[],"yoast_head":"<!-- This site is optimized with the Yoast SEO plugin v25.9 - https:\/\/yoast.com\/wordpress\/plugins\/seo\/ -->\n<title>ACRA celebra la 1\u00aa Jornada de centros de d\u00eda: \u00bfUn recurso desaprovechado? | Grupo Efeb\u00e9<\/title>\n<meta name=\"description\" content=\"El equipo de Grup Efeb\u00e9 participamos en la primera Jornada de Centros de D\u00eda organizada por ACRA. \u00a1Descubre toda la informaci\u00f3n!\" \/>\n<meta name=\"robots\" content=\"index, follow, max-snippet:-1, max-image-preview:large, max-video-preview:-1\" \/>\n<link rel=\"canonical\" href=\"https:\/\/www.grupefebe.com\/es\/acra-celebra-la-1a-jornada-de-centros-de-dia-un-recurso-desaprovechado\/\" \/>\n<meta property=\"og:locale\" content=\"es_ES\" \/>\n<meta property=\"og:type\" content=\"article\" \/>\n<meta property=\"og:title\" content=\"ACRA celebra la 1\u00aa Jornada de centros de d\u00eda: \u00bfUn recurso desaprovechado? | Grupo Efeb\u00e9\" \/>\n<meta property=\"og:description\" content=\"El equipo de Grup Efeb\u00e9 participamos en la primera Jornada de Centros de D\u00eda organizada por ACRA. \u00a1Descubre toda la informaci\u00f3n!\" \/>\n<meta property=\"og:url\" content=\"https:\/\/www.grupefebe.com\/es\/acra-celebra-la-1a-jornada-de-centros-de-dia-un-recurso-desaprovechado\/\" \/>\n<meta property=\"og:site_name\" content=\"Grupo Efeb\u00e9\" \/>\n<meta property=\"article:publisher\" content=\"https:\/\/www.facebook.com\/grup.efebe\" \/>\n<meta property=\"article:published_time\" content=\"2023-05-11T11:21:39+00:00\" \/>\n<meta property=\"og:image\" content=\"https:\/\/www.grupefebe.com\/custom\/uploads\/2023\/05\/Grup-efebe-acra-centres-de-dia-scaled.jpg\" \/>\n\t<meta property=\"og:image:width\" content=\"2560\" \/>\n\t<meta property=\"og:image:height\" content=\"1920\" \/>\n\t<meta property=\"og:image:type\" content=\"image\/jpeg\" \/>\n<meta name=\"author\" content=\"Grup Efeb\u00e9\" \/>\n<meta name=\"twitter:card\" content=\"summary_large_image\" \/>\n<meta name=\"twitter:creator\" content=\"@grup_efebe\" \/>\n<meta name=\"twitter:site\" content=\"@grup_efebe\" \/>\n<meta name=\"twitter:label1\" content=\"Escrito por\" \/>\n\t<meta name=\"twitter:data1\" content=\"Grup Efeb\u00e9\" \/>\n\t<meta name=\"twitter:label2\" content=\"Tiempo de lectura\" \/>\n\t<meta name=\"twitter:data2\" content=\"2 minutos\" \/>\n<script type=\"application\/ld+json\" class=\"yoast-schema-graph\">{\"@context\":\"https:\/\/schema.org\",\"@graph\":[{\"@type\":\"Article\",\"@id\":\"https:\/\/www.grupefebe.com\/es\/acra-celebra-la-1a-jornada-de-centros-de-dia-un-recurso-desaprovechado\/#article\",\"isPartOf\":{\"@id\":\"https:\/\/www.grupefebe.com\/es\/acra-celebra-la-1a-jornada-de-centros-de-dia-un-recurso-desaprovechado\/\"},\"author\":{\"name\":\"Grup Efeb\u00e9\",\"@id\":\"https:\/\/www.grupefebe.com\/es\/#\/schema\/person\/76402b3180eef131413100afc3282997\"},\"headline\":\"ACRA celebra la 1\u00aa Jornada de centros de d\u00eda: \u00bfUn recurso desaprovechado?\",\"datePublished\":\"2023-05-11T11:21:39+00:00\",\"mainEntityOfPage\":{\"@id\":\"https:\/\/www.grupefebe.com\/es\/acra-celebra-la-1a-jornada-de-centros-de-dia-un-recurso-desaprovechado\/\"},\"wordCount\":349,\"publisher\":{\"@id\":\"https:\/\/www.grupefebe.com\/es\/#organization\"},\"image\":{\"@id\":\"https:\/\/www.grupefebe.com\/es\/acra-celebra-la-1a-jornada-de-centros-de-dia-un-recurso-desaprovechado\/#primaryimage\"},\"thumbnailUrl\":\"https:\/\/www.grupefebe.com\/custom\/uploads\/2023\/05\/Grup-efebe-acra-centres-de-dia-scaled.jpg\",\"articleSection\":[\"Residencias para mayores\"],\"inLanguage\":\"es\"},{\"@type\":\"WebPage\",\"@id\":\"https:\/\/www.grupefebe.com\/es\/acra-celebra-la-1a-jornada-de-centros-de-dia-un-recurso-desaprovechado\/\",\"url\":\"https:\/\/www.grupefebe.com\/es\/acra-celebra-la-1a-jornada-de-centros-de-dia-un-recurso-desaprovechado\/\",\"name\":\"ACRA celebra la 1\u00aa Jornada de centros de d\u00eda: \u00bfUn recurso desaprovechado? | Grupo Efeb\u00e9\",\"isPartOf\":{\"@id\":\"https:\/\/www.grupefebe.com\/es\/#website\"},\"primaryImageOfPage\":{\"@id\":\"https:\/\/www.grupefebe.com\/es\/acra-celebra-la-1a-jornada-de-centros-de-dia-un-recurso-desaprovechado\/#primaryimage\"},\"image\":{\"@id\":\"https:\/\/www.grupefebe.com\/es\/acra-celebra-la-1a-jornada-de-centros-de-dia-un-recurso-desaprovechado\/#primaryimage\"},\"thumbnailUrl\":\"https:\/\/www.grupefebe.com\/custom\/uploads\/2023\/05\/Grup-efebe-acra-centres-de-dia-scaled.jpg\",\"datePublished\":\"2023-05-11T11:21:39+00:00\",\"description\":\"El equipo de Grup Efeb\u00e9 participamos en la primera Jornada de Centros de D\u00eda organizada por ACRA. \u00a1Descubre toda la informaci\u00f3n!\",\"breadcrumb\":{\"@id\":\"https:\/\/www.grupefebe.com\/es\/acra-celebra-la-1a-jornada-de-centros-de-dia-un-recurso-desaprovechado\/#breadcrumb\"},\"inLanguage\":\"es\",\"potentialAction\":[{\"@type\":\"ReadAction\",\"target\":[\"https:\/\/www.grupefebe.com\/es\/acra-celebra-la-1a-jornada-de-centros-de-dia-un-recurso-desaprovechado\/\"]}]},{\"@type\":\"ImageObject\",\"inLanguage\":\"es\",\"@id\":\"https:\/\/www.grupefebe.com\/es\/acra-celebra-la-1a-jornada-de-centros-de-dia-un-recurso-desaprovechado\/#primaryimage\",\"url\":\"https:\/\/www.grupefebe.com\/custom\/uploads\/2023\/05\/Grup-efebe-acra-centres-de-dia-scaled.jpg\",\"contentUrl\":\"https:\/\/www.grupefebe.com\/custom\/uploads\/2023\/05\/Grup-efebe-acra-centres-de-dia-scaled.jpg\",\"width\":2560,\"height\":1920,\"caption\":\"centres de dia\"},{\"@type\":\"BreadcrumbList\",\"@id\":\"https:\/\/www.grupefebe.com\/es\/acra-celebra-la-1a-jornada-de-centros-de-dia-un-recurso-desaprovechado\/#breadcrumb\",\"itemListElement\":[{\"@type\":\"ListItem\",\"position\":1,\"name\":\"Inici\",\"item\":\"https:\/\/www.grupefebe.com\/es\/\"},{\"@type\":\"ListItem\",\"position\":2,\"name\":\"ACRA celebra la 1\u00aa Jornada de centros de d\u00eda: \u00bfUn recurso desaprovechado?\"}]},{\"@type\":\"WebSite\",\"@id\":\"https:\/\/www.grupefebe.com\/es\/#website\",\"url\":\"https:\/\/www.grupefebe.com\/es\/\",\"name\":\"Grup Efeb\u00e9\",\"description\":\"Otro sitio realizado con WordPress\",\"publisher\":{\"@id\":\"https:\/\/www.grupefebe.com\/es\/#organization\"},\"potentialAction\":[{\"@type\":\"SearchAction\",\"target\":{\"@type\":\"EntryPoint\",\"urlTemplate\":\"https:\/\/www.grupefebe.com\/es\/?s={search_term_string}\"},\"query-input\":{\"@type\":\"PropertyValueSpecification\",\"valueRequired\":true,\"valueName\":\"search_term_string\"}}],\"inLanguage\":\"es\"},{\"@type\":\"Organization\",\"@id\":\"https:\/\/www.grupefebe.com\/es\/#organization\",\"name\":\"Grup Efeb\u00e9\",\"url\":\"https:\/\/www.grupefebe.com\/es\/\",\"logo\":{\"@type\":\"ImageObject\",\"inLanguage\":\"es\",\"@id\":\"https:\/\/www.grupefebe.com\/es\/#\/schema\/logo\/image\/\",\"url\":\"https:\/\/grupefebe.com\/custom\/uploads\/2021\/01\/logo-efebe.png\",\"contentUrl\":\"https:\/\/grupefebe.com\/custom\/uploads\/2021\/01\/logo-efebe.png\",\"width\":524,\"height\":135,\"caption\":\"Grup Efeb\u00e9\"},\"image\":{\"@id\":\"https:\/\/www.grupefebe.com\/es\/#\/schema\/logo\/image\/\"},\"sameAs\":[\"https:\/\/www.facebook.com\/grup.efebe\",\"https:\/\/x.com\/grup_efebe\",\"https:\/\/www.instagram.com\/grup_efebe\/\",\"https:\/\/www.linkedin.com\/company\/grupefebe\",\"https:\/\/www.youtube.com\/channel\/UCj11-LAuLhPfqrL2649Xzrw\"]},{\"@type\":\"Person\",\"@id\":\"https:\/\/www.grupefebe.com\/es\/#\/schema\/person\/76402b3180eef131413100afc3282997\",\"name\":\"Grup Efeb\u00e9\",\"image\":{\"@type\":\"ImageObject\",\"inLanguage\":\"es\",\"@id\":\"https:\/\/www.grupefebe.com\/es\/#\/schema\/person\/image\/\",\"url\":\"https:\/\/secure.gravatar.com\/avatar\/913bc6aa90480101061296ab9cad4bd4ccfb82c623a8820f3fd577558c1651be?s=96&d=mm&r=g\",\"contentUrl\":\"https:\/\/secure.gravatar.com\/avatar\/913bc6aa90480101061296ab9cad4bd4ccfb82c623a8820f3fd577558c1651be?s=96&d=mm&r=g\",\"caption\":\"Grup Efeb\u00e9\"},\"url\":\"https:\/\/www.grupefebe.com\/es\/author\/julia\/\"}]}<\/script>\n<!-- \/ Yoast SEO plugin. -->","yoast_head_json":{"title":"ACRA celebra la 1\u00aa Jornada de centros de d\u00eda: \u00bfUn recurso desaprovechado? | Grupo Efeb\u00e9","description":"El equipo de Grup Efeb\u00e9 participamos en la primera Jornada de Centros de D\u00eda organizada por ACRA. \u00a1Descubre toda la informaci\u00f3n!","robots":{"index":"index","follow":"follow","max-snippet":"max-snippet:-1","max-image-preview":"max-image-preview:large","max-video-preview":"max-video-preview:-1"},"canonical":"https:\/\/www.grupefebe.com\/es\/acra-celebra-la-1a-jornada-de-centros-de-dia-un-recurso-desaprovechado\/","og_locale":"es_ES","og_type":"article","og_title":"ACRA celebra la 1\u00aa Jornada de centros de d\u00eda: \u00bfUn recurso desaprovechado? | Grupo Efeb\u00e9","og_description":"El equipo de Grup Efeb\u00e9 participamos en la primera Jornada de Centros de D\u00eda organizada por ACRA. \u00a1Descubre toda la informaci\u00f3n!","og_url":"https:\/\/www.grupefebe.com\/es\/acra-celebra-la-1a-jornada-de-centros-de-dia-un-recurso-desaprovechado\/","og_site_name":"Grupo Efeb\u00e9","article_publisher":"https:\/\/www.facebook.com\/grup.efebe","article_published_time":"2023-05-11T11:21:39+00:00","og_image":[{"width":2560,"height":1920,"url":"https:\/\/www.grupefebe.com\/custom\/uploads\/2023\/05\/Grup-efebe-acra-centres-de-dia-scaled.jpg","type":"image\/jpeg"}],"author":"Grup Efeb\u00e9","twitter_card":"summary_large_image","twitter_creator":"@grup_efebe","twitter_site":"@grup_efebe","twitter_misc":{"Escrito por":"Grup Efeb\u00e9","Tiempo de lectura":"2 minutos"},"schema":{"@context":"https:\/\/schema.org","@graph":[{"@type":"Article","@id":"https:\/\/www.grupefebe.com\/es\/acra-celebra-la-1a-jornada-de-centros-de-dia-un-recurso-desaprovechado\/#article","isPartOf":{"@id":"https:\/\/www.grupefebe.com\/es\/acra-celebra-la-1a-jornada-de-centros-de-dia-un-recurso-desaprovechado\/"},"author":{"name":"Grup Efeb\u00e9","@id":"https:\/\/www.grupefebe.com\/es\/#\/schema\/person\/76402b3180eef131413100afc3282997"},"headline":"ACRA celebra la 1\u00aa Jornada de centros de d\u00eda: \u00bfUn recurso desaprovechado?","datePublished":"2023-05-11T11:21:39+00:00","mainEntityOfPage":{"@id":"https:\/\/www.grupefebe.com\/es\/acra-celebra-la-1a-jornada-de-centros-de-dia-un-recurso-desaprovechado\/"},"wordCount":349,"publisher":{"@id":"https:\/\/www.grupefebe.com\/es\/#organization"},"image":{"@id":"https:\/\/www.grupefebe.com\/es\/acra-celebra-la-1a-jornada-de-centros-de-dia-un-recurso-desaprovechado\/#primaryimage"},"thumbnailUrl":"https:\/\/www.grupefebe.com\/custom\/uploads\/2023\/05\/Grup-efebe-acra-centres-de-dia-scaled.jpg","articleSection":["Residencias para mayores"],"inLanguage":"es"},{"@type":"WebPage","@id":"https:\/\/www.grupefebe.com\/es\/acra-celebra-la-1a-jornada-de-centros-de-dia-un-recurso-desaprovechado\/","url":"https:\/\/www.grupefebe.com\/es\/acra-celebra-la-1a-jornada-de-centros-de-dia-un-recurso-desaprovechado\/","name":"ACRA celebra la 1\u00aa Jornada de centros de d\u00eda: \u00bfUn recurso desaprovechado? | Grupo Efeb\u00e9","isPartOf":{"@id":"https:\/\/www.grupefebe.com\/es\/#website"},"primaryImageOfPage":{"@id":"https:\/\/www.grupefebe.com\/es\/acra-celebra-la-1a-jornada-de-centros-de-dia-un-recurso-desaprovechado\/#primaryimage"},"image":{"@id":"https:\/\/www.grupefebe.com\/es\/acra-celebra-la-1a-jornada-de-centros-de-dia-un-recurso-desaprovechado\/#primaryimage"},"thumbnailUrl":"https:\/\/www.grupefebe.com\/custom\/uploads\/2023\/05\/Grup-efebe-acra-centres-de-dia-scaled.jpg","datePublished":"2023-05-11T11:21:39+00:00","description":"El equipo de Grup Efeb\u00e9 participamos en la primera Jornada de Centros de D\u00eda organizada por ACRA. \u00a1Descubre toda la informaci\u00f3n!","breadcrumb":{"@id":"https:\/\/www.grupefebe.com\/es\/acra-celebra-la-1a-jornada-de-centros-de-dia-un-recurso-desaprovechado\/#breadcrumb"},"inLanguage":"es","potentialAction":[{"@type":"ReadAction","target":["https:\/\/www.grupefebe.com\/es\/acra-celebra-la-1a-jornada-de-centros-de-dia-un-recurso-desaprovechado\/"]}]},{"@type":"ImageObject","inLanguage":"es","@id":"https:\/\/www.grupefebe.com\/es\/acra-celebra-la-1a-jornada-de-centros-de-dia-un-recurso-desaprovechado\/#primaryimage","url":"https:\/\/www.grupefebe.com\/custom\/uploads\/2023\/05\/Grup-efebe-acra-centres-de-dia-scaled.jpg","contentUrl":"https:\/\/www.grupefebe.com\/custom\/uploads\/2023\/05\/Grup-efebe-acra-centres-de-dia-scaled.jpg","width":2560,"height":1920,"caption":"centres de dia"},{"@type":"BreadcrumbList","@id":"https:\/\/www.grupefebe.com\/es\/acra-celebra-la-1a-jornada-de-centros-de-dia-un-recurso-desaprovechado\/#breadcrumb","itemListElement":[{"@type":"ListItem","position":1,"name":"Inici","item":"https:\/\/www.grupefebe.com\/es\/"},{"@type":"ListItem","position":2,"name":"ACRA celebra la 1\u00aa Jornada de centros de d\u00eda: \u00bfUn recurso desaprovechado?"}]},{"@type":"WebSite","@id":"https:\/\/www.grupefebe.com\/es\/#website","url":"https:\/\/www.grupefebe.com\/es\/","name":"Grup Efeb\u00e9","description":"Otro sitio realizado con WordPress","publisher":{"@id":"https:\/\/www.grupefebe.com\/es\/#organization"},"potentialAction":[{"@type":"SearchAction","target":{"@type":"EntryPoint","urlTemplate":"https:\/\/www.grupefebe.com\/es\/?s={search_term_string}"},"query-input":{"@type":"PropertyValueSpecification","valueRequired":true,"valueName":"search_term_string"}}],"inLanguage":"es"},{"@type":"Organization","@id":"https:\/\/www.grupefebe.com\/es\/#organization","name":"Grup Efeb\u00e9","url":"https:\/\/www.grupefebe.com\/es\/","logo":{"@type":"ImageObject","inLanguage":"es","@id":"https:\/\/www.grupefebe.com\/es\/#\/schema\/logo\/image\/","url":"https:\/\/grupefebe.com\/custom\/uploads\/2021\/01\/logo-efebe.png","contentUrl":"https:\/\/grupefebe.com\/custom\/uploads\/2021\/01\/logo-efebe.png","width":524,"height":135,"caption":"Grup Efeb\u00e9"},"image":{"@id":"https:\/\/www.grupefebe.com\/es\/#\/schema\/logo\/image\/"},"sameAs":["https:\/\/www.facebook.com\/grup.efebe","https:\/\/x.com\/grup_efebe","https:\/\/www.instagram.com\/grup_efebe\/","https:\/\/www.linkedin.com\/company\/grupefebe","https:\/\/www.youtube.com\/channel\/UCj11-LAuLhPfqrL2649Xzrw"]},{"@type":"Person","@id":"https:\/\/www.grupefebe.com\/es\/#\/schema\/person\/76402b3180eef131413100afc3282997","name":"Grup Efeb\u00e9","image":{"@type":"ImageObject","inLanguage":"es","@id":"https:\/\/www.grupefebe.com\/es\/#\/schema\/person\/image\/","url":"https:\/\/secure.gravatar.com\/avatar\/913bc6aa90480101061296ab9cad4bd4ccfb82c623a8820f3fd577558c1651be?s=96&d=mm&r=g","contentUrl":"https:\/\/secure.gravatar.com\/avatar\/913bc6aa90480101061296ab9cad4bd4ccfb82c623a8820f3fd577558c1651be?s=96&d=mm&r=g","caption":"Grup Efeb\u00e9"},"url":"https:\/\/www.grupefebe.com\/es\/author\/julia\/"}]}},"_links":{"self":[{"href":"https:\/\/www.grupefebe.com\/es\/wp-json\/wp\/v2\/posts\/14145","targetHints":{"allow":["GET"]}}],"collection":[{"href":"https:\/\/www.grupefebe.com\/es\/wp-json\/wp\/v2\/posts"}],"about":[{"href":"https:\/\/www.grupefebe.com\/es\/wp-json\/wp\/v2\/types\/post"}],"author":[{"embeddable":true,"href":"https:\/\/www.grupefebe.com\/es\/wp-json\/wp\/v2\/users\/2"}],"replies":[{"embeddable":true,"href":"https:\/\/www.grupefebe.com\/es\/wp-json\/wp\/v2\/comments?post=14145"}],"version-history":[{"count":1,"href":"https:\/\/www.grupefebe.com\/es\/wp-json\/wp\/v2\/posts\/14145\/revisions"}],"predecessor-version":[{"id":14155,"href":"https:\/\/www.grupefebe.com\/es\/wp-json\/wp\/v2\/posts\/14145\/revisions\/14155"}],"wp:featuredmedia":[{"embeddable":true,"href":"https:\/\/www.grupefebe.com\/es\/wp-json\/wp\/v2\/media\/14157"}],"wp:attachment":[{"href":"https:\/\/www.grupefebe.com\/es\/wp-json\/wp\/v2\/media?parent=14145"}],"wp:term":[{"taxonomy":"category","embeddable":true,"href":"https:\/\/www.grupefebe.com\/es\/wp-json\/wp\/v2\/categories?post=14145"}],"curies":[{"name":"wp","href":"https:\/\/api.w.org\/{rel}","templated":true}]}}