{"id":13169,"date":"2023-02-22T15:09:05","date_gmt":"2023-02-22T15:09:05","guid":{"rendered":"https:\/\/grupefebe.com\/?p=13169"},"modified":"2023-02-22T15:09:45","modified_gmt":"2023-02-22T15:09:45","slug":"participamos-en-la-barcelona-woman-acceleration-week","status":"publish","type":"post","link":"https:\/\/www.grupefebe.com\/es\/participamos-en-la-barcelona-woman-acceleration-week\/","title":{"rendered":"Participamos en la Barcelona Woman Acceleration Week"},"content":{"rendered":"<p>Grup Efeb\u00e9 participamos en la tercera edici\u00f3n de la <span id=\"page3R_mcid5\" class=\"markedContent\"> <a href=\"http:\/\/www.barcelonawa.com\"><strong><span dir=\"ltr\" role=\"presentation\">BWAW<\/span> <span dir=\"ltr\" role=\"presentation\">\u2013<\/span> <span dir=\"ltr\" role=\"presentation\">Barcelona<\/span> <span dir=\"ltr\" role=\"presentation\">Woman<\/span> <span dir=\"ltr\" role=\"presentation\">Acceleration<\/span> <span dir=\"ltr\" role=\"presentation\">Week<\/span><\/strong><\/a><\/span>. Un evento organizado por el Consorcio de la Zona franca de Barcelona y la Fundaci\u00f3n Incyde.<\/p>\n<p>Como novedad, BWAW celebrar\u00e1 la edici\u00f3n de este a\u00f1o en DFactory Barcelona, un edificio singular de la ciudad comprometido con la Agenda 2030. Se trata de un acontecimiento h\u00edbrido, presencial por parte de las ponencias y difundido por <em>streaming<\/em>.<\/p>\n<h3>Anna Fornt ser\u00e1 <em>speaker<\/em><\/h3>\n<p>En esta 3.\u00aa edici\u00f3n han contado con la participaci\u00f3n de Anna Fornt, fundadora y directora de Grup Efeb\u00e9, como poniente. As\u00ed pues, la podr\u00e9is ver en la sesi\u00f3n del d\u00eda 9 de marzo a las 15 h sobre: <strong>\u00abCreatividad de impacto liderada por mujeres\u00bb.<\/strong><\/p>\n<p>Adem\u00e1s, el d\u00eda 9 la acompa\u00f1ar\u00e1n mujeres profesionales como:<\/p>\n<ul>\n<li><strong>Arantxa Bernad\u00ed<\/strong>, <em>Board de Woman in Office Design <\/em>y CEO de <a href=\"https:\/\/www.bernadi.es\/\">Bernad\u00ed<\/a><\/li>\n<li><strong>Sandra Garcia<\/strong>, Directora General de <a href=\"https:\/\/www.ogilvy.com\/es\/ogilvy\">Ogilvy Spain<\/a><\/li>\n<li><strong>Sis\u00f3n Pujol<\/strong>, fundadora y CEO <a href=\"https:\/\/nomondesign.com\/\">Nomon Design<\/a><\/li>\n<li><strong>Isabel Roig<\/strong>, directora general de <a href=\"https:\/\/www.bcd.es\/ca\/\">Barcelona centre de Disseny<\/a><\/li>\n<\/ul>\n<h3>Y pues, \u00bfqu\u00e9 es Barcelona Woman Acceleration Week?<\/h3>\n<p>La Barcelona Woman Acceleration Week (BWAW) se lanz\u00f3 por primera vez el 2021 con un objetivo claro. Quer\u00edan <strong>dinamizar y acelerar la igualdad de g\u00e9nero<\/strong> para ayudar a conseguir la participaci\u00f3n llena y la igualdad de oportunidades de la mujer en la actividad econ\u00f3mica a nivel local y global coincidiendo con el <strong>D\u00eda Internacional de la Mujer (8M)<\/strong>.<\/p>\n","protected":false},"excerpt":{"rendered":"<p>Grup Efeb\u00e9 participamos en la tercera edici\u00f3n de la BWAW \u2013 Barcelona Woman Acceleration Week. Un evento organizado por el [&hellip;]<\/p>\n","protected":false},"author":2,"featured_media":13219,"comment_status":"closed","ping_status":"closed","sticky":false,"template":"","format":"standard","meta":{"_acf_changed":false,"footnotes":"","_links_to":"","_links_to_target":""},"categories":[200],"class_list":["post-13169","post","type-post","status-publish","format-standard","has-post-thumbnail","hentry","category-oficinas"],"acf":[],"yoast_head":"<!-- This site is optimized with the Yoast SEO plugin v25.9 - https:\/\/yoast.com\/wordpress\/plugins\/seo\/ -->\n<title>Participamos en la Barcelona Woman Acceleration Week | Grupo Efeb\u00e9<\/title>\n<meta name=\"description\" content=\"Anna Fornt, fundadora y directora de Grup Efeb\u00e9, participa en la Barcelona Woman Acceleration Week. \u00a1Te lo contamos todo en este art\u00edculo!\" \/>\n<meta name=\"robots\" content=\"index, follow, max-snippet:-1, max-image-preview:large, max-video-preview:-1\" \/>\n<link rel=\"canonical\" href=\"https:\/\/www.grupefebe.com\/es\/participamos-en-la-barcelona-woman-acceleration-week\/\" \/>\n<meta property=\"og:locale\" content=\"es_ES\" \/>\n<meta property=\"og:type\" content=\"article\" \/>\n<meta property=\"og:title\" content=\"Participamos en la Barcelona Woman Acceleration Week | Grupo Efeb\u00e9\" \/>\n<meta property=\"og:description\" content=\"Anna Fornt, fundadora y directora de Grup Efeb\u00e9, participa en la Barcelona Woman Acceleration Week. \u00a1Te lo contamos todo en este art\u00edculo!\" \/>\n<meta property=\"og:url\" content=\"https:\/\/www.grupefebe.com\/es\/participamos-en-la-barcelona-woman-acceleration-week\/\" \/>\n<meta property=\"og:site_name\" content=\"Grupo Efeb\u00e9\" \/>\n<meta property=\"article:publisher\" content=\"https:\/\/www.facebook.com\/grup.efebe\" \/>\n<meta property=\"article:published_time\" content=\"2023-02-22T15:09:05+00:00\" \/>\n<meta property=\"article:modified_time\" content=\"2023-02-22T15:09:45+00:00\" \/>\n<meta property=\"og:image\" content=\"https:\/\/www.grupefebe.com\/custom\/uploads\/2023\/02\/barcelona-woman-acceleration-week-1024x683.png\" \/>\n\t<meta property=\"og:image:width\" content=\"1024\" \/>\n\t<meta property=\"og:image:height\" content=\"683\" \/>\n\t<meta property=\"og:image:type\" content=\"image\/png\" \/>\n<meta name=\"author\" content=\"Grup Efeb\u00e9\" \/>\n<meta name=\"twitter:card\" content=\"summary_large_image\" \/>\n<meta name=\"twitter:creator\" content=\"@grup_efebe\" \/>\n<meta name=\"twitter:site\" content=\"@grup_efebe\" \/>\n<meta name=\"twitter:label1\" content=\"Escrito por\" \/>\n\t<meta name=\"twitter:data1\" content=\"Grup Efeb\u00e9\" \/>\n\t<meta name=\"twitter:label2\" content=\"Tiempo de lectura\" \/>\n\t<meta name=\"twitter:data2\" content=\"1 minuto\" \/>\n<script type=\"application\/ld+json\" class=\"yoast-schema-graph\">{\"@context\":\"https:\/\/schema.org\",\"@graph\":[{\"@type\":\"Article\",\"@id\":\"https:\/\/www.grupefebe.com\/es\/participamos-en-la-barcelona-woman-acceleration-week\/#article\",\"isPartOf\":{\"@id\":\"https:\/\/www.grupefebe.com\/es\/participamos-en-la-barcelona-woman-acceleration-week\/\"},\"author\":{\"name\":\"Grup Efeb\u00e9\",\"@id\":\"https:\/\/mail.grupefebe.com\/es\/#\/schema\/person\/76402b3180eef131413100afc3282997\"},\"headline\":\"Participamos en la Barcelona Woman Acceleration Week\",\"datePublished\":\"2023-02-22T15:09:05+00:00\",\"dateModified\":\"2023-02-22T15:09:45+00:00\",\"mainEntityOfPage\":{\"@id\":\"https:\/\/www.grupefebe.com\/es\/participamos-en-la-barcelona-woman-acceleration-week\/\"},\"wordCount\":248,\"publisher\":{\"@id\":\"https:\/\/mail.grupefebe.com\/es\/#organization\"},\"image\":{\"@id\":\"https:\/\/www.grupefebe.com\/es\/participamos-en-la-barcelona-woman-acceleration-week\/#primaryimage\"},\"thumbnailUrl\":\"https:\/\/www.grupefebe.com\/custom\/uploads\/2023\/02\/barcelona-woman-acceleration-week.png\",\"articleSection\":[\"Oficinas\"],\"inLanguage\":\"es\"},{\"@type\":\"WebPage\",\"@id\":\"https:\/\/www.grupefebe.com\/es\/participamos-en-la-barcelona-woman-acceleration-week\/\",\"url\":\"https:\/\/www.grupefebe.com\/es\/participamos-en-la-barcelona-woman-acceleration-week\/\",\"name\":\"Participamos en la Barcelona Woman Acceleration Week | Grupo Efeb\u00e9\",\"isPartOf\":{\"@id\":\"https:\/\/mail.grupefebe.com\/es\/#website\"},\"primaryImageOfPage\":{\"@id\":\"https:\/\/www.grupefebe.com\/es\/participamos-en-la-barcelona-woman-acceleration-week\/#primaryimage\"},\"image\":{\"@id\":\"https:\/\/www.grupefebe.com\/es\/participamos-en-la-barcelona-woman-acceleration-week\/#primaryimage\"},\"thumbnailUrl\":\"https:\/\/www.grupefebe.com\/custom\/uploads\/2023\/02\/barcelona-woman-acceleration-week.png\",\"datePublished\":\"2023-02-22T15:09:05+00:00\",\"dateModified\":\"2023-02-22T15:09:45+00:00\",\"description\":\"Anna Fornt, fundadora y directora de Grup Efeb\u00e9, participa en la Barcelona Woman Acceleration Week. \u00a1Te lo contamos todo en este art\u00edculo!\",\"breadcrumb\":{\"@id\":\"https:\/\/www.grupefebe.com\/es\/participamos-en-la-barcelona-woman-acceleration-week\/#breadcrumb\"},\"inLanguage\":\"es\",\"potentialAction\":[{\"@type\":\"ReadAction\",\"target\":[\"https:\/\/www.grupefebe.com\/es\/participamos-en-la-barcelona-woman-acceleration-week\/\"]}]},{\"@type\":\"ImageObject\",\"inLanguage\":\"es\",\"@id\":\"https:\/\/www.grupefebe.com\/es\/participamos-en-la-barcelona-woman-acceleration-week\/#primaryimage\",\"url\":\"https:\/\/www.grupefebe.com\/custom\/uploads\/2023\/02\/barcelona-woman-acceleration-week.png\",\"contentUrl\":\"https:\/\/www.grupefebe.com\/custom\/uploads\/2023\/02\/barcelona-woman-acceleration-week.png\",\"width\":6000,\"height\":4000,\"caption\":\"barcelona woman acceleration week\"},{\"@type\":\"BreadcrumbList\",\"@id\":\"https:\/\/www.grupefebe.com\/es\/participamos-en-la-barcelona-woman-acceleration-week\/#breadcrumb\",\"itemListElement\":[{\"@type\":\"ListItem\",\"position\":1,\"name\":\"Inici\",\"item\":\"https:\/\/mail.grupefebe.com\/es\/\"},{\"@type\":\"ListItem\",\"position\":2,\"name\":\"Participamos en la Barcelona Woman Acceleration Week\"}]},{\"@type\":\"WebSite\",\"@id\":\"https:\/\/mail.grupefebe.com\/es\/#website\",\"url\":\"https:\/\/mail.grupefebe.com\/es\/\",\"name\":\"Grup Efeb\u00e9\",\"description\":\"Otro sitio realizado con WordPress\",\"publisher\":{\"@id\":\"https:\/\/mail.grupefebe.com\/es\/#organization\"},\"potentialAction\":[{\"@type\":\"SearchAction\",\"target\":{\"@type\":\"EntryPoint\",\"urlTemplate\":\"https:\/\/mail.grupefebe.com\/es\/?s={search_term_string}\"},\"query-input\":{\"@type\":\"PropertyValueSpecification\",\"valueRequired\":true,\"valueName\":\"search_term_string\"}}],\"inLanguage\":\"es\"},{\"@type\":\"Organization\",\"@id\":\"https:\/\/mail.grupefebe.com\/es\/#organization\",\"name\":\"Grup Efeb\u00e9\",\"url\":\"https:\/\/mail.grupefebe.com\/es\/\",\"logo\":{\"@type\":\"ImageObject\",\"inLanguage\":\"es\",\"@id\":\"https:\/\/mail.grupefebe.com\/es\/#\/schema\/logo\/image\/\",\"url\":\"https:\/\/grupefebe.com\/custom\/uploads\/2021\/01\/logo-efebe.png\",\"contentUrl\":\"https:\/\/grupefebe.com\/custom\/uploads\/2021\/01\/logo-efebe.png\",\"width\":524,\"height\":135,\"caption\":\"Grup Efeb\u00e9\"},\"image\":{\"@id\":\"https:\/\/mail.grupefebe.com\/es\/#\/schema\/logo\/image\/\"},\"sameAs\":[\"https:\/\/www.facebook.com\/grup.efebe\",\"https:\/\/x.com\/grup_efebe\",\"https:\/\/www.instagram.com\/grup_efebe\/\",\"https:\/\/www.linkedin.com\/company\/grupefebe\",\"https:\/\/www.youtube.com\/channel\/UCj11-LAuLhPfqrL2649Xzrw\"]},{\"@type\":\"Person\",\"@id\":\"https:\/\/mail.grupefebe.com\/es\/#\/schema\/person\/76402b3180eef131413100afc3282997\",\"name\":\"Grup Efeb\u00e9\",\"image\":{\"@type\":\"ImageObject\",\"inLanguage\":\"es\",\"@id\":\"https:\/\/mail.grupefebe.com\/es\/#\/schema\/person\/image\/\",\"url\":\"https:\/\/secure.gravatar.com\/avatar\/913bc6aa90480101061296ab9cad4bd4ccfb82c623a8820f3fd577558c1651be?s=96&d=mm&r=g\",\"contentUrl\":\"https:\/\/secure.gravatar.com\/avatar\/913bc6aa90480101061296ab9cad4bd4ccfb82c623a8820f3fd577558c1651be?s=96&d=mm&r=g\",\"caption\":\"Grup Efeb\u00e9\"},\"url\":\"https:\/\/www.grupefebe.com\/es\/author\/julia\/\"}]}<\/script>\n<!-- \/ Yoast SEO plugin. -->","yoast_head_json":{"title":"Participamos en la Barcelona Woman Acceleration Week | Grupo Efeb\u00e9","description":"Anna Fornt, fundadora y directora de Grup Efeb\u00e9, participa en la Barcelona Woman Acceleration Week. \u00a1Te lo contamos todo en este art\u00edculo!","robots":{"index":"index","follow":"follow","max-snippet":"max-snippet:-1","max-image-preview":"max-image-preview:large","max-video-preview":"max-video-preview:-1"},"canonical":"https:\/\/www.grupefebe.com\/es\/participamos-en-la-barcelona-woman-acceleration-week\/","og_locale":"es_ES","og_type":"article","og_title":"Participamos en la Barcelona Woman Acceleration Week | Grupo Efeb\u00e9","og_description":"Anna Fornt, fundadora y directora de Grup Efeb\u00e9, participa en la Barcelona Woman Acceleration Week. \u00a1Te lo contamos todo en este art\u00edculo!","og_url":"https:\/\/www.grupefebe.com\/es\/participamos-en-la-barcelona-woman-acceleration-week\/","og_site_name":"Grupo Efeb\u00e9","article_publisher":"https:\/\/www.facebook.com\/grup.efebe","article_published_time":"2023-02-22T15:09:05+00:00","article_modified_time":"2023-02-22T15:09:45+00:00","og_image":[{"width":1024,"height":683,"url":"https:\/\/www.grupefebe.com\/custom\/uploads\/2023\/02\/barcelona-woman-acceleration-week-1024x683.png","type":"image\/png"}],"author":"Grup Efeb\u00e9","twitter_card":"summary_large_image","twitter_creator":"@grup_efebe","twitter_site":"@grup_efebe","twitter_misc":{"Escrito por":"Grup Efeb\u00e9","Tiempo de lectura":"1 minuto"},"schema":{"@context":"https:\/\/schema.org","@graph":[{"@type":"Article","@id":"https:\/\/www.grupefebe.com\/es\/participamos-en-la-barcelona-woman-acceleration-week\/#article","isPartOf":{"@id":"https:\/\/www.grupefebe.com\/es\/participamos-en-la-barcelona-woman-acceleration-week\/"},"author":{"name":"Grup Efeb\u00e9","@id":"https:\/\/mail.grupefebe.com\/es\/#\/schema\/person\/76402b3180eef131413100afc3282997"},"headline":"Participamos en la Barcelona Woman Acceleration Week","datePublished":"2023-02-22T15:09:05+00:00","dateModified":"2023-02-22T15:09:45+00:00","mainEntityOfPage":{"@id":"https:\/\/www.grupefebe.com\/es\/participamos-en-la-barcelona-woman-acceleration-week\/"},"wordCount":248,"publisher":{"@id":"https:\/\/mail.grupefebe.com\/es\/#organization"},"image":{"@id":"https:\/\/www.grupefebe.com\/es\/participamos-en-la-barcelona-woman-acceleration-week\/#primaryimage"},"thumbnailUrl":"https:\/\/www.grupefebe.com\/custom\/uploads\/2023\/02\/barcelona-woman-acceleration-week.png","articleSection":["Oficinas"],"inLanguage":"es"},{"@type":"WebPage","@id":"https:\/\/www.grupefebe.com\/es\/participamos-en-la-barcelona-woman-acceleration-week\/","url":"https:\/\/www.grupefebe.com\/es\/participamos-en-la-barcelona-woman-acceleration-week\/","name":"Participamos en la Barcelona Woman Acceleration Week | Grupo Efeb\u00e9","isPartOf":{"@id":"https:\/\/mail.grupefebe.com\/es\/#website"},"primaryImageOfPage":{"@id":"https:\/\/www.grupefebe.com\/es\/participamos-en-la-barcelona-woman-acceleration-week\/#primaryimage"},"image":{"@id":"https:\/\/www.grupefebe.com\/es\/participamos-en-la-barcelona-woman-acceleration-week\/#primaryimage"},"thumbnailUrl":"https:\/\/www.grupefebe.com\/custom\/uploads\/2023\/02\/barcelona-woman-acceleration-week.png","datePublished":"2023-02-22T15:09:05+00:00","dateModified":"2023-02-22T15:09:45+00:00","description":"Anna Fornt, fundadora y directora de Grup Efeb\u00e9, participa en la Barcelona Woman Acceleration Week. \u00a1Te lo contamos todo en este art\u00edculo!","breadcrumb":{"@id":"https:\/\/www.grupefebe.com\/es\/participamos-en-la-barcelona-woman-acceleration-week\/#breadcrumb"},"inLanguage":"es","potentialAction":[{"@type":"ReadAction","target":["https:\/\/www.grupefebe.com\/es\/participamos-en-la-barcelona-woman-acceleration-week\/"]}]},{"@type":"ImageObject","inLanguage":"es","@id":"https:\/\/www.grupefebe.com\/es\/participamos-en-la-barcelona-woman-acceleration-week\/#primaryimage","url":"https:\/\/www.grupefebe.com\/custom\/uploads\/2023\/02\/barcelona-woman-acceleration-week.png","contentUrl":"https:\/\/www.grupefebe.com\/custom\/uploads\/2023\/02\/barcelona-woman-acceleration-week.png","width":6000,"height":4000,"caption":"barcelona woman acceleration week"},{"@type":"BreadcrumbList","@id":"https:\/\/www.grupefebe.com\/es\/participamos-en-la-barcelona-woman-acceleration-week\/#breadcrumb","itemListElement":[{"@type":"ListItem","position":1,"name":"Inici","item":"https:\/\/mail.grupefebe.com\/es\/"},{"@type":"ListItem","position":2,"name":"Participamos en la Barcelona Woman Acceleration Week"}]},{"@type":"WebSite","@id":"https:\/\/mail.grupefebe.com\/es\/#website","url":"https:\/\/mail.grupefebe.com\/es\/","name":"Grup Efeb\u00e9","description":"Otro sitio realizado con WordPress","publisher":{"@id":"https:\/\/mail.grupefebe.com\/es\/#organization"},"potentialAction":[{"@type":"SearchAction","target":{"@type":"EntryPoint","urlTemplate":"https:\/\/mail.grupefebe.com\/es\/?s={search_term_string}"},"query-input":{"@type":"PropertyValueSpecification","valueRequired":true,"valueName":"search_term_string"}}],"inLanguage":"es"},{"@type":"Organization","@id":"https:\/\/mail.grupefebe.com\/es\/#organization","name":"Grup Efeb\u00e9","url":"https:\/\/mail.grupefebe.com\/es\/","logo":{"@type":"ImageObject","inLanguage":"es","@id":"https:\/\/mail.grupefebe.com\/es\/#\/schema\/logo\/image\/","url":"https:\/\/grupefebe.com\/custom\/uploads\/2021\/01\/logo-efebe.png","contentUrl":"https:\/\/grupefebe.com\/custom\/uploads\/2021\/01\/logo-efebe.png","width":524,"height":135,"caption":"Grup Efeb\u00e9"},"image":{"@id":"https:\/\/mail.grupefebe.com\/es\/#\/schema\/logo\/image\/"},"sameAs":["https:\/\/www.facebook.com\/grup.efebe","https:\/\/x.com\/grup_efebe","https:\/\/www.instagram.com\/grup_efebe\/","https:\/\/www.linkedin.com\/company\/grupefebe","https:\/\/www.youtube.com\/channel\/UCj11-LAuLhPfqrL2649Xzrw"]},{"@type":"Person","@id":"https:\/\/mail.grupefebe.com\/es\/#\/schema\/person\/76402b3180eef131413100afc3282997","name":"Grup Efeb\u00e9","image":{"@type":"ImageObject","inLanguage":"es","@id":"https:\/\/mail.grupefebe.com\/es\/#\/schema\/person\/image\/","url":"https:\/\/secure.gravatar.com\/avatar\/913bc6aa90480101061296ab9cad4bd4ccfb82c623a8820f3fd577558c1651be?s=96&d=mm&r=g","contentUrl":"https:\/\/secure.gravatar.com\/avatar\/913bc6aa90480101061296ab9cad4bd4ccfb82c623a8820f3fd577558c1651be?s=96&d=mm&r=g","caption":"Grup Efeb\u00e9"},"url":"https:\/\/www.grupefebe.com\/es\/author\/julia\/"}]}},"_links":{"self":[{"href":"https:\/\/www.grupefebe.com\/es\/wp-json\/wp\/v2\/posts\/13169","targetHints":{"allow":["GET"]}}],"collection":[{"href":"https:\/\/www.grupefebe.com\/es\/wp-json\/wp\/v2\/posts"}],"about":[{"href":"https:\/\/www.grupefebe.com\/es\/wp-json\/wp\/v2\/types\/post"}],"author":[{"embeddable":true,"href":"https:\/\/www.grupefebe.com\/es\/wp-json\/wp\/v2\/users\/2"}],"replies":[{"embeddable":true,"href":"https:\/\/www.grupefebe.com\/es\/wp-json\/wp\/v2\/comments?post=13169"}],"version-history":[{"count":4,"href":"https:\/\/www.grupefebe.com\/es\/wp-json\/wp\/v2\/posts\/13169\/revisions"}],"predecessor-version":[{"id":13225,"href":"https:\/\/www.grupefebe.com\/es\/wp-json\/wp\/v2\/posts\/13169\/revisions\/13225"}],"wp:featuredmedia":[{"embeddable":true,"href":"https:\/\/www.grupefebe.com\/es\/wp-json\/wp\/v2\/media\/13219"}],"wp:attachment":[{"href":"https:\/\/www.grupefebe.com\/es\/wp-json\/wp\/v2\/media?parent=13169"}],"wp:term":[{"taxonomy":"category","embeddable":true,"href":"https:\/\/www.grupefebe.com\/es\/wp-json\/wp\/v2\/categories?post=13169"}],"curies":[{"name":"wp","href":"https:\/\/api.w.org\/{rel}","templated":true}]}}