{"id":12962,"date":"2023-01-23T11:22:59","date_gmt":"2023-01-23T11:22:59","guid":{"rendered":"https:\/\/grupefebe.com\/quarta-sessio-de-tardes-fidem-bbva\/"},"modified":"2023-01-25T14:15:29","modified_gmt":"2023-01-25T14:15:29","slug":"ven-a-la-cuarta-sesion-de-tardes-fidem-bbva","status":"publish","type":"post","link":"https:\/\/www.grupefebe.com\/es\/ven-a-la-cuarta-sesion-de-tardes-fidem-bbva\/","title":{"rendered":"\u00a1Ven a la cuarta sesi\u00f3n de Tardes FIDEM BBVA!"},"content":{"rendered":"<p>Este a\u00f1o, FIDEM (<a href=\"https:\/\/fidem.info\/ca\/\">Fundaci\u00f3 Internacional de la Dona Emprenedora<\/a>) colabora con el <strong>BBVA<\/strong> para continuar aportando nuevas referentes de <strong>liderazgo y<\/strong> <strong>talento femenino<\/strong>. Despu\u00e9s de tres jornadas m\u00e1s que exitosas en las que hablamos sobre la innovaci\u00f3n y la sostenibilidad en tres sectores econ\u00f3micos, el pr\u00f3ximo jueves 2 de febrero, tindr\u00e1 lugar la cuarta sesi\u00f3n de <strong>Tardes FIDEM BBVA.<\/strong><\/p>\n<p>De la mano de tres grandes referentes, hablamos de innovaci\u00f3n y sostenibilidad en las <strong>empresas con prop\u00f3sito.<\/strong><\/p>\n<ul>\n<li><strong>Josep Maria Canyelles<\/strong>, coordinador de <a href=\"https:\/\/www.respon.cat\/\">Respon.cat<\/a><\/li>\n<li><strong>Anna Fornt<\/strong>, fundadora y directora de <a href=\"https:\/\/www.grupefebe.com\/\">Grup Efeb\u00e9<\/a><\/li>\n<li><b>Merc\u00e8 Mullor<\/b>, consellera delegada de <a href=\"https:\/\/www.mullor.com\/\">Mullor Facility Services<\/a><\/li>\n<\/ul>\n<p>Adem\u00e1s, este a\u00f1o, podr\u00e9is asistir de forma <strong>presencial<\/strong>!<\/p>\n<h3>\u00bfC\u00f3mo asistir a las Tardes Fidem BBVA?<\/h3>\n<p>El acto se celebrar\u00e1 el <strong>pr\u00f3ximo 2 de febrero<\/strong> en el <strong>Hotel Alimara\u00a0<\/strong>(Calle de Berruguete, 126) a las <strong>19:00h<\/strong>.<\/p>\n<p>Reg\u00edstrate ahora a las Tardes FIDEM BBVA para reservar <strong>tu entrada<\/strong> <strong>gratis<\/strong>.<\/p>\n<p>Tambi\u00e9n te puedes inscribir al <strong>zoom en directo<\/strong> a trav\u00e9s de este enlace: <a title=\"Shortened URL for https:\/\/us02web.zoom.us\/webinar\/register\/WN_0Vb-kZCPTUaa_CrR9oh2Fw\" href=\"https:\/\/bit.ly\/3D2cFf3\" target=\"_blank\" rel=\"noopener\">https:\/\/bit.ly\/3D2cFf3<\/a><\/p>\n<p>\u00a1No te lo puedes perder! \u00a1Te esperamos!a<\/p>\n","protected":false},"excerpt":{"rendered":"<p>Este a\u00f1o, FIDEM (Fundaci\u00f3 Internacional de la Dona Emprenedora) colabora con el BBVA para continuar aportando nuevas referentes de liderazgo [&hellip;]<\/p>\n","protected":false},"author":2,"featured_media":12960,"comment_status":"closed","ping_status":"closed","sticky":false,"template":"","format":"standard","meta":{"_acf_changed":false,"footnotes":"","_links_to":"","_links_to_target":""},"categories":[203,200,202],"class_list":["post-12962","post","type-post","status-publish","format-standard","has-post-thumbnail","hentry","category-escuelas","category-oficinas","category-residencias-mayores"],"acf":[],"yoast_head":"<!-- This site is optimized with the Yoast SEO plugin v25.9 - https:\/\/yoast.com\/wordpress\/plugins\/seo\/ -->\n<title>\u00a1Ven a la cuarta sesi\u00f3n de Tardes FIDEM BBVA! | Grupo Efeb\u00e9<\/title>\n<meta name=\"description\" content=\"\u00a1El pr\u00f3ximo jueves 2 de febrero tendr\u00e1 lugar la cuarta sesi\u00f3n de Tardes FIDEM BBVA! Ven y descubre c\u00f3mo deben ser las empresas con prop\u00f3sito.\" \/>\n<meta name=\"robots\" content=\"index, follow, max-snippet:-1, max-image-preview:large, max-video-preview:-1\" \/>\n<link rel=\"canonical\" href=\"https:\/\/www.grupefebe.com\/es\/ven-a-la-cuarta-sesion-de-tardes-fidem-bbva\/\" \/>\n<meta property=\"og:locale\" content=\"es_ES\" \/>\n<meta property=\"og:type\" content=\"article\" \/>\n<meta property=\"og:title\" content=\"\u00a1Ven a la cuarta sesi\u00f3n de Tardes FIDEM BBVA! | Grupo Efeb\u00e9\" \/>\n<meta property=\"og:description\" content=\"\u00a1El pr\u00f3ximo jueves 2 de febrero tendr\u00e1 lugar la cuarta sesi\u00f3n de Tardes FIDEM BBVA! Ven y descubre c\u00f3mo deben ser las empresas con prop\u00f3sito.\" \/>\n<meta property=\"og:url\" content=\"https:\/\/www.grupefebe.com\/es\/ven-a-la-cuarta-sesion-de-tardes-fidem-bbva\/\" \/>\n<meta property=\"og:site_name\" content=\"Grupo Efeb\u00e9\" \/>\n<meta property=\"article:publisher\" content=\"https:\/\/www.facebook.com\/grup.efebe\" \/>\n<meta property=\"article:published_time\" content=\"2023-01-23T11:22:59+00:00\" \/>\n<meta property=\"article:modified_time\" content=\"2023-01-25T14:15:29+00:00\" \/>\n<meta property=\"og:image\" content=\"https:\/\/grupefebe.com\/custom\/uploads\/2023\/01\/tardes-fidem-bbva.jpg\" \/>\n\t<meta property=\"og:image:width\" content=\"800\" \/>\n\t<meta property=\"og:image:height\" content=\"800\" \/>\n\t<meta property=\"og:image:type\" content=\"image\/jpeg\" \/>\n<meta name=\"author\" content=\"Grup Efeb\u00e9\" \/>\n<meta name=\"twitter:card\" content=\"summary_large_image\" \/>\n<meta name=\"twitter:creator\" content=\"@grup_efebe\" \/>\n<meta name=\"twitter:site\" content=\"@grup_efebe\" \/>\n<meta name=\"twitter:label1\" content=\"Escrito por\" \/>\n\t<meta name=\"twitter:data1\" content=\"Grup Efeb\u00e9\" \/>\n\t<meta name=\"twitter:label2\" content=\"Tiempo de lectura\" \/>\n\t<meta name=\"twitter:data2\" content=\"1 minuto\" \/>\n<script type=\"application\/ld+json\" class=\"yoast-schema-graph\">{\"@context\":\"https:\/\/schema.org\",\"@graph\":[{\"@type\":\"Article\",\"@id\":\"https:\/\/www.grupefebe.com\/es\/ven-a-la-cuarta-sesion-de-tardes-fidem-bbva\/#article\",\"isPartOf\":{\"@id\":\"https:\/\/www.grupefebe.com\/es\/ven-a-la-cuarta-sesion-de-tardes-fidem-bbva\/\"},\"author\":{\"name\":\"Grup Efeb\u00e9\",\"@id\":\"https:\/\/www.grupefebe.com\/es\/#\/schema\/person\/76402b3180eef131413100afc3282997\"},\"headline\":\"\u00a1Ven a la cuarta sesi\u00f3n de Tardes FIDEM BBVA!\",\"datePublished\":\"2023-01-23T11:22:59+00:00\",\"dateModified\":\"2023-01-25T14:15:29+00:00\",\"mainEntityOfPage\":{\"@id\":\"https:\/\/www.grupefebe.com\/es\/ven-a-la-cuarta-sesion-de-tardes-fidem-bbva\/\"},\"wordCount\":196,\"publisher\":{\"@id\":\"https:\/\/www.grupefebe.com\/es\/#organization\"},\"image\":{\"@id\":\"https:\/\/www.grupefebe.com\/es\/ven-a-la-cuarta-sesion-de-tardes-fidem-bbva\/#primaryimage\"},\"thumbnailUrl\":\"https:\/\/www.grupefebe.com\/custom\/uploads\/2023\/01\/tardes-fidem-bbva.jpg\",\"articleSection\":[\"Escuelas\",\"Oficinas\",\"Residencias para mayores\"],\"inLanguage\":\"es\"},{\"@type\":\"WebPage\",\"@id\":\"https:\/\/www.grupefebe.com\/es\/ven-a-la-cuarta-sesion-de-tardes-fidem-bbva\/\",\"url\":\"https:\/\/www.grupefebe.com\/es\/ven-a-la-cuarta-sesion-de-tardes-fidem-bbva\/\",\"name\":\"\u00a1Ven a la cuarta sesi\u00f3n de Tardes FIDEM BBVA! | Grupo Efeb\u00e9\",\"isPartOf\":{\"@id\":\"https:\/\/www.grupefebe.com\/es\/#website\"},\"primaryImageOfPage\":{\"@id\":\"https:\/\/www.grupefebe.com\/es\/ven-a-la-cuarta-sesion-de-tardes-fidem-bbva\/#primaryimage\"},\"image\":{\"@id\":\"https:\/\/www.grupefebe.com\/es\/ven-a-la-cuarta-sesion-de-tardes-fidem-bbva\/#primaryimage\"},\"thumbnailUrl\":\"https:\/\/www.grupefebe.com\/custom\/uploads\/2023\/01\/tardes-fidem-bbva.jpg\",\"datePublished\":\"2023-01-23T11:22:59+00:00\",\"dateModified\":\"2023-01-25T14:15:29+00:00\",\"description\":\"\u00a1El pr\u00f3ximo jueves 2 de febrero tendr\u00e1 lugar la cuarta sesi\u00f3n de Tardes FIDEM BBVA! Ven y descubre c\u00f3mo deben ser las empresas con prop\u00f3sito.\",\"breadcrumb\":{\"@id\":\"https:\/\/www.grupefebe.com\/es\/ven-a-la-cuarta-sesion-de-tardes-fidem-bbva\/#breadcrumb\"},\"inLanguage\":\"es\",\"potentialAction\":[{\"@type\":\"ReadAction\",\"target\":[\"https:\/\/www.grupefebe.com\/es\/ven-a-la-cuarta-sesion-de-tardes-fidem-bbva\/\"]}]},{\"@type\":\"ImageObject\",\"inLanguage\":\"es\",\"@id\":\"https:\/\/www.grupefebe.com\/es\/ven-a-la-cuarta-sesion-de-tardes-fidem-bbva\/#primaryimage\",\"url\":\"https:\/\/www.grupefebe.com\/custom\/uploads\/2023\/01\/tardes-fidem-bbva.jpg\",\"contentUrl\":\"https:\/\/www.grupefebe.com\/custom\/uploads\/2023\/01\/tardes-fidem-bbva.jpg\",\"width\":800,\"height\":800,\"caption\":\"tardes fidem bbva\"},{\"@type\":\"BreadcrumbList\",\"@id\":\"https:\/\/www.grupefebe.com\/es\/ven-a-la-cuarta-sesion-de-tardes-fidem-bbva\/#breadcrumb\",\"itemListElement\":[{\"@type\":\"ListItem\",\"position\":1,\"name\":\"Inici\",\"item\":\"https:\/\/www.grupefebe.com\/es\/\"},{\"@type\":\"ListItem\",\"position\":2,\"name\":\"\u00a1Ven a la cuarta sesi\u00f3n de Tardes FIDEM BBVA!\"}]},{\"@type\":\"WebSite\",\"@id\":\"https:\/\/www.grupefebe.com\/es\/#website\",\"url\":\"https:\/\/www.grupefebe.com\/es\/\",\"name\":\"Grup Efeb\u00e9\",\"description\":\"Otro sitio realizado con WordPress\",\"publisher\":{\"@id\":\"https:\/\/www.grupefebe.com\/es\/#organization\"},\"potentialAction\":[{\"@type\":\"SearchAction\",\"target\":{\"@type\":\"EntryPoint\",\"urlTemplate\":\"https:\/\/www.grupefebe.com\/es\/?s={search_term_string}\"},\"query-input\":{\"@type\":\"PropertyValueSpecification\",\"valueRequired\":true,\"valueName\":\"search_term_string\"}}],\"inLanguage\":\"es\"},{\"@type\":\"Organization\",\"@id\":\"https:\/\/www.grupefebe.com\/es\/#organization\",\"name\":\"Grup Efeb\u00e9\",\"url\":\"https:\/\/www.grupefebe.com\/es\/\",\"logo\":{\"@type\":\"ImageObject\",\"inLanguage\":\"es\",\"@id\":\"https:\/\/www.grupefebe.com\/es\/#\/schema\/logo\/image\/\",\"url\":\"https:\/\/grupefebe.com\/custom\/uploads\/2021\/01\/logo-efebe.png\",\"contentUrl\":\"https:\/\/grupefebe.com\/custom\/uploads\/2021\/01\/logo-efebe.png\",\"width\":524,\"height\":135,\"caption\":\"Grup Efeb\u00e9\"},\"image\":{\"@id\":\"https:\/\/www.grupefebe.com\/es\/#\/schema\/logo\/image\/\"},\"sameAs\":[\"https:\/\/www.facebook.com\/grup.efebe\",\"https:\/\/x.com\/grup_efebe\",\"https:\/\/www.instagram.com\/grup_efebe\/\",\"https:\/\/www.linkedin.com\/company\/grupefebe\",\"https:\/\/www.youtube.com\/channel\/UCj11-LAuLhPfqrL2649Xzrw\"]},{\"@type\":\"Person\",\"@id\":\"https:\/\/www.grupefebe.com\/es\/#\/schema\/person\/76402b3180eef131413100afc3282997\",\"name\":\"Grup Efeb\u00e9\",\"image\":{\"@type\":\"ImageObject\",\"inLanguage\":\"es\",\"@id\":\"https:\/\/www.grupefebe.com\/es\/#\/schema\/person\/image\/\",\"url\":\"https:\/\/secure.gravatar.com\/avatar\/913bc6aa90480101061296ab9cad4bd4ccfb82c623a8820f3fd577558c1651be?s=96&d=mm&r=g\",\"contentUrl\":\"https:\/\/secure.gravatar.com\/avatar\/913bc6aa90480101061296ab9cad4bd4ccfb82c623a8820f3fd577558c1651be?s=96&d=mm&r=g\",\"caption\":\"Grup Efeb\u00e9\"},\"url\":\"https:\/\/www.grupefebe.com\/es\/author\/julia\/\"}]}<\/script>\n<!-- \/ Yoast SEO plugin. -->","yoast_head_json":{"title":"\u00a1Ven a la cuarta sesi\u00f3n de Tardes FIDEM BBVA! | Grupo Efeb\u00e9","description":"\u00a1El pr\u00f3ximo jueves 2 de febrero tendr\u00e1 lugar la cuarta sesi\u00f3n de Tardes FIDEM BBVA! Ven y descubre c\u00f3mo deben ser las empresas con prop\u00f3sito.","robots":{"index":"index","follow":"follow","max-snippet":"max-snippet:-1","max-image-preview":"max-image-preview:large","max-video-preview":"max-video-preview:-1"},"canonical":"https:\/\/www.grupefebe.com\/es\/ven-a-la-cuarta-sesion-de-tardes-fidem-bbva\/","og_locale":"es_ES","og_type":"article","og_title":"\u00a1Ven a la cuarta sesi\u00f3n de Tardes FIDEM BBVA! | Grupo Efeb\u00e9","og_description":"\u00a1El pr\u00f3ximo jueves 2 de febrero tendr\u00e1 lugar la cuarta sesi\u00f3n de Tardes FIDEM BBVA! Ven y descubre c\u00f3mo deben ser las empresas con prop\u00f3sito.","og_url":"https:\/\/www.grupefebe.com\/es\/ven-a-la-cuarta-sesion-de-tardes-fidem-bbva\/","og_site_name":"Grupo Efeb\u00e9","article_publisher":"https:\/\/www.facebook.com\/grup.efebe","article_published_time":"2023-01-23T11:22:59+00:00","article_modified_time":"2023-01-25T14:15:29+00:00","og_image":[{"width":800,"height":800,"url":"https:\/\/grupefebe.com\/custom\/uploads\/2023\/01\/tardes-fidem-bbva.jpg","type":"image\/jpeg"}],"author":"Grup Efeb\u00e9","twitter_card":"summary_large_image","twitter_creator":"@grup_efebe","twitter_site":"@grup_efebe","twitter_misc":{"Escrito por":"Grup Efeb\u00e9","Tiempo de lectura":"1 minuto"},"schema":{"@context":"https:\/\/schema.org","@graph":[{"@type":"Article","@id":"https:\/\/www.grupefebe.com\/es\/ven-a-la-cuarta-sesion-de-tardes-fidem-bbva\/#article","isPartOf":{"@id":"https:\/\/www.grupefebe.com\/es\/ven-a-la-cuarta-sesion-de-tardes-fidem-bbva\/"},"author":{"name":"Grup Efeb\u00e9","@id":"https:\/\/www.grupefebe.com\/es\/#\/schema\/person\/76402b3180eef131413100afc3282997"},"headline":"\u00a1Ven a la cuarta sesi\u00f3n de Tardes FIDEM BBVA!","datePublished":"2023-01-23T11:22:59+00:00","dateModified":"2023-01-25T14:15:29+00:00","mainEntityOfPage":{"@id":"https:\/\/www.grupefebe.com\/es\/ven-a-la-cuarta-sesion-de-tardes-fidem-bbva\/"},"wordCount":196,"publisher":{"@id":"https:\/\/www.grupefebe.com\/es\/#organization"},"image":{"@id":"https:\/\/www.grupefebe.com\/es\/ven-a-la-cuarta-sesion-de-tardes-fidem-bbva\/#primaryimage"},"thumbnailUrl":"https:\/\/www.grupefebe.com\/custom\/uploads\/2023\/01\/tardes-fidem-bbva.jpg","articleSection":["Escuelas","Oficinas","Residencias para mayores"],"inLanguage":"es"},{"@type":"WebPage","@id":"https:\/\/www.grupefebe.com\/es\/ven-a-la-cuarta-sesion-de-tardes-fidem-bbva\/","url":"https:\/\/www.grupefebe.com\/es\/ven-a-la-cuarta-sesion-de-tardes-fidem-bbva\/","name":"\u00a1Ven a la cuarta sesi\u00f3n de Tardes FIDEM BBVA! | Grupo Efeb\u00e9","isPartOf":{"@id":"https:\/\/www.grupefebe.com\/es\/#website"},"primaryImageOfPage":{"@id":"https:\/\/www.grupefebe.com\/es\/ven-a-la-cuarta-sesion-de-tardes-fidem-bbva\/#primaryimage"},"image":{"@id":"https:\/\/www.grupefebe.com\/es\/ven-a-la-cuarta-sesion-de-tardes-fidem-bbva\/#primaryimage"},"thumbnailUrl":"https:\/\/www.grupefebe.com\/custom\/uploads\/2023\/01\/tardes-fidem-bbva.jpg","datePublished":"2023-01-23T11:22:59+00:00","dateModified":"2023-01-25T14:15:29+00:00","description":"\u00a1El pr\u00f3ximo jueves 2 de febrero tendr\u00e1 lugar la cuarta sesi\u00f3n de Tardes FIDEM BBVA! Ven y descubre c\u00f3mo deben ser las empresas con prop\u00f3sito.","breadcrumb":{"@id":"https:\/\/www.grupefebe.com\/es\/ven-a-la-cuarta-sesion-de-tardes-fidem-bbva\/#breadcrumb"},"inLanguage":"es","potentialAction":[{"@type":"ReadAction","target":["https:\/\/www.grupefebe.com\/es\/ven-a-la-cuarta-sesion-de-tardes-fidem-bbva\/"]}]},{"@type":"ImageObject","inLanguage":"es","@id":"https:\/\/www.grupefebe.com\/es\/ven-a-la-cuarta-sesion-de-tardes-fidem-bbva\/#primaryimage","url":"https:\/\/www.grupefebe.com\/custom\/uploads\/2023\/01\/tardes-fidem-bbva.jpg","contentUrl":"https:\/\/www.grupefebe.com\/custom\/uploads\/2023\/01\/tardes-fidem-bbva.jpg","width":800,"height":800,"caption":"tardes fidem bbva"},{"@type":"BreadcrumbList","@id":"https:\/\/www.grupefebe.com\/es\/ven-a-la-cuarta-sesion-de-tardes-fidem-bbva\/#breadcrumb","itemListElement":[{"@type":"ListItem","position":1,"name":"Inici","item":"https:\/\/www.grupefebe.com\/es\/"},{"@type":"ListItem","position":2,"name":"\u00a1Ven a la cuarta sesi\u00f3n de Tardes FIDEM BBVA!"}]},{"@type":"WebSite","@id":"https:\/\/www.grupefebe.com\/es\/#website","url":"https:\/\/www.grupefebe.com\/es\/","name":"Grup Efeb\u00e9","description":"Otro sitio realizado con WordPress","publisher":{"@id":"https:\/\/www.grupefebe.com\/es\/#organization"},"potentialAction":[{"@type":"SearchAction","target":{"@type":"EntryPoint","urlTemplate":"https:\/\/www.grupefebe.com\/es\/?s={search_term_string}"},"query-input":{"@type":"PropertyValueSpecification","valueRequired":true,"valueName":"search_term_string"}}],"inLanguage":"es"},{"@type":"Organization","@id":"https:\/\/www.grupefebe.com\/es\/#organization","name":"Grup Efeb\u00e9","url":"https:\/\/www.grupefebe.com\/es\/","logo":{"@type":"ImageObject","inLanguage":"es","@id":"https:\/\/www.grupefebe.com\/es\/#\/schema\/logo\/image\/","url":"https:\/\/grupefebe.com\/custom\/uploads\/2021\/01\/logo-efebe.png","contentUrl":"https:\/\/grupefebe.com\/custom\/uploads\/2021\/01\/logo-efebe.png","width":524,"height":135,"caption":"Grup Efeb\u00e9"},"image":{"@id":"https:\/\/www.grupefebe.com\/es\/#\/schema\/logo\/image\/"},"sameAs":["https:\/\/www.facebook.com\/grup.efebe","https:\/\/x.com\/grup_efebe","https:\/\/www.instagram.com\/grup_efebe\/","https:\/\/www.linkedin.com\/company\/grupefebe","https:\/\/www.youtube.com\/channel\/UCj11-LAuLhPfqrL2649Xzrw"]},{"@type":"Person","@id":"https:\/\/www.grupefebe.com\/es\/#\/schema\/person\/76402b3180eef131413100afc3282997","name":"Grup Efeb\u00e9","image":{"@type":"ImageObject","inLanguage":"es","@id":"https:\/\/www.grupefebe.com\/es\/#\/schema\/person\/image\/","url":"https:\/\/secure.gravatar.com\/avatar\/913bc6aa90480101061296ab9cad4bd4ccfb82c623a8820f3fd577558c1651be?s=96&d=mm&r=g","contentUrl":"https:\/\/secure.gravatar.com\/avatar\/913bc6aa90480101061296ab9cad4bd4ccfb82c623a8820f3fd577558c1651be?s=96&d=mm&r=g","caption":"Grup Efeb\u00e9"},"url":"https:\/\/www.grupefebe.com\/es\/author\/julia\/"}]}},"_links":{"self":[{"href":"https:\/\/www.grupefebe.com\/es\/wp-json\/wp\/v2\/posts\/12962","targetHints":{"allow":["GET"]}}],"collection":[{"href":"https:\/\/www.grupefebe.com\/es\/wp-json\/wp\/v2\/posts"}],"about":[{"href":"https:\/\/www.grupefebe.com\/es\/wp-json\/wp\/v2\/types\/post"}],"author":[{"embeddable":true,"href":"https:\/\/www.grupefebe.com\/es\/wp-json\/wp\/v2\/users\/2"}],"replies":[{"embeddable":true,"href":"https:\/\/www.grupefebe.com\/es\/wp-json\/wp\/v2\/comments?post=12962"}],"version-history":[{"count":9,"href":"https:\/\/www.grupefebe.com\/es\/wp-json\/wp\/v2\/posts\/12962\/revisions"}],"predecessor-version":[{"id":12977,"href":"https:\/\/www.grupefebe.com\/es\/wp-json\/wp\/v2\/posts\/12962\/revisions\/12977"}],"wp:featuredmedia":[{"embeddable":true,"href":"https:\/\/www.grupefebe.com\/es\/wp-json\/wp\/v2\/media\/12960"}],"wp:attachment":[{"href":"https:\/\/www.grupefebe.com\/es\/wp-json\/wp\/v2\/media?parent=12962"}],"wp:term":[{"taxonomy":"category","embeddable":true,"href":"https:\/\/www.grupefebe.com\/es\/wp-json\/wp\/v2\/categories?post=12962"}],"curies":[{"name":"wp","href":"https:\/\/api.w.org\/{rel}","templated":true}]}}