{"id":12308,"date":"2018-10-10T18:17:28","date_gmt":"2018-10-10T18:17:28","guid":{"rendered":"https:\/\/grupefebe.com\/el-31-dels-espanyols-pateix-fatiga-mental-al-treball\/"},"modified":"2022-11-09T18:20:46","modified_gmt":"2022-11-09T18:20:46","slug":"el-31-de-los-espanoles-sufre-fatiga-en-el-trabajo","status":"publish","type":"post","link":"https:\/\/www.grupefebe.com\/es\/el-31-de-los-espanoles-sufre-fatiga-en-el-trabajo\/","title":{"rendered":"El 31% de los espa\u00f1oles sufre fatiga en el trabajo"},"content":{"rendered":"<p>El 31% de los espa\u00f1oles sufre fatiga mental en el trabajo, seg\u00fan las conclusiones de la<a href=\"https:\/\/papelmatic.com\/wp-content\/uploads\/2019\/10\/Barometre-HGS-2015.pdf\"> II Edici\u00f3n del Bar\u00f3metro<\/a> HGS de la salud en entornos laborales en Espa\u00f1a. La <a href=\"http:\/\/www.gruphgs.com\/index_es.html\">consultora HGS<\/a> ha llevado a cabo la segunda edici\u00f3n de este informe, en el que se pretende conocer de primera mano las condiciones laborales y de salud en las que trabajan los espa\u00f1oles.<\/p>\n<p>Adem\u00e1s de la fatiga mental, entre las afecciones m\u00e1s habituales figuran el escozor en los ojos (35,6% de los encuestados); el dolor de espalda (31,7%); el dolor de cabeza (32,1%); la sensaci\u00f3n de sequedad en membranas, mucosas y piel (15,4%) y las irritaciones de nariz y garganta (12,5%). S\u00f3lo un 36,5% afirma no sentir ninguna dolencia de forma habitual.<\/p>\n<p>En cuanto a la percepci\u00f3n de los trabajadores sobre la implicaci\u00f3n de las empresas con relaci\u00f3n a su salud es bastante ben\u00e9vola. Un 44% considera que su empresa se preocupa \u201cmucho o bastante\u201d para mantener un entorno laboral saludable. Un 42% cree que se implican, aunque \u201cde una manera muy elemental\u201d. Y, por otra parte, un 11% opta de forma inequ\u00edvoca por la respuesta de \u201cno, en absoluto\u201d a esta cuesti\u00f3n.<\/p>\n<p>Los encuestados tambi\u00e9n han respondido preguntas en relaci\u00f3n con los aspectos que, en mayor medida, afectan a su rendimiento. Hemos observado que hay unanimidad en que el ruido (70,2%) y la temperatura (62,5%) son factores esenciales. Los siguen en la lista, el orden (42,3%) y la iluminaci\u00f3n (34,6%). Estos aspectos se sit\u00faan por delante de otros como el entorno f\u00edsico (mencionado s\u00f3lo por un 26,9%), el mobiliario (19,2%) y la limpieza (16,3%).<\/p>\n<p>El 80,3% de los encuestados creen que su espacio de trabajo es suficiente para las tareas requeridas y 87,3% cuenta con iluminaci\u00f3n natural. Menos agradable es la situaci\u00f3n del 23,7% de encuestados que aseguran no contar con sonido ambiente adecuado.<\/p>\n<p>En cuanto a la temperatura, hay que destacar que un tercio de los encuestados (32,8%) aseguran trabajar con una temperatura \u201cinadecuada\u201d, y que un 46,3% cree que se hace un mal uso de los aparatos de aire acondicionado o calefacci\u00f3n.<\/p>\n<p>En cuanto a la higiene personal, el Bar\u00f3metro arroja datos desiguales: por un lado, el 91% afirma contar con jab\u00f3n de manos, pero s\u00f3lo un 30% cuentan con toallitas de un solo uso para secarse las manos, porcentaje que se reduce al 21,8% cuando hablamos de gel alcoh\u00f3lico desinfectante de manos \u2013elemento clave en la transmisi\u00f3n de virus comunes-.<\/p>\n<p>Estos datos sirven para realizar una radiograf\u00eda de la situaci\u00f3n de la salud de los entornos laborales en Espa\u00f1a, y a la vez sirven para que la consultora HGS pueda desarrollar su trabajo y mejorar las condiciones de trabajo en las que realizamos a diario nuestra jornada laboral.<\/p>\n","protected":false},"excerpt":{"rendered":"<p>El 31% de los espa\u00f1oles sufre fatiga mental en el trabajo, seg\u00fan las conclusiones de la II Edici\u00f3n del Bar\u00f3metro [&hellip;]<\/p>\n","protected":false},"author":1,"featured_media":12306,"comment_status":"closed","ping_status":"closed","sticky":false,"template":"","format":"standard","meta":{"_acf_changed":false,"footnotes":"","_links_to":"","_links_to_target":""},"categories":[200],"class_list":["post-12308","post","type-post","status-publish","format-standard","has-post-thumbnail","hentry","category-oficinas"],"acf":[],"yoast_head":"<!-- This site is optimized with the Yoast SEO plugin v25.9 - https:\/\/yoast.com\/wordpress\/plugins\/seo\/ -->\n<title>El 31% de los espa\u00f1oles sufre fatiga en el trabajo | Grupo Efeb\u00e9<\/title>\n<meta name=\"description\" content=\"El 31% de los espa\u00f1oles sufre fatiga mental en el trabajo, seg\u00fan las conclusiones de la II Edici\u00f3n del Bar\u00f3metro HGS en entornos laborales\" \/>\n<meta name=\"robots\" content=\"index, follow, max-snippet:-1, max-image-preview:large, max-video-preview:-1\" \/>\n<link rel=\"canonical\" href=\"https:\/\/www.grupefebe.com\/es\/el-31-de-los-espanoles-sufre-fatiga-en-el-trabajo\/\" \/>\n<meta property=\"og:locale\" content=\"es_ES\" \/>\n<meta property=\"og:type\" content=\"article\" \/>\n<meta property=\"og:title\" content=\"El 31% de los espa\u00f1oles sufre fatiga en el trabajo | Grupo Efeb\u00e9\" \/>\n<meta property=\"og:description\" content=\"El 31% de los espa\u00f1oles sufre fatiga mental en el trabajo, seg\u00fan las conclusiones de la II Edici\u00f3n del Bar\u00f3metro HGS en entornos laborales\" \/>\n<meta property=\"og:url\" content=\"https:\/\/www.grupefebe.com\/es\/el-31-de-los-espanoles-sufre-fatiga-en-el-trabajo\/\" \/>\n<meta property=\"og:site_name\" content=\"Grupo Efeb\u00e9\" \/>\n<meta property=\"article:publisher\" content=\"https:\/\/www.facebook.com\/grup.efebe\" \/>\n<meta property=\"article:published_time\" content=\"2018-10-10T18:17:28+00:00\" \/>\n<meta property=\"article:modified_time\" content=\"2022-11-09T18:20:46+00:00\" \/>\n<meta property=\"og:image\" content=\"https:\/\/grupefebe.com\/custom\/uploads\/2022\/11\/espanyols-pateixen-fatiga-mental-al-treball-1024x510-1.png\" \/>\n\t<meta property=\"og:image:width\" content=\"1024\" \/>\n\t<meta property=\"og:image:height\" content=\"510\" \/>\n\t<meta property=\"og:image:type\" content=\"image\/png\" \/>\n<meta name=\"author\" content=\"efebe\" \/>\n<meta name=\"twitter:card\" content=\"summary_large_image\" \/>\n<meta name=\"twitter:creator\" content=\"@grup_efebe\" \/>\n<meta name=\"twitter:site\" content=\"@grup_efebe\" \/>\n<meta name=\"twitter:label1\" content=\"Escrito por\" \/>\n\t<meta name=\"twitter:data1\" content=\"efebe\" \/>\n\t<meta name=\"twitter:label2\" content=\"Tiempo de lectura\" \/>\n\t<meta name=\"twitter:data2\" content=\"2 minutos\" \/>\n<script type=\"application\/ld+json\" class=\"yoast-schema-graph\">{\"@context\":\"https:\/\/schema.org\",\"@graph\":[{\"@type\":\"Article\",\"@id\":\"https:\/\/www.grupefebe.com\/es\/el-31-de-los-espanoles-sufre-fatiga-en-el-trabajo\/#article\",\"isPartOf\":{\"@id\":\"https:\/\/www.grupefebe.com\/es\/el-31-de-los-espanoles-sufre-fatiga-en-el-trabajo\/\"},\"author\":{\"name\":\"efebe\",\"@id\":\"https:\/\/www.grupefebe.com\/es\/#\/schema\/person\/ea29ae2644736bcdb432a0b7f0d814cd\"},\"headline\":\"El 31% de los espa\u00f1oles sufre fatiga en el trabajo\",\"datePublished\":\"2018-10-10T18:17:28+00:00\",\"dateModified\":\"2022-11-09T18:20:46+00:00\",\"mainEntityOfPage\":{\"@id\":\"https:\/\/www.grupefebe.com\/es\/el-31-de-los-espanoles-sufre-fatiga-en-el-trabajo\/\"},\"wordCount\":471,\"publisher\":{\"@id\":\"https:\/\/www.grupefebe.com\/es\/#organization\"},\"image\":{\"@id\":\"https:\/\/www.grupefebe.com\/es\/el-31-de-los-espanoles-sufre-fatiga-en-el-trabajo\/#primaryimage\"},\"thumbnailUrl\":\"https:\/\/www.grupefebe.com\/custom\/uploads\/2022\/11\/espanyols-pateixen-fatiga-mental-al-treball-1024x510-1.png\",\"articleSection\":[\"Oficinas\"],\"inLanguage\":\"es\"},{\"@type\":\"WebPage\",\"@id\":\"https:\/\/www.grupefebe.com\/es\/el-31-de-los-espanoles-sufre-fatiga-en-el-trabajo\/\",\"url\":\"https:\/\/www.grupefebe.com\/es\/el-31-de-los-espanoles-sufre-fatiga-en-el-trabajo\/\",\"name\":\"El 31% de los espa\u00f1oles sufre fatiga en el trabajo | Grupo Efeb\u00e9\",\"isPartOf\":{\"@id\":\"https:\/\/www.grupefebe.com\/es\/#website\"},\"primaryImageOfPage\":{\"@id\":\"https:\/\/www.grupefebe.com\/es\/el-31-de-los-espanoles-sufre-fatiga-en-el-trabajo\/#primaryimage\"},\"image\":{\"@id\":\"https:\/\/www.grupefebe.com\/es\/el-31-de-los-espanoles-sufre-fatiga-en-el-trabajo\/#primaryimage\"},\"thumbnailUrl\":\"https:\/\/www.grupefebe.com\/custom\/uploads\/2022\/11\/espanyols-pateixen-fatiga-mental-al-treball-1024x510-1.png\",\"datePublished\":\"2018-10-10T18:17:28+00:00\",\"dateModified\":\"2022-11-09T18:20:46+00:00\",\"description\":\"El 31% de los espa\u00f1oles sufre fatiga mental en el trabajo, seg\u00fan las conclusiones de la II Edici\u00f3n del Bar\u00f3metro HGS en entornos laborales\",\"breadcrumb\":{\"@id\":\"https:\/\/www.grupefebe.com\/es\/el-31-de-los-espanoles-sufre-fatiga-en-el-trabajo\/#breadcrumb\"},\"inLanguage\":\"es\",\"potentialAction\":[{\"@type\":\"ReadAction\",\"target\":[\"https:\/\/www.grupefebe.com\/es\/el-31-de-los-espanoles-sufre-fatiga-en-el-trabajo\/\"]}]},{\"@type\":\"ImageObject\",\"inLanguage\":\"es\",\"@id\":\"https:\/\/www.grupefebe.com\/es\/el-31-de-los-espanoles-sufre-fatiga-en-el-trabajo\/#primaryimage\",\"url\":\"https:\/\/www.grupefebe.com\/custom\/uploads\/2022\/11\/espanyols-pateixen-fatiga-mental-al-treball-1024x510-1.png\",\"contentUrl\":\"https:\/\/www.grupefebe.com\/custom\/uploads\/2022\/11\/espanyols-pateixen-fatiga-mental-al-treball-1024x510-1.png\",\"width\":1024,\"height\":510,\"caption\":\"fatiga mental al treball\"},{\"@type\":\"BreadcrumbList\",\"@id\":\"https:\/\/www.grupefebe.com\/es\/el-31-de-los-espanoles-sufre-fatiga-en-el-trabajo\/#breadcrumb\",\"itemListElement\":[{\"@type\":\"ListItem\",\"position\":1,\"name\":\"Inici\",\"item\":\"https:\/\/www.grupefebe.com\/es\/\"},{\"@type\":\"ListItem\",\"position\":2,\"name\":\"El 31% de los espa\u00f1oles sufre fatiga en el trabajo\"}]},{\"@type\":\"WebSite\",\"@id\":\"https:\/\/www.grupefebe.com\/es\/#website\",\"url\":\"https:\/\/www.grupefebe.com\/es\/\",\"name\":\"Grup Efeb\u00e9\",\"description\":\"Otro sitio realizado con WordPress\",\"publisher\":{\"@id\":\"https:\/\/www.grupefebe.com\/es\/#organization\"},\"potentialAction\":[{\"@type\":\"SearchAction\",\"target\":{\"@type\":\"EntryPoint\",\"urlTemplate\":\"https:\/\/www.grupefebe.com\/es\/?s={search_term_string}\"},\"query-input\":{\"@type\":\"PropertyValueSpecification\",\"valueRequired\":true,\"valueName\":\"search_term_string\"}}],\"inLanguage\":\"es\"},{\"@type\":\"Organization\",\"@id\":\"https:\/\/www.grupefebe.com\/es\/#organization\",\"name\":\"Grup Efeb\u00e9\",\"url\":\"https:\/\/www.grupefebe.com\/es\/\",\"logo\":{\"@type\":\"ImageObject\",\"inLanguage\":\"es\",\"@id\":\"https:\/\/www.grupefebe.com\/es\/#\/schema\/logo\/image\/\",\"url\":\"https:\/\/grupefebe.com\/custom\/uploads\/2021\/01\/logo-efebe.png\",\"contentUrl\":\"https:\/\/grupefebe.com\/custom\/uploads\/2021\/01\/logo-efebe.png\",\"width\":524,\"height\":135,\"caption\":\"Grup Efeb\u00e9\"},\"image\":{\"@id\":\"https:\/\/www.grupefebe.com\/es\/#\/schema\/logo\/image\/\"},\"sameAs\":[\"https:\/\/www.facebook.com\/grup.efebe\",\"https:\/\/x.com\/grup_efebe\",\"https:\/\/www.instagram.com\/grup_efebe\/\",\"https:\/\/www.linkedin.com\/company\/grupefebe\",\"https:\/\/www.youtube.com\/channel\/UCj11-LAuLhPfqrL2649Xzrw\"]},{\"@type\":\"Person\",\"@id\":\"https:\/\/www.grupefebe.com\/es\/#\/schema\/person\/ea29ae2644736bcdb432a0b7f0d814cd\",\"name\":\"efebe\",\"image\":{\"@type\":\"ImageObject\",\"inLanguage\":\"es\",\"@id\":\"https:\/\/www.grupefebe.com\/es\/#\/schema\/person\/image\/\",\"url\":\"https:\/\/secure.gravatar.com\/avatar\/fe57a3f139ea81c65a338e37a8064b4e80844f839737532820c9107eb9e1966f?s=96&d=mm&r=g\",\"contentUrl\":\"https:\/\/secure.gravatar.com\/avatar\/fe57a3f139ea81c65a338e37a8064b4e80844f839737532820c9107eb9e1966f?s=96&d=mm&r=g\",\"caption\":\"efebe\"},\"url\":\"https:\/\/www.grupefebe.com\/es\/author\/efebe\/\"}]}<\/script>\n<!-- \/ Yoast SEO plugin. -->","yoast_head_json":{"title":"El 31% de los espa\u00f1oles sufre fatiga en el trabajo | Grupo Efeb\u00e9","description":"El 31% de los espa\u00f1oles sufre fatiga mental en el trabajo, seg\u00fan las conclusiones de la II Edici\u00f3n del Bar\u00f3metro HGS en entornos laborales","robots":{"index":"index","follow":"follow","max-snippet":"max-snippet:-1","max-image-preview":"max-image-preview:large","max-video-preview":"max-video-preview:-1"},"canonical":"https:\/\/www.grupefebe.com\/es\/el-31-de-los-espanoles-sufre-fatiga-en-el-trabajo\/","og_locale":"es_ES","og_type":"article","og_title":"El 31% de los espa\u00f1oles sufre fatiga en el trabajo | Grupo Efeb\u00e9","og_description":"El 31% de los espa\u00f1oles sufre fatiga mental en el trabajo, seg\u00fan las conclusiones de la II Edici\u00f3n del Bar\u00f3metro HGS en entornos laborales","og_url":"https:\/\/www.grupefebe.com\/es\/el-31-de-los-espanoles-sufre-fatiga-en-el-trabajo\/","og_site_name":"Grupo Efeb\u00e9","article_publisher":"https:\/\/www.facebook.com\/grup.efebe","article_published_time":"2018-10-10T18:17:28+00:00","article_modified_time":"2022-11-09T18:20:46+00:00","og_image":[{"width":1024,"height":510,"url":"https:\/\/grupefebe.com\/custom\/uploads\/2022\/11\/espanyols-pateixen-fatiga-mental-al-treball-1024x510-1.png","type":"image\/png"}],"author":"efebe","twitter_card":"summary_large_image","twitter_creator":"@grup_efebe","twitter_site":"@grup_efebe","twitter_misc":{"Escrito por":"efebe","Tiempo de lectura":"2 minutos"},"schema":{"@context":"https:\/\/schema.org","@graph":[{"@type":"Article","@id":"https:\/\/www.grupefebe.com\/es\/el-31-de-los-espanoles-sufre-fatiga-en-el-trabajo\/#article","isPartOf":{"@id":"https:\/\/www.grupefebe.com\/es\/el-31-de-los-espanoles-sufre-fatiga-en-el-trabajo\/"},"author":{"name":"efebe","@id":"https:\/\/www.grupefebe.com\/es\/#\/schema\/person\/ea29ae2644736bcdb432a0b7f0d814cd"},"headline":"El 31% de los espa\u00f1oles sufre fatiga en el trabajo","datePublished":"2018-10-10T18:17:28+00:00","dateModified":"2022-11-09T18:20:46+00:00","mainEntityOfPage":{"@id":"https:\/\/www.grupefebe.com\/es\/el-31-de-los-espanoles-sufre-fatiga-en-el-trabajo\/"},"wordCount":471,"publisher":{"@id":"https:\/\/www.grupefebe.com\/es\/#organization"},"image":{"@id":"https:\/\/www.grupefebe.com\/es\/el-31-de-los-espanoles-sufre-fatiga-en-el-trabajo\/#primaryimage"},"thumbnailUrl":"https:\/\/www.grupefebe.com\/custom\/uploads\/2022\/11\/espanyols-pateixen-fatiga-mental-al-treball-1024x510-1.png","articleSection":["Oficinas"],"inLanguage":"es"},{"@type":"WebPage","@id":"https:\/\/www.grupefebe.com\/es\/el-31-de-los-espanoles-sufre-fatiga-en-el-trabajo\/","url":"https:\/\/www.grupefebe.com\/es\/el-31-de-los-espanoles-sufre-fatiga-en-el-trabajo\/","name":"El 31% de los espa\u00f1oles sufre fatiga en el trabajo | Grupo Efeb\u00e9","isPartOf":{"@id":"https:\/\/www.grupefebe.com\/es\/#website"},"primaryImageOfPage":{"@id":"https:\/\/www.grupefebe.com\/es\/el-31-de-los-espanoles-sufre-fatiga-en-el-trabajo\/#primaryimage"},"image":{"@id":"https:\/\/www.grupefebe.com\/es\/el-31-de-los-espanoles-sufre-fatiga-en-el-trabajo\/#primaryimage"},"thumbnailUrl":"https:\/\/www.grupefebe.com\/custom\/uploads\/2022\/11\/espanyols-pateixen-fatiga-mental-al-treball-1024x510-1.png","datePublished":"2018-10-10T18:17:28+00:00","dateModified":"2022-11-09T18:20:46+00:00","description":"El 31% de los espa\u00f1oles sufre fatiga mental en el trabajo, seg\u00fan las conclusiones de la II Edici\u00f3n del Bar\u00f3metro HGS en entornos laborales","breadcrumb":{"@id":"https:\/\/www.grupefebe.com\/es\/el-31-de-los-espanoles-sufre-fatiga-en-el-trabajo\/#breadcrumb"},"inLanguage":"es","potentialAction":[{"@type":"ReadAction","target":["https:\/\/www.grupefebe.com\/es\/el-31-de-los-espanoles-sufre-fatiga-en-el-trabajo\/"]}]},{"@type":"ImageObject","inLanguage":"es","@id":"https:\/\/www.grupefebe.com\/es\/el-31-de-los-espanoles-sufre-fatiga-en-el-trabajo\/#primaryimage","url":"https:\/\/www.grupefebe.com\/custom\/uploads\/2022\/11\/espanyols-pateixen-fatiga-mental-al-treball-1024x510-1.png","contentUrl":"https:\/\/www.grupefebe.com\/custom\/uploads\/2022\/11\/espanyols-pateixen-fatiga-mental-al-treball-1024x510-1.png","width":1024,"height":510,"caption":"fatiga mental al treball"},{"@type":"BreadcrumbList","@id":"https:\/\/www.grupefebe.com\/es\/el-31-de-los-espanoles-sufre-fatiga-en-el-trabajo\/#breadcrumb","itemListElement":[{"@type":"ListItem","position":1,"name":"Inici","item":"https:\/\/www.grupefebe.com\/es\/"},{"@type":"ListItem","position":2,"name":"El 31% de los espa\u00f1oles sufre fatiga en el trabajo"}]},{"@type":"WebSite","@id":"https:\/\/www.grupefebe.com\/es\/#website","url":"https:\/\/www.grupefebe.com\/es\/","name":"Grup Efeb\u00e9","description":"Otro sitio realizado con WordPress","publisher":{"@id":"https:\/\/www.grupefebe.com\/es\/#organization"},"potentialAction":[{"@type":"SearchAction","target":{"@type":"EntryPoint","urlTemplate":"https:\/\/www.grupefebe.com\/es\/?s={search_term_string}"},"query-input":{"@type":"PropertyValueSpecification","valueRequired":true,"valueName":"search_term_string"}}],"inLanguage":"es"},{"@type":"Organization","@id":"https:\/\/www.grupefebe.com\/es\/#organization","name":"Grup Efeb\u00e9","url":"https:\/\/www.grupefebe.com\/es\/","logo":{"@type":"ImageObject","inLanguage":"es","@id":"https:\/\/www.grupefebe.com\/es\/#\/schema\/logo\/image\/","url":"https:\/\/grupefebe.com\/custom\/uploads\/2021\/01\/logo-efebe.png","contentUrl":"https:\/\/grupefebe.com\/custom\/uploads\/2021\/01\/logo-efebe.png","width":524,"height":135,"caption":"Grup Efeb\u00e9"},"image":{"@id":"https:\/\/www.grupefebe.com\/es\/#\/schema\/logo\/image\/"},"sameAs":["https:\/\/www.facebook.com\/grup.efebe","https:\/\/x.com\/grup_efebe","https:\/\/www.instagram.com\/grup_efebe\/","https:\/\/www.linkedin.com\/company\/grupefebe","https:\/\/www.youtube.com\/channel\/UCj11-LAuLhPfqrL2649Xzrw"]},{"@type":"Person","@id":"https:\/\/www.grupefebe.com\/es\/#\/schema\/person\/ea29ae2644736bcdb432a0b7f0d814cd","name":"efebe","image":{"@type":"ImageObject","inLanguage":"es","@id":"https:\/\/www.grupefebe.com\/es\/#\/schema\/person\/image\/","url":"https:\/\/secure.gravatar.com\/avatar\/fe57a3f139ea81c65a338e37a8064b4e80844f839737532820c9107eb9e1966f?s=96&d=mm&r=g","contentUrl":"https:\/\/secure.gravatar.com\/avatar\/fe57a3f139ea81c65a338e37a8064b4e80844f839737532820c9107eb9e1966f?s=96&d=mm&r=g","caption":"efebe"},"url":"https:\/\/www.grupefebe.com\/es\/author\/efebe\/"}]}},"_links":{"self":[{"href":"https:\/\/www.grupefebe.com\/es\/wp-json\/wp\/v2\/posts\/12308","targetHints":{"allow":["GET"]}}],"collection":[{"href":"https:\/\/www.grupefebe.com\/es\/wp-json\/wp\/v2\/posts"}],"about":[{"href":"https:\/\/www.grupefebe.com\/es\/wp-json\/wp\/v2\/types\/post"}],"author":[{"embeddable":true,"href":"https:\/\/www.grupefebe.com\/es\/wp-json\/wp\/v2\/users\/1"}],"replies":[{"embeddable":true,"href":"https:\/\/www.grupefebe.com\/es\/wp-json\/wp\/v2\/comments?post=12308"}],"version-history":[{"count":2,"href":"https:\/\/www.grupefebe.com\/es\/wp-json\/wp\/v2\/posts\/12308\/revisions"}],"predecessor-version":[{"id":12310,"href":"https:\/\/www.grupefebe.com\/es\/wp-json\/wp\/v2\/posts\/12308\/revisions\/12310"}],"wp:featuredmedia":[{"embeddable":true,"href":"https:\/\/www.grupefebe.com\/es\/wp-json\/wp\/v2\/media\/12306"}],"wp:attachment":[{"href":"https:\/\/www.grupefebe.com\/es\/wp-json\/wp\/v2\/media?parent=12308"}],"wp:term":[{"taxonomy":"category","embeddable":true,"href":"https:\/\/www.grupefebe.com\/es\/wp-json\/wp\/v2\/categories?post=12308"}],"curies":[{"name":"wp","href":"https:\/\/api.w.org\/{rel}","templated":true}]}}