{"id":11506,"date":"2022-08-01T11:42:59","date_gmt":"2022-08-01T11:42:59","guid":{"rendered":"https:\/\/grupefebe.com\/?p=11506"},"modified":"2022-08-02T13:00:00","modified_gmt":"2022-08-02T13:00:00","slug":"hacia-un-envejecimiento-activo-con-un-nuevo-modelo-residencial","status":"publish","type":"post","link":"https:\/\/www.grupefebe.com\/es\/hacia-un-envejecimiento-activo-con-un-nuevo-modelo-residencial\/","title":{"rendered":"Hacia un envejecimiento activo con un nuevo modelo residencial"},"content":{"rendered":"<p>\u00bfHay que redefinir el modelo de atenci\u00f3n a las personas mayores? \u00bfC\u00f3mo est\u00e1n dise\u00f1ados los espacios actuales? \u00bfEscoger\u00edas el actual modelo de residencia para personas mayores para vivir tu vejez?<\/p>\n<p>Seg\u00fan el Instituto Nacional de Estad\u00edstica, <strong>\u00abel 2030 una de cada diez personas tendr\u00e1 m\u00e1s de cincuenta y cinco a\u00f1os\u00bb<\/strong>. Cada vez estamos mejor en a\u00f1os m\u00e1s tard\u00edos pero, aun as\u00ed hay que garantizar una buena calidad de vida en esta etapa. Para las personas mayores es clave el hecho de estar activas porque los ayuda a no perder facultades. Es decir, sus <strong>habilidades motrices, sociales y emocionales<\/strong> se mantienen fuertes, ayudando a su salud a seguir al pie del ca\u00f1\u00f3n. Es com\u00fan que cuando nos hacemos mayores caemos en un estilo de vida muy mon\u00f3tono y tenemos menos fuerzas para innovar y movilizarnos. Pero justamente lo que hay que hacer para el bienestar es ser activo.<\/p>\n<p>Es por eso que los espacios donde viven las generaciones m\u00e1s mayores se tienen que adaptar de la mejor forma posible para ser entornos saludables y agradables para vivir a gusto. Y as\u00ed, hacer que se sientan como casa en un ambiente tranquilo y agradable, que a la vez sea funcional para el d\u00eda a d\u00eda.<\/p>\n<p>A continuaci\u00f3n, en este art\u00edculo te explicamos qu\u00e9 caracter\u00edsticas tiene el nuevo modelo residencial para un envejecimiento activo y saludable.<\/p>\n<h3>\u00bfQu\u00e9 caracter\u00edsticas definen el nuevo modelo residencial?<\/h3>\n<p>Hace unas semanas se acept\u00f3 un nuevo modelo residencial para mejorar la calidad de vida de las personas mayores. Antes que nada, una idea que se plantea es la reducci\u00f3n de la cantidad de personas que puede haber por residencia, para poder ofrecer un servicio m\u00e1s personalizado.<\/p>\n<p>El sector de atenci\u00f3n a la gente mayor pide <strong>espacios llenos de vida<\/strong>. Para hacerlo posible hace falta un an\u00e1lisis que satisfaga las necesidades de los usuarios\/se y del personal. Por lo tanto, a pleno 2022 es importante <strong>innovar siempre poniendo la persona en el centro, impulsando la transformaci\u00f3n digital y, a la vez, actuando de forma responsable con el medio ambiente<\/strong>. As\u00ed pues, estos son algunos de los requisitos de este nuevo modelo asistencial para un envejecimiento activo:<\/p>\n<ul>\n<li>M\u00e1s <strong>habitaciones individuales<\/strong>;<\/li>\n<li>Un <strong>plan personal<\/strong> donde cada cual indique sus preferencias sobre como vivir;<\/li>\n<li>Una organizaci\u00f3n en <strong>unidades de convivencia de un m\u00e1ximo de 15 personas<\/strong>, para poder ofrecer una atenci\u00f3n personalizada;<\/li>\n<li>Entornos adaptados con <strong>espacios comunes para la socializaci\u00f3n o la colaboraci\u00f3n<\/strong>, con cocina, cuarto de estar, comedor, etc.<\/li>\n<li><strong>\u00daltimas tecnolog\u00edas<\/strong> para las nuevas generaciones cada vez m\u00e1s digitales;<\/li>\n<li>Un estilo adaptado para <strong>parecer un hogar donde poderse sentir como casa<\/strong>;<\/li>\n<li>Un <strong>l\u00edmite de entre 75 y 120 plazas<\/strong>.<\/li>\n<\/ul>\n<p>Espacios con estas caracter\u00edsticas ayudan a mejorar la calidad de vida de las personas mayores. Un entorno cuidado con una atenci\u00f3n integrada centrada en la persona <strong>puede mejorar la comunicaci\u00f3n, la autoestima y el estado de \u00e1nimo<\/strong>.<\/p>\n<h3>\u00bfC\u00f3mo son los espacios para un envejecimiento activo?<\/h3>\n<p>Nos gusta pensar que los entornos para personas mayores cada vez ser\u00e1n m\u00e1s semblantes a este modelo que definimos en su punto anterior. Si estos \u00faltimos a\u00f1os se ha hecho una parada por la Covid-19, tiene que servir para reflexionar y darnos cuenta de qu\u00e9 aspectos hacen el bien por el bienestar de los usuarios y usuarias y del personal que trabaja y qu\u00e9 no, etc.<\/p>\n<p>Indiferentemente de si se trata de una residencia, un centro de d\u00eda o de viviendas compartidas con ayudas, en cualquiera de estos es importante contar con una <strong>atenci\u00f3n integrada centrada en la persona<\/strong>. Con este modelo asistencial las personas mayores hacen actividades diariamente y todav\u00eda aprenden constantemente, sin sentirse solas ni desatendidas. Los espacios tienen que garantizar el hecho de poder hacerlo posible.<\/p>\n<p>A trav\u00e9s de una arquitectura moderna y funcional, incorporamos luminosidad y amplitud, aspectos clave para despu\u00e9s poder hacer todo tipo de talleres y actividades l\u00fadicas o terap\u00e9uticas. Con espacios exteriores con huertos urbanos y rincones para descansar o recibir visitas de amigos y familiares. En este art\u00edculo de nuestro blog te explicamos los beneficios de los <a href=\"https:\/\/www.grupefebe.com\/es\/beneficios-de-los-jardines-terapeuticos-para-personas-mayores\/\">jardines terap\u00e9uticos<\/a>.<\/p>\n<p>Sobre este tema trata el <a href=\"https:\/\/grupefebe.com\/es\/barometro-grup-efebe-baby-boomers-y-generacion-x-quieren-seguir-viviendo-en-comunidad-cuando-sean-mayores-y-sentirse-autonomos-capaces-y-autosuficientes\/\"><em>II Bar\u00f2metro Grup Efeb\u00e9 2021, d\u00f3nde y c\u00f3mo queremos vivir cuando seamos mayores<\/em><\/a> que presentamos el noviembre del a\u00f1o pasado, con el prop\u00f3sito de investigar y reformular la oferta actual de soluciones residenciales para la tercera y cuarta edad.<\/p>\n","protected":false},"excerpt":{"rendered":"<p>\u00bfHay que redefinir el modelo de atenci\u00f3n a las personas mayores? \u00bfC\u00f3mo est\u00e1n dise\u00f1ados los espacios actuales? \u00bfEscoger\u00edas el actual [&hellip;]<\/p>\n","protected":false},"author":2,"featured_media":10805,"comment_status":"closed","ping_status":"closed","sticky":false,"template":"","format":"standard","meta":{"_acf_changed":false,"footnotes":"","_links_to":"","_links_to_target":""},"categories":[202],"class_list":["post-11506","post","type-post","status-publish","format-standard","has-post-thumbnail","hentry","category-residencias-mayores"],"acf":[],"yoast_head":"<!-- This site is optimized with the Yoast SEO plugin v25.9 - https:\/\/yoast.com\/wordpress\/plugins\/seo\/ -->\n<title>Hacia un envejecimiento activo con un nuevo modelo residencial | Grupo Efeb\u00e9<\/title>\n<meta name=\"description\" content=\"\u00bfC\u00f3mo tienen que ser los espacios sociales para un envejecimiento activo? En este art\u00edculo de Grup Efeb\u00e9 te explicamos todos los detalles.\" \/>\n<meta name=\"robots\" content=\"index, follow, max-snippet:-1, max-image-preview:large, max-video-preview:-1\" \/>\n<link rel=\"canonical\" href=\"https:\/\/www.grupefebe.com\/es\/hacia-un-envejecimiento-activo-con-un-nuevo-modelo-residencial\/\" \/>\n<meta property=\"og:locale\" content=\"es_ES\" \/>\n<meta property=\"og:type\" content=\"article\" \/>\n<meta property=\"og:title\" content=\"Hacia un envejecimiento activo con un nuevo modelo residencial | Grupo Efeb\u00e9\" \/>\n<meta property=\"og:description\" content=\"\u00bfC\u00f3mo tienen que ser los espacios sociales para un envejecimiento activo? En este art\u00edculo de Grup Efeb\u00e9 te explicamos todos los detalles.\" \/>\n<meta property=\"og:url\" content=\"https:\/\/www.grupefebe.com\/es\/hacia-un-envejecimiento-activo-con-un-nuevo-modelo-residencial\/\" \/>\n<meta property=\"og:site_name\" content=\"Grupo Efeb\u00e9\" \/>\n<meta property=\"article:publisher\" content=\"https:\/\/www.facebook.com\/grup.efebe\" \/>\n<meta property=\"article:published_time\" content=\"2022-08-01T11:42:59+00:00\" \/>\n<meta property=\"article:modified_time\" content=\"2022-08-02T13:00:00+00:00\" \/>\n<meta property=\"og:image\" content=\"https:\/\/www.grupefebe.com\/custom\/uploads\/2022\/05\/22.05.12-Gent-Gran-P5.2-scaled.jpg\" \/>\n\t<meta property=\"og:image:width\" content=\"2560\" \/>\n\t<meta property=\"og:image:height\" content=\"1536\" \/>\n\t<meta property=\"og:image:type\" content=\"image\/jpeg\" \/>\n<meta name=\"author\" content=\"Grup Efeb\u00e9\" \/>\n<meta name=\"twitter:card\" content=\"summary_large_image\" \/>\n<meta name=\"twitter:creator\" content=\"@grup_efebe\" \/>\n<meta name=\"twitter:site\" content=\"@grup_efebe\" \/>\n<meta name=\"twitter:label1\" content=\"Escrito por\" \/>\n\t<meta name=\"twitter:data1\" content=\"Grup Efeb\u00e9\" \/>\n\t<meta name=\"twitter:label2\" content=\"Tiempo de lectura\" \/>\n\t<meta name=\"twitter:data2\" content=\"4 minutos\" \/>\n<script type=\"application\/ld+json\" class=\"yoast-schema-graph\">{\"@context\":\"https:\/\/schema.org\",\"@graph\":[{\"@type\":\"Article\",\"@id\":\"https:\/\/www.grupefebe.com\/es\/hacia-un-envejecimiento-activo-con-un-nuevo-modelo-residencial\/#article\",\"isPartOf\":{\"@id\":\"https:\/\/www.grupefebe.com\/es\/hacia-un-envejecimiento-activo-con-un-nuevo-modelo-residencial\/\"},\"author\":{\"name\":\"Grup Efeb\u00e9\",\"@id\":\"https:\/\/mail.grupefebe.com\/es\/#\/schema\/person\/76402b3180eef131413100afc3282997\"},\"headline\":\"Hacia un envejecimiento activo con un nuevo modelo residencial\",\"datePublished\":\"2022-08-01T11:42:59+00:00\",\"dateModified\":\"2022-08-02T13:00:00+00:00\",\"mainEntityOfPage\":{\"@id\":\"https:\/\/www.grupefebe.com\/es\/hacia-un-envejecimiento-activo-con-un-nuevo-modelo-residencial\/\"},\"wordCount\":774,\"publisher\":{\"@id\":\"https:\/\/mail.grupefebe.com\/es\/#organization\"},\"image\":{\"@id\":\"https:\/\/www.grupefebe.com\/es\/hacia-un-envejecimiento-activo-con-un-nuevo-modelo-residencial\/#primaryimage\"},\"thumbnailUrl\":\"https:\/\/www.grupefebe.com\/custom\/uploads\/2022\/05\/22.05.12-Gent-Gran-P5.2-scaled.jpg\",\"articleSection\":[\"Residencias para mayores\"],\"inLanguage\":\"es\"},{\"@type\":\"WebPage\",\"@id\":\"https:\/\/www.grupefebe.com\/es\/hacia-un-envejecimiento-activo-con-un-nuevo-modelo-residencial\/\",\"url\":\"https:\/\/www.grupefebe.com\/es\/hacia-un-envejecimiento-activo-con-un-nuevo-modelo-residencial\/\",\"name\":\"Hacia un envejecimiento activo con un nuevo modelo residencial | Grupo Efeb\u00e9\",\"isPartOf\":{\"@id\":\"https:\/\/mail.grupefebe.com\/es\/#website\"},\"primaryImageOfPage\":{\"@id\":\"https:\/\/www.grupefebe.com\/es\/hacia-un-envejecimiento-activo-con-un-nuevo-modelo-residencial\/#primaryimage\"},\"image\":{\"@id\":\"https:\/\/www.grupefebe.com\/es\/hacia-un-envejecimiento-activo-con-un-nuevo-modelo-residencial\/#primaryimage\"},\"thumbnailUrl\":\"https:\/\/www.grupefebe.com\/custom\/uploads\/2022\/05\/22.05.12-Gent-Gran-P5.2-scaled.jpg\",\"datePublished\":\"2022-08-01T11:42:59+00:00\",\"dateModified\":\"2022-08-02T13:00:00+00:00\",\"description\":\"\u00bfC\u00f3mo tienen que ser los espacios sociales para un envejecimiento activo? En este art\u00edculo de Grup Efeb\u00e9 te explicamos todos los detalles.\",\"breadcrumb\":{\"@id\":\"https:\/\/www.grupefebe.com\/es\/hacia-un-envejecimiento-activo-con-un-nuevo-modelo-residencial\/#breadcrumb\"},\"inLanguage\":\"es\",\"potentialAction\":[{\"@type\":\"ReadAction\",\"target\":[\"https:\/\/www.grupefebe.com\/es\/hacia-un-envejecimiento-activo-con-un-nuevo-modelo-residencial\/\"]}]},{\"@type\":\"ImageObject\",\"inLanguage\":\"es\",\"@id\":\"https:\/\/www.grupefebe.com\/es\/hacia-un-envejecimiento-activo-con-un-nuevo-modelo-residencial\/#primaryimage\",\"url\":\"https:\/\/www.grupefebe.com\/custom\/uploads\/2022\/05\/22.05.12-Gent-Gran-P5.2-scaled.jpg\",\"contentUrl\":\"https:\/\/www.grupefebe.com\/custom\/uploads\/2022\/05\/22.05.12-Gent-Gran-P5.2-scaled.jpg\",\"width\":2560,\"height\":1536,\"caption\":\"envejecimiento activo\"},{\"@type\":\"BreadcrumbList\",\"@id\":\"https:\/\/www.grupefebe.com\/es\/hacia-un-envejecimiento-activo-con-un-nuevo-modelo-residencial\/#breadcrumb\",\"itemListElement\":[{\"@type\":\"ListItem\",\"position\":1,\"name\":\"Inici\",\"item\":\"https:\/\/mail.grupefebe.com\/es\/\"},{\"@type\":\"ListItem\",\"position\":2,\"name\":\"Hacia un envejecimiento activo con un nuevo modelo residencial\"}]},{\"@type\":\"WebSite\",\"@id\":\"https:\/\/mail.grupefebe.com\/es\/#website\",\"url\":\"https:\/\/mail.grupefebe.com\/es\/\",\"name\":\"Grup Efeb\u00e9\",\"description\":\"Otro sitio realizado con WordPress\",\"publisher\":{\"@id\":\"https:\/\/mail.grupefebe.com\/es\/#organization\"},\"potentialAction\":[{\"@type\":\"SearchAction\",\"target\":{\"@type\":\"EntryPoint\",\"urlTemplate\":\"https:\/\/mail.grupefebe.com\/es\/?s={search_term_string}\"},\"query-input\":{\"@type\":\"PropertyValueSpecification\",\"valueRequired\":true,\"valueName\":\"search_term_string\"}}],\"inLanguage\":\"es\"},{\"@type\":\"Organization\",\"@id\":\"https:\/\/mail.grupefebe.com\/es\/#organization\",\"name\":\"Grup Efeb\u00e9\",\"url\":\"https:\/\/mail.grupefebe.com\/es\/\",\"logo\":{\"@type\":\"ImageObject\",\"inLanguage\":\"es\",\"@id\":\"https:\/\/mail.grupefebe.com\/es\/#\/schema\/logo\/image\/\",\"url\":\"https:\/\/grupefebe.com\/custom\/uploads\/2021\/01\/logo-efebe.png\",\"contentUrl\":\"https:\/\/grupefebe.com\/custom\/uploads\/2021\/01\/logo-efebe.png\",\"width\":524,\"height\":135,\"caption\":\"Grup Efeb\u00e9\"},\"image\":{\"@id\":\"https:\/\/mail.grupefebe.com\/es\/#\/schema\/logo\/image\/\"},\"sameAs\":[\"https:\/\/www.facebook.com\/grup.efebe\",\"https:\/\/x.com\/grup_efebe\",\"https:\/\/www.instagram.com\/grup_efebe\/\",\"https:\/\/www.linkedin.com\/company\/grupefebe\",\"https:\/\/www.youtube.com\/channel\/UCj11-LAuLhPfqrL2649Xzrw\"]},{\"@type\":\"Person\",\"@id\":\"https:\/\/mail.grupefebe.com\/es\/#\/schema\/person\/76402b3180eef131413100afc3282997\",\"name\":\"Grup Efeb\u00e9\",\"image\":{\"@type\":\"ImageObject\",\"inLanguage\":\"es\",\"@id\":\"https:\/\/mail.grupefebe.com\/es\/#\/schema\/person\/image\/\",\"url\":\"https:\/\/secure.gravatar.com\/avatar\/913bc6aa90480101061296ab9cad4bd4ccfb82c623a8820f3fd577558c1651be?s=96&d=mm&r=g\",\"contentUrl\":\"https:\/\/secure.gravatar.com\/avatar\/913bc6aa90480101061296ab9cad4bd4ccfb82c623a8820f3fd577558c1651be?s=96&d=mm&r=g\",\"caption\":\"Grup Efeb\u00e9\"},\"url\":\"https:\/\/www.grupefebe.com\/es\/author\/julia\/\"}]}<\/script>\n<!-- \/ Yoast SEO plugin. -->","yoast_head_json":{"title":"Hacia un envejecimiento activo con un nuevo modelo residencial | Grupo Efeb\u00e9","description":"\u00bfC\u00f3mo tienen que ser los espacios sociales para un envejecimiento activo? En este art\u00edculo de Grup Efeb\u00e9 te explicamos todos los detalles.","robots":{"index":"index","follow":"follow","max-snippet":"max-snippet:-1","max-image-preview":"max-image-preview:large","max-video-preview":"max-video-preview:-1"},"canonical":"https:\/\/www.grupefebe.com\/es\/hacia-un-envejecimiento-activo-con-un-nuevo-modelo-residencial\/","og_locale":"es_ES","og_type":"article","og_title":"Hacia un envejecimiento activo con un nuevo modelo residencial | Grupo Efeb\u00e9","og_description":"\u00bfC\u00f3mo tienen que ser los espacios sociales para un envejecimiento activo? En este art\u00edculo de Grup Efeb\u00e9 te explicamos todos los detalles.","og_url":"https:\/\/www.grupefebe.com\/es\/hacia-un-envejecimiento-activo-con-un-nuevo-modelo-residencial\/","og_site_name":"Grupo Efeb\u00e9","article_publisher":"https:\/\/www.facebook.com\/grup.efebe","article_published_time":"2022-08-01T11:42:59+00:00","article_modified_time":"2022-08-02T13:00:00+00:00","og_image":[{"width":2560,"height":1536,"url":"https:\/\/www.grupefebe.com\/custom\/uploads\/2022\/05\/22.05.12-Gent-Gran-P5.2-scaled.jpg","type":"image\/jpeg"}],"author":"Grup Efeb\u00e9","twitter_card":"summary_large_image","twitter_creator":"@grup_efebe","twitter_site":"@grup_efebe","twitter_misc":{"Escrito por":"Grup Efeb\u00e9","Tiempo de lectura":"4 minutos"},"schema":{"@context":"https:\/\/schema.org","@graph":[{"@type":"Article","@id":"https:\/\/www.grupefebe.com\/es\/hacia-un-envejecimiento-activo-con-un-nuevo-modelo-residencial\/#article","isPartOf":{"@id":"https:\/\/www.grupefebe.com\/es\/hacia-un-envejecimiento-activo-con-un-nuevo-modelo-residencial\/"},"author":{"name":"Grup Efeb\u00e9","@id":"https:\/\/mail.grupefebe.com\/es\/#\/schema\/person\/76402b3180eef131413100afc3282997"},"headline":"Hacia un envejecimiento activo con un nuevo modelo residencial","datePublished":"2022-08-01T11:42:59+00:00","dateModified":"2022-08-02T13:00:00+00:00","mainEntityOfPage":{"@id":"https:\/\/www.grupefebe.com\/es\/hacia-un-envejecimiento-activo-con-un-nuevo-modelo-residencial\/"},"wordCount":774,"publisher":{"@id":"https:\/\/mail.grupefebe.com\/es\/#organization"},"image":{"@id":"https:\/\/www.grupefebe.com\/es\/hacia-un-envejecimiento-activo-con-un-nuevo-modelo-residencial\/#primaryimage"},"thumbnailUrl":"https:\/\/www.grupefebe.com\/custom\/uploads\/2022\/05\/22.05.12-Gent-Gran-P5.2-scaled.jpg","articleSection":["Residencias para mayores"],"inLanguage":"es"},{"@type":"WebPage","@id":"https:\/\/www.grupefebe.com\/es\/hacia-un-envejecimiento-activo-con-un-nuevo-modelo-residencial\/","url":"https:\/\/www.grupefebe.com\/es\/hacia-un-envejecimiento-activo-con-un-nuevo-modelo-residencial\/","name":"Hacia un envejecimiento activo con un nuevo modelo residencial | Grupo Efeb\u00e9","isPartOf":{"@id":"https:\/\/mail.grupefebe.com\/es\/#website"},"primaryImageOfPage":{"@id":"https:\/\/www.grupefebe.com\/es\/hacia-un-envejecimiento-activo-con-un-nuevo-modelo-residencial\/#primaryimage"},"image":{"@id":"https:\/\/www.grupefebe.com\/es\/hacia-un-envejecimiento-activo-con-un-nuevo-modelo-residencial\/#primaryimage"},"thumbnailUrl":"https:\/\/www.grupefebe.com\/custom\/uploads\/2022\/05\/22.05.12-Gent-Gran-P5.2-scaled.jpg","datePublished":"2022-08-01T11:42:59+00:00","dateModified":"2022-08-02T13:00:00+00:00","description":"\u00bfC\u00f3mo tienen que ser los espacios sociales para un envejecimiento activo? En este art\u00edculo de Grup Efeb\u00e9 te explicamos todos los detalles.","breadcrumb":{"@id":"https:\/\/www.grupefebe.com\/es\/hacia-un-envejecimiento-activo-con-un-nuevo-modelo-residencial\/#breadcrumb"},"inLanguage":"es","potentialAction":[{"@type":"ReadAction","target":["https:\/\/www.grupefebe.com\/es\/hacia-un-envejecimiento-activo-con-un-nuevo-modelo-residencial\/"]}]},{"@type":"ImageObject","inLanguage":"es","@id":"https:\/\/www.grupefebe.com\/es\/hacia-un-envejecimiento-activo-con-un-nuevo-modelo-residencial\/#primaryimage","url":"https:\/\/www.grupefebe.com\/custom\/uploads\/2022\/05\/22.05.12-Gent-Gran-P5.2-scaled.jpg","contentUrl":"https:\/\/www.grupefebe.com\/custom\/uploads\/2022\/05\/22.05.12-Gent-Gran-P5.2-scaled.jpg","width":2560,"height":1536,"caption":"envejecimiento activo"},{"@type":"BreadcrumbList","@id":"https:\/\/www.grupefebe.com\/es\/hacia-un-envejecimiento-activo-con-un-nuevo-modelo-residencial\/#breadcrumb","itemListElement":[{"@type":"ListItem","position":1,"name":"Inici","item":"https:\/\/mail.grupefebe.com\/es\/"},{"@type":"ListItem","position":2,"name":"Hacia un envejecimiento activo con un nuevo modelo residencial"}]},{"@type":"WebSite","@id":"https:\/\/mail.grupefebe.com\/es\/#website","url":"https:\/\/mail.grupefebe.com\/es\/","name":"Grup Efeb\u00e9","description":"Otro sitio realizado con WordPress","publisher":{"@id":"https:\/\/mail.grupefebe.com\/es\/#organization"},"potentialAction":[{"@type":"SearchAction","target":{"@type":"EntryPoint","urlTemplate":"https:\/\/mail.grupefebe.com\/es\/?s={search_term_string}"},"query-input":{"@type":"PropertyValueSpecification","valueRequired":true,"valueName":"search_term_string"}}],"inLanguage":"es"},{"@type":"Organization","@id":"https:\/\/mail.grupefebe.com\/es\/#organization","name":"Grup Efeb\u00e9","url":"https:\/\/mail.grupefebe.com\/es\/","logo":{"@type":"ImageObject","inLanguage":"es","@id":"https:\/\/mail.grupefebe.com\/es\/#\/schema\/logo\/image\/","url":"https:\/\/grupefebe.com\/custom\/uploads\/2021\/01\/logo-efebe.png","contentUrl":"https:\/\/grupefebe.com\/custom\/uploads\/2021\/01\/logo-efebe.png","width":524,"height":135,"caption":"Grup Efeb\u00e9"},"image":{"@id":"https:\/\/mail.grupefebe.com\/es\/#\/schema\/logo\/image\/"},"sameAs":["https:\/\/www.facebook.com\/grup.efebe","https:\/\/x.com\/grup_efebe","https:\/\/www.instagram.com\/grup_efebe\/","https:\/\/www.linkedin.com\/company\/grupefebe","https:\/\/www.youtube.com\/channel\/UCj11-LAuLhPfqrL2649Xzrw"]},{"@type":"Person","@id":"https:\/\/mail.grupefebe.com\/es\/#\/schema\/person\/76402b3180eef131413100afc3282997","name":"Grup Efeb\u00e9","image":{"@type":"ImageObject","inLanguage":"es","@id":"https:\/\/mail.grupefebe.com\/es\/#\/schema\/person\/image\/","url":"https:\/\/secure.gravatar.com\/avatar\/913bc6aa90480101061296ab9cad4bd4ccfb82c623a8820f3fd577558c1651be?s=96&d=mm&r=g","contentUrl":"https:\/\/secure.gravatar.com\/avatar\/913bc6aa90480101061296ab9cad4bd4ccfb82c623a8820f3fd577558c1651be?s=96&d=mm&r=g","caption":"Grup Efeb\u00e9"},"url":"https:\/\/www.grupefebe.com\/es\/author\/julia\/"}]}},"_links":{"self":[{"href":"https:\/\/www.grupefebe.com\/es\/wp-json\/wp\/v2\/posts\/11506","targetHints":{"allow":["GET"]}}],"collection":[{"href":"https:\/\/www.grupefebe.com\/es\/wp-json\/wp\/v2\/posts"}],"about":[{"href":"https:\/\/www.grupefebe.com\/es\/wp-json\/wp\/v2\/types\/post"}],"author":[{"embeddable":true,"href":"https:\/\/www.grupefebe.com\/es\/wp-json\/wp\/v2\/users\/2"}],"replies":[{"embeddable":true,"href":"https:\/\/www.grupefebe.com\/es\/wp-json\/wp\/v2\/comments?post=11506"}],"version-history":[{"count":5,"href":"https:\/\/www.grupefebe.com\/es\/wp-json\/wp\/v2\/posts\/11506\/revisions"}],"predecessor-version":[{"id":11544,"href":"https:\/\/www.grupefebe.com\/es\/wp-json\/wp\/v2\/posts\/11506\/revisions\/11544"}],"wp:featuredmedia":[{"embeddable":true,"href":"https:\/\/www.grupefebe.com\/es\/wp-json\/wp\/v2\/media\/10805"}],"wp:attachment":[{"href":"https:\/\/www.grupefebe.com\/es\/wp-json\/wp\/v2\/media?parent=11506"}],"wp:term":[{"taxonomy":"category","embeddable":true,"href":"https:\/\/www.grupefebe.com\/es\/wp-json\/wp\/v2\/categories?post=11506"}],"curies":[{"name":"wp","href":"https:\/\/api.w.org\/{rel}","templated":true}]}}