{"id":10829,"date":"2022-05-19T07:37:35","date_gmt":"2022-05-19T07:37:35","guid":{"rendered":"https:\/\/grupefebe.com\/efebe-al-diari-ara-hem-incrementat-un-34-les-vendes-del-2021\/"},"modified":"2022-05-19T08:44:33","modified_gmt":"2022-05-19T08:44:33","slug":"efebe-en-el-diario-ara-hemos-incrementado-un-34-las-ventas-del-2021","status":"publish","type":"post","link":"https:\/\/www.grupefebe.com\/es\/efebe-en-el-diario-ara-hemos-incrementado-un-34-las-ventas-del-2021\/","title":{"rendered":"Efeb\u00e9 en el diario ARA: \u00abHemos incrementado un 34% las ventas del 2021\u00bb"},"content":{"rendered":"<p>Hoy 19 de mayo se ha publicado un art\u00edculo sobre <a href=\"https:\/\/www.grupefebe.com\/\">Grup Efeb\u00e9<\/a> en el <a href=\"https:\/\/www.ara.cat\/economia\/efebe-incrementa-34-vendes-2021_1_4341618.html\">diario ARA<\/a>. Anna Fornt, directora de Grup Efeb\u00e9, explica cu\u00e1l es la situaci\u00f3n actual de la empresa, c\u00f3mo vivimos los meses de la pandemia Covid-19 y c\u00f3mo hemos seguido trabajando todo el equipo durante estos dos \u00faltimos a\u00f1os.<\/p>\n<p><span dir=\"ltr\" role=\"presentation\">\u00abGrup Efeb\u00e9 cerramos el 2021 con un incremento del 34% de las ventas respecto al a\u00f1o anterior, hasta los 2,2 millones de euros. Superamos tambi\u00e9n en un 23% la facturaci\u00f3n del 2019, en el \u00faltimo a\u00f1o antes de la pandemia.\u00bb \u00c9ste es uno de los titulares que comenta el art\u00edculo, respecto a nuestra actividad entre los a\u00f1os 2019 y 2021.<\/span><\/p>\n<p>Nuestra directora tambi\u00e9n menciona que \u00aben los \u00faltimos dos a\u00f1os, Efeb\u00e9 ha obtenido aproximadamente un 20% de las ventas en proyectos fuera de Espa\u00f1a.\u00bb De hecho, <a href=\"https:\/\/www.grupefebe.com\/es\/projects\/transperfect-estambul-diseno-y-reforma-interna-de-las-oficinas\/\">Turqu\u00eda<\/a> o <a href=\"https:\/\/www.grupefebe.com\/es\/projects\/adecuacion-de-una-sala-de-grabacion-en-las-oficinas-scheune-berlin\/\">Alemania<\/a> son dos ejemplos de pa\u00edses en los que hemos trabajado proyectos de dise\u00f1o y adecuaci\u00f3n de los espacios estos dos \u00faltimos a\u00f1os.<\/p>\n<p>Adem\u00e1s, Fornt tambi\u00e9n comenta la actualidad en el sector, qu\u00e9 dificultades surgen teniendo en cuenta la situaci\u00f3n que nos rodea. \u00abHay que anticiparse much\u00edsimo y hacer un trabajo pedag\u00f3gico con los clientes\u00bb.<\/p>\n<h4>Grup Efeb\u00e9 en el diario ARA: descubre el art\u00edculo completo<\/h4>\n<p>Puedes recuperar el art\u00edculo completo de Efeb\u00e9 en el ARA en <a href=\"https:\/\/www.ara.cat\/economia\/efebe-incrementa-34-vendes-2021_1_4341618.html\">este enlace<\/a>.<\/p>\n","protected":false},"excerpt":{"rendered":"<p>Hoy 19 de mayo se ha publicado un art\u00edculo sobre Grup Efeb\u00e9 en el diario ARA. Anna Fornt, directora de [&hellip;]<\/p>\n","protected":false},"author":2,"featured_media":10822,"comment_status":"closed","ping_status":"closed","sticky":false,"template":"","format":"standard","meta":{"_acf_changed":false,"footnotes":"","_links_to":"","_links_to_target":""},"categories":[205,204,203,200,201,202],"class_list":["post-10829","post","type-post","status-publish","format-standard","has-post-thumbnail","hentry","category-centros-deportivos","category-centros-medicos","category-escuelas","category-oficinas","category-otros-sectores","category-residencias-mayores"],"acf":[],"yoast_head":"<!-- This site is optimized with the Yoast SEO plugin v25.9 - https:\/\/yoast.com\/wordpress\/plugins\/seo\/ -->\n<title>Efeb\u00e9 en el diario ARA: &quot;Hemos incrementado un 34% las ventas del 2021&quot; | Grupo Efeb\u00e9<\/title>\n<meta name=\"description\" content=\"Grupo Efeb\u00e9 en el diario ARA: Anna Fornt, directora de la empresa Efeb\u00e9, explica cu\u00e1l es la situaci\u00f3n actual de la empresa. \u00a1Desc\u00fabrelo aqu\u00ed!\" \/>\n<meta name=\"robots\" content=\"index, follow, max-snippet:-1, max-image-preview:large, max-video-preview:-1\" \/>\n<link rel=\"canonical\" href=\"https:\/\/www.grupefebe.com\/es\/efebe-en-el-diario-ara-hemos-incrementado-un-34-las-ventas-del-2021\/\" \/>\n<meta property=\"og:locale\" content=\"es_ES\" \/>\n<meta property=\"og:type\" content=\"article\" \/>\n<meta property=\"og:title\" content=\"Efeb\u00e9 en el diario ARA: &quot;Hemos incrementado un 34% las ventas del 2021&quot; | Grupo Efeb\u00e9\" \/>\n<meta property=\"og:description\" content=\"Grupo Efeb\u00e9 en el diario ARA: Anna Fornt, directora de la empresa Efeb\u00e9, explica cu\u00e1l es la situaci\u00f3n actual de la empresa. \u00a1Desc\u00fabrelo aqu\u00ed!\" \/>\n<meta property=\"og:url\" content=\"https:\/\/www.grupefebe.com\/es\/efebe-en-el-diario-ara-hemos-incrementado-un-34-las-ventas-del-2021\/\" \/>\n<meta property=\"og:site_name\" content=\"Grupo Efeb\u00e9\" \/>\n<meta property=\"article:publisher\" content=\"https:\/\/www.facebook.com\/grup.efebe\" \/>\n<meta property=\"article:published_time\" content=\"2022-05-19T07:37:35+00:00\" \/>\n<meta property=\"article:modified_time\" content=\"2022-05-19T08:44:33+00:00\" \/>\n<meta property=\"og:image\" content=\"https:\/\/grupefebe.com\/custom\/uploads\/2022\/05\/anna-fornt.jpg\" \/>\n\t<meta property=\"og:image:width\" content=\"800\" \/>\n\t<meta property=\"og:image:height\" content=\"448\" \/>\n\t<meta property=\"og:image:type\" content=\"image\/jpeg\" \/>\n<meta name=\"author\" content=\"Grup Efeb\u00e9\" \/>\n<meta name=\"twitter:card\" content=\"summary_large_image\" \/>\n<meta name=\"twitter:image\" content=\"https:\/\/www.grupefebe.com\/custom\/uploads\/2022\/05\/anna-fornt.jpg\" \/>\n<meta name=\"twitter:creator\" content=\"@grup_efebe\" \/>\n<meta name=\"twitter:site\" content=\"@grup_efebe\" \/>\n<meta name=\"twitter:label1\" content=\"Escrito por\" \/>\n\t<meta name=\"twitter:data1\" content=\"Grup Efeb\u00e9\" \/>\n\t<meta name=\"twitter:label2\" content=\"Tiempo de lectura\" \/>\n\t<meta name=\"twitter:data2\" content=\"1 minuto\" \/>\n<script type=\"application\/ld+json\" class=\"yoast-schema-graph\">{\"@context\":\"https:\/\/schema.org\",\"@graph\":[{\"@type\":\"Article\",\"@id\":\"https:\/\/www.grupefebe.com\/es\/efebe-en-el-diario-ara-hemos-incrementado-un-34-las-ventas-del-2021\/#article\",\"isPartOf\":{\"@id\":\"https:\/\/www.grupefebe.com\/es\/efebe-en-el-diario-ara-hemos-incrementado-un-34-las-ventas-del-2021\/\"},\"author\":{\"name\":\"Grup Efeb\u00e9\",\"@id\":\"https:\/\/www.grupefebe.com\/es\/#\/schema\/person\/76402b3180eef131413100afc3282997\"},\"headline\":\"Efeb\u00e9 en el diario ARA: \u00abHemos incrementado un 34% las ventas del 2021\u00bb\",\"datePublished\":\"2022-05-19T07:37:35+00:00\",\"dateModified\":\"2022-05-19T08:44:33+00:00\",\"mainEntityOfPage\":{\"@id\":\"https:\/\/www.grupefebe.com\/es\/efebe-en-el-diario-ara-hemos-incrementado-un-34-las-ventas-del-2021\/\"},\"wordCount\":247,\"publisher\":{\"@id\":\"https:\/\/www.grupefebe.com\/es\/#organization\"},\"image\":{\"@id\":\"https:\/\/www.grupefebe.com\/es\/efebe-en-el-diario-ara-hemos-incrementado-un-34-las-ventas-del-2021\/#primaryimage\"},\"thumbnailUrl\":\"https:\/\/www.grupefebe.com\/custom\/uploads\/2022\/05\/anna-fornt.jpg\",\"articleSection\":[\"Centros Deportivos\",\"Centros M\u00e9dicos\",\"Escuelas\",\"Oficinas\",\"Otros Sectores\",\"Residencias para mayores\"],\"inLanguage\":\"es\"},{\"@type\":\"WebPage\",\"@id\":\"https:\/\/www.grupefebe.com\/es\/efebe-en-el-diario-ara-hemos-incrementado-un-34-las-ventas-del-2021\/\",\"url\":\"https:\/\/www.grupefebe.com\/es\/efebe-en-el-diario-ara-hemos-incrementado-un-34-las-ventas-del-2021\/\",\"name\":\"Efeb\u00e9 en el diario ARA: \\\"Hemos incrementado un 34% las ventas del 2021\\\" | Grupo Efeb\u00e9\",\"isPartOf\":{\"@id\":\"https:\/\/www.grupefebe.com\/es\/#website\"},\"primaryImageOfPage\":{\"@id\":\"https:\/\/www.grupefebe.com\/es\/efebe-en-el-diario-ara-hemos-incrementado-un-34-las-ventas-del-2021\/#primaryimage\"},\"image\":{\"@id\":\"https:\/\/www.grupefebe.com\/es\/efebe-en-el-diario-ara-hemos-incrementado-un-34-las-ventas-del-2021\/#primaryimage\"},\"thumbnailUrl\":\"https:\/\/www.grupefebe.com\/custom\/uploads\/2022\/05\/anna-fornt.jpg\",\"datePublished\":\"2022-05-19T07:37:35+00:00\",\"dateModified\":\"2022-05-19T08:44:33+00:00\",\"description\":\"Grupo Efeb\u00e9 en el diario ARA: Anna Fornt, directora de la empresa Efeb\u00e9, explica cu\u00e1l es la situaci\u00f3n actual de la empresa. \u00a1Desc\u00fabrelo aqu\u00ed!\",\"breadcrumb\":{\"@id\":\"https:\/\/www.grupefebe.com\/es\/efebe-en-el-diario-ara-hemos-incrementado-un-34-las-ventas-del-2021\/#breadcrumb\"},\"inLanguage\":\"es\",\"potentialAction\":[{\"@type\":\"ReadAction\",\"target\":[\"https:\/\/www.grupefebe.com\/es\/efebe-en-el-diario-ara-hemos-incrementado-un-34-las-ventas-del-2021\/\"]}]},{\"@type\":\"ImageObject\",\"inLanguage\":\"es\",\"@id\":\"https:\/\/www.grupefebe.com\/es\/efebe-en-el-diario-ara-hemos-incrementado-un-34-las-ventas-del-2021\/#primaryimage\",\"url\":\"https:\/\/www.grupefebe.com\/custom\/uploads\/2022\/05\/anna-fornt.jpg\",\"contentUrl\":\"https:\/\/www.grupefebe.com\/custom\/uploads\/2022\/05\/anna-fornt.jpg\",\"width\":800,\"height\":448,\"caption\":\"Efeb\u00e9 en el diario ARA\"},{\"@type\":\"BreadcrumbList\",\"@id\":\"https:\/\/www.grupefebe.com\/es\/efebe-en-el-diario-ara-hemos-incrementado-un-34-las-ventas-del-2021\/#breadcrumb\",\"itemListElement\":[{\"@type\":\"ListItem\",\"position\":1,\"name\":\"Inici\",\"item\":\"https:\/\/www.grupefebe.com\/es\/\"},{\"@type\":\"ListItem\",\"position\":2,\"name\":\"Efeb\u00e9 en el diario ARA: \u00abHemos incrementado un 34% las ventas del 2021\u00bb\"}]},{\"@type\":\"WebSite\",\"@id\":\"https:\/\/www.grupefebe.com\/es\/#website\",\"url\":\"https:\/\/www.grupefebe.com\/es\/\",\"name\":\"Grup Efeb\u00e9\",\"description\":\"Otro sitio realizado con WordPress\",\"publisher\":{\"@id\":\"https:\/\/www.grupefebe.com\/es\/#organization\"},\"potentialAction\":[{\"@type\":\"SearchAction\",\"target\":{\"@type\":\"EntryPoint\",\"urlTemplate\":\"https:\/\/www.grupefebe.com\/es\/?s={search_term_string}\"},\"query-input\":{\"@type\":\"PropertyValueSpecification\",\"valueRequired\":true,\"valueName\":\"search_term_string\"}}],\"inLanguage\":\"es\"},{\"@type\":\"Organization\",\"@id\":\"https:\/\/www.grupefebe.com\/es\/#organization\",\"name\":\"Grup Efeb\u00e9\",\"url\":\"https:\/\/www.grupefebe.com\/es\/\",\"logo\":{\"@type\":\"ImageObject\",\"inLanguage\":\"es\",\"@id\":\"https:\/\/www.grupefebe.com\/es\/#\/schema\/logo\/image\/\",\"url\":\"https:\/\/grupefebe.com\/custom\/uploads\/2021\/01\/logo-efebe.png\",\"contentUrl\":\"https:\/\/grupefebe.com\/custom\/uploads\/2021\/01\/logo-efebe.png\",\"width\":524,\"height\":135,\"caption\":\"Grup Efeb\u00e9\"},\"image\":{\"@id\":\"https:\/\/www.grupefebe.com\/es\/#\/schema\/logo\/image\/\"},\"sameAs\":[\"https:\/\/www.facebook.com\/grup.efebe\",\"https:\/\/x.com\/grup_efebe\",\"https:\/\/www.instagram.com\/grup_efebe\/\",\"https:\/\/www.linkedin.com\/company\/grupefebe\",\"https:\/\/www.youtube.com\/channel\/UCj11-LAuLhPfqrL2649Xzrw\"]},{\"@type\":\"Person\",\"@id\":\"https:\/\/www.grupefebe.com\/es\/#\/schema\/person\/76402b3180eef131413100afc3282997\",\"name\":\"Grup Efeb\u00e9\",\"image\":{\"@type\":\"ImageObject\",\"inLanguage\":\"es\",\"@id\":\"https:\/\/www.grupefebe.com\/es\/#\/schema\/person\/image\/\",\"url\":\"https:\/\/secure.gravatar.com\/avatar\/913bc6aa90480101061296ab9cad4bd4ccfb82c623a8820f3fd577558c1651be?s=96&d=mm&r=g\",\"contentUrl\":\"https:\/\/secure.gravatar.com\/avatar\/913bc6aa90480101061296ab9cad4bd4ccfb82c623a8820f3fd577558c1651be?s=96&d=mm&r=g\",\"caption\":\"Grup Efeb\u00e9\"},\"url\":\"https:\/\/www.grupefebe.com\/es\/author\/julia\/\"}]}<\/script>\n<!-- \/ Yoast SEO plugin. -->","yoast_head_json":{"title":"Efeb\u00e9 en el diario ARA: \"Hemos incrementado un 34% las ventas del 2021\" | Grupo Efeb\u00e9","description":"Grupo Efeb\u00e9 en el diario ARA: Anna Fornt, directora de la empresa Efeb\u00e9, explica cu\u00e1l es la situaci\u00f3n actual de la empresa. \u00a1Desc\u00fabrelo aqu\u00ed!","robots":{"index":"index","follow":"follow","max-snippet":"max-snippet:-1","max-image-preview":"max-image-preview:large","max-video-preview":"max-video-preview:-1"},"canonical":"https:\/\/www.grupefebe.com\/es\/efebe-en-el-diario-ara-hemos-incrementado-un-34-las-ventas-del-2021\/","og_locale":"es_ES","og_type":"article","og_title":"Efeb\u00e9 en el diario ARA: \"Hemos incrementado un 34% las ventas del 2021\" | Grupo Efeb\u00e9","og_description":"Grupo Efeb\u00e9 en el diario ARA: Anna Fornt, directora de la empresa Efeb\u00e9, explica cu\u00e1l es la situaci\u00f3n actual de la empresa. \u00a1Desc\u00fabrelo aqu\u00ed!","og_url":"https:\/\/www.grupefebe.com\/es\/efebe-en-el-diario-ara-hemos-incrementado-un-34-las-ventas-del-2021\/","og_site_name":"Grupo Efeb\u00e9","article_publisher":"https:\/\/www.facebook.com\/grup.efebe","article_published_time":"2022-05-19T07:37:35+00:00","article_modified_time":"2022-05-19T08:44:33+00:00","og_image":[{"width":800,"height":448,"url":"https:\/\/grupefebe.com\/custom\/uploads\/2022\/05\/anna-fornt.jpg","type":"image\/jpeg"}],"author":"Grup Efeb\u00e9","twitter_card":"summary_large_image","twitter_image":"https:\/\/www.grupefebe.com\/custom\/uploads\/2022\/05\/anna-fornt.jpg","twitter_creator":"@grup_efebe","twitter_site":"@grup_efebe","twitter_misc":{"Escrito por":"Grup Efeb\u00e9","Tiempo de lectura":"1 minuto"},"schema":{"@context":"https:\/\/schema.org","@graph":[{"@type":"Article","@id":"https:\/\/www.grupefebe.com\/es\/efebe-en-el-diario-ara-hemos-incrementado-un-34-las-ventas-del-2021\/#article","isPartOf":{"@id":"https:\/\/www.grupefebe.com\/es\/efebe-en-el-diario-ara-hemos-incrementado-un-34-las-ventas-del-2021\/"},"author":{"name":"Grup Efeb\u00e9","@id":"https:\/\/www.grupefebe.com\/es\/#\/schema\/person\/76402b3180eef131413100afc3282997"},"headline":"Efeb\u00e9 en el diario ARA: \u00abHemos incrementado un 34% las ventas del 2021\u00bb","datePublished":"2022-05-19T07:37:35+00:00","dateModified":"2022-05-19T08:44:33+00:00","mainEntityOfPage":{"@id":"https:\/\/www.grupefebe.com\/es\/efebe-en-el-diario-ara-hemos-incrementado-un-34-las-ventas-del-2021\/"},"wordCount":247,"publisher":{"@id":"https:\/\/www.grupefebe.com\/es\/#organization"},"image":{"@id":"https:\/\/www.grupefebe.com\/es\/efebe-en-el-diario-ara-hemos-incrementado-un-34-las-ventas-del-2021\/#primaryimage"},"thumbnailUrl":"https:\/\/www.grupefebe.com\/custom\/uploads\/2022\/05\/anna-fornt.jpg","articleSection":["Centros Deportivos","Centros M\u00e9dicos","Escuelas","Oficinas","Otros Sectores","Residencias para mayores"],"inLanguage":"es"},{"@type":"WebPage","@id":"https:\/\/www.grupefebe.com\/es\/efebe-en-el-diario-ara-hemos-incrementado-un-34-las-ventas-del-2021\/","url":"https:\/\/www.grupefebe.com\/es\/efebe-en-el-diario-ara-hemos-incrementado-un-34-las-ventas-del-2021\/","name":"Efeb\u00e9 en el diario ARA: \"Hemos incrementado un 34% las ventas del 2021\" | Grupo Efeb\u00e9","isPartOf":{"@id":"https:\/\/www.grupefebe.com\/es\/#website"},"primaryImageOfPage":{"@id":"https:\/\/www.grupefebe.com\/es\/efebe-en-el-diario-ara-hemos-incrementado-un-34-las-ventas-del-2021\/#primaryimage"},"image":{"@id":"https:\/\/www.grupefebe.com\/es\/efebe-en-el-diario-ara-hemos-incrementado-un-34-las-ventas-del-2021\/#primaryimage"},"thumbnailUrl":"https:\/\/www.grupefebe.com\/custom\/uploads\/2022\/05\/anna-fornt.jpg","datePublished":"2022-05-19T07:37:35+00:00","dateModified":"2022-05-19T08:44:33+00:00","description":"Grupo Efeb\u00e9 en el diario ARA: Anna Fornt, directora de la empresa Efeb\u00e9, explica cu\u00e1l es la situaci\u00f3n actual de la empresa. \u00a1Desc\u00fabrelo aqu\u00ed!","breadcrumb":{"@id":"https:\/\/www.grupefebe.com\/es\/efebe-en-el-diario-ara-hemos-incrementado-un-34-las-ventas-del-2021\/#breadcrumb"},"inLanguage":"es","potentialAction":[{"@type":"ReadAction","target":["https:\/\/www.grupefebe.com\/es\/efebe-en-el-diario-ara-hemos-incrementado-un-34-las-ventas-del-2021\/"]}]},{"@type":"ImageObject","inLanguage":"es","@id":"https:\/\/www.grupefebe.com\/es\/efebe-en-el-diario-ara-hemos-incrementado-un-34-las-ventas-del-2021\/#primaryimage","url":"https:\/\/www.grupefebe.com\/custom\/uploads\/2022\/05\/anna-fornt.jpg","contentUrl":"https:\/\/www.grupefebe.com\/custom\/uploads\/2022\/05\/anna-fornt.jpg","width":800,"height":448,"caption":"Efeb\u00e9 en el diario ARA"},{"@type":"BreadcrumbList","@id":"https:\/\/www.grupefebe.com\/es\/efebe-en-el-diario-ara-hemos-incrementado-un-34-las-ventas-del-2021\/#breadcrumb","itemListElement":[{"@type":"ListItem","position":1,"name":"Inici","item":"https:\/\/www.grupefebe.com\/es\/"},{"@type":"ListItem","position":2,"name":"Efeb\u00e9 en el diario ARA: \u00abHemos incrementado un 34% las ventas del 2021\u00bb"}]},{"@type":"WebSite","@id":"https:\/\/www.grupefebe.com\/es\/#website","url":"https:\/\/www.grupefebe.com\/es\/","name":"Grup Efeb\u00e9","description":"Otro sitio realizado con WordPress","publisher":{"@id":"https:\/\/www.grupefebe.com\/es\/#organization"},"potentialAction":[{"@type":"SearchAction","target":{"@type":"EntryPoint","urlTemplate":"https:\/\/www.grupefebe.com\/es\/?s={search_term_string}"},"query-input":{"@type":"PropertyValueSpecification","valueRequired":true,"valueName":"search_term_string"}}],"inLanguage":"es"},{"@type":"Organization","@id":"https:\/\/www.grupefebe.com\/es\/#organization","name":"Grup Efeb\u00e9","url":"https:\/\/www.grupefebe.com\/es\/","logo":{"@type":"ImageObject","inLanguage":"es","@id":"https:\/\/www.grupefebe.com\/es\/#\/schema\/logo\/image\/","url":"https:\/\/grupefebe.com\/custom\/uploads\/2021\/01\/logo-efebe.png","contentUrl":"https:\/\/grupefebe.com\/custom\/uploads\/2021\/01\/logo-efebe.png","width":524,"height":135,"caption":"Grup Efeb\u00e9"},"image":{"@id":"https:\/\/www.grupefebe.com\/es\/#\/schema\/logo\/image\/"},"sameAs":["https:\/\/www.facebook.com\/grup.efebe","https:\/\/x.com\/grup_efebe","https:\/\/www.instagram.com\/grup_efebe\/","https:\/\/www.linkedin.com\/company\/grupefebe","https:\/\/www.youtube.com\/channel\/UCj11-LAuLhPfqrL2649Xzrw"]},{"@type":"Person","@id":"https:\/\/www.grupefebe.com\/es\/#\/schema\/person\/76402b3180eef131413100afc3282997","name":"Grup Efeb\u00e9","image":{"@type":"ImageObject","inLanguage":"es","@id":"https:\/\/www.grupefebe.com\/es\/#\/schema\/person\/image\/","url":"https:\/\/secure.gravatar.com\/avatar\/913bc6aa90480101061296ab9cad4bd4ccfb82c623a8820f3fd577558c1651be?s=96&d=mm&r=g","contentUrl":"https:\/\/secure.gravatar.com\/avatar\/913bc6aa90480101061296ab9cad4bd4ccfb82c623a8820f3fd577558c1651be?s=96&d=mm&r=g","caption":"Grup Efeb\u00e9"},"url":"https:\/\/www.grupefebe.com\/es\/author\/julia\/"}]}},"_links":{"self":[{"href":"https:\/\/www.grupefebe.com\/es\/wp-json\/wp\/v2\/posts\/10829","targetHints":{"allow":["GET"]}}],"collection":[{"href":"https:\/\/www.grupefebe.com\/es\/wp-json\/wp\/v2\/posts"}],"about":[{"href":"https:\/\/www.grupefebe.com\/es\/wp-json\/wp\/v2\/types\/post"}],"author":[{"embeddable":true,"href":"https:\/\/www.grupefebe.com\/es\/wp-json\/wp\/v2\/users\/2"}],"replies":[{"embeddable":true,"href":"https:\/\/www.grupefebe.com\/es\/wp-json\/wp\/v2\/comments?post=10829"}],"version-history":[{"count":2,"href":"https:\/\/www.grupefebe.com\/es\/wp-json\/wp\/v2\/posts\/10829\/revisions"}],"predecessor-version":[{"id":10831,"href":"https:\/\/www.grupefebe.com\/es\/wp-json\/wp\/v2\/posts\/10829\/revisions\/10831"}],"wp:featuredmedia":[{"embeddable":true,"href":"https:\/\/www.grupefebe.com\/es\/wp-json\/wp\/v2\/media\/10822"}],"wp:attachment":[{"href":"https:\/\/www.grupefebe.com\/es\/wp-json\/wp\/v2\/media?parent=10829"}],"wp:term":[{"taxonomy":"category","embeddable":true,"href":"https:\/\/www.grupefebe.com\/es\/wp-json\/wp\/v2\/categories?post=10829"}],"curies":[{"name":"wp","href":"https:\/\/api.w.org\/{rel}","templated":true}]}}