{"id":10452,"date":"2022-05-04T14:27:20","date_gmt":"2022-05-04T14:27:20","guid":{"rendered":"https:\/\/grupefebe.com\/?p=10452"},"modified":"2022-05-16T13:30:09","modified_gmt":"2022-05-16T13:30:09","slug":"el-arte-de-crear-espacios-saludables-entrevistamos-a-la-arquitecta-marta-del-rio","status":"publish","type":"post","link":"https:\/\/www.grupefebe.com\/es\/el-arte-de-crear-espacios-saludables-entrevistamos-a-la-arquitecta-marta-del-rio\/","title":{"rendered":"El arte de crear espacios saludables. Entrevistamos a la arquitecta Marta del R\u00edo."},"content":{"rendered":"<p>Entrevistamos a la arquitecta Marta del R\u00edo. Tiene cuarenta y un a\u00f1os y es madre de dos ni\u00f1as. Trabaja en la empresa <a href=\"https:\/\/www.grupefebe.com\/es\/\">Grup Efeb\u00e9<\/a>. Todos los proyectos que pasan por sus manos son un \u00e9xito. Combina desde antes de la pandemia el trabajo presencial con el teletrabajo, dada la flexibilidad que supone su cargo como arquitecta Project Manager. Tal como ella nos explica, se considera una persona honesta, sociable y con constantes ganas de aprender.<\/p>\n<h3>Entrevistamos a la arquitecta Marta del R\u00edo.<\/h3>\n<h4>1. \u00bfD\u00f3nde naci\u00f3 tu vocaci\u00f3n por la arquitectura?<\/h4>\n<p>Yo no era una ni\u00f1a como otras que desde que eran peque\u00f1as ya lo ten\u00edan muy claro. De hecho, cuando ten\u00eda cinco a\u00f1os quer\u00eda ser peluquera. Cuando cursaba BUP (Bachillerato Unificado Polivalente) ya empec\u00e9 a pensar qu\u00e9 me gustaba hacer. Me gustaban las disciplinas tanto de humanidades como de ciencias y, realmente, la arquitectura es una profesi\u00f3n hol\u00edstica, que alcanza todos estos tipos de conocimiento, desde la tecnolog\u00eda, el arte, la est\u00e9tica, la composici\u00f3n o la filosof\u00eda. Pens\u00e9 que se acercaba mucho a lo que me gustaba.<\/p>\n<h4><strong>2. \u00bfDe donde coges la inspiraci\u00f3n? \u00bfC\u00f3mo definir\u00edas tu estilo como arquitecta?<\/strong><\/h4>\n<p>Siempre acostumbro a mirar mis arquitectos de referencia. Esto de las pel\u00edculas que de golpe est\u00e1s sentado y te venden las ideas, no funciona as\u00ed. Una tiene un bagaje despu\u00e9s de muchos a\u00f1os de ver y leer y te vas haciendo tus mapas, tus ideas y estas quedan a tu memoria. Siempre sabes donde tienes que ir a mirar.<\/p>\n<p>Ha influido mucho la arquitectura moderna del siglo pasado, que es sincera y muy pura. De hecho, esta arquitectura es esencial, sin ornamentos y a\u00f1adidos, que representa claramente la honestidad en los proyectos. Los principios que tendr\u00edan que regir los proyectos son la econom\u00eda, el rigor, la calidad de ejecuci\u00f3n y la universalidad.<\/p>\n<p>La arquitectura tiene que poner las personas en el centro de los proyectos, dado que los espacios en los cuales habitamos, trabajamos o aprendemos son nuestra quinta piel, y su configuraci\u00f3n y materiales influyen directamente en nuestra salud.<\/p>\n<p>Para m\u00ed el objetivo es mejorar el bienestar de todas las personas y su salud, tanto a escala peque\u00f1a, como pueda ser con una vivienda, como gran escala con un urbanismo que tenga en cuenta las personas y la movilidad sostenible.<\/p>\n<h4>3. \u00bfQu\u00e9 otras aficiones tienes fuera de este sector?<\/h4>\n<p>A m\u00ed me encanta bailar. Desde muy peque\u00f1a he bailado. He hecho ballet cl\u00e1sico, jazz, salsa, swing y, los \u00faltimos a\u00f1os, estoy haciendo flamenco. De hecho, hago actuaciones y voy a clase cada semana. Tambi\u00e9n me gusta mucho escuchar m\u00fasica y escaparnos con mi familia a visitar nuevos lugares de forma improvisada con la furgoneta.<\/p>\n<h4>4. \u00bfDe qu\u00e9 trabajo te sientes m\u00e1s orgullosa?<\/h4>\n<p>Cuando ten\u00eda veintisiete a\u00f1os colabor\u00e9 en un proyecto de viviendas plurifamiliares de protecci\u00f3n oficial. C\u00f3mo comentaba antes, entiendo la arquitectura como una funci\u00f3n para las personas para mejorar su calidad de vida. Este tipo de viviendas son accesibles para todo el mundo, son para personas como nosotros. Hacer unas viviendas que sean de calidad, que tengan un buen asoleo, que tengan ventilaci\u00f3n cruzada, que tengan unas calidades est\u00e1ndares y las personas puedan sentir confort igual que otras que tengan m\u00e1s poder adquisitivo, es important\u00edsimo y estoy muy orgullosa del resultado de este proyecto. Adem\u00e1s, con los recursos econ\u00f3micos que ten\u00edamos, que eran mucho m\u00e1s exiguos que con cualquier otro proyecto est\u00e1ndar de promoci\u00f3n privada.<\/p>\n<p>Otros proyectos muy interesantes fueron las colaboraciones en los edificios de investigaci\u00f3n biom\u00e9dica y facultad de la Universitat de Lleida para potenciar la innovaci\u00f3n y la investigaci\u00f3n en nuestro territorio.<\/p>\n<p>Una an\u00e9cdota de hace pocos meses, en la feria de <a href=\"https:\/\/www.fundaciotrams.org\/\">Fundaci\u00f3 Tr@ms<\/a> de este a\u00f1o 2022, chicos y chicas de la escuela donde tuvo lugar, reconoc\u00edan que les har\u00eda m\u00e1s ilusi\u00f3n ir a la escuela si tuviera el aspecto de los espacios que ve\u00edan en nuestros proyectos. De hecho, uno de los \u00faltimos proyectos que hemos realizado el equipo de Grup Efeb\u00e9 en la <a href=\"https:\/\/www.grupefebe.com\/es\/projects\/obra-en-el-patio-de-infantil-de-la-escuela-maria-ward\/\">escuela Maria Ward<\/a> plasma un concepto que considero esencial. Los centros educativos los tenemos que percibir desde un punto de vista hol\u00edstico, de acuerdo con las nuevas metodolog\u00edas. El patio escolar de este centro lo hemos adecuado para que sea un espacio de recreo pero tambi\u00e9n un entorno de aprendizaje m\u00e1s.<\/p>\n<div id=\"attachment_9424\" style=\"width: 590px\" class=\"wp-caption aligncenter\"><img loading=\"lazy\" decoding=\"async\" aria-describedby=\"caption-attachment-9424\" class=\"wp-image-9424 \" src=\"https:\/\/grupefebe.com\/custom\/uploads\/2020\/12\/AZR5844-300x200.jpeg\" alt=\"entrevistamos a la arquitecta\" width=\"580\" height=\"386\" srcset=\"https:\/\/www.grupefebe.com\/custom\/uploads\/2020\/12\/AZR5844-300x200.jpeg 300w, https:\/\/www.grupefebe.com\/custom\/uploads\/2020\/12\/AZR5844-1024x683.jpeg 1024w, https:\/\/www.grupefebe.com\/custom\/uploads\/2020\/12\/AZR5844-768x512.jpeg 768w, https:\/\/www.grupefebe.com\/custom\/uploads\/2020\/12\/AZR5844-1536x1024.jpeg 1536w, https:\/\/www.grupefebe.com\/custom\/uploads\/2020\/12\/AZR5844.jpeg 1920w\" sizes=\"auto, (max-width: 580px) 100vw, 580px\" \/><p id=\"caption-attachment-9424\" class=\"wp-caption-text\">Entrevistamos a la arquitecta Marta del R\u00edo, encargada de este proyecto de Efeb\u00e9 de adecuaci\u00f3n exterior de <a href=\"https:\/\/www.grupefebe.com\/es\/projects\/obra-en-el-patio-de-infantil-de-la-escuela-maria-ward\/\">patio escolar del colegio Maria Ward<\/a>, en Badalona<\/p><\/div>\n<h4>5. \u00bfC\u00f3mo crees que ser\u00e1 el dise\u00f1o de interiores dentro de 10 a\u00f1os?<\/h4>\n<p>Realmente no lo s\u00e9, yo supongo que la tecnolog\u00eda y las herramientas inform\u00e1ticas avanzar\u00e1n todav\u00eda mucho m\u00e1s y se conseguir\u00e1n resultados espectaculares. Sin embargo, yo cuando planteo un proyecto lo pienso en papel, con l\u00e1piz, con sulfurizados y con esquemas manuales. Pensar con el ordenador de momento no lo concibo.<\/p>\n<p>En cuanto al dise\u00f1o de espacios debemos tener unos valores que sean universales, que no var\u00eden como las modas. As\u00ed lo \u00fanico que obtenemos es que los proyectos que hacemos como arquitectas tengan una obsolescencia programada. Es cierto que se tienen que renovar, pero a la vez, hay que tener una composici\u00f3n unitaria, arm\u00f3nica, que la idea de proyecto prevalezca aunque le cambies los colores, las texturas y los materiales.<\/p>\n<h4>6. \u00bfQu\u00e9 tendencias han venido para quedarse o aportan m\u00e1s beneficios?<\/h4>\n<p>En los \u00faltimos a\u00f1os me he dedicado bastante en el sector educativo, es un sector que me apasiona porque justamente la formaci\u00f3n y la educaci\u00f3n de los ni\u00f1os y ni\u00f1as son algunos de los temas m\u00e1s importantes para que crezcan con valores, con conocimientos, y empoderados para todo lo que les pueda venir en el futuro. Nosotros como arquitectos creo que podemos ayudar mucho a las escuelas y centros educativos a plasmar sobre el papel y sobre los espacios sus proyectos pedag\u00f3gicos; estamos para ayudarlos y acompa\u00f1arlos en este camino.<\/p>\n<p>En cuanto a las tendencias, ahora se vuelve a trabajar la filosof\u00eda de Maria Montessori, trabajando con tejidos, centros de inter\u00e9s, espacios de libre circulaci\u00f3n, entre otras. Si le queremos llamar tendencias pues decimos tendencias, pero esto son estudios que han hecho profesionales del sector ya hace muchos a\u00f1os, que est\u00e1n probados y que han funcionado. Son diferentes maneras de aprender, unas m\u00e1s vivenciales u otros como hac\u00edamos nosotros cuando \u00edbamos a la escuela y aprend\u00edamos m\u00e1s con fichas y libros, no desde la vertiente de la experiencia.<\/p>\n<h4>7. Tu elemento\/ciudad\/edificio arquitect\u00f3nico favorito es&#8230;<\/h4>\n<p>A pesar de que yo hace unos meses me fui a vivir fuera de mi ciudad, contin\u00fao siendo una enamorada de Barcelona. El urbanismo, la planificaci\u00f3n que hay detr\u00e1s m\u00e1s all\u00e1 del ensanche (Pla Cerd\u00e0), la encuentro un conjunto muy arm\u00f3nico. Mi ciudad me gusta por muchas razones, el tal\u00f3n de fondo del Tibidabo, con el mar a sus pies, tiene una situaci\u00f3n geogr\u00e1fica privilegiada. El turismo de los \u00faltimos a\u00f1os est\u00e1 haciendo mucho da\u00f1o y est\u00e1 produciendo gentrificaci\u00f3n, mucha gente de toda la vida est\u00e1 siendo expulsada debido al aumento de los precios de los pisos y obligada a dejar su casa.<\/p>\n<p>De edificios dir\u00eda muchos, pero el <a href=\"https:\/\/inici.palauguell.cat\/es\/\">Palau G\u00fcell<\/a>, situado en la Calle Nuevo de la Rambla, es una vivienda burguesa donde todos los rincones est\u00e1n pensados, tiene unos detalles muy org\u00e1nicos y los espacios son muy agradables.<\/p>\n<p>&nbsp;<\/p>\n<p>Cada mes contaremos con una profesional. Este mes de mayo entrevistamos a la arquitecta Marta del R\u00edo, presta atenci\u00f3n a las pr\u00f3ximas entrevistas.<\/p>\n","protected":false},"excerpt":{"rendered":"<p>Entrevistamos a la arquitecta Marta del R\u00edo. Tiene cuarenta y un a\u00f1os y es madre de dos ni\u00f1as. Trabaja en [&hellip;]<\/p>\n","protected":false},"author":2,"featured_media":10651,"comment_status":"closed","ping_status":"closed","sticky":false,"template":"","format":"standard","meta":{"_acf_changed":false,"footnotes":"","_links_to":"","_links_to_target":""},"categories":[205,204,203,200,201,202],"class_list":["post-10452","post","type-post","status-publish","format-standard","has-post-thumbnail","hentry","category-centros-deportivos","category-centros-medicos","category-escuelas","category-oficinas","category-otros-sectores","category-residencias-mayores"],"acf":[],"yoast_head":"<!-- This site is optimized with the Yoast SEO plugin v25.9 - https:\/\/yoast.com\/wordpress\/plugins\/seo\/ -->\n<title>El arte de crear espacios saludables. Entrevistamos a la arquitecta Marta del R\u00edo. | Grupo Efeb\u00e9<\/title>\n<meta name=\"description\" content=\"Grup Efeb\u00e9 entrevistamos a la arquitecta Marta del R\u00edo, compa\u00f1era y trabajadora del equipo. Aqu\u00ed pod\u00e9is conocerla algo m\u00e1s. \u00a1Desc\u00fabrela!\" \/>\n<meta name=\"robots\" content=\"index, follow, max-snippet:-1, max-image-preview:large, max-video-preview:-1\" \/>\n<link rel=\"canonical\" href=\"https:\/\/www.grupefebe.com\/es\/el-arte-de-crear-espacios-saludables-entrevistamos-a-la-arquitecta-marta-del-rio\/\" \/>\n<meta property=\"og:locale\" content=\"es_ES\" \/>\n<meta property=\"og:type\" content=\"article\" \/>\n<meta property=\"og:title\" content=\"El arte de crear espacios saludables. Entrevistamos a la arquitecta Marta del R\u00edo. | Grupo Efeb\u00e9\" \/>\n<meta property=\"og:description\" content=\"Grup Efeb\u00e9 entrevistamos a la arquitecta Marta del R\u00edo, compa\u00f1era y trabajadora del equipo. Aqu\u00ed pod\u00e9is conocerla algo m\u00e1s. \u00a1Desc\u00fabrela!\" \/>\n<meta property=\"og:url\" content=\"https:\/\/www.grupefebe.com\/es\/el-arte-de-crear-espacios-saludables-entrevistamos-a-la-arquitecta-marta-del-rio\/\" \/>\n<meta property=\"og:site_name\" content=\"Grupo Efeb\u00e9\" \/>\n<meta property=\"article:publisher\" content=\"https:\/\/www.facebook.com\/grup.efebe\" \/>\n<meta property=\"article:published_time\" content=\"2022-05-04T14:27:20+00:00\" \/>\n<meta property=\"article:modified_time\" content=\"2022-05-16T13:30:09+00:00\" \/>\n<meta property=\"og:image\" content=\"https:\/\/grupefebe.com\/custom\/uploads\/2022\/05\/entrevista.jpeg\" \/>\n\t<meta property=\"og:image:width\" content=\"1024\" \/>\n\t<meta property=\"og:image:height\" content=\"684\" \/>\n\t<meta property=\"og:image:type\" content=\"image\/jpeg\" \/>\n<meta name=\"author\" content=\"Grup Efeb\u00e9\" \/>\n<meta name=\"twitter:card\" content=\"summary_large_image\" \/>\n<meta name=\"twitter:image\" content=\"https:\/\/www.grupefebe.com\/custom\/uploads\/2022\/05\/entrevista.jpeg\" \/>\n<meta name=\"twitter:creator\" content=\"@grup_efebe\" \/>\n<meta name=\"twitter:site\" content=\"@grup_efebe\" \/>\n<meta name=\"twitter:label1\" content=\"Escrito por\" \/>\n\t<meta name=\"twitter:data1\" content=\"Grup Efeb\u00e9\" \/>\n\t<meta name=\"twitter:label2\" content=\"Tiempo de lectura\" \/>\n\t<meta name=\"twitter:data2\" content=\"6 minutos\" \/>\n<script type=\"application\/ld+json\" class=\"yoast-schema-graph\">{\"@context\":\"https:\/\/schema.org\",\"@graph\":[{\"@type\":\"Article\",\"@id\":\"https:\/\/www.grupefebe.com\/es\/el-arte-de-crear-espacios-saludables-entrevistamos-a-la-arquitecta-marta-del-rio\/#article\",\"isPartOf\":{\"@id\":\"https:\/\/www.grupefebe.com\/es\/el-arte-de-crear-espacios-saludables-entrevistamos-a-la-arquitecta-marta-del-rio\/\"},\"author\":{\"name\":\"Grup Efeb\u00e9\",\"@id\":\"https:\/\/www.grupefebe.com\/es\/#\/schema\/person\/76402b3180eef131413100afc3282997\"},\"headline\":\"El arte de crear espacios saludables. Entrevistamos a la arquitecta Marta del R\u00edo.\",\"datePublished\":\"2022-05-04T14:27:20+00:00\",\"dateModified\":\"2022-05-16T13:30:09+00:00\",\"mainEntityOfPage\":{\"@id\":\"https:\/\/www.grupefebe.com\/es\/el-arte-de-crear-espacios-saludables-entrevistamos-a-la-arquitecta-marta-del-rio\/\"},\"wordCount\":1363,\"publisher\":{\"@id\":\"https:\/\/www.grupefebe.com\/es\/#organization\"},\"image\":{\"@id\":\"https:\/\/www.grupefebe.com\/es\/el-arte-de-crear-espacios-saludables-entrevistamos-a-la-arquitecta-marta-del-rio\/#primaryimage\"},\"thumbnailUrl\":\"https:\/\/www.grupefebe.com\/custom\/uploads\/2022\/05\/entrevista.jpeg\",\"articleSection\":[\"Centros Deportivos\",\"Centros M\u00e9dicos\",\"Escuelas\",\"Oficinas\",\"Otros Sectores\",\"Residencias para mayores\"],\"inLanguage\":\"es\"},{\"@type\":\"WebPage\",\"@id\":\"https:\/\/www.grupefebe.com\/es\/el-arte-de-crear-espacios-saludables-entrevistamos-a-la-arquitecta-marta-del-rio\/\",\"url\":\"https:\/\/www.grupefebe.com\/es\/el-arte-de-crear-espacios-saludables-entrevistamos-a-la-arquitecta-marta-del-rio\/\",\"name\":\"El arte de crear espacios saludables. Entrevistamos a la arquitecta Marta del R\u00edo. | Grupo Efeb\u00e9\",\"isPartOf\":{\"@id\":\"https:\/\/www.grupefebe.com\/es\/#website\"},\"primaryImageOfPage\":{\"@id\":\"https:\/\/www.grupefebe.com\/es\/el-arte-de-crear-espacios-saludables-entrevistamos-a-la-arquitecta-marta-del-rio\/#primaryimage\"},\"image\":{\"@id\":\"https:\/\/www.grupefebe.com\/es\/el-arte-de-crear-espacios-saludables-entrevistamos-a-la-arquitecta-marta-del-rio\/#primaryimage\"},\"thumbnailUrl\":\"https:\/\/www.grupefebe.com\/custom\/uploads\/2022\/05\/entrevista.jpeg\",\"datePublished\":\"2022-05-04T14:27:20+00:00\",\"dateModified\":\"2022-05-16T13:30:09+00:00\",\"description\":\"Grup Efeb\u00e9 entrevistamos a la arquitecta Marta del R\u00edo, compa\u00f1era y trabajadora del equipo. Aqu\u00ed pod\u00e9is conocerla algo m\u00e1s. \u00a1Desc\u00fabrela!\",\"breadcrumb\":{\"@id\":\"https:\/\/www.grupefebe.com\/es\/el-arte-de-crear-espacios-saludables-entrevistamos-a-la-arquitecta-marta-del-rio\/#breadcrumb\"},\"inLanguage\":\"es\",\"potentialAction\":[{\"@type\":\"ReadAction\",\"target\":[\"https:\/\/www.grupefebe.com\/es\/el-arte-de-crear-espacios-saludables-entrevistamos-a-la-arquitecta-marta-del-rio\/\"]}]},{\"@type\":\"ImageObject\",\"inLanguage\":\"es\",\"@id\":\"https:\/\/www.grupefebe.com\/es\/el-arte-de-crear-espacios-saludables-entrevistamos-a-la-arquitecta-marta-del-rio\/#primaryimage\",\"url\":\"https:\/\/www.grupefebe.com\/custom\/uploads\/2022\/05\/entrevista.jpeg\",\"contentUrl\":\"https:\/\/www.grupefebe.com\/custom\/uploads\/2022\/05\/entrevista.jpeg\",\"width\":1024,\"height\":684,\"caption\":\"entrevista a la arquitecta\"},{\"@type\":\"BreadcrumbList\",\"@id\":\"https:\/\/www.grupefebe.com\/es\/el-arte-de-crear-espacios-saludables-entrevistamos-a-la-arquitecta-marta-del-rio\/#breadcrumb\",\"itemListElement\":[{\"@type\":\"ListItem\",\"position\":1,\"name\":\"Inici\",\"item\":\"https:\/\/www.grupefebe.com\/es\/\"},{\"@type\":\"ListItem\",\"position\":2,\"name\":\"El arte de crear espacios saludables. Entrevistamos a la arquitecta Marta del R\u00edo.\"}]},{\"@type\":\"WebSite\",\"@id\":\"https:\/\/www.grupefebe.com\/es\/#website\",\"url\":\"https:\/\/www.grupefebe.com\/es\/\",\"name\":\"Grup Efeb\u00e9\",\"description\":\"Otro sitio realizado con WordPress\",\"publisher\":{\"@id\":\"https:\/\/www.grupefebe.com\/es\/#organization\"},\"potentialAction\":[{\"@type\":\"SearchAction\",\"target\":{\"@type\":\"EntryPoint\",\"urlTemplate\":\"https:\/\/www.grupefebe.com\/es\/?s={search_term_string}\"},\"query-input\":{\"@type\":\"PropertyValueSpecification\",\"valueRequired\":true,\"valueName\":\"search_term_string\"}}],\"inLanguage\":\"es\"},{\"@type\":\"Organization\",\"@id\":\"https:\/\/www.grupefebe.com\/es\/#organization\",\"name\":\"Grup Efeb\u00e9\",\"url\":\"https:\/\/www.grupefebe.com\/es\/\",\"logo\":{\"@type\":\"ImageObject\",\"inLanguage\":\"es\",\"@id\":\"https:\/\/www.grupefebe.com\/es\/#\/schema\/logo\/image\/\",\"url\":\"https:\/\/grupefebe.com\/custom\/uploads\/2021\/01\/logo-efebe.png\",\"contentUrl\":\"https:\/\/grupefebe.com\/custom\/uploads\/2021\/01\/logo-efebe.png\",\"width\":524,\"height\":135,\"caption\":\"Grup Efeb\u00e9\"},\"image\":{\"@id\":\"https:\/\/www.grupefebe.com\/es\/#\/schema\/logo\/image\/\"},\"sameAs\":[\"https:\/\/www.facebook.com\/grup.efebe\",\"https:\/\/x.com\/grup_efebe\",\"https:\/\/www.instagram.com\/grup_efebe\/\",\"https:\/\/www.linkedin.com\/company\/grupefebe\",\"https:\/\/www.youtube.com\/channel\/UCj11-LAuLhPfqrL2649Xzrw\"]},{\"@type\":\"Person\",\"@id\":\"https:\/\/www.grupefebe.com\/es\/#\/schema\/person\/76402b3180eef131413100afc3282997\",\"name\":\"Grup Efeb\u00e9\",\"image\":{\"@type\":\"ImageObject\",\"inLanguage\":\"es\",\"@id\":\"https:\/\/www.grupefebe.com\/es\/#\/schema\/person\/image\/\",\"url\":\"https:\/\/secure.gravatar.com\/avatar\/913bc6aa90480101061296ab9cad4bd4ccfb82c623a8820f3fd577558c1651be?s=96&d=mm&r=g\",\"contentUrl\":\"https:\/\/secure.gravatar.com\/avatar\/913bc6aa90480101061296ab9cad4bd4ccfb82c623a8820f3fd577558c1651be?s=96&d=mm&r=g\",\"caption\":\"Grup Efeb\u00e9\"},\"url\":\"https:\/\/www.grupefebe.com\/es\/author\/julia\/\"}]}<\/script>\n<!-- \/ Yoast SEO plugin. -->","yoast_head_json":{"title":"El arte de crear espacios saludables. Entrevistamos a la arquitecta Marta del R\u00edo. | Grupo Efeb\u00e9","description":"Grup Efeb\u00e9 entrevistamos a la arquitecta Marta del R\u00edo, compa\u00f1era y trabajadora del equipo. Aqu\u00ed pod\u00e9is conocerla algo m\u00e1s. \u00a1Desc\u00fabrela!","robots":{"index":"index","follow":"follow","max-snippet":"max-snippet:-1","max-image-preview":"max-image-preview:large","max-video-preview":"max-video-preview:-1"},"canonical":"https:\/\/www.grupefebe.com\/es\/el-arte-de-crear-espacios-saludables-entrevistamos-a-la-arquitecta-marta-del-rio\/","og_locale":"es_ES","og_type":"article","og_title":"El arte de crear espacios saludables. Entrevistamos a la arquitecta Marta del R\u00edo. | Grupo Efeb\u00e9","og_description":"Grup Efeb\u00e9 entrevistamos a la arquitecta Marta del R\u00edo, compa\u00f1era y trabajadora del equipo. Aqu\u00ed pod\u00e9is conocerla algo m\u00e1s. \u00a1Desc\u00fabrela!","og_url":"https:\/\/www.grupefebe.com\/es\/el-arte-de-crear-espacios-saludables-entrevistamos-a-la-arquitecta-marta-del-rio\/","og_site_name":"Grupo Efeb\u00e9","article_publisher":"https:\/\/www.facebook.com\/grup.efebe","article_published_time":"2022-05-04T14:27:20+00:00","article_modified_time":"2022-05-16T13:30:09+00:00","og_image":[{"width":1024,"height":684,"url":"https:\/\/grupefebe.com\/custom\/uploads\/2022\/05\/entrevista.jpeg","type":"image\/jpeg"}],"author":"Grup Efeb\u00e9","twitter_card":"summary_large_image","twitter_image":"https:\/\/www.grupefebe.com\/custom\/uploads\/2022\/05\/entrevista.jpeg","twitter_creator":"@grup_efebe","twitter_site":"@grup_efebe","twitter_misc":{"Escrito por":"Grup Efeb\u00e9","Tiempo de lectura":"6 minutos"},"schema":{"@context":"https:\/\/schema.org","@graph":[{"@type":"Article","@id":"https:\/\/www.grupefebe.com\/es\/el-arte-de-crear-espacios-saludables-entrevistamos-a-la-arquitecta-marta-del-rio\/#article","isPartOf":{"@id":"https:\/\/www.grupefebe.com\/es\/el-arte-de-crear-espacios-saludables-entrevistamos-a-la-arquitecta-marta-del-rio\/"},"author":{"name":"Grup Efeb\u00e9","@id":"https:\/\/www.grupefebe.com\/es\/#\/schema\/person\/76402b3180eef131413100afc3282997"},"headline":"El arte de crear espacios saludables. Entrevistamos a la arquitecta Marta del R\u00edo.","datePublished":"2022-05-04T14:27:20+00:00","dateModified":"2022-05-16T13:30:09+00:00","mainEntityOfPage":{"@id":"https:\/\/www.grupefebe.com\/es\/el-arte-de-crear-espacios-saludables-entrevistamos-a-la-arquitecta-marta-del-rio\/"},"wordCount":1363,"publisher":{"@id":"https:\/\/www.grupefebe.com\/es\/#organization"},"image":{"@id":"https:\/\/www.grupefebe.com\/es\/el-arte-de-crear-espacios-saludables-entrevistamos-a-la-arquitecta-marta-del-rio\/#primaryimage"},"thumbnailUrl":"https:\/\/www.grupefebe.com\/custom\/uploads\/2022\/05\/entrevista.jpeg","articleSection":["Centros Deportivos","Centros M\u00e9dicos","Escuelas","Oficinas","Otros Sectores","Residencias para mayores"],"inLanguage":"es"},{"@type":"WebPage","@id":"https:\/\/www.grupefebe.com\/es\/el-arte-de-crear-espacios-saludables-entrevistamos-a-la-arquitecta-marta-del-rio\/","url":"https:\/\/www.grupefebe.com\/es\/el-arte-de-crear-espacios-saludables-entrevistamos-a-la-arquitecta-marta-del-rio\/","name":"El arte de crear espacios saludables. Entrevistamos a la arquitecta Marta del R\u00edo. | Grupo Efeb\u00e9","isPartOf":{"@id":"https:\/\/www.grupefebe.com\/es\/#website"},"primaryImageOfPage":{"@id":"https:\/\/www.grupefebe.com\/es\/el-arte-de-crear-espacios-saludables-entrevistamos-a-la-arquitecta-marta-del-rio\/#primaryimage"},"image":{"@id":"https:\/\/www.grupefebe.com\/es\/el-arte-de-crear-espacios-saludables-entrevistamos-a-la-arquitecta-marta-del-rio\/#primaryimage"},"thumbnailUrl":"https:\/\/www.grupefebe.com\/custom\/uploads\/2022\/05\/entrevista.jpeg","datePublished":"2022-05-04T14:27:20+00:00","dateModified":"2022-05-16T13:30:09+00:00","description":"Grup Efeb\u00e9 entrevistamos a la arquitecta Marta del R\u00edo, compa\u00f1era y trabajadora del equipo. Aqu\u00ed pod\u00e9is conocerla algo m\u00e1s. \u00a1Desc\u00fabrela!","breadcrumb":{"@id":"https:\/\/www.grupefebe.com\/es\/el-arte-de-crear-espacios-saludables-entrevistamos-a-la-arquitecta-marta-del-rio\/#breadcrumb"},"inLanguage":"es","potentialAction":[{"@type":"ReadAction","target":["https:\/\/www.grupefebe.com\/es\/el-arte-de-crear-espacios-saludables-entrevistamos-a-la-arquitecta-marta-del-rio\/"]}]},{"@type":"ImageObject","inLanguage":"es","@id":"https:\/\/www.grupefebe.com\/es\/el-arte-de-crear-espacios-saludables-entrevistamos-a-la-arquitecta-marta-del-rio\/#primaryimage","url":"https:\/\/www.grupefebe.com\/custom\/uploads\/2022\/05\/entrevista.jpeg","contentUrl":"https:\/\/www.grupefebe.com\/custom\/uploads\/2022\/05\/entrevista.jpeg","width":1024,"height":684,"caption":"entrevista a la arquitecta"},{"@type":"BreadcrumbList","@id":"https:\/\/www.grupefebe.com\/es\/el-arte-de-crear-espacios-saludables-entrevistamos-a-la-arquitecta-marta-del-rio\/#breadcrumb","itemListElement":[{"@type":"ListItem","position":1,"name":"Inici","item":"https:\/\/www.grupefebe.com\/es\/"},{"@type":"ListItem","position":2,"name":"El arte de crear espacios saludables. Entrevistamos a la arquitecta Marta del R\u00edo."}]},{"@type":"WebSite","@id":"https:\/\/www.grupefebe.com\/es\/#website","url":"https:\/\/www.grupefebe.com\/es\/","name":"Grup Efeb\u00e9","description":"Otro sitio realizado con WordPress","publisher":{"@id":"https:\/\/www.grupefebe.com\/es\/#organization"},"potentialAction":[{"@type":"SearchAction","target":{"@type":"EntryPoint","urlTemplate":"https:\/\/www.grupefebe.com\/es\/?s={search_term_string}"},"query-input":{"@type":"PropertyValueSpecification","valueRequired":true,"valueName":"search_term_string"}}],"inLanguage":"es"},{"@type":"Organization","@id":"https:\/\/www.grupefebe.com\/es\/#organization","name":"Grup Efeb\u00e9","url":"https:\/\/www.grupefebe.com\/es\/","logo":{"@type":"ImageObject","inLanguage":"es","@id":"https:\/\/www.grupefebe.com\/es\/#\/schema\/logo\/image\/","url":"https:\/\/grupefebe.com\/custom\/uploads\/2021\/01\/logo-efebe.png","contentUrl":"https:\/\/grupefebe.com\/custom\/uploads\/2021\/01\/logo-efebe.png","width":524,"height":135,"caption":"Grup Efeb\u00e9"},"image":{"@id":"https:\/\/www.grupefebe.com\/es\/#\/schema\/logo\/image\/"},"sameAs":["https:\/\/www.facebook.com\/grup.efebe","https:\/\/x.com\/grup_efebe","https:\/\/www.instagram.com\/grup_efebe\/","https:\/\/www.linkedin.com\/company\/grupefebe","https:\/\/www.youtube.com\/channel\/UCj11-LAuLhPfqrL2649Xzrw"]},{"@type":"Person","@id":"https:\/\/www.grupefebe.com\/es\/#\/schema\/person\/76402b3180eef131413100afc3282997","name":"Grup Efeb\u00e9","image":{"@type":"ImageObject","inLanguage":"es","@id":"https:\/\/www.grupefebe.com\/es\/#\/schema\/person\/image\/","url":"https:\/\/secure.gravatar.com\/avatar\/913bc6aa90480101061296ab9cad4bd4ccfb82c623a8820f3fd577558c1651be?s=96&d=mm&r=g","contentUrl":"https:\/\/secure.gravatar.com\/avatar\/913bc6aa90480101061296ab9cad4bd4ccfb82c623a8820f3fd577558c1651be?s=96&d=mm&r=g","caption":"Grup Efeb\u00e9"},"url":"https:\/\/www.grupefebe.com\/es\/author\/julia\/"}]}},"_links":{"self":[{"href":"https:\/\/www.grupefebe.com\/es\/wp-json\/wp\/v2\/posts\/10452","targetHints":{"allow":["GET"]}}],"collection":[{"href":"https:\/\/www.grupefebe.com\/es\/wp-json\/wp\/v2\/posts"}],"about":[{"href":"https:\/\/www.grupefebe.com\/es\/wp-json\/wp\/v2\/types\/post"}],"author":[{"embeddable":true,"href":"https:\/\/www.grupefebe.com\/es\/wp-json\/wp\/v2\/users\/2"}],"replies":[{"embeddable":true,"href":"https:\/\/www.grupefebe.com\/es\/wp-json\/wp\/v2\/comments?post=10452"}],"version-history":[{"count":7,"href":"https:\/\/www.grupefebe.com\/es\/wp-json\/wp\/v2\/posts\/10452\/revisions"}],"predecessor-version":[{"id":10769,"href":"https:\/\/www.grupefebe.com\/es\/wp-json\/wp\/v2\/posts\/10452\/revisions\/10769"}],"wp:featuredmedia":[{"embeddable":true,"href":"https:\/\/www.grupefebe.com\/es\/wp-json\/wp\/v2\/media\/10651"}],"wp:attachment":[{"href":"https:\/\/www.grupefebe.com\/es\/wp-json\/wp\/v2\/media?parent=10452"}],"wp:term":[{"taxonomy":"category","embeddable":true,"href":"https:\/\/www.grupefebe.com\/es\/wp-json\/wp\/v2\/categories?post=10452"}],"curies":[{"name":"wp","href":"https:\/\/api.w.org\/{rel}","templated":true}]}}